{"id":65028,"date":"2026-04-30T09:12:12","date_gmt":"2026-04-30T07:12:12","guid":{"rendered":"https:\/\/interreg-sudoe.eu\/?post_type=noticia-proyecto&#038;p=65028"},"modified":"2026-04-30T09:22:33","modified_gmt":"2026-04-30T07:22:33","slug":"le-projet-cyaneau-tient-sa-deuxieme-reunion-en-presentiel-a-valence","status":"publish","type":"noticia-proyecto","link":"https:\/\/interreg-sudoe.eu\/fr\/noticia-proyecto\/le-projet-cyaneau-tient-sa-deuxieme-reunion-en-presentiel-a-valence\/","title":{"rendered":"Le projet Cyan\u2019EAU tient sa deuxi\u00e8me r\u00e9union en pr\u00e9sentiel \u00e0 Valence"},"content":{"rendered":"<p>Les 15 et 16 janvier 2026, le consortium du projet <strong>Cyan\u2019EAU<\/strong> a tenu sa<strong> deuxi\u00e8me r\u00e9union en pr\u00e9sentiel<\/strong> dans les locaux de <strong>l\u2019ADEIT<\/strong>, \u00e0 Valence (Espagne).<\/p>\n<div>\n<p>La rencontre, organis\u00e9e par le <strong>CIDE\u2011CSIC<\/strong>, a permis de faire le point sur l\u2019\u00e9tat d\u2019avancement des activit\u00e9s techniques, de partager les r\u00e9sultats pr\u00e9liminaires et de coordonner les prochaines \u00e9tapes du projet, <strong>centr\u00e9 sur la pr\u00e9vention, la d\u00e9tection pr\u00e9coce et la gestion des prolif\u00e9rations de cyanobact\u00e9ries dans les syst\u00e8mes aquatiques du sud\u2011ouest de l\u2019Europe.<\/strong><\/p>\n<p>Au cours des sessions de travail, les partenaires d\u2019Espagne, du Portugal et de France ont pr\u00e9sent\u00e9 les avanc\u00e9es du Groupe de Travail 1, notamment l\u2019ach\u00e8vement de la revue bibliographique concernant les sites pilotes, les progr\u00e8s r\u00e9alis\u00e9s dans l\u2019analyse historique des s\u00e9diments et les travaux d\u2019\u00e9chantillonnage men\u00e9s dans des lacs et des r\u00e9servoirs des trois pays. Ont \u00e9galement \u00e9t\u00e9 pr\u00e9sent\u00e9s les d\u00e9veloppements m\u00e9thodologiques en laboratoire pour la d\u00e9tection des cyanotoxines, ainsi que la planification de nouvelles campagnes d\u2019\u00e9chantillonnage coordonn\u00e9es avec des donn\u00e9es satellitaires.<\/p>\n<p>La r\u00e9union a par ailleurs permis d\u2019avancer dans la d\u00e9finition des<strong> activit\u00e9s de surveillance hydroclimatique et physico\u2011chimique<\/strong> en temps r\u00e9el, l\u2019analyse des impacts anthropiques dans les bassins versants pilotes et la conception d\u2019un syst\u00e8me d\u2019alerte pr\u00e9coce fond\u00e9 sur l\u2019imagerie satellitaire, qui sera test\u00e9 lors des phases ult\u00e9rieures du projet.<\/p>\n<p>De plus, les approches et <strong>crit\u00e8res pour le d\u00e9veloppement de tests pilotes de pr\u00e9vention, de d\u00e9tection pr\u00e9coce et de mitigation ont \u00e9t\u00e9 d\u00e9battus<\/strong>. Ces tests seront d\u00e9ploy\u00e9s \u00e0 partir de 2026, en int\u00e9grant des donn\u00e9es issues de capteurs, des r\u00e9sultats de laboratoire et des mod\u00e8les pr\u00e9dictifs.<\/p>\n<p>Au cours de la deuxi\u00e8me journ\u00e9e de la r\u00e9union, plusieurs aspects cl\u00e9s du projet ont \u00e9t\u00e9 abord\u00e9s, avec une attention particuli\u00e8re port\u00e9e \u00e0 la gestion administrative et financi\u00e8re ainsi qu\u2019\u00e0 la communication. Dans ce cadre, un examen d\u00e9taill\u00e9 de la strat\u00e9gie de communication \u00e9labor\u00e9e a \u00e9t\u00e9 r\u00e9alis\u00e9, en analysant ses principales lignes d\u2019action et les \u00e9l\u00e9ments pr\u00e9vus pour renforcer sa visibilit\u00e9 et sa coh\u00e9rence tout au long de la mise en \u0153uvre du projet.<\/p>\n<p>Le consortium remercie le CIDE\u2011CSIC pour son excellente organisation et l\u2019accueil chaleureux r\u00e9serv\u00e9 \u00e0 Valence, et poursuit son travail de mani\u00e8re coordonn\u00e9e afin de relever l\u2019un des principaux d\u00e9fis environnementaux et de sant\u00e9 publique li\u00e9s \u00e0 la qualit\u00e9 des eaux de surface dans l\u2019espace <strong>Sudoe<\/strong>.<\/p>\n<\/div>\n","protected":false},"excerpt":{"rendered":"<p>Les 15 et 16 janvier 2026, le consortium du projet Cyan\u2019EAU a tenu sa deuxi\u00e8me r\u00e9union en pr\u00e9sentiel dans les locaux de l\u2019ADEIT, \u00e0 Valence (Espagne). La rencontre, organis\u00e9e par le CIDE\u2011CSIC, a permis de faire le point sur l\u2019\u00e9tat d\u2019avancement des activit\u00e9s techniques, de partager les r\u00e9sultats pr\u00e9liminaires et de coordonner les prochaines \u00e9tapes [&hellip;]<\/p>\n","protected":false},"author":6548,"featured_media":64265,"parent":0,"template":"","meta":{"_acf_changed":false,"content-type":"","_monsterinsights_skip_tracking":false,"_monsterinsights_sitenote_active":false,"_monsterinsights_sitenote_note":"","_monsterinsights_sitenote_category":0},"class_list":["post-65028","noticia-proyecto","type-noticia-proyecto","status-publish","has-post-thumbnail","hentry"],"acf":[],"yoast_head":"<!-- This site is optimized with the Yoast SEO plugin v27.4 - https:\/\/yoast.com\/product\/yoast-seo-wordpress\/ -->\n<title>Le projet Cyan\u2019EAU tient sa deuxi\u00e8me r\u00e9union en pr\u00e9sentiel \u00e0 Valence - Interreg Sudoe<\/title>\n<meta name=\"robots\" content=\"index, follow, max-snippet:-1, max-image-preview:large, max-video-preview:-1\" \/>\n<link rel=\"canonical\" href=\"https:\/\/interreg-sudoe.eu\/fr\/noticia-proyecto\/le-projet-cyaneau-tient-sa-deuxieme-reunion-en-presentiel-a-valence\/\" \/>\n<meta property=\"og:locale\" content=\"fr_FR\" \/>\n<meta property=\"og:type\" content=\"article\" \/>\n<meta property=\"og:title\" content=\"Le projet Cyan\u2019EAU tient sa deuxi\u00e8me r\u00e9union en pr\u00e9sentiel \u00e0 Valence - Interreg Sudoe\" \/>\n<meta property=\"og:description\" content=\"Les 15 et 16 janvier 2026, le consortium du projet Cyan\u2019EAU a tenu sa deuxi\u00e8me r\u00e9union en pr\u00e9sentiel dans les locaux de l\u2019ADEIT, \u00e0 Valence (Espagne). La rencontre, organis\u00e9e par le CIDE\u2011CSIC, a permis de faire le point sur l\u2019\u00e9tat d\u2019avancement des activit\u00e9s techniques, de partager les r\u00e9sultats pr\u00e9liminaires et de coordonner les prochaines \u00e9tapes [&hellip;]\" \/>\n<meta property=\"og:url\" content=\"https:\/\/interreg-sudoe.eu\/fr\/noticia-proyecto\/le-projet-cyaneau-tient-sa-deuxieme-reunion-en-presentiel-a-valence\/\" \/>\n<meta property=\"og:site_name\" content=\"Interreg Sudoe\" \/>\n<meta property=\"article:publisher\" content=\"https:\/\/www.facebook.com\/interregsudoe\" \/>\n<meta property=\"article:modified_time\" content=\"2026-04-30T07:22:33+00:00\" \/>\n<meta property=\"og:image\" content=\"https:\/\/interreg-sudoe.eu\/wp-content\/uploads\/2026\/04\/CyanEAU-foto-carrusel.jpg\" \/>\n\t<meta property=\"og:image:width\" content=\"1600\" \/>\n\t<meta property=\"og:image:height\" content=\"1200\" \/>\n\t<meta property=\"og:image:type\" content=\"image\/jpeg\" \/>\n<meta name=\"twitter:card\" content=\"summary_large_image\" \/>\n<meta name=\"twitter:site\" content=\"@Sudoe5\" \/>\n<meta name=\"twitter:label1\" content=\"Dur\u00e9e de lecture estim\u00e9e\" \/>\n\t<meta name=\"twitter:data1\" content=\"2 minutes\" \/>\n<script type=\"application\/ld+json\" class=\"yoast-schema-graph\">{\"@context\":\"https:\\\/\\\/schema.org\",\"@graph\":[{\"@type\":\"WebPage\",\"@id\":\"https:\\\/\\\/interreg-sudoe.eu\\\/fr\\\/noticia-proyecto\\\/le-projet-cyaneau-tient-sa-deuxieme-reunion-en-presentiel-a-valence\\\/\",\"url\":\"https:\\\/\\\/interreg-sudoe.eu\\\/fr\\\/noticia-proyecto\\\/le-projet-cyaneau-tient-sa-deuxieme-reunion-en-presentiel-a-valence\\\/\",\"name\":\"Le projet Cyan\u2019EAU tient sa deuxi\u00e8me r\u00e9union en pr\u00e9sentiel \u00e0 Valence - Interreg Sudoe\",\"isPartOf\":{\"@id\":\"https:\\\/\\\/interreg-sudoe.eu\\\/fr\\\/#website\"},\"primaryImageOfPage\":{\"@id\":\"https:\\\/\\\/interreg-sudoe.eu\\\/fr\\\/noticia-proyecto\\\/le-projet-cyaneau-tient-sa-deuxieme-reunion-en-presentiel-a-valence\\\/#primaryimage\"},\"image\":{\"@id\":\"https:\\\/\\\/interreg-sudoe.eu\\\/fr\\\/noticia-proyecto\\\/le-projet-cyaneau-tient-sa-deuxieme-reunion-en-presentiel-a-valence\\\/#primaryimage\"},\"thumbnailUrl\":\"https:\\\/\\\/interreg-sudoe.eu\\\/wp-content\\\/uploads\\\/2026\\\/04\\\/CyanEAU-foto-carrusel.jpg\",\"datePublished\":\"2026-04-30T07:12:12+00:00\",\"dateModified\":\"2026-04-30T07:22:33+00:00\",\"breadcrumb\":{\"@id\":\"https:\\\/\\\/interreg-sudoe.eu\\\/fr\\\/noticia-proyecto\\\/le-projet-cyaneau-tient-sa-deuxieme-reunion-en-presentiel-a-valence\\\/#breadcrumb\"},\"inLanguage\":\"fr-FR\",\"potentialAction\":[{\"@type\":\"ReadAction\",\"target\":[\"https:\\\/\\\/interreg-sudoe.eu\\\/fr\\\/noticia-proyecto\\\/le-projet-cyaneau-tient-sa-deuxieme-reunion-en-presentiel-a-valence\\\/\"]}]},{\"@type\":\"ImageObject\",\"inLanguage\":\"fr-FR\",\"@id\":\"https:\\\/\\\/interreg-sudoe.eu\\\/fr\\\/noticia-proyecto\\\/le-projet-cyaneau-tient-sa-deuxieme-reunion-en-presentiel-a-valence\\\/#primaryimage\",\"url\":\"https:\\\/\\\/interreg-sudoe.eu\\\/wp-content\\\/uploads\\\/2026\\\/04\\\/CyanEAU-foto-carrusel.jpg\",\"contentUrl\":\"https:\\\/\\\/interreg-sudoe.eu\\\/wp-content\\\/uploads\\\/2026\\\/04\\\/CyanEAU-foto-carrusel.jpg\",\"width\":1600,\"height\":1200},{\"@type\":\"BreadcrumbList\",\"@id\":\"https:\\\/\\\/interreg-sudoe.eu\\\/fr\\\/noticia-proyecto\\\/le-projet-cyaneau-tient-sa-deuxieme-reunion-en-presentiel-a-valence\\\/#breadcrumb\",\"itemListElement\":[{\"@type\":\"ListItem\",\"position\":1,\"name\":\"Home\",\"item\":\"https:\\\/\\\/interreg-sudoe.eu\\\/fr\\\/\"},{\"@type\":\"ListItem\",\"position\":2,\"name\":\"Le projet Cyan\u2019EAU tient sa deuxi\u00e8me r\u00e9union en pr\u00e9sentiel \u00e0 Valence\"}]},{\"@type\":\"WebSite\",\"@id\":\"https:\\\/\\\/interreg-sudoe.eu\\\/fr\\\/#website\",\"url\":\"https:\\\/\\\/interreg-sudoe.eu\\\/fr\\\/\",\"name\":\"Interreg Sudoe\",\"description\":\"Interreg Sudoe\",\"publisher\":{\"@id\":\"https:\\\/\\\/interreg-sudoe.eu\\\/fr\\\/#organization\"},\"alternateName\":\"Interreg Sudoe\",\"potentialAction\":[{\"@type\":\"SearchAction\",\"target\":{\"@type\":\"EntryPoint\",\"urlTemplate\":\"https:\\\/\\\/interreg-sudoe.eu\\\/fr\\\/?s={search_term_string}\"},\"query-input\":{\"@type\":\"PropertyValueSpecification\",\"valueRequired\":true,\"valueName\":\"search_term_string\"}}],\"inLanguage\":\"fr-FR\"},{\"@type\":\"Organization\",\"@id\":\"https:\\\/\\\/interreg-sudoe.eu\\\/fr\\\/#organization\",\"name\":\"Interreg Sudoe\",\"alternateName\":\"Interreg Sudoe\",\"url\":\"https:\\\/\\\/interreg-sudoe.eu\\\/fr\\\/\",\"logo\":{\"@type\":\"ImageObject\",\"inLanguage\":\"fr-FR\",\"@id\":\"https:\\\/\\\/interreg-sudoe.eu\\\/fr\\\/#\\\/schema\\\/logo\\\/image\\\/\",\"url\":\"https:\\\/\\\/interreg-sudoe.eu\\\/wp-content\\\/uploads\\\/2024\\\/03\\\/logo-interreg.png\",\"contentUrl\":\"https:\\\/\\\/interreg-sudoe.eu\\\/wp-content\\\/uploads\\\/2024\\\/03\\\/logo-interreg.png\",\"width\":1200,\"height\":675,\"caption\":\"Interreg Sudoe\"},\"image\":{\"@id\":\"https:\\\/\\\/interreg-sudoe.eu\\\/fr\\\/#\\\/schema\\\/logo\\\/image\\\/\"},\"sameAs\":[\"https:\\\/\\\/www.facebook.com\\\/interregsudoe\",\"https:\\\/\\\/x.com\\\/Sudoe5\",\"https:\\\/\\\/www.youtube.com\\\/channel\\\/UCeGx2edoB32beRc9dbKA2vw\",\"https:\\\/\\\/www.linkedin.com\\\/company\\\/interreg-sudoe-programme\\\/\",\"https:\\\/\\\/www.flickr.com\\\/photos\\\/148704685@N06\\\/\"]}]}<\/script>\n<!-- \/ Yoast SEO plugin. -->","yoast_head_json":{"title":"Le projet Cyan\u2019EAU tient sa deuxi\u00e8me r\u00e9union en pr\u00e9sentiel \u00e0 Valence - Interreg Sudoe","robots":{"index":"index","follow":"follow","max-snippet":"max-snippet:-1","max-image-preview":"max-image-preview:large","max-video-preview":"max-video-preview:-1"},"canonical":"https:\/\/interreg-sudoe.eu\/fr\/noticia-proyecto\/le-projet-cyaneau-tient-sa-deuxieme-reunion-en-presentiel-a-valence\/","og_locale":"fr_FR","og_type":"article","og_title":"Le projet Cyan\u2019EAU tient sa deuxi\u00e8me r\u00e9union en pr\u00e9sentiel \u00e0 Valence - Interreg Sudoe","og_description":"Les 15 et 16 janvier 2026, le consortium du projet Cyan\u2019EAU a tenu sa deuxi\u00e8me r\u00e9union en pr\u00e9sentiel dans les locaux de l\u2019ADEIT, \u00e0 Valence (Espagne). La rencontre, organis\u00e9e par le CIDE\u2011CSIC, a permis de faire le point sur l\u2019\u00e9tat d\u2019avancement des activit\u00e9s techniques, de partager les r\u00e9sultats pr\u00e9liminaires et de coordonner les prochaines \u00e9tapes [&hellip;]","og_url":"https:\/\/interreg-sudoe.eu\/fr\/noticia-proyecto\/le-projet-cyaneau-tient-sa-deuxieme-reunion-en-presentiel-a-valence\/","og_site_name":"Interreg Sudoe","article_publisher":"https:\/\/www.facebook.com\/interregsudoe","article_modified_time":"2026-04-30T07:22:33+00:00","og_image":[{"width":1600,"height":1200,"url":"https:\/\/interreg-sudoe.eu\/wp-content\/uploads\/2026\/04\/CyanEAU-foto-carrusel.jpg","type":"image\/jpeg"}],"twitter_card":"summary_large_image","twitter_site":"@Sudoe5","twitter_misc":{"Dur\u00e9e de lecture estim\u00e9e":"2 minutes"},"schema":{"@context":"https:\/\/schema.org","@graph":[{"@type":"WebPage","@id":"https:\/\/interreg-sudoe.eu\/fr\/noticia-proyecto\/le-projet-cyaneau-tient-sa-deuxieme-reunion-en-presentiel-a-valence\/","url":"https:\/\/interreg-sudoe.eu\/fr\/noticia-proyecto\/le-projet-cyaneau-tient-sa-deuxieme-reunion-en-presentiel-a-valence\/","name":"Le projet Cyan\u2019EAU tient sa deuxi\u00e8me r\u00e9union en pr\u00e9sentiel \u00e0 Valence - Interreg Sudoe","isPartOf":{"@id":"https:\/\/interreg-sudoe.eu\/fr\/#website"},"primaryImageOfPage":{"@id":"https:\/\/interreg-sudoe.eu\/fr\/noticia-proyecto\/le-projet-cyaneau-tient-sa-deuxieme-reunion-en-presentiel-a-valence\/#primaryimage"},"image":{"@id":"https:\/\/interreg-sudoe.eu\/fr\/noticia-proyecto\/le-projet-cyaneau-tient-sa-deuxieme-reunion-en-presentiel-a-valence\/#primaryimage"},"thumbnailUrl":"https:\/\/interreg-sudoe.eu\/wp-content\/uploads\/2026\/04\/CyanEAU-foto-carrusel.jpg","datePublished":"2026-04-30T07:12:12+00:00","dateModified":"2026-04-30T07:22:33+00:00","breadcrumb":{"@id":"https:\/\/interreg-sudoe.eu\/fr\/noticia-proyecto\/le-projet-cyaneau-tient-sa-deuxieme-reunion-en-presentiel-a-valence\/#breadcrumb"},"inLanguage":"fr-FR","potentialAction":[{"@type":"ReadAction","target":["https:\/\/interreg-sudoe.eu\/fr\/noticia-proyecto\/le-projet-cyaneau-tient-sa-deuxieme-reunion-en-presentiel-a-valence\/"]}]},{"@type":"ImageObject","inLanguage":"fr-FR","@id":"https:\/\/interreg-sudoe.eu\/fr\/noticia-proyecto\/le-projet-cyaneau-tient-sa-deuxieme-reunion-en-presentiel-a-valence\/#primaryimage","url":"https:\/\/interreg-sudoe.eu\/wp-content\/uploads\/2026\/04\/CyanEAU-foto-carrusel.jpg","contentUrl":"https:\/\/interreg-sudoe.eu\/wp-content\/uploads\/2026\/04\/CyanEAU-foto-carrusel.jpg","width":1600,"height":1200},{"@type":"BreadcrumbList","@id":"https:\/\/interreg-sudoe.eu\/fr\/noticia-proyecto\/le-projet-cyaneau-tient-sa-deuxieme-reunion-en-presentiel-a-valence\/#breadcrumb","itemListElement":[{"@type":"ListItem","position":1,"name":"Home","item":"https:\/\/interreg-sudoe.eu\/fr\/"},{"@type":"ListItem","position":2,"name":"Le projet Cyan\u2019EAU tient sa deuxi\u00e8me r\u00e9union en pr\u00e9sentiel \u00e0 Valence"}]},{"@type":"WebSite","@id":"https:\/\/interreg-sudoe.eu\/fr\/#website","url":"https:\/\/interreg-sudoe.eu\/fr\/","name":"Interreg Sudoe","description":"Interreg Sudoe","publisher":{"@id":"https:\/\/interreg-sudoe.eu\/fr\/#organization"},"alternateName":"Interreg Sudoe","potentialAction":[{"@type":"SearchAction","target":{"@type":"EntryPoint","urlTemplate":"https:\/\/interreg-sudoe.eu\/fr\/?s={search_term_string}"},"query-input":{"@type":"PropertyValueSpecification","valueRequired":true,"valueName":"search_term_string"}}],"inLanguage":"fr-FR"},{"@type":"Organization","@id":"https:\/\/interreg-sudoe.eu\/fr\/#organization","name":"Interreg Sudoe","alternateName":"Interreg Sudoe","url":"https:\/\/interreg-sudoe.eu\/fr\/","logo":{"@type":"ImageObject","inLanguage":"fr-FR","@id":"https:\/\/interreg-sudoe.eu\/fr\/#\/schema\/logo\/image\/","url":"https:\/\/interreg-sudoe.eu\/wp-content\/uploads\/2024\/03\/logo-interreg.png","contentUrl":"https:\/\/interreg-sudoe.eu\/wp-content\/uploads\/2024\/03\/logo-interreg.png","width":1200,"height":675,"caption":"Interreg Sudoe"},"image":{"@id":"https:\/\/interreg-sudoe.eu\/fr\/#\/schema\/logo\/image\/"},"sameAs":["https:\/\/www.facebook.com\/interregsudoe","https:\/\/x.com\/Sudoe5","https:\/\/www.youtube.com\/channel\/UCeGx2edoB32beRc9dbKA2vw","https:\/\/www.linkedin.com\/company\/interreg-sudoe-programme\/","https:\/\/www.flickr.com\/photos\/148704685@N06\/"]}]}},"_links":{"self":[{"href":"https:\/\/interreg-sudoe.eu\/fr\/wp-json\/wp\/v2\/noticia-proyecto\/65028","targetHints":{"allow":["GET"]}}],"collection":[{"href":"https:\/\/interreg-sudoe.eu\/fr\/wp-json\/wp\/v2\/noticia-proyecto"}],"about":[{"href":"https:\/\/interreg-sudoe.eu\/fr\/wp-json\/wp\/v2\/types\/noticia-proyecto"}],"author":[{"embeddable":true,"href":"https:\/\/interreg-sudoe.eu\/fr\/wp-json\/wp\/v2\/users\/6548"}],"wp:featuredmedia":[{"embeddable":true,"href":"https:\/\/interreg-sudoe.eu\/fr\/wp-json\/wp\/v2\/media\/64265"}],"wp:attachment":[{"href":"https:\/\/interreg-sudoe.eu\/fr\/wp-json\/wp\/v2\/media?parent=65028"}],"curies":[{"name":"wp","href":"https:\/\/api.w.org\/{rel}","templated":true}]}}