{"id":65081,"date":"2026-04-30T10:31:24","date_gmt":"2026-04-30T08:31:24","guid":{"rendered":"https:\/\/interreg-sudoe.eu\/noticia-proyecto\/repo-sudoe-acerca-a-los-jovenes-a-la-ciencia-con-experiencias-inmersivas\/"},"modified":"2026-04-30T10:34:33","modified_gmt":"2026-04-30T08:34:33","slug":"repo-sudoe-acerca-a-los-jovenes-a-la-ciencia-con-experiencias-inmersivas","status":"publish","type":"noticia-proyecto","link":"https:\/\/interreg-sudoe.eu\/fr\/noticia-proyecto\/repo-sudoe-acerca-a-los-jovenes-a-la-ciencia-con-experiencias-inmersivas\/","title":{"rendered":"RePo-SUDOE rapproche les jeunes de la science gr\u00e2ce \u00e0 des exp\u00e9riences immersives"},"content":{"rendered":"<p data-start=\"2834\" data-end=\"3294\">Le projet <span class=\"hover:entity-accent entity-underline inline cursor-pointer align-baseline\"><span class=\"whitespace-normal\">RePo-SUDOE<\/span><\/span> a particip\u00e9 \u00e0 la <strong><span class=\"hover:entity-accent entity-underline inline cursor-pointer align-baseline\"><span class=\"whitespace-normal\">Journ\u00e9e Portes Ouvertes des Professions<\/span><\/span><\/strong>, organis\u00e9e le 24 avril par le <span class=\"hover:entity-accent entity-underline inline cursor-pointer align-baseline\"><span class=\"whitespace-normal\">Agrupamento de Escolas de Figueira de Castelo Rodrigo<\/span><\/span>, au <span class=\"hover:entity-accent entity-underline inline cursor-pointer align-baseline\"><span class=\"whitespace-normal\">Portugal<\/span><\/span>. Lors de cet \u00e9v\u00e9nement, <strong>le consortium a pr\u00e9sent\u00e9 son travail dans le domaine du repositionnement de m\u00e9dicaments \u00e0 travers des d\u00e9monstrations de visualisation scientifique<\/strong> utilisant des technologies de r\u00e9alit\u00e9 virtuelle et de r\u00e9alit\u00e9 augment\u00e9e.<\/p>\n<p data-start=\"3296\" data-end=\"3666\">Ces activit\u00e9s ont offert aux participants une exp\u00e9rience immersive et interactive, facilitant la compr\u00e9hension de concepts complexes de mani\u00e8re accessible. Cette initiative a permis de susciter l\u2019int\u00e9r\u00eat des jeunes pour la science, la technologie et la recherche en sant\u00e9, tout en renfor\u00e7ant le r\u00f4le du projet dans la diffusion des connaissances aupr\u00e8s de la communaut\u00e9.<\/p>\n","protected":false},"excerpt":{"rendered":"<p>Le projet RePo-SUDOE a particip\u00e9 \u00e0 la Journ\u00e9e Portes Ouvertes des Professions, organis\u00e9e le 24 avril par le Agrupamento de Escolas de Figueira de Castelo Rodrigo, au Portugal. Lors de cet \u00e9v\u00e9nement, le consortium a pr\u00e9sent\u00e9 son travail dans le domaine du repositionnement de m\u00e9dicaments \u00e0 travers des d\u00e9monstrations de visualisation scientifique utilisant des technologies [&hellip;]<\/p>\n","protected":false},"author":4919,"featured_media":65078,"parent":0,"template":"","meta":{"_acf_changed":false,"content-type":"","_monsterinsights_skip_tracking":false,"_monsterinsights_sitenote_active":false,"_monsterinsights_sitenote_note":"","_monsterinsights_sitenote_category":0},"class_list":["post-65081","noticia-proyecto","type-noticia-proyecto","status-publish","has-post-thumbnail","hentry"],"acf":[],"yoast_head":"<!-- This site is optimized with the Yoast SEO plugin v27.4 - https:\/\/yoast.com\/product\/yoast-seo-wordpress\/ -->\n<title>RePo-SUDOE rapproche les jeunes de la science gr\u00e2ce \u00e0 des exp\u00e9riences immersives - Interreg Sudoe<\/title>\n<meta name=\"robots\" content=\"index, follow, max-snippet:-1, max-image-preview:large, max-video-preview:-1\" \/>\n<link rel=\"canonical\" href=\"https:\/\/interreg-sudoe.eu\/fr\/noticia-proyecto\/repo-sudoe-acerca-a-los-jovenes-a-la-ciencia-con-experiencias-inmersivas\/\" \/>\n<meta property=\"og:locale\" content=\"fr_FR\" \/>\n<meta property=\"og:type\" content=\"article\" \/>\n<meta property=\"og:title\" content=\"RePo-SUDOE rapproche les jeunes de la science gr\u00e2ce \u00e0 des exp\u00e9riences immersives - Interreg Sudoe\" \/>\n<meta property=\"og:description\" content=\"Le projet RePo-SUDOE a particip\u00e9 \u00e0 la Journ\u00e9e Portes Ouvertes des Professions, organis\u00e9e le 24 avril par le Agrupamento de Escolas de Figueira de Castelo Rodrigo, au Portugal. Lors de cet \u00e9v\u00e9nement, le consortium a pr\u00e9sent\u00e9 son travail dans le domaine du repositionnement de m\u00e9dicaments \u00e0 travers des d\u00e9monstrations de visualisation scientifique utilisant des technologies [&hellip;]\" \/>\n<meta property=\"og:url\" content=\"https:\/\/interreg-sudoe.eu\/fr\/noticia-proyecto\/repo-sudoe-acerca-a-los-jovenes-a-la-ciencia-con-experiencias-inmersivas\/\" \/>\n<meta property=\"og:site_name\" content=\"Interreg Sudoe\" \/>\n<meta property=\"article:publisher\" content=\"https:\/\/www.facebook.com\/interregsudoe\" \/>\n<meta property=\"article:modified_time\" content=\"2026-04-30T08:34:33+00:00\" \/>\n<meta property=\"og:image\" content=\"https:\/\/interreg-sudoe.eu\/wp-content\/uploads\/2026\/04\/Phot0_05.jpg\" \/>\n\t<meta property=\"og:image:width\" content=\"1980\" \/>\n\t<meta property=\"og:image:height\" content=\"1324\" \/>\n\t<meta property=\"og:image:type\" content=\"image\/jpeg\" \/>\n<meta name=\"twitter:card\" content=\"summary_large_image\" \/>\n<meta name=\"twitter:site\" content=\"@Sudoe5\" \/>\n<meta name=\"twitter:label1\" content=\"Dur\u00e9e de lecture estim\u00e9e\" \/>\n\t<meta name=\"twitter:data1\" content=\"1 minute\" \/>\n<script type=\"application\/ld+json\" class=\"yoast-schema-graph\">{\"@context\":\"https:\\\/\\\/schema.org\",\"@graph\":[{\"@type\":\"WebPage\",\"@id\":\"https:\\\/\\\/interreg-sudoe.eu\\\/fr\\\/noticia-proyecto\\\/repo-sudoe-acerca-a-los-jovenes-a-la-ciencia-con-experiencias-inmersivas\\\/\",\"url\":\"https:\\\/\\\/interreg-sudoe.eu\\\/fr\\\/noticia-proyecto\\\/repo-sudoe-acerca-a-los-jovenes-a-la-ciencia-con-experiencias-inmersivas\\\/\",\"name\":\"RePo-SUDOE rapproche les jeunes de la science gr\u00e2ce \u00e0 des exp\u00e9riences immersives - Interreg Sudoe\",\"isPartOf\":{\"@id\":\"https:\\\/\\\/interreg-sudoe.eu\\\/fr\\\/#website\"},\"primaryImageOfPage\":{\"@id\":\"https:\\\/\\\/interreg-sudoe.eu\\\/fr\\\/noticia-proyecto\\\/repo-sudoe-acerca-a-los-jovenes-a-la-ciencia-con-experiencias-inmersivas\\\/#primaryimage\"},\"image\":{\"@id\":\"https:\\\/\\\/interreg-sudoe.eu\\\/fr\\\/noticia-proyecto\\\/repo-sudoe-acerca-a-los-jovenes-a-la-ciencia-con-experiencias-inmersivas\\\/#primaryimage\"},\"thumbnailUrl\":\"https:\\\/\\\/interreg-sudoe.eu\\\/wp-content\\\/uploads\\\/2026\\\/04\\\/Phot0_05.jpg\",\"datePublished\":\"2026-04-30T08:31:24+00:00\",\"dateModified\":\"2026-04-30T08:34:33+00:00\",\"breadcrumb\":{\"@id\":\"https:\\\/\\\/interreg-sudoe.eu\\\/fr\\\/noticia-proyecto\\\/repo-sudoe-acerca-a-los-jovenes-a-la-ciencia-con-experiencias-inmersivas\\\/#breadcrumb\"},\"inLanguage\":\"fr-FR\",\"potentialAction\":[{\"@type\":\"ReadAction\",\"target\":[\"https:\\\/\\\/interreg-sudoe.eu\\\/fr\\\/noticia-proyecto\\\/repo-sudoe-acerca-a-los-jovenes-a-la-ciencia-con-experiencias-inmersivas\\\/\"]}]},{\"@type\":\"ImageObject\",\"inLanguage\":\"fr-FR\",\"@id\":\"https:\\\/\\\/interreg-sudoe.eu\\\/fr\\\/noticia-proyecto\\\/repo-sudoe-acerca-a-los-jovenes-a-la-ciencia-con-experiencias-inmersivas\\\/#primaryimage\",\"url\":\"https:\\\/\\\/interreg-sudoe.eu\\\/wp-content\\\/uploads\\\/2026\\\/04\\\/Phot0_05.jpg\",\"contentUrl\":\"https:\\\/\\\/interreg-sudoe.eu\\\/wp-content\\\/uploads\\\/2026\\\/04\\\/Phot0_05.jpg\",\"width\":1980,\"height\":1324},{\"@type\":\"BreadcrumbList\",\"@id\":\"https:\\\/\\\/interreg-sudoe.eu\\\/fr\\\/noticia-proyecto\\\/repo-sudoe-acerca-a-los-jovenes-a-la-ciencia-con-experiencias-inmersivas\\\/#breadcrumb\",\"itemListElement\":[{\"@type\":\"ListItem\",\"position\":1,\"name\":\"Home\",\"item\":\"https:\\\/\\\/interreg-sudoe.eu\\\/fr\\\/\"},{\"@type\":\"ListItem\",\"position\":2,\"name\":\"RePo-SUDOE rapproche les jeunes de la science gr\u00e2ce \u00e0 des exp\u00e9riences immersives\"}]},{\"@type\":\"WebSite\",\"@id\":\"https:\\\/\\\/interreg-sudoe.eu\\\/fr\\\/#website\",\"url\":\"https:\\\/\\\/interreg-sudoe.eu\\\/fr\\\/\",\"name\":\"Interreg Sudoe\",\"description\":\"Interreg Sudoe\",\"publisher\":{\"@id\":\"https:\\\/\\\/interreg-sudoe.eu\\\/fr\\\/#organization\"},\"alternateName\":\"Interreg Sudoe\",\"potentialAction\":[{\"@type\":\"SearchAction\",\"target\":{\"@type\":\"EntryPoint\",\"urlTemplate\":\"https:\\\/\\\/interreg-sudoe.eu\\\/fr\\\/?s={search_term_string}\"},\"query-input\":{\"@type\":\"PropertyValueSpecification\",\"valueRequired\":true,\"valueName\":\"search_term_string\"}}],\"inLanguage\":\"fr-FR\"},{\"@type\":\"Organization\",\"@id\":\"https:\\\/\\\/interreg-sudoe.eu\\\/fr\\\/#organization\",\"name\":\"Interreg Sudoe\",\"alternateName\":\"Interreg Sudoe\",\"url\":\"https:\\\/\\\/interreg-sudoe.eu\\\/fr\\\/\",\"logo\":{\"@type\":\"ImageObject\",\"inLanguage\":\"fr-FR\",\"@id\":\"https:\\\/\\\/interreg-sudoe.eu\\\/fr\\\/#\\\/schema\\\/logo\\\/image\\\/\",\"url\":\"https:\\\/\\\/interreg-sudoe.eu\\\/wp-content\\\/uploads\\\/2024\\\/03\\\/logo-interreg.png\",\"contentUrl\":\"https:\\\/\\\/interreg-sudoe.eu\\\/wp-content\\\/uploads\\\/2024\\\/03\\\/logo-interreg.png\",\"width\":1200,\"height\":675,\"caption\":\"Interreg Sudoe\"},\"image\":{\"@id\":\"https:\\\/\\\/interreg-sudoe.eu\\\/fr\\\/#\\\/schema\\\/logo\\\/image\\\/\"},\"sameAs\":[\"https:\\\/\\\/www.facebook.com\\\/interregsudoe\",\"https:\\\/\\\/x.com\\\/Sudoe5\",\"https:\\\/\\\/www.youtube.com\\\/channel\\\/UCeGx2edoB32beRc9dbKA2vw\",\"https:\\\/\\\/www.linkedin.com\\\/company\\\/interreg-sudoe-programme\\\/\",\"https:\\\/\\\/www.flickr.com\\\/photos\\\/148704685@N06\\\/\"]}]}<\/script>\n<!-- \/ Yoast SEO plugin. -->","yoast_head_json":{"title":"RePo-SUDOE rapproche les jeunes de la science gr\u00e2ce \u00e0 des exp\u00e9riences immersives - Interreg Sudoe","robots":{"index":"index","follow":"follow","max-snippet":"max-snippet:-1","max-image-preview":"max-image-preview:large","max-video-preview":"max-video-preview:-1"},"canonical":"https:\/\/interreg-sudoe.eu\/fr\/noticia-proyecto\/repo-sudoe-acerca-a-los-jovenes-a-la-ciencia-con-experiencias-inmersivas\/","og_locale":"fr_FR","og_type":"article","og_title":"RePo-SUDOE rapproche les jeunes de la science gr\u00e2ce \u00e0 des exp\u00e9riences immersives - Interreg Sudoe","og_description":"Le projet RePo-SUDOE a particip\u00e9 \u00e0 la Journ\u00e9e Portes Ouvertes des Professions, organis\u00e9e le 24 avril par le Agrupamento de Escolas de Figueira de Castelo Rodrigo, au Portugal. Lors de cet \u00e9v\u00e9nement, le consortium a pr\u00e9sent\u00e9 son travail dans le domaine du repositionnement de m\u00e9dicaments \u00e0 travers des d\u00e9monstrations de visualisation scientifique utilisant des technologies [&hellip;]","og_url":"https:\/\/interreg-sudoe.eu\/fr\/noticia-proyecto\/repo-sudoe-acerca-a-los-jovenes-a-la-ciencia-con-experiencias-inmersivas\/","og_site_name":"Interreg Sudoe","article_publisher":"https:\/\/www.facebook.com\/interregsudoe","article_modified_time":"2026-04-30T08:34:33+00:00","og_image":[{"width":1980,"height":1324,"url":"https:\/\/interreg-sudoe.eu\/wp-content\/uploads\/2026\/04\/Phot0_05.jpg","type":"image\/jpeg"}],"twitter_card":"summary_large_image","twitter_site":"@Sudoe5","twitter_misc":{"Dur\u00e9e de lecture estim\u00e9e":"1 minute"},"schema":{"@context":"https:\/\/schema.org","@graph":[{"@type":"WebPage","@id":"https:\/\/interreg-sudoe.eu\/fr\/noticia-proyecto\/repo-sudoe-acerca-a-los-jovenes-a-la-ciencia-con-experiencias-inmersivas\/","url":"https:\/\/interreg-sudoe.eu\/fr\/noticia-proyecto\/repo-sudoe-acerca-a-los-jovenes-a-la-ciencia-con-experiencias-inmersivas\/","name":"RePo-SUDOE rapproche les jeunes de la science gr\u00e2ce \u00e0 des exp\u00e9riences immersives - Interreg Sudoe","isPartOf":{"@id":"https:\/\/interreg-sudoe.eu\/fr\/#website"},"primaryImageOfPage":{"@id":"https:\/\/interreg-sudoe.eu\/fr\/noticia-proyecto\/repo-sudoe-acerca-a-los-jovenes-a-la-ciencia-con-experiencias-inmersivas\/#primaryimage"},"image":{"@id":"https:\/\/interreg-sudoe.eu\/fr\/noticia-proyecto\/repo-sudoe-acerca-a-los-jovenes-a-la-ciencia-con-experiencias-inmersivas\/#primaryimage"},"thumbnailUrl":"https:\/\/interreg-sudoe.eu\/wp-content\/uploads\/2026\/04\/Phot0_05.jpg","datePublished":"2026-04-30T08:31:24+00:00","dateModified":"2026-04-30T08:34:33+00:00","breadcrumb":{"@id":"https:\/\/interreg-sudoe.eu\/fr\/noticia-proyecto\/repo-sudoe-acerca-a-los-jovenes-a-la-ciencia-con-experiencias-inmersivas\/#breadcrumb"},"inLanguage":"fr-FR","potentialAction":[{"@type":"ReadAction","target":["https:\/\/interreg-sudoe.eu\/fr\/noticia-proyecto\/repo-sudoe-acerca-a-los-jovenes-a-la-ciencia-con-experiencias-inmersivas\/"]}]},{"@type":"ImageObject","inLanguage":"fr-FR","@id":"https:\/\/interreg-sudoe.eu\/fr\/noticia-proyecto\/repo-sudoe-acerca-a-los-jovenes-a-la-ciencia-con-experiencias-inmersivas\/#primaryimage","url":"https:\/\/interreg-sudoe.eu\/wp-content\/uploads\/2026\/04\/Phot0_05.jpg","contentUrl":"https:\/\/interreg-sudoe.eu\/wp-content\/uploads\/2026\/04\/Phot0_05.jpg","width":1980,"height":1324},{"@type":"BreadcrumbList","@id":"https:\/\/interreg-sudoe.eu\/fr\/noticia-proyecto\/repo-sudoe-acerca-a-los-jovenes-a-la-ciencia-con-experiencias-inmersivas\/#breadcrumb","itemListElement":[{"@type":"ListItem","position":1,"name":"Home","item":"https:\/\/interreg-sudoe.eu\/fr\/"},{"@type":"ListItem","position":2,"name":"RePo-SUDOE rapproche les jeunes de la science gr\u00e2ce \u00e0 des exp\u00e9riences immersives"}]},{"@type":"WebSite","@id":"https:\/\/interreg-sudoe.eu\/fr\/#website","url":"https:\/\/interreg-sudoe.eu\/fr\/","name":"Interreg Sudoe","description":"Interreg Sudoe","publisher":{"@id":"https:\/\/interreg-sudoe.eu\/fr\/#organization"},"alternateName":"Interreg Sudoe","potentialAction":[{"@type":"SearchAction","target":{"@type":"EntryPoint","urlTemplate":"https:\/\/interreg-sudoe.eu\/fr\/?s={search_term_string}"},"query-input":{"@type":"PropertyValueSpecification","valueRequired":true,"valueName":"search_term_string"}}],"inLanguage":"fr-FR"},{"@type":"Organization","@id":"https:\/\/interreg-sudoe.eu\/fr\/#organization","name":"Interreg Sudoe","alternateName":"Interreg Sudoe","url":"https:\/\/interreg-sudoe.eu\/fr\/","logo":{"@type":"ImageObject","inLanguage":"fr-FR","@id":"https:\/\/interreg-sudoe.eu\/fr\/#\/schema\/logo\/image\/","url":"https:\/\/interreg-sudoe.eu\/wp-content\/uploads\/2024\/03\/logo-interreg.png","contentUrl":"https:\/\/interreg-sudoe.eu\/wp-content\/uploads\/2024\/03\/logo-interreg.png","width":1200,"height":675,"caption":"Interreg Sudoe"},"image":{"@id":"https:\/\/interreg-sudoe.eu\/fr\/#\/schema\/logo\/image\/"},"sameAs":["https:\/\/www.facebook.com\/interregsudoe","https:\/\/x.com\/Sudoe5","https:\/\/www.youtube.com\/channel\/UCeGx2edoB32beRc9dbKA2vw","https:\/\/www.linkedin.com\/company\/interreg-sudoe-programme\/","https:\/\/www.flickr.com\/photos\/148704685@N06\/"]}]}},"_links":{"self":[{"href":"https:\/\/interreg-sudoe.eu\/fr\/wp-json\/wp\/v2\/noticia-proyecto\/65081","targetHints":{"allow":["GET"]}}],"collection":[{"href":"https:\/\/interreg-sudoe.eu\/fr\/wp-json\/wp\/v2\/noticia-proyecto"}],"about":[{"href":"https:\/\/interreg-sudoe.eu\/fr\/wp-json\/wp\/v2\/types\/noticia-proyecto"}],"author":[{"embeddable":true,"href":"https:\/\/interreg-sudoe.eu\/fr\/wp-json\/wp\/v2\/users\/4919"}],"wp:featuredmedia":[{"embeddable":true,"href":"https:\/\/interreg-sudoe.eu\/fr\/wp-json\/wp\/v2\/media\/65078"}],"wp:attachment":[{"href":"https:\/\/interreg-sudoe.eu\/fr\/wp-json\/wp\/v2\/media?parent=65081"}],"curies":[{"name":"wp","href":"https:\/\/api.w.org\/{rel}","templated":true}]}}