{"id":65138,"date":"2026-04-30T10:57:25","date_gmt":"2026-04-30T08:57:25","guid":{"rendered":"https:\/\/interreg-sudoe.eu\/noticia-proyecto\/repo-sudoe-participa-en-una-iniciativa-de-innovacion-en-la-region-centro-de-portugal\/"},"modified":"2026-04-30T11:06:26","modified_gmt":"2026-04-30T09:06:26","slug":"repo-sudoe-participa-en-una-iniciativa-de-innovacion-en-la-region-centro-de-portugal","status":"publish","type":"noticia-proyecto","link":"https:\/\/interreg-sudoe.eu\/fr\/noticia-proyecto\/repo-sudoe-participa-en-una-iniciativa-de-innovacion-en-la-region-centro-de-portugal\/","title":{"rendered":"RePo-SUDOE participe \u00e0 une initiative d\u2019innovation dans la R\u00e9gion Centre du Portugal"},"content":{"rendered":"<p data-start=\"3004\" data-end=\"3373\">Le projet <span class=\"hover:entity-accent entity-underline inline cursor-pointer align-baseline\"><span class=\"whitespace-normal\">RePo-SUDOE<\/span><\/span> a particip\u00e9 <strong>\u00e0 la session de formation et de d\u00e9monstration de technologies du projet <span class=\"hover:entity-accent entity-underline inline cursor-pointer align-baseline\"><span class=\"whitespace-normal\">PTCentroDiH<\/span><\/span><\/strong>, organis\u00e9e le 8 avril \u00e0 l\u2019<span class=\"hover:entity-accent entity-underline inline cursor-pointer align-baseline\"><span class=\"whitespace-normal\">Instituto Polit\u00e9cnico da Guarda<\/span><\/span>. L\u2019\u00e9v\u00e9nement a r\u00e9uni des initiatives li\u00e9es \u00e0 l\u2019innovation num\u00e9rique et au transfert de connaissances dans la R\u00e9gion Centre du Portugal.<\/p>\n<p data-start=\"3375\" data-end=\"3743\">Lors de la session, le projet RePo-SUDOE a pr\u00e9sent\u00e9 son pilote \u201c<em>Salle de visualisation 3D des syst\u00e8mes biologiques<\/em>\u201d, d\u00e9velopp\u00e9 pour soutenir l\u2019\u00e9ducation, la recherche et l\u2019innovation dans le domaine de la sant\u00e9. La d\u00e9monstration a mis en \u00e9vidence le potentiel des technologies de visualisation avanc\u00e9e comme outil d\u2019appui \u00e0 la formation et \u00e0 la recherche scientifique.<\/p>\n<p data-start=\"3745\" data-end=\"3932\">Cette participation <strong>renforce l\u2019int\u00e9gration de RePo-SUDOE dans les \u00e9cosyst\u00e8mes d\u2019innovation r\u00e9gionaux et sa contribution au d\u00e9veloppement de solutions technologiques appliqu\u00e9es \u00e0 la sant\u00e9<\/strong>.<\/p>\n","protected":false},"excerpt":{"rendered":"<p>Le projet RePo-SUDOE a particip\u00e9 \u00e0 la session de formation et de d\u00e9monstration de technologies du projet PTCentroDiH, organis\u00e9e le 8 avril \u00e0 l\u2019Instituto Polit\u00e9cnico da Guarda. L\u2019\u00e9v\u00e9nement a r\u00e9uni des initiatives li\u00e9es \u00e0 l\u2019innovation num\u00e9rique et au transfert de connaissances dans la R\u00e9gion Centre du Portugal. Lors de la session, le projet RePo-SUDOE a [&hellip;]<\/p>\n","protected":false},"author":4919,"featured_media":65127,"parent":0,"template":"","meta":{"_acf_changed":false,"content-type":"","_monsterinsights_skip_tracking":false,"_monsterinsights_sitenote_active":false,"_monsterinsights_sitenote_note":"","_monsterinsights_sitenote_category":0},"class_list":["post-65138","noticia-proyecto","type-noticia-proyecto","status-publish","has-post-thumbnail","hentry"],"acf":[],"yoast_head":"<!-- This site is optimized with the Yoast SEO plugin v27.4 - https:\/\/yoast.com\/product\/yoast-seo-wordpress\/ -->\n<title>RePo-SUDOE participe \u00e0 une initiative d\u2019innovation dans la R\u00e9gion Centre du Portugal - Interreg Sudoe<\/title>\n<meta name=\"robots\" content=\"index, follow, max-snippet:-1, max-image-preview:large, max-video-preview:-1\" \/>\n<link rel=\"canonical\" href=\"https:\/\/interreg-sudoe.eu\/fr\/noticia-proyecto\/repo-sudoe-participa-en-una-iniciativa-de-innovacion-en-la-region-centro-de-portugal\/\" \/>\n<meta property=\"og:locale\" content=\"fr_FR\" \/>\n<meta property=\"og:type\" content=\"article\" \/>\n<meta property=\"og:title\" content=\"RePo-SUDOE participe \u00e0 une initiative d\u2019innovation dans la R\u00e9gion Centre du Portugal - Interreg Sudoe\" \/>\n<meta property=\"og:description\" content=\"Le projet RePo-SUDOE a particip\u00e9 \u00e0 la session de formation et de d\u00e9monstration de technologies du projet PTCentroDiH, organis\u00e9e le 8 avril \u00e0 l\u2019Instituto Polit\u00e9cnico da Guarda. L\u2019\u00e9v\u00e9nement a r\u00e9uni des initiatives li\u00e9es \u00e0 l\u2019innovation num\u00e9rique et au transfert de connaissances dans la R\u00e9gion Centre du Portugal. Lors de la session, le projet RePo-SUDOE a [&hellip;]\" \/>\n<meta property=\"og:url\" content=\"https:\/\/interreg-sudoe.eu\/fr\/noticia-proyecto\/repo-sudoe-participa-en-una-iniciativa-de-innovacion-en-la-region-centro-de-portugal\/\" \/>\n<meta property=\"og:site_name\" content=\"Interreg Sudoe\" \/>\n<meta property=\"article:publisher\" content=\"https:\/\/www.facebook.com\/interregsudoe\" \/>\n<meta property=\"article:modified_time\" content=\"2026-04-30T09:06:26+00:00\" \/>\n<meta property=\"og:image\" content=\"https:\/\/interreg-sudoe.eu\/wp-content\/uploads\/2026\/04\/7L9A0301.jpg\" \/>\n\t<meta property=\"og:image:width\" content=\"1980\" \/>\n\t<meta property=\"og:image:height\" content=\"1321\" \/>\n\t<meta property=\"og:image:type\" content=\"image\/jpeg\" \/>\n<meta name=\"twitter:card\" content=\"summary_large_image\" \/>\n<meta name=\"twitter:site\" content=\"@Sudoe5\" \/>\n<meta name=\"twitter:label1\" content=\"Dur\u00e9e de lecture estim\u00e9e\" \/>\n\t<meta name=\"twitter:data1\" content=\"1 minute\" \/>\n<script type=\"application\/ld+json\" class=\"yoast-schema-graph\">{\"@context\":\"https:\\\/\\\/schema.org\",\"@graph\":[{\"@type\":\"WebPage\",\"@id\":\"https:\\\/\\\/interreg-sudoe.eu\\\/fr\\\/noticia-proyecto\\\/repo-sudoe-participa-en-una-iniciativa-de-innovacion-en-la-region-centro-de-portugal\\\/\",\"url\":\"https:\\\/\\\/interreg-sudoe.eu\\\/fr\\\/noticia-proyecto\\\/repo-sudoe-participa-en-una-iniciativa-de-innovacion-en-la-region-centro-de-portugal\\\/\",\"name\":\"RePo-SUDOE participe \u00e0 une initiative d\u2019innovation dans la R\u00e9gion Centre du Portugal - Interreg Sudoe\",\"isPartOf\":{\"@id\":\"https:\\\/\\\/interreg-sudoe.eu\\\/fr\\\/#website\"},\"primaryImageOfPage\":{\"@id\":\"https:\\\/\\\/interreg-sudoe.eu\\\/fr\\\/noticia-proyecto\\\/repo-sudoe-participa-en-una-iniciativa-de-innovacion-en-la-region-centro-de-portugal\\\/#primaryimage\"},\"image\":{\"@id\":\"https:\\\/\\\/interreg-sudoe.eu\\\/fr\\\/noticia-proyecto\\\/repo-sudoe-participa-en-una-iniciativa-de-innovacion-en-la-region-centro-de-portugal\\\/#primaryimage\"},\"thumbnailUrl\":\"https:\\\/\\\/interreg-sudoe.eu\\\/wp-content\\\/uploads\\\/2026\\\/04\\\/7L9A0301.jpg\",\"datePublished\":\"2026-04-30T08:57:25+00:00\",\"dateModified\":\"2026-04-30T09:06:26+00:00\",\"breadcrumb\":{\"@id\":\"https:\\\/\\\/interreg-sudoe.eu\\\/fr\\\/noticia-proyecto\\\/repo-sudoe-participa-en-una-iniciativa-de-innovacion-en-la-region-centro-de-portugal\\\/#breadcrumb\"},\"inLanguage\":\"fr-FR\",\"potentialAction\":[{\"@type\":\"ReadAction\",\"target\":[\"https:\\\/\\\/interreg-sudoe.eu\\\/fr\\\/noticia-proyecto\\\/repo-sudoe-participa-en-una-iniciativa-de-innovacion-en-la-region-centro-de-portugal\\\/\"]}]},{\"@type\":\"ImageObject\",\"inLanguage\":\"fr-FR\",\"@id\":\"https:\\\/\\\/interreg-sudoe.eu\\\/fr\\\/noticia-proyecto\\\/repo-sudoe-participa-en-una-iniciativa-de-innovacion-en-la-region-centro-de-portugal\\\/#primaryimage\",\"url\":\"https:\\\/\\\/interreg-sudoe.eu\\\/wp-content\\\/uploads\\\/2026\\\/04\\\/7L9A0301.jpg\",\"contentUrl\":\"https:\\\/\\\/interreg-sudoe.eu\\\/wp-content\\\/uploads\\\/2026\\\/04\\\/7L9A0301.jpg\",\"width\":1980,\"height\":1321},{\"@type\":\"BreadcrumbList\",\"@id\":\"https:\\\/\\\/interreg-sudoe.eu\\\/fr\\\/noticia-proyecto\\\/repo-sudoe-participa-en-una-iniciativa-de-innovacion-en-la-region-centro-de-portugal\\\/#breadcrumb\",\"itemListElement\":[{\"@type\":\"ListItem\",\"position\":1,\"name\":\"Home\",\"item\":\"https:\\\/\\\/interreg-sudoe.eu\\\/fr\\\/\"},{\"@type\":\"ListItem\",\"position\":2,\"name\":\"RePo-SUDOE participe \u00e0 une initiative d\u2019innovation dans la R\u00e9gion Centre du Portugal\"}]},{\"@type\":\"WebSite\",\"@id\":\"https:\\\/\\\/interreg-sudoe.eu\\\/fr\\\/#website\",\"url\":\"https:\\\/\\\/interreg-sudoe.eu\\\/fr\\\/\",\"name\":\"Interreg Sudoe\",\"description\":\"Interreg Sudoe\",\"publisher\":{\"@id\":\"https:\\\/\\\/interreg-sudoe.eu\\\/fr\\\/#organization\"},\"alternateName\":\"Interreg Sudoe\",\"potentialAction\":[{\"@type\":\"SearchAction\",\"target\":{\"@type\":\"EntryPoint\",\"urlTemplate\":\"https:\\\/\\\/interreg-sudoe.eu\\\/fr\\\/?s={search_term_string}\"},\"query-input\":{\"@type\":\"PropertyValueSpecification\",\"valueRequired\":true,\"valueName\":\"search_term_string\"}}],\"inLanguage\":\"fr-FR\"},{\"@type\":\"Organization\",\"@id\":\"https:\\\/\\\/interreg-sudoe.eu\\\/fr\\\/#organization\",\"name\":\"Interreg Sudoe\",\"alternateName\":\"Interreg Sudoe\",\"url\":\"https:\\\/\\\/interreg-sudoe.eu\\\/fr\\\/\",\"logo\":{\"@type\":\"ImageObject\",\"inLanguage\":\"fr-FR\",\"@id\":\"https:\\\/\\\/interreg-sudoe.eu\\\/fr\\\/#\\\/schema\\\/logo\\\/image\\\/\",\"url\":\"https:\\\/\\\/interreg-sudoe.eu\\\/wp-content\\\/uploads\\\/2024\\\/03\\\/logo-interreg.png\",\"contentUrl\":\"https:\\\/\\\/interreg-sudoe.eu\\\/wp-content\\\/uploads\\\/2024\\\/03\\\/logo-interreg.png\",\"width\":1200,\"height\":675,\"caption\":\"Interreg Sudoe\"},\"image\":{\"@id\":\"https:\\\/\\\/interreg-sudoe.eu\\\/fr\\\/#\\\/schema\\\/logo\\\/image\\\/\"},\"sameAs\":[\"https:\\\/\\\/www.facebook.com\\\/interregsudoe\",\"https:\\\/\\\/x.com\\\/Sudoe5\",\"https:\\\/\\\/www.youtube.com\\\/channel\\\/UCeGx2edoB32beRc9dbKA2vw\",\"https:\\\/\\\/www.linkedin.com\\\/company\\\/interreg-sudoe-programme\\\/\",\"https:\\\/\\\/www.flickr.com\\\/photos\\\/148704685@N06\\\/\"]}]}<\/script>\n<!-- \/ Yoast SEO plugin. -->","yoast_head_json":{"title":"RePo-SUDOE participe \u00e0 une initiative d\u2019innovation dans la R\u00e9gion Centre du Portugal - Interreg Sudoe","robots":{"index":"index","follow":"follow","max-snippet":"max-snippet:-1","max-image-preview":"max-image-preview:large","max-video-preview":"max-video-preview:-1"},"canonical":"https:\/\/interreg-sudoe.eu\/fr\/noticia-proyecto\/repo-sudoe-participa-en-una-iniciativa-de-innovacion-en-la-region-centro-de-portugal\/","og_locale":"fr_FR","og_type":"article","og_title":"RePo-SUDOE participe \u00e0 une initiative d\u2019innovation dans la R\u00e9gion Centre du Portugal - Interreg Sudoe","og_description":"Le projet RePo-SUDOE a particip\u00e9 \u00e0 la session de formation et de d\u00e9monstration de technologies du projet PTCentroDiH, organis\u00e9e le 8 avril \u00e0 l\u2019Instituto Polit\u00e9cnico da Guarda. L\u2019\u00e9v\u00e9nement a r\u00e9uni des initiatives li\u00e9es \u00e0 l\u2019innovation num\u00e9rique et au transfert de connaissances dans la R\u00e9gion Centre du Portugal. Lors de la session, le projet RePo-SUDOE a [&hellip;]","og_url":"https:\/\/interreg-sudoe.eu\/fr\/noticia-proyecto\/repo-sudoe-participa-en-una-iniciativa-de-innovacion-en-la-region-centro-de-portugal\/","og_site_name":"Interreg Sudoe","article_publisher":"https:\/\/www.facebook.com\/interregsudoe","article_modified_time":"2026-04-30T09:06:26+00:00","og_image":[{"width":1980,"height":1321,"url":"https:\/\/interreg-sudoe.eu\/wp-content\/uploads\/2026\/04\/7L9A0301.jpg","type":"image\/jpeg"}],"twitter_card":"summary_large_image","twitter_site":"@Sudoe5","twitter_misc":{"Dur\u00e9e de lecture estim\u00e9e":"1 minute"},"schema":{"@context":"https:\/\/schema.org","@graph":[{"@type":"WebPage","@id":"https:\/\/interreg-sudoe.eu\/fr\/noticia-proyecto\/repo-sudoe-participa-en-una-iniciativa-de-innovacion-en-la-region-centro-de-portugal\/","url":"https:\/\/interreg-sudoe.eu\/fr\/noticia-proyecto\/repo-sudoe-participa-en-una-iniciativa-de-innovacion-en-la-region-centro-de-portugal\/","name":"RePo-SUDOE participe \u00e0 une initiative d\u2019innovation dans la R\u00e9gion Centre du Portugal - Interreg Sudoe","isPartOf":{"@id":"https:\/\/interreg-sudoe.eu\/fr\/#website"},"primaryImageOfPage":{"@id":"https:\/\/interreg-sudoe.eu\/fr\/noticia-proyecto\/repo-sudoe-participa-en-una-iniciativa-de-innovacion-en-la-region-centro-de-portugal\/#primaryimage"},"image":{"@id":"https:\/\/interreg-sudoe.eu\/fr\/noticia-proyecto\/repo-sudoe-participa-en-una-iniciativa-de-innovacion-en-la-region-centro-de-portugal\/#primaryimage"},"thumbnailUrl":"https:\/\/interreg-sudoe.eu\/wp-content\/uploads\/2026\/04\/7L9A0301.jpg","datePublished":"2026-04-30T08:57:25+00:00","dateModified":"2026-04-30T09:06:26+00:00","breadcrumb":{"@id":"https:\/\/interreg-sudoe.eu\/fr\/noticia-proyecto\/repo-sudoe-participa-en-una-iniciativa-de-innovacion-en-la-region-centro-de-portugal\/#breadcrumb"},"inLanguage":"fr-FR","potentialAction":[{"@type":"ReadAction","target":["https:\/\/interreg-sudoe.eu\/fr\/noticia-proyecto\/repo-sudoe-participa-en-una-iniciativa-de-innovacion-en-la-region-centro-de-portugal\/"]}]},{"@type":"ImageObject","inLanguage":"fr-FR","@id":"https:\/\/interreg-sudoe.eu\/fr\/noticia-proyecto\/repo-sudoe-participa-en-una-iniciativa-de-innovacion-en-la-region-centro-de-portugal\/#primaryimage","url":"https:\/\/interreg-sudoe.eu\/wp-content\/uploads\/2026\/04\/7L9A0301.jpg","contentUrl":"https:\/\/interreg-sudoe.eu\/wp-content\/uploads\/2026\/04\/7L9A0301.jpg","width":1980,"height":1321},{"@type":"BreadcrumbList","@id":"https:\/\/interreg-sudoe.eu\/fr\/noticia-proyecto\/repo-sudoe-participa-en-una-iniciativa-de-innovacion-en-la-region-centro-de-portugal\/#breadcrumb","itemListElement":[{"@type":"ListItem","position":1,"name":"Home","item":"https:\/\/interreg-sudoe.eu\/fr\/"},{"@type":"ListItem","position":2,"name":"RePo-SUDOE participe \u00e0 une initiative d\u2019innovation dans la R\u00e9gion Centre du Portugal"}]},{"@type":"WebSite","@id":"https:\/\/interreg-sudoe.eu\/fr\/#website","url":"https:\/\/interreg-sudoe.eu\/fr\/","name":"Interreg Sudoe","description":"Interreg Sudoe","publisher":{"@id":"https:\/\/interreg-sudoe.eu\/fr\/#organization"},"alternateName":"Interreg Sudoe","potentialAction":[{"@type":"SearchAction","target":{"@type":"EntryPoint","urlTemplate":"https:\/\/interreg-sudoe.eu\/fr\/?s={search_term_string}"},"query-input":{"@type":"PropertyValueSpecification","valueRequired":true,"valueName":"search_term_string"}}],"inLanguage":"fr-FR"},{"@type":"Organization","@id":"https:\/\/interreg-sudoe.eu\/fr\/#organization","name":"Interreg Sudoe","alternateName":"Interreg Sudoe","url":"https:\/\/interreg-sudoe.eu\/fr\/","logo":{"@type":"ImageObject","inLanguage":"fr-FR","@id":"https:\/\/interreg-sudoe.eu\/fr\/#\/schema\/logo\/image\/","url":"https:\/\/interreg-sudoe.eu\/wp-content\/uploads\/2024\/03\/logo-interreg.png","contentUrl":"https:\/\/interreg-sudoe.eu\/wp-content\/uploads\/2024\/03\/logo-interreg.png","width":1200,"height":675,"caption":"Interreg Sudoe"},"image":{"@id":"https:\/\/interreg-sudoe.eu\/fr\/#\/schema\/logo\/image\/"},"sameAs":["https:\/\/www.facebook.com\/interregsudoe","https:\/\/x.com\/Sudoe5","https:\/\/www.youtube.com\/channel\/UCeGx2edoB32beRc9dbKA2vw","https:\/\/www.linkedin.com\/company\/interreg-sudoe-programme\/","https:\/\/www.flickr.com\/photos\/148704685@N06\/"]}]}},"_links":{"self":[{"href":"https:\/\/interreg-sudoe.eu\/fr\/wp-json\/wp\/v2\/noticia-proyecto\/65138","targetHints":{"allow":["GET"]}}],"collection":[{"href":"https:\/\/interreg-sudoe.eu\/fr\/wp-json\/wp\/v2\/noticia-proyecto"}],"about":[{"href":"https:\/\/interreg-sudoe.eu\/fr\/wp-json\/wp\/v2\/types\/noticia-proyecto"}],"author":[{"embeddable":true,"href":"https:\/\/interreg-sudoe.eu\/fr\/wp-json\/wp\/v2\/users\/4919"}],"wp:featuredmedia":[{"embeddable":true,"href":"https:\/\/interreg-sudoe.eu\/fr\/wp-json\/wp\/v2\/media\/65127"}],"wp:attachment":[{"href":"https:\/\/interreg-sudoe.eu\/fr\/wp-json\/wp\/v2\/media?parent=65138"}],"curies":[{"name":"wp","href":"https:\/\/api.w.org\/{rel}","templated":true}]}}