{"id":65189,"date":"2026-04-30T11:57:32","date_gmt":"2026-04-30T09:57:32","guid":{"rendered":"https:\/\/interreg-sudoe.eu\/noticia-proyecto\/repo-sudoe-dinamiza-la-semana-de-la-biofisica-2026-en-el-politecnico-da-guarda\/"},"modified":"2026-04-30T12:02:19","modified_gmt":"2026-04-30T10:02:19","slug":"repo-sudoe-dinamiza-la-semana-de-la-biofisica-2026-en-el-politecnico-da-guarda","status":"publish","type":"noticia-proyecto","link":"https:\/\/interreg-sudoe.eu\/fr\/noticia-proyecto\/repo-sudoe-dinamiza-la-semana-de-la-biofisica-2026-en-el-politecnico-da-guarda\/","title":{"rendered":"RePo-SUDOE dynamise la Semaine de la biophysique 2026 \u00e0 l\u2019Instituto Polit\u00e9cnico da Guarda"},"content":{"rendered":"<p data-start=\"3685\" data-end=\"4091\">Le projet <span class=\"hover:entity-accent entity-underline inline cursor-pointer align-baseline\"><span class=\"whitespace-normal\">RePo-SUDOE<\/span><\/span> a jou\u00e9 un r\u00f4le central dans la dynamisation des activit\u00e9s de la <strong>Semaine de la Biophysique 2026<\/strong>, organis\u00e9e \u00e0 l\u2019<span class=\"hover:entity-accent entity-underline inline cursor-pointer align-baseline\"><span class=\"whitespace-normal\">Instituto Polit\u00e9cnico da Guarda<\/span><\/span>, en collaboration avec la <span class=\"hover:entity-accent entity-underline inline cursor-pointer align-baseline\"><span class=\"whitespace-normal\">Sociedade Portuguesa de Biof\u00edsica<\/span><\/span>. <strong>L\u2019initiative s\u2019est inscrite dans le programme de diffusion scientifique et de rencontre acad\u00e9mique en biophysique et en recherche en sant\u00e9<\/strong>.<\/p>\n<p data-start=\"4093\" data-end=\"4406\">L\u2019\u00e9quipe du projet a organis\u00e9 un s\u00e9minaire et une table ronde en ligne r\u00e9unissant des experts afin de d\u00e9battre des opportunit\u00e9s, des d\u00e9fis et des perspectives futures en biophysique et en recherche biom\u00e9dicale. Ces sessions ont constitu\u00e9 un espace d\u2019\u00e9change de connaissances au sein de la communaut\u00e9 scientifique.<\/p>\n<p data-start=\"4408\" data-end=\"4884\">Le programme a \u00e9galement inclus l\u2019exposition \u201c<em>Um Olhar Raro<\/em>\u201d, d\u00e9velopp\u00e9e en collaboration avec le projet <span class=\"hover:entity-accent entity-underline inline cursor-pointer align-baseline\"><span class=\"whitespace-normal\">PhasAGE<\/span><\/span>, le Centre de G\u00e9n\u00e9tique Pr\u00e9dictive et Pr\u00e9ventive de l\u2019<span class=\"hover:entity-accent entity-underline inline cursor-pointer align-baseline\"><span class=\"whitespace-normal\">Instituto de Biologia Molecular e Celular<\/span><\/span> et l\u2019<span class=\"hover:entity-accent entity-underline inline cursor-pointer align-baseline\"><span class=\"whitespace-normal\">Instituto de Investiga\u00e7\u00e3o e Inova\u00e7\u00e3o em Sa\u00fade<\/span><\/span>. Cette exposition int\u00e9grait une <strong>exp\u00e9rience de r\u00e9alit\u00e9 virtuelle d\u00e9velopp\u00e9e dans le cadre de RePo-SUDOE<\/strong>, permettant d\u2019explorer la biophysique des prot\u00e9ines de mani\u00e8re interactive et accessible.<\/p>\n<p data-start=\"4886\" data-end=\"5027\">Par cette initiative, RePo-SUDOE renforce son engagement en faveur de la diffusion scientifique et du rapprochement entre science et soci\u00e9t\u00e9.<\/p>\n","protected":false},"excerpt":{"rendered":"<p>Le projet RePo-SUDOE a jou\u00e9 un r\u00f4le central dans la dynamisation des activit\u00e9s de la Semaine de la Biophysique 2026, organis\u00e9e \u00e0 l\u2019Instituto Polit\u00e9cnico da Guarda, en collaboration avec la Sociedade Portuguesa de Biof\u00edsica. L\u2019initiative s\u2019est inscrite dans le programme de diffusion scientifique et de rencontre acad\u00e9mique en biophysique et en recherche en sant\u00e9. L\u2019\u00e9quipe [&hellip;]<\/p>\n","protected":false},"author":4919,"featured_media":65178,"parent":0,"template":"","meta":{"_acf_changed":false,"content-type":"","_monsterinsights_skip_tracking":false,"_monsterinsights_sitenote_active":false,"_monsterinsights_sitenote_note":"","_monsterinsights_sitenote_category":0},"class_list":["post-65189","noticia-proyecto","type-noticia-proyecto","status-publish","has-post-thumbnail","hentry"],"acf":[],"yoast_head":"<!-- This site is optimized with the Yoast SEO plugin v27.4 - https:\/\/yoast.com\/product\/yoast-seo-wordpress\/ -->\n<title>RePo-SUDOE dynamise la Semaine de la biophysique 2026 \u00e0 l\u2019Instituto Polit\u00e9cnico da Guarda - Interreg Sudoe<\/title>\n<meta name=\"robots\" content=\"index, follow, max-snippet:-1, max-image-preview:large, max-video-preview:-1\" \/>\n<link rel=\"canonical\" href=\"https:\/\/interreg-sudoe.eu\/fr\/noticia-proyecto\/repo-sudoe-dinamiza-la-semana-de-la-biofisica-2026-en-el-politecnico-da-guarda\/\" \/>\n<meta property=\"og:locale\" content=\"fr_FR\" \/>\n<meta property=\"og:type\" content=\"article\" \/>\n<meta property=\"og:title\" content=\"RePo-SUDOE dynamise la Semaine de la biophysique 2026 \u00e0 l\u2019Instituto Polit\u00e9cnico da Guarda - Interreg Sudoe\" \/>\n<meta property=\"og:description\" content=\"Le projet RePo-SUDOE a jou\u00e9 un r\u00f4le central dans la dynamisation des activit\u00e9s de la Semaine de la Biophysique 2026, organis\u00e9e \u00e0 l\u2019Instituto Polit\u00e9cnico da Guarda, en collaboration avec la Sociedade Portuguesa de Biof\u00edsica. L\u2019initiative s\u2019est inscrite dans le programme de diffusion scientifique et de rencontre acad\u00e9mique en biophysique et en recherche en sant\u00e9. L\u2019\u00e9quipe [&hellip;]\" \/>\n<meta property=\"og:url\" content=\"https:\/\/interreg-sudoe.eu\/fr\/noticia-proyecto\/repo-sudoe-dinamiza-la-semana-de-la-biofisica-2026-en-el-politecnico-da-guarda\/\" \/>\n<meta property=\"og:site_name\" content=\"Interreg Sudoe\" \/>\n<meta property=\"article:publisher\" content=\"https:\/\/www.facebook.com\/interregsudoe\" \/>\n<meta property=\"article:modified_time\" content=\"2026-04-30T10:02:19+00:00\" \/>\n<meta property=\"og:image\" content=\"https:\/\/interreg-sudoe.eu\/wp-content\/uploads\/2026\/04\/7L9A9989.jpg\" \/>\n\t<meta property=\"og:image:width\" content=\"1980\" \/>\n\t<meta property=\"og:image:height\" content=\"1321\" \/>\n\t<meta property=\"og:image:type\" content=\"image\/jpeg\" \/>\n<meta name=\"twitter:card\" content=\"summary_large_image\" \/>\n<meta name=\"twitter:site\" content=\"@Sudoe5\" \/>\n<meta name=\"twitter:label1\" content=\"Dur\u00e9e de lecture estim\u00e9e\" \/>\n\t<meta name=\"twitter:data1\" content=\"1 minute\" \/>\n<script type=\"application\/ld+json\" class=\"yoast-schema-graph\">{\"@context\":\"https:\\\/\\\/schema.org\",\"@graph\":[{\"@type\":\"WebPage\",\"@id\":\"https:\\\/\\\/interreg-sudoe.eu\\\/fr\\\/noticia-proyecto\\\/repo-sudoe-dinamiza-la-semana-de-la-biofisica-2026-en-el-politecnico-da-guarda\\\/\",\"url\":\"https:\\\/\\\/interreg-sudoe.eu\\\/fr\\\/noticia-proyecto\\\/repo-sudoe-dinamiza-la-semana-de-la-biofisica-2026-en-el-politecnico-da-guarda\\\/\",\"name\":\"RePo-SUDOE dynamise la Semaine de la biophysique 2026 \u00e0 l\u2019Instituto Polit\u00e9cnico da Guarda - Interreg Sudoe\",\"isPartOf\":{\"@id\":\"https:\\\/\\\/interreg-sudoe.eu\\\/fr\\\/#website\"},\"primaryImageOfPage\":{\"@id\":\"https:\\\/\\\/interreg-sudoe.eu\\\/fr\\\/noticia-proyecto\\\/repo-sudoe-dinamiza-la-semana-de-la-biofisica-2026-en-el-politecnico-da-guarda\\\/#primaryimage\"},\"image\":{\"@id\":\"https:\\\/\\\/interreg-sudoe.eu\\\/fr\\\/noticia-proyecto\\\/repo-sudoe-dinamiza-la-semana-de-la-biofisica-2026-en-el-politecnico-da-guarda\\\/#primaryimage\"},\"thumbnailUrl\":\"https:\\\/\\\/interreg-sudoe.eu\\\/wp-content\\\/uploads\\\/2026\\\/04\\\/7L9A9989.jpg\",\"datePublished\":\"2026-04-30T09:57:32+00:00\",\"dateModified\":\"2026-04-30T10:02:19+00:00\",\"breadcrumb\":{\"@id\":\"https:\\\/\\\/interreg-sudoe.eu\\\/fr\\\/noticia-proyecto\\\/repo-sudoe-dinamiza-la-semana-de-la-biofisica-2026-en-el-politecnico-da-guarda\\\/#breadcrumb\"},\"inLanguage\":\"fr-FR\",\"potentialAction\":[{\"@type\":\"ReadAction\",\"target\":[\"https:\\\/\\\/interreg-sudoe.eu\\\/fr\\\/noticia-proyecto\\\/repo-sudoe-dinamiza-la-semana-de-la-biofisica-2026-en-el-politecnico-da-guarda\\\/\"]}]},{\"@type\":\"ImageObject\",\"inLanguage\":\"fr-FR\",\"@id\":\"https:\\\/\\\/interreg-sudoe.eu\\\/fr\\\/noticia-proyecto\\\/repo-sudoe-dinamiza-la-semana-de-la-biofisica-2026-en-el-politecnico-da-guarda\\\/#primaryimage\",\"url\":\"https:\\\/\\\/interreg-sudoe.eu\\\/wp-content\\\/uploads\\\/2026\\\/04\\\/7L9A9989.jpg\",\"contentUrl\":\"https:\\\/\\\/interreg-sudoe.eu\\\/wp-content\\\/uploads\\\/2026\\\/04\\\/7L9A9989.jpg\",\"width\":1980,\"height\":1321},{\"@type\":\"BreadcrumbList\",\"@id\":\"https:\\\/\\\/interreg-sudoe.eu\\\/fr\\\/noticia-proyecto\\\/repo-sudoe-dinamiza-la-semana-de-la-biofisica-2026-en-el-politecnico-da-guarda\\\/#breadcrumb\",\"itemListElement\":[{\"@type\":\"ListItem\",\"position\":1,\"name\":\"Home\",\"item\":\"https:\\\/\\\/interreg-sudoe.eu\\\/fr\\\/\"},{\"@type\":\"ListItem\",\"position\":2,\"name\":\"RePo-SUDOE dynamise la Semaine de la biophysique 2026 \u00e0 l\u2019Instituto Polit\u00e9cnico da Guarda\"}]},{\"@type\":\"WebSite\",\"@id\":\"https:\\\/\\\/interreg-sudoe.eu\\\/fr\\\/#website\",\"url\":\"https:\\\/\\\/interreg-sudoe.eu\\\/fr\\\/\",\"name\":\"Interreg Sudoe\",\"description\":\"Interreg Sudoe\",\"publisher\":{\"@id\":\"https:\\\/\\\/interreg-sudoe.eu\\\/fr\\\/#organization\"},\"alternateName\":\"Interreg Sudoe\",\"potentialAction\":[{\"@type\":\"SearchAction\",\"target\":{\"@type\":\"EntryPoint\",\"urlTemplate\":\"https:\\\/\\\/interreg-sudoe.eu\\\/fr\\\/?s={search_term_string}\"},\"query-input\":{\"@type\":\"PropertyValueSpecification\",\"valueRequired\":true,\"valueName\":\"search_term_string\"}}],\"inLanguage\":\"fr-FR\"},{\"@type\":\"Organization\",\"@id\":\"https:\\\/\\\/interreg-sudoe.eu\\\/fr\\\/#organization\",\"name\":\"Interreg Sudoe\",\"alternateName\":\"Interreg Sudoe\",\"url\":\"https:\\\/\\\/interreg-sudoe.eu\\\/fr\\\/\",\"logo\":{\"@type\":\"ImageObject\",\"inLanguage\":\"fr-FR\",\"@id\":\"https:\\\/\\\/interreg-sudoe.eu\\\/fr\\\/#\\\/schema\\\/logo\\\/image\\\/\",\"url\":\"https:\\\/\\\/interreg-sudoe.eu\\\/wp-content\\\/uploads\\\/2024\\\/03\\\/logo-interreg.png\",\"contentUrl\":\"https:\\\/\\\/interreg-sudoe.eu\\\/wp-content\\\/uploads\\\/2024\\\/03\\\/logo-interreg.png\",\"width\":1200,\"height\":675,\"caption\":\"Interreg Sudoe\"},\"image\":{\"@id\":\"https:\\\/\\\/interreg-sudoe.eu\\\/fr\\\/#\\\/schema\\\/logo\\\/image\\\/\"},\"sameAs\":[\"https:\\\/\\\/www.facebook.com\\\/interregsudoe\",\"https:\\\/\\\/x.com\\\/Sudoe5\",\"https:\\\/\\\/www.youtube.com\\\/channel\\\/UCeGx2edoB32beRc9dbKA2vw\",\"https:\\\/\\\/www.linkedin.com\\\/company\\\/interreg-sudoe-programme\\\/\",\"https:\\\/\\\/www.flickr.com\\\/photos\\\/148704685@N06\\\/\"]}]}<\/script>\n<!-- \/ Yoast SEO plugin. -->","yoast_head_json":{"title":"RePo-SUDOE dynamise la Semaine de la biophysique 2026 \u00e0 l\u2019Instituto Polit\u00e9cnico da Guarda - Interreg Sudoe","robots":{"index":"index","follow":"follow","max-snippet":"max-snippet:-1","max-image-preview":"max-image-preview:large","max-video-preview":"max-video-preview:-1"},"canonical":"https:\/\/interreg-sudoe.eu\/fr\/noticia-proyecto\/repo-sudoe-dinamiza-la-semana-de-la-biofisica-2026-en-el-politecnico-da-guarda\/","og_locale":"fr_FR","og_type":"article","og_title":"RePo-SUDOE dynamise la Semaine de la biophysique 2026 \u00e0 l\u2019Instituto Polit\u00e9cnico da Guarda - Interreg Sudoe","og_description":"Le projet RePo-SUDOE a jou\u00e9 un r\u00f4le central dans la dynamisation des activit\u00e9s de la Semaine de la Biophysique 2026, organis\u00e9e \u00e0 l\u2019Instituto Polit\u00e9cnico da Guarda, en collaboration avec la Sociedade Portuguesa de Biof\u00edsica. L\u2019initiative s\u2019est inscrite dans le programme de diffusion scientifique et de rencontre acad\u00e9mique en biophysique et en recherche en sant\u00e9. L\u2019\u00e9quipe [&hellip;]","og_url":"https:\/\/interreg-sudoe.eu\/fr\/noticia-proyecto\/repo-sudoe-dinamiza-la-semana-de-la-biofisica-2026-en-el-politecnico-da-guarda\/","og_site_name":"Interreg Sudoe","article_publisher":"https:\/\/www.facebook.com\/interregsudoe","article_modified_time":"2026-04-30T10:02:19+00:00","og_image":[{"width":1980,"height":1321,"url":"https:\/\/interreg-sudoe.eu\/wp-content\/uploads\/2026\/04\/7L9A9989.jpg","type":"image\/jpeg"}],"twitter_card":"summary_large_image","twitter_site":"@Sudoe5","twitter_misc":{"Dur\u00e9e de lecture estim\u00e9e":"1 minute"},"schema":{"@context":"https:\/\/schema.org","@graph":[{"@type":"WebPage","@id":"https:\/\/interreg-sudoe.eu\/fr\/noticia-proyecto\/repo-sudoe-dinamiza-la-semana-de-la-biofisica-2026-en-el-politecnico-da-guarda\/","url":"https:\/\/interreg-sudoe.eu\/fr\/noticia-proyecto\/repo-sudoe-dinamiza-la-semana-de-la-biofisica-2026-en-el-politecnico-da-guarda\/","name":"RePo-SUDOE dynamise la Semaine de la biophysique 2026 \u00e0 l\u2019Instituto Polit\u00e9cnico da Guarda - Interreg Sudoe","isPartOf":{"@id":"https:\/\/interreg-sudoe.eu\/fr\/#website"},"primaryImageOfPage":{"@id":"https:\/\/interreg-sudoe.eu\/fr\/noticia-proyecto\/repo-sudoe-dinamiza-la-semana-de-la-biofisica-2026-en-el-politecnico-da-guarda\/#primaryimage"},"image":{"@id":"https:\/\/interreg-sudoe.eu\/fr\/noticia-proyecto\/repo-sudoe-dinamiza-la-semana-de-la-biofisica-2026-en-el-politecnico-da-guarda\/#primaryimage"},"thumbnailUrl":"https:\/\/interreg-sudoe.eu\/wp-content\/uploads\/2026\/04\/7L9A9989.jpg","datePublished":"2026-04-30T09:57:32+00:00","dateModified":"2026-04-30T10:02:19+00:00","breadcrumb":{"@id":"https:\/\/interreg-sudoe.eu\/fr\/noticia-proyecto\/repo-sudoe-dinamiza-la-semana-de-la-biofisica-2026-en-el-politecnico-da-guarda\/#breadcrumb"},"inLanguage":"fr-FR","potentialAction":[{"@type":"ReadAction","target":["https:\/\/interreg-sudoe.eu\/fr\/noticia-proyecto\/repo-sudoe-dinamiza-la-semana-de-la-biofisica-2026-en-el-politecnico-da-guarda\/"]}]},{"@type":"ImageObject","inLanguage":"fr-FR","@id":"https:\/\/interreg-sudoe.eu\/fr\/noticia-proyecto\/repo-sudoe-dinamiza-la-semana-de-la-biofisica-2026-en-el-politecnico-da-guarda\/#primaryimage","url":"https:\/\/interreg-sudoe.eu\/wp-content\/uploads\/2026\/04\/7L9A9989.jpg","contentUrl":"https:\/\/interreg-sudoe.eu\/wp-content\/uploads\/2026\/04\/7L9A9989.jpg","width":1980,"height":1321},{"@type":"BreadcrumbList","@id":"https:\/\/interreg-sudoe.eu\/fr\/noticia-proyecto\/repo-sudoe-dinamiza-la-semana-de-la-biofisica-2026-en-el-politecnico-da-guarda\/#breadcrumb","itemListElement":[{"@type":"ListItem","position":1,"name":"Home","item":"https:\/\/interreg-sudoe.eu\/fr\/"},{"@type":"ListItem","position":2,"name":"RePo-SUDOE dynamise la Semaine de la biophysique 2026 \u00e0 l\u2019Instituto Polit\u00e9cnico da Guarda"}]},{"@type":"WebSite","@id":"https:\/\/interreg-sudoe.eu\/fr\/#website","url":"https:\/\/interreg-sudoe.eu\/fr\/","name":"Interreg Sudoe","description":"Interreg Sudoe","publisher":{"@id":"https:\/\/interreg-sudoe.eu\/fr\/#organization"},"alternateName":"Interreg Sudoe","potentialAction":[{"@type":"SearchAction","target":{"@type":"EntryPoint","urlTemplate":"https:\/\/interreg-sudoe.eu\/fr\/?s={search_term_string}"},"query-input":{"@type":"PropertyValueSpecification","valueRequired":true,"valueName":"search_term_string"}}],"inLanguage":"fr-FR"},{"@type":"Organization","@id":"https:\/\/interreg-sudoe.eu\/fr\/#organization","name":"Interreg Sudoe","alternateName":"Interreg Sudoe","url":"https:\/\/interreg-sudoe.eu\/fr\/","logo":{"@type":"ImageObject","inLanguage":"fr-FR","@id":"https:\/\/interreg-sudoe.eu\/fr\/#\/schema\/logo\/image\/","url":"https:\/\/interreg-sudoe.eu\/wp-content\/uploads\/2024\/03\/logo-interreg.png","contentUrl":"https:\/\/interreg-sudoe.eu\/wp-content\/uploads\/2024\/03\/logo-interreg.png","width":1200,"height":675,"caption":"Interreg Sudoe"},"image":{"@id":"https:\/\/interreg-sudoe.eu\/fr\/#\/schema\/logo\/image\/"},"sameAs":["https:\/\/www.facebook.com\/interregsudoe","https:\/\/x.com\/Sudoe5","https:\/\/www.youtube.com\/channel\/UCeGx2edoB32beRc9dbKA2vw","https:\/\/www.linkedin.com\/company\/interreg-sudoe-programme\/","https:\/\/www.flickr.com\/photos\/148704685@N06\/"]}]}},"_links":{"self":[{"href":"https:\/\/interreg-sudoe.eu\/fr\/wp-json\/wp\/v2\/noticia-proyecto\/65189","targetHints":{"allow":["GET"]}}],"collection":[{"href":"https:\/\/interreg-sudoe.eu\/fr\/wp-json\/wp\/v2\/noticia-proyecto"}],"about":[{"href":"https:\/\/interreg-sudoe.eu\/fr\/wp-json\/wp\/v2\/types\/noticia-proyecto"}],"author":[{"embeddable":true,"href":"https:\/\/interreg-sudoe.eu\/fr\/wp-json\/wp\/v2\/users\/4919"}],"wp:featuredmedia":[{"embeddable":true,"href":"https:\/\/interreg-sudoe.eu\/fr\/wp-json\/wp\/v2\/media\/65178"}],"wp:attachment":[{"href":"https:\/\/interreg-sudoe.eu\/fr\/wp-json\/wp\/v2\/media?parent=65189"}],"curies":[{"name":"wp","href":"https:\/\/api.w.org\/{rel}","templated":true}]}}