{"id":65213,"date":"2026-04-30T12:36:17","date_gmt":"2026-04-30T10:36:17","guid":{"rendered":"https:\/\/interreg-sudoe.eu\/?post_type=noticia-proyecto&#038;p=65213"},"modified":"2026-04-30T12:36:19","modified_gmt":"2026-04-30T10:36:19","slug":"le-projet-e-rigation-interreg-sudoe-tient-sa-reunion-de-lancement-a-arkaute","status":"publish","type":"noticia-proyecto","link":"https:\/\/interreg-sudoe.eu\/fr\/noticia-proyecto\/le-projet-e-rigation-interreg-sudoe-tient-sa-reunion-de-lancement-a-arkaute\/","title":{"rendered":"Le projet e\u2011Rigation | Interreg SUDOE tient sa r\u00e9union de lancement \u00e0 Arkaute"},"content":{"rendered":"<p>Le projet <strong>e\u2011Rigation | Interreg SUDOE<\/strong> a tenu officiellement sa <strong>r\u00e9union de lancement le 23 septembre 2025<\/strong> \u00e0 <strong>Arkaute (\u00c1lava, Espagne)<\/strong>. La rencontre a \u00e9t\u00e9 organis\u00e9e par <strong>NEIKER BRTA<\/strong> et a r\u00e9uni les partenaires du projet issus de <strong>l\u2019Espagne, de la France et du Portugal<\/strong>.<\/p>\n<div>\n<p>Au cours de cette journ\u00e9e, les \u00e9quipes de travail ont examin\u00e9 en d\u00e9tail le <strong>plan de travail<\/strong>, les <strong>premiers jalons techniques et financiers<\/strong>, ainsi que la <strong>feuille de route<\/strong> qui guidera la mise en \u0153uvre du projet dans les mois \u00e0 venir. Cette r\u00e9union a permis d\u2019aligner les objectifs, les m\u00e9thodologies et les calendriers, renfor\u00e7ant ainsi la coop\u00e9ration transnationale entre les partenaires.<\/p>\n<p>Le projet <strong>e\u2011Rigation<\/strong>, cofinanc\u00e9 par le <strong>Programme Interreg Sudoe<\/strong>, a pour objectif principal de <strong>d\u00e9velopper et de tester un syst\u00e8me innovant bas\u00e9 sur des stations m\u00e9t\u00e9orologiques virtuelles<\/strong>. Ce syst\u00e8me permettra <strong>d\u2019optimiser l\u2019irrigation agricole<\/strong> gr\u00e2ce \u00e0 l\u2019utilisation de <strong>mod\u00e8les agrom\u00e9t\u00e9orologiques avanc\u00e9s<\/strong>, contribuant \u00e0 une <strong>gestion plus efficace de l\u2019eau<\/strong> et \u00e0 l\u2019am\u00e9lioration de la durabilit\u00e9 du secteur agricole.<\/p>\n<p>Avec une approche clairement <strong>transnationale<\/strong>, e\u2011Rigation associe <strong>connaissances scientifiques, technologie et innovation<\/strong> afin de relever l\u2019un des grands d\u00e9fis actuels de l\u2019Europe du Sud : <strong>l\u2019utilisation efficiente de l\u2019eau dans un contexte de changement climatique<\/strong>. Le projet vise \u00e0 proposer des <strong>solutions pratiques et transf\u00e9rables<\/strong> en faveur d\u2019un <strong>avenir agricole plus r\u00e9silient et durable<\/strong>.<\/p>\n<\/div>\n","protected":false},"excerpt":{"rendered":"<p>Le projet e\u2011Rigation | Interreg SUDOE a tenu officiellement sa r\u00e9union de lancement le 23 septembre 2025 \u00e0 Arkaute (\u00c1lava, Espagne). La rencontre a \u00e9t\u00e9 organis\u00e9e par NEIKER BRTA et a r\u00e9uni les partenaires du projet issus de l\u2019Espagne, de la France et du Portugal. Au cours de cette journ\u00e9e, les \u00e9quipes de travail ont [&hellip;]<\/p>\n","protected":false},"author":6548,"featured_media":65211,"parent":0,"template":"","meta":{"_acf_changed":false,"content-type":"","_monsterinsights_skip_tracking":false,"_monsterinsights_sitenote_active":false,"_monsterinsights_sitenote_note":"","_monsterinsights_sitenote_category":0},"class_list":["post-65213","noticia-proyecto","type-noticia-proyecto","status-publish","has-post-thumbnail","hentry"],"acf":[],"yoast_head":"<!-- This site is optimized with the Yoast SEO plugin v27.4 - https:\/\/yoast.com\/product\/yoast-seo-wordpress\/ -->\n<title>Le projet e\u2011Rigation | Interreg SUDOE tient sa r\u00e9union de lancement \u00e0 Arkaute - Interreg Sudoe<\/title>\n<meta name=\"robots\" content=\"index, follow, max-snippet:-1, max-image-preview:large, max-video-preview:-1\" \/>\n<link rel=\"canonical\" href=\"https:\/\/interreg-sudoe.eu\/fr\/noticia-proyecto\/le-projet-e-rigation-interreg-sudoe-tient-sa-reunion-de-lancement-a-arkaute\/\" \/>\n<meta property=\"og:locale\" content=\"fr_FR\" \/>\n<meta property=\"og:type\" content=\"article\" \/>\n<meta property=\"og:title\" content=\"Le projet e\u2011Rigation | Interreg SUDOE tient sa r\u00e9union de lancement \u00e0 Arkaute - Interreg Sudoe\" \/>\n<meta property=\"og:description\" content=\"Le projet e\u2011Rigation | Interreg SUDOE a tenu officiellement sa r\u00e9union de lancement le 23 septembre 2025 \u00e0 Arkaute (\u00c1lava, Espagne). La rencontre a \u00e9t\u00e9 organis\u00e9e par NEIKER BRTA et a r\u00e9uni les partenaires du projet issus de l\u2019Espagne, de la France et du Portugal. Au cours de cette journ\u00e9e, les \u00e9quipes de travail ont [&hellip;]\" \/>\n<meta property=\"og:url\" content=\"https:\/\/interreg-sudoe.eu\/fr\/noticia-proyecto\/le-projet-e-rigation-interreg-sudoe-tient-sa-reunion-de-lancement-a-arkaute\/\" \/>\n<meta property=\"og:site_name\" content=\"Interreg Sudoe\" \/>\n<meta property=\"article:publisher\" content=\"https:\/\/www.facebook.com\/interregsudoe\" \/>\n<meta property=\"article:modified_time\" content=\"2026-04-30T10:36:19+00:00\" \/>\n<meta property=\"og:image\" content=\"https:\/\/interreg-sudoe.eu\/wp-content\/uploads\/2026\/04\/Foto-grupo-con-logo.jpg\" \/>\n\t<meta property=\"og:image:width\" content=\"1980\" \/>\n\t<meta property=\"og:image:height\" content=\"1490\" \/>\n\t<meta property=\"og:image:type\" content=\"image\/jpeg\" \/>\n<meta name=\"twitter:card\" content=\"summary_large_image\" \/>\n<meta name=\"twitter:site\" content=\"@Sudoe5\" \/>\n<meta name=\"twitter:label1\" content=\"Dur\u00e9e de lecture estim\u00e9e\" \/>\n\t<meta name=\"twitter:data1\" content=\"1 minute\" \/>\n<script type=\"application\/ld+json\" class=\"yoast-schema-graph\">{\"@context\":\"https:\\\/\\\/schema.org\",\"@graph\":[{\"@type\":\"WebPage\",\"@id\":\"https:\\\/\\\/interreg-sudoe.eu\\\/fr\\\/noticia-proyecto\\\/le-projet-e-rigation-interreg-sudoe-tient-sa-reunion-de-lancement-a-arkaute\\\/\",\"url\":\"https:\\\/\\\/interreg-sudoe.eu\\\/fr\\\/noticia-proyecto\\\/le-projet-e-rigation-interreg-sudoe-tient-sa-reunion-de-lancement-a-arkaute\\\/\",\"name\":\"Le projet e\u2011Rigation | Interreg SUDOE tient sa r\u00e9union de lancement \u00e0 Arkaute - Interreg Sudoe\",\"isPartOf\":{\"@id\":\"https:\\\/\\\/interreg-sudoe.eu\\\/fr\\\/#website\"},\"primaryImageOfPage\":{\"@id\":\"https:\\\/\\\/interreg-sudoe.eu\\\/fr\\\/noticia-proyecto\\\/le-projet-e-rigation-interreg-sudoe-tient-sa-reunion-de-lancement-a-arkaute\\\/#primaryimage\"},\"image\":{\"@id\":\"https:\\\/\\\/interreg-sudoe.eu\\\/fr\\\/noticia-proyecto\\\/le-projet-e-rigation-interreg-sudoe-tient-sa-reunion-de-lancement-a-arkaute\\\/#primaryimage\"},\"thumbnailUrl\":\"https:\\\/\\\/interreg-sudoe.eu\\\/wp-content\\\/uploads\\\/2026\\\/04\\\/Foto-grupo-con-logo.jpg\",\"datePublished\":\"2026-04-30T10:36:17+00:00\",\"dateModified\":\"2026-04-30T10:36:19+00:00\",\"breadcrumb\":{\"@id\":\"https:\\\/\\\/interreg-sudoe.eu\\\/fr\\\/noticia-proyecto\\\/le-projet-e-rigation-interreg-sudoe-tient-sa-reunion-de-lancement-a-arkaute\\\/#breadcrumb\"},\"inLanguage\":\"fr-FR\",\"potentialAction\":[{\"@type\":\"ReadAction\",\"target\":[\"https:\\\/\\\/interreg-sudoe.eu\\\/fr\\\/noticia-proyecto\\\/le-projet-e-rigation-interreg-sudoe-tient-sa-reunion-de-lancement-a-arkaute\\\/\"]}]},{\"@type\":\"ImageObject\",\"inLanguage\":\"fr-FR\",\"@id\":\"https:\\\/\\\/interreg-sudoe.eu\\\/fr\\\/noticia-proyecto\\\/le-projet-e-rigation-interreg-sudoe-tient-sa-reunion-de-lancement-a-arkaute\\\/#primaryimage\",\"url\":\"https:\\\/\\\/interreg-sudoe.eu\\\/wp-content\\\/uploads\\\/2026\\\/04\\\/Foto-grupo-con-logo.jpg\",\"contentUrl\":\"https:\\\/\\\/interreg-sudoe.eu\\\/wp-content\\\/uploads\\\/2026\\\/04\\\/Foto-grupo-con-logo.jpg\",\"width\":1980,\"height\":1490},{\"@type\":\"BreadcrumbList\",\"@id\":\"https:\\\/\\\/interreg-sudoe.eu\\\/fr\\\/noticia-proyecto\\\/le-projet-e-rigation-interreg-sudoe-tient-sa-reunion-de-lancement-a-arkaute\\\/#breadcrumb\",\"itemListElement\":[{\"@type\":\"ListItem\",\"position\":1,\"name\":\"Home\",\"item\":\"https:\\\/\\\/interreg-sudoe.eu\\\/fr\\\/\"},{\"@type\":\"ListItem\",\"position\":2,\"name\":\"Le projet e\u2011Rigation | Interreg SUDOE tient sa r\u00e9union de lancement \u00e0 Arkaute\"}]},{\"@type\":\"WebSite\",\"@id\":\"https:\\\/\\\/interreg-sudoe.eu\\\/fr\\\/#website\",\"url\":\"https:\\\/\\\/interreg-sudoe.eu\\\/fr\\\/\",\"name\":\"Interreg Sudoe\",\"description\":\"Interreg Sudoe\",\"publisher\":{\"@id\":\"https:\\\/\\\/interreg-sudoe.eu\\\/fr\\\/#organization\"},\"alternateName\":\"Interreg Sudoe\",\"potentialAction\":[{\"@type\":\"SearchAction\",\"target\":{\"@type\":\"EntryPoint\",\"urlTemplate\":\"https:\\\/\\\/interreg-sudoe.eu\\\/fr\\\/?s={search_term_string}\"},\"query-input\":{\"@type\":\"PropertyValueSpecification\",\"valueRequired\":true,\"valueName\":\"search_term_string\"}}],\"inLanguage\":\"fr-FR\"},{\"@type\":\"Organization\",\"@id\":\"https:\\\/\\\/interreg-sudoe.eu\\\/fr\\\/#organization\",\"name\":\"Interreg Sudoe\",\"alternateName\":\"Interreg Sudoe\",\"url\":\"https:\\\/\\\/interreg-sudoe.eu\\\/fr\\\/\",\"logo\":{\"@type\":\"ImageObject\",\"inLanguage\":\"fr-FR\",\"@id\":\"https:\\\/\\\/interreg-sudoe.eu\\\/fr\\\/#\\\/schema\\\/logo\\\/image\\\/\",\"url\":\"https:\\\/\\\/interreg-sudoe.eu\\\/wp-content\\\/uploads\\\/2024\\\/03\\\/logo-interreg.png\",\"contentUrl\":\"https:\\\/\\\/interreg-sudoe.eu\\\/wp-content\\\/uploads\\\/2024\\\/03\\\/logo-interreg.png\",\"width\":1200,\"height\":675,\"caption\":\"Interreg Sudoe\"},\"image\":{\"@id\":\"https:\\\/\\\/interreg-sudoe.eu\\\/fr\\\/#\\\/schema\\\/logo\\\/image\\\/\"},\"sameAs\":[\"https:\\\/\\\/www.facebook.com\\\/interregsudoe\",\"https:\\\/\\\/x.com\\\/Sudoe5\",\"https:\\\/\\\/www.youtube.com\\\/channel\\\/UCeGx2edoB32beRc9dbKA2vw\",\"https:\\\/\\\/www.linkedin.com\\\/company\\\/interreg-sudoe-programme\\\/\",\"https:\\\/\\\/www.flickr.com\\\/photos\\\/148704685@N06\\\/\"]}]}<\/script>\n<!-- \/ Yoast SEO plugin. -->","yoast_head_json":{"title":"Le projet e\u2011Rigation | Interreg SUDOE tient sa r\u00e9union de lancement \u00e0 Arkaute - Interreg Sudoe","robots":{"index":"index","follow":"follow","max-snippet":"max-snippet:-1","max-image-preview":"max-image-preview:large","max-video-preview":"max-video-preview:-1"},"canonical":"https:\/\/interreg-sudoe.eu\/fr\/noticia-proyecto\/le-projet-e-rigation-interreg-sudoe-tient-sa-reunion-de-lancement-a-arkaute\/","og_locale":"fr_FR","og_type":"article","og_title":"Le projet e\u2011Rigation | Interreg SUDOE tient sa r\u00e9union de lancement \u00e0 Arkaute - Interreg Sudoe","og_description":"Le projet e\u2011Rigation | Interreg SUDOE a tenu officiellement sa r\u00e9union de lancement le 23 septembre 2025 \u00e0 Arkaute (\u00c1lava, Espagne). La rencontre a \u00e9t\u00e9 organis\u00e9e par NEIKER BRTA et a r\u00e9uni les partenaires du projet issus de l\u2019Espagne, de la France et du Portugal. Au cours de cette journ\u00e9e, les \u00e9quipes de travail ont [&hellip;]","og_url":"https:\/\/interreg-sudoe.eu\/fr\/noticia-proyecto\/le-projet-e-rigation-interreg-sudoe-tient-sa-reunion-de-lancement-a-arkaute\/","og_site_name":"Interreg Sudoe","article_publisher":"https:\/\/www.facebook.com\/interregsudoe","article_modified_time":"2026-04-30T10:36:19+00:00","og_image":[{"width":1980,"height":1490,"url":"https:\/\/interreg-sudoe.eu\/wp-content\/uploads\/2026\/04\/Foto-grupo-con-logo.jpg","type":"image\/jpeg"}],"twitter_card":"summary_large_image","twitter_site":"@Sudoe5","twitter_misc":{"Dur\u00e9e de lecture estim\u00e9e":"1 minute"},"schema":{"@context":"https:\/\/schema.org","@graph":[{"@type":"WebPage","@id":"https:\/\/interreg-sudoe.eu\/fr\/noticia-proyecto\/le-projet-e-rigation-interreg-sudoe-tient-sa-reunion-de-lancement-a-arkaute\/","url":"https:\/\/interreg-sudoe.eu\/fr\/noticia-proyecto\/le-projet-e-rigation-interreg-sudoe-tient-sa-reunion-de-lancement-a-arkaute\/","name":"Le projet e\u2011Rigation | Interreg SUDOE tient sa r\u00e9union de lancement \u00e0 Arkaute - Interreg Sudoe","isPartOf":{"@id":"https:\/\/interreg-sudoe.eu\/fr\/#website"},"primaryImageOfPage":{"@id":"https:\/\/interreg-sudoe.eu\/fr\/noticia-proyecto\/le-projet-e-rigation-interreg-sudoe-tient-sa-reunion-de-lancement-a-arkaute\/#primaryimage"},"image":{"@id":"https:\/\/interreg-sudoe.eu\/fr\/noticia-proyecto\/le-projet-e-rigation-interreg-sudoe-tient-sa-reunion-de-lancement-a-arkaute\/#primaryimage"},"thumbnailUrl":"https:\/\/interreg-sudoe.eu\/wp-content\/uploads\/2026\/04\/Foto-grupo-con-logo.jpg","datePublished":"2026-04-30T10:36:17+00:00","dateModified":"2026-04-30T10:36:19+00:00","breadcrumb":{"@id":"https:\/\/interreg-sudoe.eu\/fr\/noticia-proyecto\/le-projet-e-rigation-interreg-sudoe-tient-sa-reunion-de-lancement-a-arkaute\/#breadcrumb"},"inLanguage":"fr-FR","potentialAction":[{"@type":"ReadAction","target":["https:\/\/interreg-sudoe.eu\/fr\/noticia-proyecto\/le-projet-e-rigation-interreg-sudoe-tient-sa-reunion-de-lancement-a-arkaute\/"]}]},{"@type":"ImageObject","inLanguage":"fr-FR","@id":"https:\/\/interreg-sudoe.eu\/fr\/noticia-proyecto\/le-projet-e-rigation-interreg-sudoe-tient-sa-reunion-de-lancement-a-arkaute\/#primaryimage","url":"https:\/\/interreg-sudoe.eu\/wp-content\/uploads\/2026\/04\/Foto-grupo-con-logo.jpg","contentUrl":"https:\/\/interreg-sudoe.eu\/wp-content\/uploads\/2026\/04\/Foto-grupo-con-logo.jpg","width":1980,"height":1490},{"@type":"BreadcrumbList","@id":"https:\/\/interreg-sudoe.eu\/fr\/noticia-proyecto\/le-projet-e-rigation-interreg-sudoe-tient-sa-reunion-de-lancement-a-arkaute\/#breadcrumb","itemListElement":[{"@type":"ListItem","position":1,"name":"Home","item":"https:\/\/interreg-sudoe.eu\/fr\/"},{"@type":"ListItem","position":2,"name":"Le projet e\u2011Rigation | Interreg SUDOE tient sa r\u00e9union de lancement \u00e0 Arkaute"}]},{"@type":"WebSite","@id":"https:\/\/interreg-sudoe.eu\/fr\/#website","url":"https:\/\/interreg-sudoe.eu\/fr\/","name":"Interreg Sudoe","description":"Interreg Sudoe","publisher":{"@id":"https:\/\/interreg-sudoe.eu\/fr\/#organization"},"alternateName":"Interreg Sudoe","potentialAction":[{"@type":"SearchAction","target":{"@type":"EntryPoint","urlTemplate":"https:\/\/interreg-sudoe.eu\/fr\/?s={search_term_string}"},"query-input":{"@type":"PropertyValueSpecification","valueRequired":true,"valueName":"search_term_string"}}],"inLanguage":"fr-FR"},{"@type":"Organization","@id":"https:\/\/interreg-sudoe.eu\/fr\/#organization","name":"Interreg Sudoe","alternateName":"Interreg Sudoe","url":"https:\/\/interreg-sudoe.eu\/fr\/","logo":{"@type":"ImageObject","inLanguage":"fr-FR","@id":"https:\/\/interreg-sudoe.eu\/fr\/#\/schema\/logo\/image\/","url":"https:\/\/interreg-sudoe.eu\/wp-content\/uploads\/2024\/03\/logo-interreg.png","contentUrl":"https:\/\/interreg-sudoe.eu\/wp-content\/uploads\/2024\/03\/logo-interreg.png","width":1200,"height":675,"caption":"Interreg Sudoe"},"image":{"@id":"https:\/\/interreg-sudoe.eu\/fr\/#\/schema\/logo\/image\/"},"sameAs":["https:\/\/www.facebook.com\/interregsudoe","https:\/\/x.com\/Sudoe5","https:\/\/www.youtube.com\/channel\/UCeGx2edoB32beRc9dbKA2vw","https:\/\/www.linkedin.com\/company\/interreg-sudoe-programme\/","https:\/\/www.flickr.com\/photos\/148704685@N06\/"]}]}},"_links":{"self":[{"href":"https:\/\/interreg-sudoe.eu\/fr\/wp-json\/wp\/v2\/noticia-proyecto\/65213","targetHints":{"allow":["GET"]}}],"collection":[{"href":"https:\/\/interreg-sudoe.eu\/fr\/wp-json\/wp\/v2\/noticia-proyecto"}],"about":[{"href":"https:\/\/interreg-sudoe.eu\/fr\/wp-json\/wp\/v2\/types\/noticia-proyecto"}],"author":[{"embeddable":true,"href":"https:\/\/interreg-sudoe.eu\/fr\/wp-json\/wp\/v2\/users\/6548"}],"wp:featuredmedia":[{"embeddable":true,"href":"https:\/\/interreg-sudoe.eu\/fr\/wp-json\/wp\/v2\/media\/65211"}],"wp:attachment":[{"href":"https:\/\/interreg-sudoe.eu\/fr\/wp-json\/wp\/v2\/media?parent=65213"}],"curies":[{"name":"wp","href":"https:\/\/api.w.org\/{rel}","templated":true}]}}