{"id":71856,"date":"2026-08-31T18:59:11","date_gmt":"2026-08-31T16:59:11","guid":{"rendered":"https:\/\/interreg-sudoe.eu\/noticia-proyecto\/gesteaur-prueba-una-tecnologia-solar-para-eliminar-restos-de-cafeina-ibuprofeno-y-diclofenaco-del-agua\/"},"modified":"2026-08-31T19:00:36","modified_gmt":"2026-08-31T17:00:36","slug":"gesteaur-prueba-una-tecnologia-solar-para-eliminar-restos-de-cafeina-ibuprofeno-y-diclofenaco-del-agua","status":"publish","type":"noticia-proyecto","link":"https:\/\/interreg-sudoe.eu\/fr\/noticia-proyecto\/gesteaur-prueba-una-tecnologia-solar-para-eliminar-restos-de-cafeina-ibuprofeno-y-diclofenaco-del-agua\/","title":{"rendered":"GestEAUr teste une technologie solaire pour \u00e9liminer les traces de caf\u00e9ine, d\u2019ibuprof\u00e8ne et de diclof\u00e9nac dans l\u2019eau"},"content":{"rendered":"<p>Des partenaires fran\u00e7ais de l\u2019Universit\u00e9 de Perpignan participant au projet europ\u00e9en GestEAUr \u2014 Gestion durable de l\u2019eau urbaine en milieu rural \u2014, financ\u00e9 par le programme Interreg Sudoe, ont test\u00e9 avec succ\u00e8s une technologie solaire permettant d\u2019\u00e9liminer des traces de caf\u00e9ine, d\u2019ibuprof\u00e8ne et de diclof\u00e9nac dans l\u2019eau.<\/p>\n<p>La r\u00e9utilisation des eaux us\u00e9es trait\u00e9es constitue l\u2019une des grandes r\u00e9ponses face \u00e0 la s\u00e9cheresse et \u00e0 la rar\u00e9faction de la ressource en eau. En France, le d\u00e9cret de 2024 relatif \u00e0 la r\u00e9utilisation des eaux us\u00e9es encadre ces pratiques afin de garantir une qualit\u00e9 sanitaire adapt\u00e9e \u00e0 diff\u00e9rents usages, comme l\u2019irrigation, le nettoyage urbain ou certaines applications industrielles.<\/p>\n<p>L\u2019un des principaux d\u00e9fis consiste \u00e0 \u00e9liminer de faibles traces de contaminants, qui peuvent \u00eatre pr\u00e9sentes en tr\u00e8s petites quantit\u00e9s mais n\u00e9anmoins avoir un impact sur les \u00e9cosyst\u00e8mes aquatiques. Pour v\u00e9rifier l\u2019efficacit\u00e9 des nouvelles technologies de traitement, l\u2019\u00e9tude a utilis\u00e9 trois substances de r\u00e9f\u00e9rence : la caf\u00e9ine, l\u2019ibuprof\u00e8ne et le diclof\u00e9nac. Ces mol\u00e9cules sont fr\u00e9quemment d\u00e9tect\u00e9es dans les eaux us\u00e9es trait\u00e9es et permettent d\u2019\u00e9valuer la r\u00e9ponse du syst\u00e8me face \u00e0 des contaminants aux comportements diff\u00e9rents.<\/p>\n<p>Les chercheurs se sont concentr\u00e9s sur une technologie qui utilise la lumi\u00e8re solaire pour d\u00e9clencher des r\u00e9actions capables de d\u00e9grader ces contaminants jusqu\u2019\u00e0 leur disparition. Cette solution pr\u00e9sente deux avantages majeurs : elle exploite une source d\u2019\u00e9nergie renouvelable et peut agir sur des compos\u00e9s que les traitements biologiques conventionnels n\u2019\u00e9liminent pas toujours compl\u00e8tement.<\/p>\n<p>La recherche a progress\u00e9 par \u00e9tapes, du laboratoire jusqu\u2019aux conditions r\u00e9elles. Dans un premier temps, des essais ont \u00e9t\u00e9 r\u00e9alis\u00e9s dans un environnement enti\u00e8rement contr\u00f4l\u00e9, en faisant varier la concentration des substances et l\u2019intensit\u00e9 lumineuse afin de comprendre leur d\u00e9gradation. Le syst\u00e8me a ensuite \u00e9t\u00e9 test\u00e9 en fonctionnement continu, avec une lumi\u00e8re artificielle et des s\u00e9quences reproduisant les variations de l\u2019ensoleillement au cours de la journ\u00e9e.<\/p>\n<p>Dans une troisi\u00e8me phase, le r\u00e9acteur pilote a \u00e9t\u00e9 test\u00e9 sous lumi\u00e8re solaire r\u00e9elle, avec une eau contenant de la caf\u00e9ine, de l\u2019ibuprof\u00e8ne et du diclof\u00e9nac \u00e0 des concentrations similaires \u00e0 celles pouvant \u00eatre observ\u00e9es \u00e0 la sortie d\u2019une station de traitement des eaux us\u00e9es. Ces essais ont permis d\u2019\u00e9valuer l\u2019influence des variations naturelles de la lumi\u00e8re, comme le passage de nuages ou l\u2019alternance entre le jour et la nuit.<\/p>\n<p>Enfin, le syst\u00e8me a \u00e9t\u00e9 install\u00e9 en mode pilote dans la station de traitement des eaux us\u00e9es de Pau-Lescar, o\u00f9 il a \u00e9t\u00e9 mis en service et a fonctionn\u00e9 pendant neuf mois dans le cadre du projet GestEAUr. Aliment\u00e9 directement par des eaux us\u00e9es trait\u00e9es, il a op\u00e9r\u00e9 en continu dans des conditions m\u00e9t\u00e9orologiques r\u00e9elles, avec des journ\u00e9es ensoleill\u00e9es, des ciels nuageux, de la pluie, de fortes temp\u00e9ratures et des variations saisonni\u00e8res.<\/p>\n<p>L\u2019\u00e9tude valide ainsi le concept d\u2019un photor\u00e9acteur solaire install\u00e9 au sol et constitue une avanc\u00e9e vers l\u2019utilisation de cette technologie en conditions r\u00e9elles pour am\u00e9liorer la r\u00e9utilisation s\u00fbre de l\u2019eau.<\/p>\n<p>Suivez-nous et participez sur <a href=\"https:\/\/x.com\/GestEAUrIGA\">X<\/a> et <a href=\"https:\/\/www.linkedin.com\/in\/gesteaur-interreg-sudoe-425503386\/\">LinkedIn<\/a>.<\/p>\n","protected":false},"excerpt":{"rendered":"<p>Des partenaires fran\u00e7ais de l\u2019Universit\u00e9 de Perpignan participant au projet europ\u00e9en GestEAUr \u2014 Gestion durable de l\u2019eau urbaine en milieu rural \u2014, financ\u00e9 par le programme Interreg Sudoe, ont test\u00e9 avec succ\u00e8s une technologie solaire permettant d\u2019\u00e9liminer des traces de caf\u00e9ine, d\u2019ibuprof\u00e8ne et de diclof\u00e9nac dans l\u2019eau. La r\u00e9utilisation des eaux us\u00e9es trait\u00e9es constitue l\u2019une [&hellip;]<\/p>\n","protected":false},"author":6528,"featured_media":71855,"parent":0,"template":"","meta":{"_acf_changed":false,"content-type":"","_monsterinsights_skip_tracking":false,"_members_access_role":[],"_members_access_error":""},"class_list":["post-71856","noticia-proyecto","type-noticia-proyecto","status-publish","has-post-thumbnail","hentry"],"acf":[],"yoast_head":"<!-- This site is optimized with the Yoast SEO plugin v28.3 - https:\/\/yoast.com\/product\/yoast-seo-wordpress\/ -->\n<title>GestEAUr teste une technologie solaire pour \u00e9liminer les traces de caf\u00e9ine, d\u2019ibuprof\u00e8ne et de diclof\u00e9nac dans l\u2019eau - Interreg Sudoe<\/title>\n<meta name=\"robots\" content=\"index, follow, max-snippet:-1, max-image-preview:large, max-video-preview:-1\" \/>\n<link rel=\"canonical\" href=\"https:\/\/interreg-sudoe.eu\/fr\/noticia-proyecto\/gesteaur-prueba-una-tecnologia-solar-para-eliminar-restos-de-cafeina-ibuprofeno-y-diclofenaco-del-agua\/\" \/>\n<meta property=\"og:locale\" content=\"fr_FR\" \/>\n<meta property=\"og:type\" content=\"article\" \/>\n<meta property=\"og:title\" content=\"GestEAUr teste une technologie solaire pour \u00e9liminer les traces de caf\u00e9ine, d\u2019ibuprof\u00e8ne et de diclof\u00e9nac dans l\u2019eau - Interreg Sudoe\" \/>\n<meta property=\"og:description\" content=\"Des partenaires fran\u00e7ais de l\u2019Universit\u00e9 de Perpignan participant au projet europ\u00e9en GestEAUr \u2014 Gestion durable de l\u2019eau urbaine en milieu rural \u2014, financ\u00e9 par le programme Interreg Sudoe, ont test\u00e9 avec succ\u00e8s une technologie solaire permettant d\u2019\u00e9liminer des traces de caf\u00e9ine, d\u2019ibuprof\u00e8ne et de diclof\u00e9nac dans l\u2019eau. La r\u00e9utilisation des eaux us\u00e9es trait\u00e9es constitue l\u2019une [&hellip;]\" \/>\n<meta property=\"og:url\" content=\"https:\/\/interreg-sudoe.eu\/fr\/noticia-proyecto\/gesteaur-prueba-una-tecnologia-solar-para-eliminar-restos-de-cafeina-ibuprofeno-y-diclofenaco-del-agua\/\" \/>\n<meta property=\"og:site_name\" content=\"Interreg Sudoe\" \/>\n<meta property=\"article:publisher\" content=\"https:\/\/www.facebook.com\/interregsudoe\" \/>\n<meta property=\"article:modified_time\" content=\"2026-08-31T17:00:36+00:00\" \/>\n<meta property=\"og:image\" content=\"https:\/\/interreg-sudoe.eu\/wp-content\/uploads\/2026\/08\/Foto-1.jpg\" \/>\n\t<meta property=\"og:image:width\" content=\"762\" \/>\n\t<meta property=\"og:image:height\" content=\"1012\" \/>\n\t<meta property=\"og:image:type\" content=\"image\/jpeg\" \/>\n<meta name=\"twitter:card\" content=\"summary_large_image\" \/>\n<meta name=\"twitter:site\" content=\"@Sudoe5\" \/>\n<meta name=\"twitter:label1\" content=\"Dur\u00e9e de lecture estim\u00e9e\" \/>\n\t<meta name=\"twitter:data1\" content=\"3 minutes\" \/>\n<script type=\"application\/ld+json\" class=\"yoast-schema-graph\">{\"@context\":\"https:\\\/\\\/schema.org\",\"@graph\":[{\"@type\":\"WebPage\",\"@id\":\"https:\\\/\\\/interreg-sudoe.eu\\\/fr\\\/noticia-proyecto\\\/gesteaur-prueba-una-tecnologia-solar-para-eliminar-restos-de-cafeina-ibuprofeno-y-diclofenaco-del-agua\\\/\",\"url\":\"https:\\\/\\\/interreg-sudoe.eu\\\/fr\\\/noticia-proyecto\\\/gesteaur-prueba-una-tecnologia-solar-para-eliminar-restos-de-cafeina-ibuprofeno-y-diclofenaco-del-agua\\\/\",\"name\":\"GestEAUr teste une technologie solaire pour \u00e9liminer les traces de caf\u00e9ine, d\u2019ibuprof\u00e8ne et de diclof\u00e9nac dans l\u2019eau - Interreg Sudoe\",\"isPartOf\":{\"@id\":\"https:\\\/\\\/interreg-sudoe.eu\\\/fr\\\/#website\"},\"primaryImageOfPage\":{\"@id\":\"https:\\\/\\\/interreg-sudoe.eu\\\/fr\\\/noticia-proyecto\\\/gesteaur-prueba-una-tecnologia-solar-para-eliminar-restos-de-cafeina-ibuprofeno-y-diclofenaco-del-agua\\\/#primaryimage\"},\"image\":{\"@id\":\"https:\\\/\\\/interreg-sudoe.eu\\\/fr\\\/noticia-proyecto\\\/gesteaur-prueba-una-tecnologia-solar-para-eliminar-restos-de-cafeina-ibuprofeno-y-diclofenaco-del-agua\\\/#primaryimage\"},\"thumbnailUrl\":\"https:\\\/\\\/interreg-sudoe.eu\\\/wp-content\\\/uploads\\\/2026\\\/08\\\/Foto-1.jpg\",\"datePublished\":\"2026-08-31T16:59:11+00:00\",\"dateModified\":\"2026-08-31T17:00:36+00:00\",\"breadcrumb\":{\"@id\":\"https:\\\/\\\/interreg-sudoe.eu\\\/fr\\\/noticia-proyecto\\\/gesteaur-prueba-una-tecnologia-solar-para-eliminar-restos-de-cafeina-ibuprofeno-y-diclofenaco-del-agua\\\/#breadcrumb\"},\"inLanguage\":\"fr-FR\",\"potentialAction\":[{\"@type\":\"ReadAction\",\"target\":[\"https:\\\/\\\/interreg-sudoe.eu\\\/fr\\\/noticia-proyecto\\\/gesteaur-prueba-una-tecnologia-solar-para-eliminar-restos-de-cafeina-ibuprofeno-y-diclofenaco-del-agua\\\/\"]}]},{\"@type\":\"ImageObject\",\"inLanguage\":\"fr-FR\",\"@id\":\"https:\\\/\\\/interreg-sudoe.eu\\\/fr\\\/noticia-proyecto\\\/gesteaur-prueba-una-tecnologia-solar-para-eliminar-restos-de-cafeina-ibuprofeno-y-diclofenaco-del-agua\\\/#primaryimage\",\"url\":\"https:\\\/\\\/interreg-sudoe.eu\\\/wp-content\\\/uploads\\\/2026\\\/08\\\/Foto-1.jpg\",\"contentUrl\":\"https:\\\/\\\/interreg-sudoe.eu\\\/wp-content\\\/uploads\\\/2026\\\/08\\\/Foto-1.jpg\",\"width\":762,\"height\":1012},{\"@type\":\"BreadcrumbList\",\"@id\":\"https:\\\/\\\/interreg-sudoe.eu\\\/fr\\\/noticia-proyecto\\\/gesteaur-prueba-una-tecnologia-solar-para-eliminar-restos-de-cafeina-ibuprofeno-y-diclofenaco-del-agua\\\/#breadcrumb\",\"itemListElement\":[{\"@type\":\"ListItem\",\"position\":1,\"name\":\"Home\",\"item\":\"https:\\\/\\\/interreg-sudoe.eu\\\/fr\\\/\"},{\"@type\":\"ListItem\",\"position\":2,\"name\":\"GestEAUr teste une technologie solaire pour \u00e9liminer les traces de caf\u00e9ine, d\u2019ibuprof\u00e8ne et de diclof\u00e9nac dans l\u2019eau\"}]},{\"@type\":\"WebSite\",\"@id\":\"https:\\\/\\\/interreg-sudoe.eu\\\/fr\\\/#website\",\"url\":\"https:\\\/\\\/interreg-sudoe.eu\\\/fr\\\/\",\"name\":\"Interreg Sudoe\",\"description\":\"Interreg Sudoe\",\"publisher\":{\"@id\":\"https:\\\/\\\/interreg-sudoe.eu\\\/fr\\\/#organization\"},\"alternateName\":\"Interreg Sudoe\",\"potentialAction\":[{\"@type\":\"SearchAction\",\"target\":{\"@type\":\"EntryPoint\",\"urlTemplate\":\"https:\\\/\\\/interreg-sudoe.eu\\\/fr\\\/?s={search_term_string}\"},\"query-input\":{\"@type\":\"PropertyValueSpecification\",\"valueRequired\":true,\"valueName\":\"search_term_string\"}}],\"inLanguage\":\"fr-FR\"},{\"@type\":\"Organization\",\"@id\":\"https:\\\/\\\/interreg-sudoe.eu\\\/fr\\\/#organization\",\"name\":\"Interreg Sudoe\",\"alternateName\":\"Interreg Sudoe\",\"url\":\"https:\\\/\\\/interreg-sudoe.eu\\\/fr\\\/\",\"logo\":{\"@type\":\"ImageObject\",\"inLanguage\":\"fr-FR\",\"@id\":\"https:\\\/\\\/interreg-sudoe.eu\\\/fr\\\/#\\\/schema\\\/logo\\\/image\\\/\",\"url\":\"https:\\\/\\\/interreg-sudoe.eu\\\/wp-content\\\/uploads\\\/2024\\\/03\\\/logo-interreg.png\",\"contentUrl\":\"https:\\\/\\\/interreg-sudoe.eu\\\/wp-content\\\/uploads\\\/2024\\\/03\\\/logo-interreg.png\",\"width\":1200,\"height\":675,\"caption\":\"Interreg Sudoe\"},\"image\":{\"@id\":\"https:\\\/\\\/interreg-sudoe.eu\\\/fr\\\/#\\\/schema\\\/logo\\\/image\\\/\"},\"sameAs\":[\"https:\\\/\\\/www.facebook.com\\\/interregsudoe\",\"https:\\\/\\\/x.com\\\/Sudoe5\",\"https:\\\/\\\/www.youtube.com\\\/channel\\\/UCeGx2edoB32beRc9dbKA2vw\",\"https:\\\/\\\/www.linkedin.com\\\/company\\\/interreg-sudoe-programme\\\/\",\"https:\\\/\\\/www.flickr.com\\\/photos\\\/148704685@N06\\\/\"]}]}<\/script>\n<!-- \/ Yoast SEO plugin. -->","yoast_head_json":{"title":"GestEAUr teste une technologie solaire pour \u00e9liminer les traces de caf\u00e9ine, d\u2019ibuprof\u00e8ne et de diclof\u00e9nac dans l\u2019eau - Interreg Sudoe","robots":{"index":"index","follow":"follow","max-snippet":"max-snippet:-1","max-image-preview":"max-image-preview:large","max-video-preview":"max-video-preview:-1"},"canonical":"https:\/\/interreg-sudoe.eu\/fr\/noticia-proyecto\/gesteaur-prueba-una-tecnologia-solar-para-eliminar-restos-de-cafeina-ibuprofeno-y-diclofenaco-del-agua\/","og_locale":"fr_FR","og_type":"article","og_title":"GestEAUr teste une technologie solaire pour \u00e9liminer les traces de caf\u00e9ine, d\u2019ibuprof\u00e8ne et de diclof\u00e9nac dans l\u2019eau - Interreg Sudoe","og_description":"Des partenaires fran\u00e7ais de l\u2019Universit\u00e9 de Perpignan participant au projet europ\u00e9en GestEAUr \u2014 Gestion durable de l\u2019eau urbaine en milieu rural \u2014, financ\u00e9 par le programme Interreg Sudoe, ont test\u00e9 avec succ\u00e8s une technologie solaire permettant d\u2019\u00e9liminer des traces de caf\u00e9ine, d\u2019ibuprof\u00e8ne et de diclof\u00e9nac dans l\u2019eau. La r\u00e9utilisation des eaux us\u00e9es trait\u00e9es constitue l\u2019une [&hellip;]","og_url":"https:\/\/interreg-sudoe.eu\/fr\/noticia-proyecto\/gesteaur-prueba-una-tecnologia-solar-para-eliminar-restos-de-cafeina-ibuprofeno-y-diclofenaco-del-agua\/","og_site_name":"Interreg Sudoe","article_publisher":"https:\/\/www.facebook.com\/interregsudoe","article_modified_time":"2026-08-31T17:00:36+00:00","og_image":[{"width":762,"height":1012,"url":"https:\/\/interreg-sudoe.eu\/wp-content\/uploads\/2026\/08\/Foto-1.jpg","type":"image\/jpeg"}],"twitter_card":"summary_large_image","twitter_site":"@Sudoe5","twitter_misc":{"Dur\u00e9e de lecture estim\u00e9e":"3 minutes"},"schema":{"@context":"https:\/\/schema.org","@graph":[{"@type":"WebPage","@id":"https:\/\/interreg-sudoe.eu\/fr\/noticia-proyecto\/gesteaur-prueba-una-tecnologia-solar-para-eliminar-restos-de-cafeina-ibuprofeno-y-diclofenaco-del-agua\/","url":"https:\/\/interreg-sudoe.eu\/fr\/noticia-proyecto\/gesteaur-prueba-una-tecnologia-solar-para-eliminar-restos-de-cafeina-ibuprofeno-y-diclofenaco-del-agua\/","name":"GestEAUr teste une technologie solaire pour \u00e9liminer les traces de caf\u00e9ine, d\u2019ibuprof\u00e8ne et de diclof\u00e9nac dans l\u2019eau - Interreg Sudoe","isPartOf":{"@id":"https:\/\/interreg-sudoe.eu\/fr\/#website"},"primaryImageOfPage":{"@id":"https:\/\/interreg-sudoe.eu\/fr\/noticia-proyecto\/gesteaur-prueba-una-tecnologia-solar-para-eliminar-restos-de-cafeina-ibuprofeno-y-diclofenaco-del-agua\/#primaryimage"},"image":{"@id":"https:\/\/interreg-sudoe.eu\/fr\/noticia-proyecto\/gesteaur-prueba-una-tecnologia-solar-para-eliminar-restos-de-cafeina-ibuprofeno-y-diclofenaco-del-agua\/#primaryimage"},"thumbnailUrl":"https:\/\/interreg-sudoe.eu\/wp-content\/uploads\/2026\/08\/Foto-1.jpg","datePublished":"2026-08-31T16:59:11+00:00","dateModified":"2026-08-31T17:00:36+00:00","breadcrumb":{"@id":"https:\/\/interreg-sudoe.eu\/fr\/noticia-proyecto\/gesteaur-prueba-una-tecnologia-solar-para-eliminar-restos-de-cafeina-ibuprofeno-y-diclofenaco-del-agua\/#breadcrumb"},"inLanguage":"fr-FR","potentialAction":[{"@type":"ReadAction","target":["https:\/\/interreg-sudoe.eu\/fr\/noticia-proyecto\/gesteaur-prueba-una-tecnologia-solar-para-eliminar-restos-de-cafeina-ibuprofeno-y-diclofenaco-del-agua\/"]}]},{"@type":"ImageObject","inLanguage":"fr-FR","@id":"https:\/\/interreg-sudoe.eu\/fr\/noticia-proyecto\/gesteaur-prueba-una-tecnologia-solar-para-eliminar-restos-de-cafeina-ibuprofeno-y-diclofenaco-del-agua\/#primaryimage","url":"https:\/\/interreg-sudoe.eu\/wp-content\/uploads\/2026\/08\/Foto-1.jpg","contentUrl":"https:\/\/interreg-sudoe.eu\/wp-content\/uploads\/2026\/08\/Foto-1.jpg","width":762,"height":1012},{"@type":"BreadcrumbList","@id":"https:\/\/interreg-sudoe.eu\/fr\/noticia-proyecto\/gesteaur-prueba-una-tecnologia-solar-para-eliminar-restos-de-cafeina-ibuprofeno-y-diclofenaco-del-agua\/#breadcrumb","itemListElement":[{"@type":"ListItem","position":1,"name":"Home","item":"https:\/\/interreg-sudoe.eu\/fr\/"},{"@type":"ListItem","position":2,"name":"GestEAUr teste une technologie solaire pour \u00e9liminer les traces de caf\u00e9ine, d\u2019ibuprof\u00e8ne et de diclof\u00e9nac dans l\u2019eau"}]},{"@type":"WebSite","@id":"https:\/\/interreg-sudoe.eu\/fr\/#website","url":"https:\/\/interreg-sudoe.eu\/fr\/","name":"Interreg Sudoe","description":"Interreg Sudoe","publisher":{"@id":"https:\/\/interreg-sudoe.eu\/fr\/#organization"},"alternateName":"Interreg Sudoe","potentialAction":[{"@type":"SearchAction","target":{"@type":"EntryPoint","urlTemplate":"https:\/\/interreg-sudoe.eu\/fr\/?s={search_term_string}"},"query-input":{"@type":"PropertyValueSpecification","valueRequired":true,"valueName":"search_term_string"}}],"inLanguage":"fr-FR"},{"@type":"Organization","@id":"https:\/\/interreg-sudoe.eu\/fr\/#organization","name":"Interreg Sudoe","alternateName":"Interreg Sudoe","url":"https:\/\/interreg-sudoe.eu\/fr\/","logo":{"@type":"ImageObject","inLanguage":"fr-FR","@id":"https:\/\/interreg-sudoe.eu\/fr\/#\/schema\/logo\/image\/","url":"https:\/\/interreg-sudoe.eu\/wp-content\/uploads\/2024\/03\/logo-interreg.png","contentUrl":"https:\/\/interreg-sudoe.eu\/wp-content\/uploads\/2024\/03\/logo-interreg.png","width":1200,"height":675,"caption":"Interreg Sudoe"},"image":{"@id":"https:\/\/interreg-sudoe.eu\/fr\/#\/schema\/logo\/image\/"},"sameAs":["https:\/\/www.facebook.com\/interregsudoe","https:\/\/x.com\/Sudoe5","https:\/\/www.youtube.com\/channel\/UCeGx2edoB32beRc9dbKA2vw","https:\/\/www.linkedin.com\/company\/interreg-sudoe-programme\/","https:\/\/www.flickr.com\/photos\/148704685@N06\/"]}]}},"_links":{"self":[{"href":"https:\/\/interreg-sudoe.eu\/fr\/wp-json\/wp\/v2\/noticia-proyecto\/71856","targetHints":{"allow":["GET"]}}],"collection":[{"href":"https:\/\/interreg-sudoe.eu\/fr\/wp-json\/wp\/v2\/noticia-proyecto"}],"about":[{"href":"https:\/\/interreg-sudoe.eu\/fr\/wp-json\/wp\/v2\/types\/noticia-proyecto"}],"author":[{"embeddable":true,"href":"https:\/\/interreg-sudoe.eu\/fr\/wp-json\/wp\/v2\/users\/6528"}],"wp:featuredmedia":[{"embeddable":true,"href":"https:\/\/interreg-sudoe.eu\/fr\/wp-json\/wp\/v2\/media\/71855"}],"wp:attachment":[{"href":"https:\/\/interreg-sudoe.eu\/fr\/wp-json\/wp\/v2\/media?parent=71856"}],"curies":[{"name":"wp","href":"https:\/\/api.w.org\/{rel}","templated":true}]}}