{"id":71865,"date":"2026-09-01T11:55:03","date_gmt":"2026-09-01T09:55:03","guid":{"rendered":"https:\/\/interreg-sudoe.eu\/?post_type=noticia-proyecto&#038;p=71865"},"modified":"2026-09-01T11:57:07","modified_gmt":"2026-09-01T09:57:07","slug":"respira-lance-une-nouvelle-strategie-pour-former-au-patrimoine-et-renforcer-lidentite-territoriale","status":"publish","type":"noticia-proyecto","link":"https:\/\/interreg-sudoe.eu\/fr\/noticia-proyecto\/respira-lance-une-nouvelle-strategie-pour-former-au-patrimoine-et-renforcer-lidentite-territoriale\/","title":{"rendered":"RESPIRA lance une nouvelle strat\u00e9gie pour former au patrimoine et renforcer l&rsquo;identit\u00e9 territoriale"},"content":{"rendered":"<p>Le projet europ\u00e9en RESPIRA a pr\u00e9sent\u00e9 son nouveau plan de formation ainsi que sa plateforme \u00e9ducative et d&rsquo;apprentissage ubiquitaire ; il s&rsquo;agit d&rsquo;un outil strat\u00e9gique visant \u00e0 renforcer la transmission du patrimoine dans les territoires ruraux et de montagne de l&rsquo;espace SUDOE.<\/p>\n<p>La d\u00e9marche repose sur une id\u00e9e centrale : le patrimoine ne doit pas seulement \u00eatre conserv\u00e9 ; il est n\u00e9cessaire de l&rsquo;enseigner, de le comprendre et de se l&rsquo;approprier. Le mod\u00e8le p\u00e9dagogique \u00e9tablit une progression allant de la connaissance au lien \u00e9motionnel et communautaire : conna\u00eetre, respecter, valoriser, pr\u00e9server et transmettre. Cette approche cherche \u00e0 renforcer l&rsquo;identit\u00e9 territoriale et la coh\u00e9sion sociale gr\u00e2ce \u00e0 des processus \u00e9ducatifs reliant les patrimoines naturel, culturel et m\u00e9moriel \u00e0 la vie quotidienne des communaut\u00e9s locales.<\/p>\n<p>RESPIRA place ainsi la formation au c\u0153ur des strat\u00e9gies de revitalisation durable du territoire.<\/p>\n<p>&nbsp;<\/p>\n<p><img fetchpriority=\"high\" decoding=\"async\" class=\"size-medium wp-image-71864 aligncenter\" src=\"https:\/\/interreg-sudoe.eu\/wp-content\/uploads\/2026\/09\/notapremsa_01_09_2026-300x200.jpg\" alt=\"\" width=\"300\" height=\"200\" srcset=\"https:\/\/interreg-sudoe.eu\/wp-content\/uploads\/2026\/09\/notapremsa_01_09_2026-300x200.jpg 300w, https:\/\/interreg-sudoe.eu\/wp-content\/uploads\/2026\/09\/notapremsa_01_09_2026-1024x683.jpg 1024w, https:\/\/interreg-sudoe.eu\/wp-content\/uploads\/2026\/09\/notapremsa_01_09_2026-768x512.jpg 768w, https:\/\/interreg-sudoe.eu\/wp-content\/uploads\/2026\/09\/notapremsa_01_09_2026-1536x1024.jpg 1536w, https:\/\/interreg-sudoe.eu\/wp-content\/uploads\/2026\/09\/notapremsa_01_09_2026.jpg 1980w\" sizes=\"(max-width: 300px) 100vw, 300px\" \/><\/p>\n","protected":false},"excerpt":{"rendered":"<p>Le projet europ\u00e9en RESPIRA a pr\u00e9sent\u00e9 son nouveau plan de formation ainsi que sa plateforme \u00e9ducative et d&rsquo;apprentissage ubiquitaire ; il s&rsquo;agit d&rsquo;un outil strat\u00e9gique visant \u00e0 renforcer la transmission du patrimoine dans les territoires ruraux et de montagne de l&rsquo;espace SUDOE. La d\u00e9marche repose sur une id\u00e9e centrale : le patrimoine ne doit pas [&hellip;]<\/p>\n","protected":false},"author":6642,"featured_media":71864,"parent":0,"template":"","meta":{"_acf_changed":false,"content-type":"","_monsterinsights_skip_tracking":false,"_members_access_role":[],"_members_access_error":""},"class_list":["post-71865","noticia-proyecto","type-noticia-proyecto","status-publish","has-post-thumbnail","hentry"],"acf":[],"yoast_head":"<!-- This site is optimized with the Yoast SEO plugin v28.3 - https:\/\/yoast.com\/product\/yoast-seo-wordpress\/ -->\n<title>RESPIRA lance une nouvelle strat\u00e9gie pour former au patrimoine et renforcer l&#039;identit\u00e9 territoriale - Interreg Sudoe<\/title>\n<meta name=\"robots\" content=\"index, follow, max-snippet:-1, max-image-preview:large, max-video-preview:-1\" \/>\n<link rel=\"canonical\" href=\"https:\/\/interreg-sudoe.eu\/fr\/noticia-proyecto\/respira-lance-une-nouvelle-strategie-pour-former-au-patrimoine-et-renforcer-lidentite-territoriale\/\" \/>\n<meta property=\"og:locale\" content=\"fr_FR\" \/>\n<meta property=\"og:type\" content=\"article\" \/>\n<meta property=\"og:title\" content=\"RESPIRA lance une nouvelle strat\u00e9gie pour former au patrimoine et renforcer l&#039;identit\u00e9 territoriale - Interreg Sudoe\" \/>\n<meta property=\"og:description\" content=\"Le projet europ\u00e9en RESPIRA a pr\u00e9sent\u00e9 son nouveau plan de formation ainsi que sa plateforme \u00e9ducative et d&rsquo;apprentissage ubiquitaire ; il s&rsquo;agit d&rsquo;un outil strat\u00e9gique visant \u00e0 renforcer la transmission du patrimoine dans les territoires ruraux et de montagne de l&rsquo;espace SUDOE. La d\u00e9marche repose sur une id\u00e9e centrale : le patrimoine ne doit pas [&hellip;]\" \/>\n<meta property=\"og:url\" content=\"https:\/\/interreg-sudoe.eu\/fr\/noticia-proyecto\/respira-lance-une-nouvelle-strategie-pour-former-au-patrimoine-et-renforcer-lidentite-territoriale\/\" \/>\n<meta property=\"og:site_name\" content=\"Interreg Sudoe\" \/>\n<meta property=\"article:publisher\" content=\"https:\/\/www.facebook.com\/interregsudoe\" \/>\n<meta property=\"article:modified_time\" content=\"2026-09-01T09:57:07+00:00\" \/>\n<meta property=\"og:image\" content=\"https:\/\/interreg-sudoe.eu\/wp-content\/uploads\/2026\/09\/notapremsa_01_09_2026.jpg\" \/>\n\t<meta property=\"og:image:width\" content=\"1980\" \/>\n\t<meta property=\"og:image:height\" content=\"1320\" \/>\n\t<meta property=\"og:image:type\" content=\"image\/jpeg\" \/>\n<meta name=\"twitter:card\" content=\"summary_large_image\" \/>\n<meta name=\"twitter:site\" content=\"@Sudoe5\" \/>\n<meta name=\"twitter:label1\" content=\"Dur\u00e9e de lecture estim\u00e9e\" \/>\n\t<meta name=\"twitter:data1\" content=\"1 minute\" \/>\n<script type=\"application\/ld+json\" class=\"yoast-schema-graph\">{\"@context\":\"https:\\\/\\\/schema.org\",\"@graph\":[{\"@type\":\"WebPage\",\"@id\":\"https:\\\/\\\/interreg-sudoe.eu\\\/fr\\\/noticia-proyecto\\\/respira-lance-une-nouvelle-strategie-pour-former-au-patrimoine-et-renforcer-lidentite-territoriale\\\/\",\"url\":\"https:\\\/\\\/interreg-sudoe.eu\\\/fr\\\/noticia-proyecto\\\/respira-lance-une-nouvelle-strategie-pour-former-au-patrimoine-et-renforcer-lidentite-territoriale\\\/\",\"name\":\"RESPIRA lance une nouvelle strat\u00e9gie pour former au patrimoine et renforcer l'identit\u00e9 territoriale - Interreg Sudoe\",\"isPartOf\":{\"@id\":\"https:\\\/\\\/interreg-sudoe.eu\\\/fr\\\/#website\"},\"primaryImageOfPage\":{\"@id\":\"https:\\\/\\\/interreg-sudoe.eu\\\/fr\\\/noticia-proyecto\\\/respira-lance-une-nouvelle-strategie-pour-former-au-patrimoine-et-renforcer-lidentite-territoriale\\\/#primaryimage\"},\"image\":{\"@id\":\"https:\\\/\\\/interreg-sudoe.eu\\\/fr\\\/noticia-proyecto\\\/respira-lance-une-nouvelle-strategie-pour-former-au-patrimoine-et-renforcer-lidentite-territoriale\\\/#primaryimage\"},\"thumbnailUrl\":\"https:\\\/\\\/interreg-sudoe.eu\\\/wp-content\\\/uploads\\\/2026\\\/09\\\/notapremsa_01_09_2026.jpg\",\"datePublished\":\"2026-09-01T09:55:03+00:00\",\"dateModified\":\"2026-09-01T09:57:07+00:00\",\"breadcrumb\":{\"@id\":\"https:\\\/\\\/interreg-sudoe.eu\\\/fr\\\/noticia-proyecto\\\/respira-lance-une-nouvelle-strategie-pour-former-au-patrimoine-et-renforcer-lidentite-territoriale\\\/#breadcrumb\"},\"inLanguage\":\"fr-FR\",\"potentialAction\":[{\"@type\":\"ReadAction\",\"target\":[\"https:\\\/\\\/interreg-sudoe.eu\\\/fr\\\/noticia-proyecto\\\/respira-lance-une-nouvelle-strategie-pour-former-au-patrimoine-et-renforcer-lidentite-territoriale\\\/\"]}]},{\"@type\":\"ImageObject\",\"inLanguage\":\"fr-FR\",\"@id\":\"https:\\\/\\\/interreg-sudoe.eu\\\/fr\\\/noticia-proyecto\\\/respira-lance-une-nouvelle-strategie-pour-former-au-patrimoine-et-renforcer-lidentite-territoriale\\\/#primaryimage\",\"url\":\"https:\\\/\\\/interreg-sudoe.eu\\\/wp-content\\\/uploads\\\/2026\\\/09\\\/notapremsa_01_09_2026.jpg\",\"contentUrl\":\"https:\\\/\\\/interreg-sudoe.eu\\\/wp-content\\\/uploads\\\/2026\\\/09\\\/notapremsa_01_09_2026.jpg\",\"width\":1980,\"height\":1320},{\"@type\":\"BreadcrumbList\",\"@id\":\"https:\\\/\\\/interreg-sudoe.eu\\\/fr\\\/noticia-proyecto\\\/respira-lance-une-nouvelle-strategie-pour-former-au-patrimoine-et-renforcer-lidentite-territoriale\\\/#breadcrumb\",\"itemListElement\":[{\"@type\":\"ListItem\",\"position\":1,\"name\":\"Home\",\"item\":\"https:\\\/\\\/interreg-sudoe.eu\\\/fr\\\/\"},{\"@type\":\"ListItem\",\"position\":2,\"name\":\"RESPIRA lance une nouvelle strat\u00e9gie pour former au patrimoine et renforcer l&#8217;identit\u00e9 territoriale\"}]},{\"@type\":\"WebSite\",\"@id\":\"https:\\\/\\\/interreg-sudoe.eu\\\/fr\\\/#website\",\"url\":\"https:\\\/\\\/interreg-sudoe.eu\\\/fr\\\/\",\"name\":\"Interreg Sudoe\",\"description\":\"Interreg Sudoe\",\"publisher\":{\"@id\":\"https:\\\/\\\/interreg-sudoe.eu\\\/fr\\\/#organization\"},\"alternateName\":\"Interreg Sudoe\",\"potentialAction\":[{\"@type\":\"SearchAction\",\"target\":{\"@type\":\"EntryPoint\",\"urlTemplate\":\"https:\\\/\\\/interreg-sudoe.eu\\\/fr\\\/?s={search_term_string}\"},\"query-input\":{\"@type\":\"PropertyValueSpecification\",\"valueRequired\":true,\"valueName\":\"search_term_string\"}}],\"inLanguage\":\"fr-FR\"},{\"@type\":\"Organization\",\"@id\":\"https:\\\/\\\/interreg-sudoe.eu\\\/fr\\\/#organization\",\"name\":\"Interreg Sudoe\",\"alternateName\":\"Interreg Sudoe\",\"url\":\"https:\\\/\\\/interreg-sudoe.eu\\\/fr\\\/\",\"logo\":{\"@type\":\"ImageObject\",\"inLanguage\":\"fr-FR\",\"@id\":\"https:\\\/\\\/interreg-sudoe.eu\\\/fr\\\/#\\\/schema\\\/logo\\\/image\\\/\",\"url\":\"https:\\\/\\\/interreg-sudoe.eu\\\/wp-content\\\/uploads\\\/2024\\\/03\\\/logo-interreg.png\",\"contentUrl\":\"https:\\\/\\\/interreg-sudoe.eu\\\/wp-content\\\/uploads\\\/2024\\\/03\\\/logo-interreg.png\",\"width\":1200,\"height\":675,\"caption\":\"Interreg Sudoe\"},\"image\":{\"@id\":\"https:\\\/\\\/interreg-sudoe.eu\\\/fr\\\/#\\\/schema\\\/logo\\\/image\\\/\"},\"sameAs\":[\"https:\\\/\\\/www.facebook.com\\\/interregsudoe\",\"https:\\\/\\\/x.com\\\/Sudoe5\",\"https:\\\/\\\/www.youtube.com\\\/channel\\\/UCeGx2edoB32beRc9dbKA2vw\",\"https:\\\/\\\/www.linkedin.com\\\/company\\\/interreg-sudoe-programme\\\/\",\"https:\\\/\\\/www.flickr.com\\\/photos\\\/148704685@N06\\\/\"]}]}<\/script>\n<!-- \/ Yoast SEO plugin. -->","yoast_head_json":{"title":"RESPIRA lance une nouvelle strat\u00e9gie pour former au patrimoine et renforcer l'identit\u00e9 territoriale - Interreg Sudoe","robots":{"index":"index","follow":"follow","max-snippet":"max-snippet:-1","max-image-preview":"max-image-preview:large","max-video-preview":"max-video-preview:-1"},"canonical":"https:\/\/interreg-sudoe.eu\/fr\/noticia-proyecto\/respira-lance-une-nouvelle-strategie-pour-former-au-patrimoine-et-renforcer-lidentite-territoriale\/","og_locale":"fr_FR","og_type":"article","og_title":"RESPIRA lance une nouvelle strat\u00e9gie pour former au patrimoine et renforcer l'identit\u00e9 territoriale - Interreg Sudoe","og_description":"Le projet europ\u00e9en RESPIRA a pr\u00e9sent\u00e9 son nouveau plan de formation ainsi que sa plateforme \u00e9ducative et d&rsquo;apprentissage ubiquitaire ; il s&rsquo;agit d&rsquo;un outil strat\u00e9gique visant \u00e0 renforcer la transmission du patrimoine dans les territoires ruraux et de montagne de l&rsquo;espace SUDOE. La d\u00e9marche repose sur une id\u00e9e centrale : le patrimoine ne doit pas [&hellip;]","og_url":"https:\/\/interreg-sudoe.eu\/fr\/noticia-proyecto\/respira-lance-une-nouvelle-strategie-pour-former-au-patrimoine-et-renforcer-lidentite-territoriale\/","og_site_name":"Interreg Sudoe","article_publisher":"https:\/\/www.facebook.com\/interregsudoe","article_modified_time":"2026-09-01T09:57:07+00:00","og_image":[{"width":1980,"height":1320,"url":"https:\/\/interreg-sudoe.eu\/wp-content\/uploads\/2026\/09\/notapremsa_01_09_2026.jpg","type":"image\/jpeg"}],"twitter_card":"summary_large_image","twitter_site":"@Sudoe5","twitter_misc":{"Dur\u00e9e de lecture estim\u00e9e":"1 minute"},"schema":{"@context":"https:\/\/schema.org","@graph":[{"@type":"WebPage","@id":"https:\/\/interreg-sudoe.eu\/fr\/noticia-proyecto\/respira-lance-une-nouvelle-strategie-pour-former-au-patrimoine-et-renforcer-lidentite-territoriale\/","url":"https:\/\/interreg-sudoe.eu\/fr\/noticia-proyecto\/respira-lance-une-nouvelle-strategie-pour-former-au-patrimoine-et-renforcer-lidentite-territoriale\/","name":"RESPIRA lance une nouvelle strat\u00e9gie pour former au patrimoine et renforcer l'identit\u00e9 territoriale - Interreg Sudoe","isPartOf":{"@id":"https:\/\/interreg-sudoe.eu\/fr\/#website"},"primaryImageOfPage":{"@id":"https:\/\/interreg-sudoe.eu\/fr\/noticia-proyecto\/respira-lance-une-nouvelle-strategie-pour-former-au-patrimoine-et-renforcer-lidentite-territoriale\/#primaryimage"},"image":{"@id":"https:\/\/interreg-sudoe.eu\/fr\/noticia-proyecto\/respira-lance-une-nouvelle-strategie-pour-former-au-patrimoine-et-renforcer-lidentite-territoriale\/#primaryimage"},"thumbnailUrl":"https:\/\/interreg-sudoe.eu\/wp-content\/uploads\/2026\/09\/notapremsa_01_09_2026.jpg","datePublished":"2026-09-01T09:55:03+00:00","dateModified":"2026-09-01T09:57:07+00:00","breadcrumb":{"@id":"https:\/\/interreg-sudoe.eu\/fr\/noticia-proyecto\/respira-lance-une-nouvelle-strategie-pour-former-au-patrimoine-et-renforcer-lidentite-territoriale\/#breadcrumb"},"inLanguage":"fr-FR","potentialAction":[{"@type":"ReadAction","target":["https:\/\/interreg-sudoe.eu\/fr\/noticia-proyecto\/respira-lance-une-nouvelle-strategie-pour-former-au-patrimoine-et-renforcer-lidentite-territoriale\/"]}]},{"@type":"ImageObject","inLanguage":"fr-FR","@id":"https:\/\/interreg-sudoe.eu\/fr\/noticia-proyecto\/respira-lance-une-nouvelle-strategie-pour-former-au-patrimoine-et-renforcer-lidentite-territoriale\/#primaryimage","url":"https:\/\/interreg-sudoe.eu\/wp-content\/uploads\/2026\/09\/notapremsa_01_09_2026.jpg","contentUrl":"https:\/\/interreg-sudoe.eu\/wp-content\/uploads\/2026\/09\/notapremsa_01_09_2026.jpg","width":1980,"height":1320},{"@type":"BreadcrumbList","@id":"https:\/\/interreg-sudoe.eu\/fr\/noticia-proyecto\/respira-lance-une-nouvelle-strategie-pour-former-au-patrimoine-et-renforcer-lidentite-territoriale\/#breadcrumb","itemListElement":[{"@type":"ListItem","position":1,"name":"Home","item":"https:\/\/interreg-sudoe.eu\/fr\/"},{"@type":"ListItem","position":2,"name":"RESPIRA lance une nouvelle strat\u00e9gie pour former au patrimoine et renforcer l&#8217;identit\u00e9 territoriale"}]},{"@type":"WebSite","@id":"https:\/\/interreg-sudoe.eu\/fr\/#website","url":"https:\/\/interreg-sudoe.eu\/fr\/","name":"Interreg Sudoe","description":"Interreg Sudoe","publisher":{"@id":"https:\/\/interreg-sudoe.eu\/fr\/#organization"},"alternateName":"Interreg Sudoe","potentialAction":[{"@type":"SearchAction","target":{"@type":"EntryPoint","urlTemplate":"https:\/\/interreg-sudoe.eu\/fr\/?s={search_term_string}"},"query-input":{"@type":"PropertyValueSpecification","valueRequired":true,"valueName":"search_term_string"}}],"inLanguage":"fr-FR"},{"@type":"Organization","@id":"https:\/\/interreg-sudoe.eu\/fr\/#organization","name":"Interreg Sudoe","alternateName":"Interreg Sudoe","url":"https:\/\/interreg-sudoe.eu\/fr\/","logo":{"@type":"ImageObject","inLanguage":"fr-FR","@id":"https:\/\/interreg-sudoe.eu\/fr\/#\/schema\/logo\/image\/","url":"https:\/\/interreg-sudoe.eu\/wp-content\/uploads\/2024\/03\/logo-interreg.png","contentUrl":"https:\/\/interreg-sudoe.eu\/wp-content\/uploads\/2024\/03\/logo-interreg.png","width":1200,"height":675,"caption":"Interreg Sudoe"},"image":{"@id":"https:\/\/interreg-sudoe.eu\/fr\/#\/schema\/logo\/image\/"},"sameAs":["https:\/\/www.facebook.com\/interregsudoe","https:\/\/x.com\/Sudoe5","https:\/\/www.youtube.com\/channel\/UCeGx2edoB32beRc9dbKA2vw","https:\/\/www.linkedin.com\/company\/interreg-sudoe-programme\/","https:\/\/www.flickr.com\/photos\/148704685@N06\/"]}]}},"_links":{"self":[{"href":"https:\/\/interreg-sudoe.eu\/fr\/wp-json\/wp\/v2\/noticia-proyecto\/71865","targetHints":{"allow":["GET"]}}],"collection":[{"href":"https:\/\/interreg-sudoe.eu\/fr\/wp-json\/wp\/v2\/noticia-proyecto"}],"about":[{"href":"https:\/\/interreg-sudoe.eu\/fr\/wp-json\/wp\/v2\/types\/noticia-proyecto"}],"author":[{"embeddable":true,"href":"https:\/\/interreg-sudoe.eu\/fr\/wp-json\/wp\/v2\/users\/6642"}],"wp:featuredmedia":[{"embeddable":true,"href":"https:\/\/interreg-sudoe.eu\/fr\/wp-json\/wp\/v2\/media\/71864"}],"wp:attachment":[{"href":"https:\/\/interreg-sudoe.eu\/fr\/wp-json\/wp\/v2\/media?parent=71865"}],"curies":[{"name":"wp","href":"https:\/\/api.w.org\/{rel}","templated":true}]}}