{"id":71930,"date":"2026-09-02T10:16:52","date_gmt":"2026-09-02T08:16:52","guid":{"rendered":"https:\/\/interreg-sudoe.eu\/noticia-proyecto\/agrosol-sensibiliza-al-publico-sobre-los-retos-de-la-agrovoltaica-durante-una-jornada-de-puertas-abiertas-en-la-ferme-du-futur\/"},"modified":"2026-09-02T10:24:47","modified_gmt":"2026-09-02T08:24:47","slug":"agrosol-sensibiliza-al-publico-sobre-los-retos-de-la-agrovoltaica-durante-una-jornada-de-puertas-abiertas-en-la-ferme-du-futur","status":"publish","type":"noticia-proyecto","link":"https:\/\/interreg-sudoe.eu\/fr\/noticia-proyecto\/agrosol-sensibiliza-al-publico-sobre-los-retos-de-la-agrovoltaica-durante-una-jornada-de-puertas-abiertas-en-la-ferme-du-futur\/","title":{"rendered":"AgroSOL sensibilise le grand public aux enjeux de l\u2019agrivolta\u00efsme lors d\u2019une journ\u00e9e portes ouvertes \u00e0 la Ferme du Futur"},"content":{"rendered":"<p>Cet \u00e9t\u00e9, le projet europ\u00e9en <strong>AgroSOL<\/strong>\u00a0a mis\u00e9 sur la sensibilisation du grand public \u00e0 un agrivolta\u00efsme utile et durable dans les territoires ruraux du Sud-Ouest europ\u00e9en, \u00e0 travers des actions p\u00e9dagogiques favorisant la participation citoyenne.<\/p>\n<p>Dans ce cadre, une journ\u00e9e portes ouvertes a \u00e9t\u00e9 organis\u00e9e le <strong>4 juillet 2026 \u00e0 Haut-Mauco (France)<\/strong>. Une quinzaine de personnes ont ainsi pu visiter le d\u00e9monstrateur agrivolta\u00efque de la <strong>Ferme du Futur<\/strong>, site exp\u00e9rimental int\u00e9gr\u00e9 au r\u00e9seau de pilotes constitu\u00e9 dans le cadre du projet Interreg Sudoe.<\/p>\n<p>Organis\u00e9e par <strong>GLHD<\/strong>, <strong>Agrolandes<\/strong>\u00a0et le <strong>collectif d\u2019agriculteurs PATAV <\/strong>\u00e0 l\u2019origine du projet agrivolta\u00efque Terr\u2019Arbouts, cette visite a permis aux participants de d\u00e9couvrir, en conditions r\u00e9elles, le fonctionnement d\u2019une parcelle agricole \u00e9quip\u00e9e d\u2019un syst\u00e8me agrivolta\u00efque.<\/p>\n<p>Pr\u00e8s de la moiti\u00e9 des participants \u00e9taient des riverains imm\u00e9diats du pilote agrivolta\u00efque, d\u00e9sireux de mieux comprendre cette activit\u00e9 voisine. L\u2019occasion de d\u00e9couvrir concr\u00e8tement comment l\u2019agrivolta\u00efsme permet de concilier, sur un m\u00eame espace, un double usage : <strong>une production d\u2019\u00e9nergie renouvelable et une production agricole plus r\u00e9siliente face au changement climatique<\/strong>.<\/p>\n<p>L\u2019\u00e9quipe de GLHD et les agriculteurs de PATAV ont partag\u00e9 leur <strong>exp\u00e9rience du d\u00e9veloppement d\u2019un projet agrivolta\u00efque en France<\/strong>, les premiers enseignements tir\u00e9s des <strong>trois saisons de production agricole<\/strong>\u00a0men\u00e9es sur le pilote, ainsi que les avantages agronomiques et \u00e9nerg\u00e9tiques de cette solution innovante. Les \u00e9changes ont \u00e9galement permis de r\u00e9pondre aux nombreuses questions des visiteurs.<\/p>\n<figure style=\"width: 1024px\" class=\"wp-caption aligncenter\"><img fetchpriority=\"high\" decoding=\"async\" src=\"https:\/\/www.consorcioeder.es\/wp-content\/uploads\/2026\/09\/terre-abouts2.jpg\" alt=\"\" width=\"1024\" height=\"709\" \/><figcaption class=\"wp-caption-text\"><strong>Une d\u00e9marche de concertation qui porte ses fruits<\/strong>\u00a0<\/figcaption><\/figure>\n<p>Cette journ\u00e9e a ainsi favoris\u00e9 un dialogue ouvert entre le d\u00e9veloppeur du projet agrivolta\u00efque, les agriculteurs locaux et les citoyens concern\u00e9s par le projet Terr\u2019Arbouts. Une dynamique indispensable pour d\u00e9velopper des projets r\u00e9ellement adapt\u00e9s aux besoins et aux sp\u00e9cificit\u00e9s du territoire.<\/p>\n<p>L\u2019appropriation locale du d\u00e9monstrateur s\u2019est notamment refl\u00e9t\u00e9e dans les r\u00e9sultats d\u2019un questionnaire r\u00e9alis\u00e9 aupr\u00e8s des participants : <strong>100 % des riverains interrog\u00e9s d\u00e9clarent aujourd\u2019hui soutenir le pilote agrivolta\u00efque.\u00a0<\/strong><\/p>\n<p>Parmi les principaux avantages spontan\u00e9ment soulign\u00e9s figurent notamment <strong>la possibilit\u00e9 de produire de l\u2019\u00e9nergie sans renoncer \u00e0 l\u2019activit\u00e9 agricole, l\u2019utilisation efficace des sols et la coh\u00e9rence du projet avec le caract\u00e8re agricole du territoire<\/strong>. Les participants ont \u00e9galement exprim\u00e9 leur int\u00e9r\u00eat pour continuer \u00e0 s\u2019impliquer dans de futures activit\u00e9s organis\u00e9es autour de l\u2019installation pilote.<\/p>\n<p>La <strong>Ferme du Futur<\/strong>\u00a0est l\u2019un des cinq projets pilotes s\u00e9lectionn\u00e9s dans le cadre d\u2019AgroSOL, projet cofinanc\u00e9 par le <strong>Fonds europ\u00e9en de d\u00e9veloppement r\u00e9gional (FEDER)<\/strong>\u00a0via le programme <strong>Interreg Sudoe 2021-2027<\/strong>. Son objectif est de promouvoir un mod\u00e8le d\u2019agrivolta\u00efsme durable, r\u00e9silient et adapt\u00e9 aux petites et moyennes exploitations agricoles de l\u2019espace SUDOE.<\/p>\n<p>Gr\u00e2ce \u00e0 ces d\u00e9monstrateurs, le projet \u00e9value des solutions innovantes permettant de faire progresser la transition \u00e9nerg\u00e9tique sans compromettre la production agricole, tout en encourageant la participation des agriculteurs, des administrations et des citoyens.<\/p>\n<p>Ce type de journ\u00e9e met ainsi en \u00e9vidence le r\u00f4le des projets pilotes en tant qu\u2019<strong>espaces d\u2019apprentissage, d\u2019\u00e9change et de d\u00e9monstration<\/strong>. Ils contribuent \u00e0 instaurer la confiance, \u00e0 partager les connaissances et \u00e0 mieux faire conna\u00eetre le potentiel de l\u2019agrivolta\u00efsme comme r\u00e9ponse aux d\u00e9fis \u00e9nerg\u00e9tiques et agricoles des territoires ruraux.<\/p>\n<p>Un enjeu d\u2019autant plus important apr\u00e8s un \u00e9t\u00e9 marqu\u00e9 par des \u00e9pisodes de chaleur extr\u00eame, de s\u00e9cheresse et d\u2019incendies qui rappellent la vuln\u00e9rabilit\u00e9 croissante des territoires europ\u00e9ens face au changement climatique.<\/p>\n<p>Dans ce contexte, l\u2019agrivolta\u00efsme peut aussi contribuer \u00e0 renforcer la r\u00e9silience des exploitations agricoles et constituer <strong>un levier d\u2019adaptation compl\u00e9mentaire pour des agricultures de plus en plus expos\u00e9es aux stress climatiques<\/strong>. C\u2019est pr\u00e9cis\u00e9ment l\u2019un des objectifs d\u2019AgroSOL : exp\u00e9rimenter, mesurer et partager les conditions dans lesquelles ces solutions peuvent r\u00e9pondre durablement aux besoins des agriculteurs et des territoires.<\/p>\n<p>\u00ab Projet cofinanc\u00e9 par le Fonds europ\u00e9en de d\u00e9veloppement r\u00e9gional (FEDER) dans le cadre du programme Interreg Sudoe 2021-2027 \u00bb<\/p>\n<p>&nbsp;<\/p>\n<figure style=\"width: 1024px\" class=\"wp-caption aligncenter\"><img decoding=\"async\" src=\"https:\/\/www.consorcioeder.es\/wp-content\/uploads\/2026\/09\/terre-abouts3.jpg\" alt=\"\" width=\"1024\" height=\"689\" \/><figcaption class=\"wp-caption-text\">Le pilote convainc aussi ses propres riverains<\/figcaption><\/figure>\n","protected":false},"excerpt":{"rendered":"<p>AgroSOL sensibilise le grand public aux enjeux de l\u2019agrivolta\u00efsme lors d\u2019une journ\u00e9e portes ouvertes \u00e0 la Ferme du Futur<\/p>\n","protected":false},"author":6654,"featured_media":71929,"parent":0,"template":"","meta":{"_acf_changed":false,"content-type":"","_monsterinsights_skip_tracking":false,"_members_access_role":[],"_members_access_error":""},"class_list":["post-71930","noticia-proyecto","type-noticia-proyecto","status-publish","has-post-thumbnail","hentry"],"acf":[],"yoast_head":"<!-- This site is optimized with the Yoast SEO plugin v28.3 - https:\/\/yoast.com\/product\/yoast-seo-wordpress\/ -->\n<title>AgroSOL sensibilise le grand public aux enjeux de l\u2019agrivolta\u00efsme lors d\u2019une journ\u00e9e portes ouvertes \u00e0 la Ferme du Futur - Interreg Sudoe<\/title>\n<meta name=\"robots\" content=\"index, follow, max-snippet:-1, max-image-preview:large, max-video-preview:-1\" \/>\n<link rel=\"canonical\" href=\"https:\/\/interreg-sudoe.eu\/fr\/noticia-proyecto\/agrosol-sensibiliza-al-publico-sobre-los-retos-de-la-agrovoltaica-durante-una-jornada-de-puertas-abiertas-en-la-ferme-du-futur\/\" \/>\n<meta property=\"og:locale\" content=\"fr_FR\" \/>\n<meta property=\"og:type\" content=\"article\" \/>\n<meta property=\"og:title\" content=\"AgroSOL sensibilise le grand public aux enjeux de l\u2019agrivolta\u00efsme lors d\u2019une journ\u00e9e portes ouvertes \u00e0 la Ferme du Futur - Interreg Sudoe\" \/>\n<meta property=\"og:description\" content=\"AgroSOL sensibilise le grand public aux enjeux de l\u2019agrivolta\u00efsme lors d\u2019une journ\u00e9e portes ouvertes \u00e0 la Ferme du Futur\" \/>\n<meta property=\"og:url\" content=\"https:\/\/interreg-sudoe.eu\/fr\/noticia-proyecto\/agrosol-sensibiliza-al-publico-sobre-los-retos-de-la-agrovoltaica-durante-una-jornada-de-puertas-abiertas-en-la-ferme-du-futur\/\" \/>\n<meta property=\"og:site_name\" content=\"Interreg Sudoe\" \/>\n<meta property=\"article:publisher\" content=\"https:\/\/www.facebook.com\/interregsudoe\" \/>\n<meta property=\"article:modified_time\" content=\"2026-09-02T08:24:47+00:00\" \/>\n<meta property=\"og:image\" content=\"https:\/\/interreg-sudoe.eu\/wp-content\/uploads\/2026\/09\/terre-abouts.jpg\" \/>\n\t<meta property=\"og:image:width\" content=\"1024\" \/>\n\t<meta property=\"og:image:height\" content=\"654\" \/>\n\t<meta property=\"og:image:type\" content=\"image\/jpeg\" \/>\n<meta name=\"twitter:card\" content=\"summary_large_image\" \/>\n<meta name=\"twitter:site\" content=\"@Sudoe5\" \/>\n<meta name=\"twitter:label1\" content=\"Dur\u00e9e de lecture estim\u00e9e\" \/>\n\t<meta name=\"twitter:data1\" content=\"4 minutes\" \/>\n<script type=\"application\/ld+json\" class=\"yoast-schema-graph\">{\"@context\":\"https:\\\/\\\/schema.org\",\"@graph\":[{\"@type\":\"WebPage\",\"@id\":\"https:\\\/\\\/interreg-sudoe.eu\\\/fr\\\/noticia-proyecto\\\/agrosol-sensibiliza-al-publico-sobre-los-retos-de-la-agrovoltaica-durante-una-jornada-de-puertas-abiertas-en-la-ferme-du-futur\\\/\",\"url\":\"https:\\\/\\\/interreg-sudoe.eu\\\/fr\\\/noticia-proyecto\\\/agrosol-sensibiliza-al-publico-sobre-los-retos-de-la-agrovoltaica-durante-una-jornada-de-puertas-abiertas-en-la-ferme-du-futur\\\/\",\"name\":\"AgroSOL sensibilise le grand public aux enjeux de l\u2019agrivolta\u00efsme lors d\u2019une journ\u00e9e portes ouvertes \u00e0 la Ferme du Futur - Interreg Sudoe\",\"isPartOf\":{\"@id\":\"https:\\\/\\\/interreg-sudoe.eu\\\/fr\\\/#website\"},\"primaryImageOfPage\":{\"@id\":\"https:\\\/\\\/interreg-sudoe.eu\\\/fr\\\/noticia-proyecto\\\/agrosol-sensibiliza-al-publico-sobre-los-retos-de-la-agrovoltaica-durante-una-jornada-de-puertas-abiertas-en-la-ferme-du-futur\\\/#primaryimage\"},\"image\":{\"@id\":\"https:\\\/\\\/interreg-sudoe.eu\\\/fr\\\/noticia-proyecto\\\/agrosol-sensibiliza-al-publico-sobre-los-retos-de-la-agrovoltaica-durante-una-jornada-de-puertas-abiertas-en-la-ferme-du-futur\\\/#primaryimage\"},\"thumbnailUrl\":\"https:\\\/\\\/interreg-sudoe.eu\\\/wp-content\\\/uploads\\\/2026\\\/09\\\/terre-abouts.jpg\",\"datePublished\":\"2026-09-02T08:16:52+00:00\",\"dateModified\":\"2026-09-02T08:24:47+00:00\",\"breadcrumb\":{\"@id\":\"https:\\\/\\\/interreg-sudoe.eu\\\/fr\\\/noticia-proyecto\\\/agrosol-sensibiliza-al-publico-sobre-los-retos-de-la-agrovoltaica-durante-una-jornada-de-puertas-abiertas-en-la-ferme-du-futur\\\/#breadcrumb\"},\"inLanguage\":\"fr-FR\",\"potentialAction\":[{\"@type\":\"ReadAction\",\"target\":[\"https:\\\/\\\/interreg-sudoe.eu\\\/fr\\\/noticia-proyecto\\\/agrosol-sensibiliza-al-publico-sobre-los-retos-de-la-agrovoltaica-durante-una-jornada-de-puertas-abiertas-en-la-ferme-du-futur\\\/\"]}]},{\"@type\":\"ImageObject\",\"inLanguage\":\"fr-FR\",\"@id\":\"https:\\\/\\\/interreg-sudoe.eu\\\/fr\\\/noticia-proyecto\\\/agrosol-sensibiliza-al-publico-sobre-los-retos-de-la-agrovoltaica-durante-una-jornada-de-puertas-abiertas-en-la-ferme-du-futur\\\/#primaryimage\",\"url\":\"https:\\\/\\\/interreg-sudoe.eu\\\/wp-content\\\/uploads\\\/2026\\\/09\\\/terre-abouts.jpg\",\"contentUrl\":\"https:\\\/\\\/interreg-sudoe.eu\\\/wp-content\\\/uploads\\\/2026\\\/09\\\/terre-abouts.jpg\",\"width\":1024,\"height\":654,\"caption\":\"terre abouts\"},{\"@type\":\"BreadcrumbList\",\"@id\":\"https:\\\/\\\/interreg-sudoe.eu\\\/fr\\\/noticia-proyecto\\\/agrosol-sensibiliza-al-publico-sobre-los-retos-de-la-agrovoltaica-durante-una-jornada-de-puertas-abiertas-en-la-ferme-du-futur\\\/#breadcrumb\",\"itemListElement\":[{\"@type\":\"ListItem\",\"position\":1,\"name\":\"Home\",\"item\":\"https:\\\/\\\/interreg-sudoe.eu\\\/fr\\\/\"},{\"@type\":\"ListItem\",\"position\":2,\"name\":\"AgroSOL sensibilise le grand public aux enjeux de l\u2019agrivolta\u00efsme lors d\u2019une journ\u00e9e portes ouvertes \u00e0 la Ferme du Futur\"}]},{\"@type\":\"WebSite\",\"@id\":\"https:\\\/\\\/interreg-sudoe.eu\\\/fr\\\/#website\",\"url\":\"https:\\\/\\\/interreg-sudoe.eu\\\/fr\\\/\",\"name\":\"Interreg Sudoe\",\"description\":\"Interreg Sudoe\",\"publisher\":{\"@id\":\"https:\\\/\\\/interreg-sudoe.eu\\\/fr\\\/#organization\"},\"alternateName\":\"Interreg Sudoe\",\"potentialAction\":[{\"@type\":\"SearchAction\",\"target\":{\"@type\":\"EntryPoint\",\"urlTemplate\":\"https:\\\/\\\/interreg-sudoe.eu\\\/fr\\\/?s={search_term_string}\"},\"query-input\":{\"@type\":\"PropertyValueSpecification\",\"valueRequired\":true,\"valueName\":\"search_term_string\"}}],\"inLanguage\":\"fr-FR\"},{\"@type\":\"Organization\",\"@id\":\"https:\\\/\\\/interreg-sudoe.eu\\\/fr\\\/#organization\",\"name\":\"Interreg Sudoe\",\"alternateName\":\"Interreg Sudoe\",\"url\":\"https:\\\/\\\/interreg-sudoe.eu\\\/fr\\\/\",\"logo\":{\"@type\":\"ImageObject\",\"inLanguage\":\"fr-FR\",\"@id\":\"https:\\\/\\\/interreg-sudoe.eu\\\/fr\\\/#\\\/schema\\\/logo\\\/image\\\/\",\"url\":\"https:\\\/\\\/interreg-sudoe.eu\\\/wp-content\\\/uploads\\\/2024\\\/03\\\/logo-interreg.png\",\"contentUrl\":\"https:\\\/\\\/interreg-sudoe.eu\\\/wp-content\\\/uploads\\\/2024\\\/03\\\/logo-interreg.png\",\"width\":1200,\"height\":675,\"caption\":\"Interreg Sudoe\"},\"image\":{\"@id\":\"https:\\\/\\\/interreg-sudoe.eu\\\/fr\\\/#\\\/schema\\\/logo\\\/image\\\/\"},\"sameAs\":[\"https:\\\/\\\/www.facebook.com\\\/interregsudoe\",\"https:\\\/\\\/x.com\\\/Sudoe5\",\"https:\\\/\\\/www.youtube.com\\\/channel\\\/UCeGx2edoB32beRc9dbKA2vw\",\"https:\\\/\\\/www.linkedin.com\\\/company\\\/interreg-sudoe-programme\\\/\",\"https:\\\/\\\/www.flickr.com\\\/photos\\\/148704685@N06\\\/\"]}]}<\/script>\n<!-- \/ Yoast SEO plugin. -->","yoast_head_json":{"title":"AgroSOL sensibilise le grand public aux enjeux de l\u2019agrivolta\u00efsme lors d\u2019une journ\u00e9e portes ouvertes \u00e0 la Ferme du Futur - Interreg Sudoe","robots":{"index":"index","follow":"follow","max-snippet":"max-snippet:-1","max-image-preview":"max-image-preview:large","max-video-preview":"max-video-preview:-1"},"canonical":"https:\/\/interreg-sudoe.eu\/fr\/noticia-proyecto\/agrosol-sensibiliza-al-publico-sobre-los-retos-de-la-agrovoltaica-durante-una-jornada-de-puertas-abiertas-en-la-ferme-du-futur\/","og_locale":"fr_FR","og_type":"article","og_title":"AgroSOL sensibilise le grand public aux enjeux de l\u2019agrivolta\u00efsme lors d\u2019une journ\u00e9e portes ouvertes \u00e0 la Ferme du Futur - Interreg Sudoe","og_description":"AgroSOL sensibilise le grand public aux enjeux de l\u2019agrivolta\u00efsme lors d\u2019une journ\u00e9e portes ouvertes \u00e0 la Ferme du Futur","og_url":"https:\/\/interreg-sudoe.eu\/fr\/noticia-proyecto\/agrosol-sensibiliza-al-publico-sobre-los-retos-de-la-agrovoltaica-durante-una-jornada-de-puertas-abiertas-en-la-ferme-du-futur\/","og_site_name":"Interreg Sudoe","article_publisher":"https:\/\/www.facebook.com\/interregsudoe","article_modified_time":"2026-09-02T08:24:47+00:00","og_image":[{"width":1024,"height":654,"url":"https:\/\/interreg-sudoe.eu\/wp-content\/uploads\/2026\/09\/terre-abouts.jpg","type":"image\/jpeg"}],"twitter_card":"summary_large_image","twitter_site":"@Sudoe5","twitter_misc":{"Dur\u00e9e de lecture estim\u00e9e":"4 minutes"},"schema":{"@context":"https:\/\/schema.org","@graph":[{"@type":"WebPage","@id":"https:\/\/interreg-sudoe.eu\/fr\/noticia-proyecto\/agrosol-sensibiliza-al-publico-sobre-los-retos-de-la-agrovoltaica-durante-una-jornada-de-puertas-abiertas-en-la-ferme-du-futur\/","url":"https:\/\/interreg-sudoe.eu\/fr\/noticia-proyecto\/agrosol-sensibiliza-al-publico-sobre-los-retos-de-la-agrovoltaica-durante-una-jornada-de-puertas-abiertas-en-la-ferme-du-futur\/","name":"AgroSOL sensibilise le grand public aux enjeux de l\u2019agrivolta\u00efsme lors d\u2019une journ\u00e9e portes ouvertes \u00e0 la Ferme du Futur - Interreg Sudoe","isPartOf":{"@id":"https:\/\/interreg-sudoe.eu\/fr\/#website"},"primaryImageOfPage":{"@id":"https:\/\/interreg-sudoe.eu\/fr\/noticia-proyecto\/agrosol-sensibiliza-al-publico-sobre-los-retos-de-la-agrovoltaica-durante-una-jornada-de-puertas-abiertas-en-la-ferme-du-futur\/#primaryimage"},"image":{"@id":"https:\/\/interreg-sudoe.eu\/fr\/noticia-proyecto\/agrosol-sensibiliza-al-publico-sobre-los-retos-de-la-agrovoltaica-durante-una-jornada-de-puertas-abiertas-en-la-ferme-du-futur\/#primaryimage"},"thumbnailUrl":"https:\/\/interreg-sudoe.eu\/wp-content\/uploads\/2026\/09\/terre-abouts.jpg","datePublished":"2026-09-02T08:16:52+00:00","dateModified":"2026-09-02T08:24:47+00:00","breadcrumb":{"@id":"https:\/\/interreg-sudoe.eu\/fr\/noticia-proyecto\/agrosol-sensibiliza-al-publico-sobre-los-retos-de-la-agrovoltaica-durante-una-jornada-de-puertas-abiertas-en-la-ferme-du-futur\/#breadcrumb"},"inLanguage":"fr-FR","potentialAction":[{"@type":"ReadAction","target":["https:\/\/interreg-sudoe.eu\/fr\/noticia-proyecto\/agrosol-sensibiliza-al-publico-sobre-los-retos-de-la-agrovoltaica-durante-una-jornada-de-puertas-abiertas-en-la-ferme-du-futur\/"]}]},{"@type":"ImageObject","inLanguage":"fr-FR","@id":"https:\/\/interreg-sudoe.eu\/fr\/noticia-proyecto\/agrosol-sensibiliza-al-publico-sobre-los-retos-de-la-agrovoltaica-durante-una-jornada-de-puertas-abiertas-en-la-ferme-du-futur\/#primaryimage","url":"https:\/\/interreg-sudoe.eu\/wp-content\/uploads\/2026\/09\/terre-abouts.jpg","contentUrl":"https:\/\/interreg-sudoe.eu\/wp-content\/uploads\/2026\/09\/terre-abouts.jpg","width":1024,"height":654,"caption":"terre abouts"},{"@type":"BreadcrumbList","@id":"https:\/\/interreg-sudoe.eu\/fr\/noticia-proyecto\/agrosol-sensibiliza-al-publico-sobre-los-retos-de-la-agrovoltaica-durante-una-jornada-de-puertas-abiertas-en-la-ferme-du-futur\/#breadcrumb","itemListElement":[{"@type":"ListItem","position":1,"name":"Home","item":"https:\/\/interreg-sudoe.eu\/fr\/"},{"@type":"ListItem","position":2,"name":"AgroSOL sensibilise le grand public aux enjeux de l\u2019agrivolta\u00efsme lors d\u2019une journ\u00e9e portes ouvertes \u00e0 la Ferme du Futur"}]},{"@type":"WebSite","@id":"https:\/\/interreg-sudoe.eu\/fr\/#website","url":"https:\/\/interreg-sudoe.eu\/fr\/","name":"Interreg Sudoe","description":"Interreg Sudoe","publisher":{"@id":"https:\/\/interreg-sudoe.eu\/fr\/#organization"},"alternateName":"Interreg Sudoe","potentialAction":[{"@type":"SearchAction","target":{"@type":"EntryPoint","urlTemplate":"https:\/\/interreg-sudoe.eu\/fr\/?s={search_term_string}"},"query-input":{"@type":"PropertyValueSpecification","valueRequired":true,"valueName":"search_term_string"}}],"inLanguage":"fr-FR"},{"@type":"Organization","@id":"https:\/\/interreg-sudoe.eu\/fr\/#organization","name":"Interreg Sudoe","alternateName":"Interreg Sudoe","url":"https:\/\/interreg-sudoe.eu\/fr\/","logo":{"@type":"ImageObject","inLanguage":"fr-FR","@id":"https:\/\/interreg-sudoe.eu\/fr\/#\/schema\/logo\/image\/","url":"https:\/\/interreg-sudoe.eu\/wp-content\/uploads\/2024\/03\/logo-interreg.png","contentUrl":"https:\/\/interreg-sudoe.eu\/wp-content\/uploads\/2024\/03\/logo-interreg.png","width":1200,"height":675,"caption":"Interreg Sudoe"},"image":{"@id":"https:\/\/interreg-sudoe.eu\/fr\/#\/schema\/logo\/image\/"},"sameAs":["https:\/\/www.facebook.com\/interregsudoe","https:\/\/x.com\/Sudoe5","https:\/\/www.youtube.com\/channel\/UCeGx2edoB32beRc9dbKA2vw","https:\/\/www.linkedin.com\/company\/interreg-sudoe-programme\/","https:\/\/www.flickr.com\/photos\/148704685@N06\/"]}]}},"_links":{"self":[{"href":"https:\/\/interreg-sudoe.eu\/fr\/wp-json\/wp\/v2\/noticia-proyecto\/71930","targetHints":{"allow":["GET"]}}],"collection":[{"href":"https:\/\/interreg-sudoe.eu\/fr\/wp-json\/wp\/v2\/noticia-proyecto"}],"about":[{"href":"https:\/\/interreg-sudoe.eu\/fr\/wp-json\/wp\/v2\/types\/noticia-proyecto"}],"author":[{"embeddable":true,"href":"https:\/\/interreg-sudoe.eu\/fr\/wp-json\/wp\/v2\/users\/6654"}],"wp:featuredmedia":[{"embeddable":true,"href":"https:\/\/interreg-sudoe.eu\/fr\/wp-json\/wp\/v2\/media\/71929"}],"wp:attachment":[{"href":"https:\/\/interreg-sudoe.eu\/fr\/wp-json\/wp\/v2\/media?parent=71930"}],"curies":[{"name":"wp","href":"https:\/\/api.w.org\/{rel}","templated":true}]}}