{"id":71993,"date":"2026-09-04T09:47:04","date_gmt":"2026-09-04T07:47:04","guid":{"rendered":"https:\/\/interreg-sudoe.eu\/noticia-proyecto\/fashion-forward-fashion-forward-inaugura-una-planta-de-reciclaje-textil-en-occitania\/"},"modified":"2026-09-04T10:44:43","modified_gmt":"2026-09-04T08:44:43","slug":"fashion-forward-fashion-forward-inaugura-una-planta-de-reciclaje-textil-en-occitania","status":"publish","type":"noticia-proyecto","link":"https:\/\/interreg-sudoe.eu\/fr\/noticia-proyecto\/fashion-forward-fashion-forward-inaugura-una-planta-de-reciclaje-textil-en-occitania\/","title":{"rendered":"Fashion Forward | Fashion Forward inaugure une unit\u00e9 de recyclage textile en Occitanie"},"content":{"rendered":"<p><strong>Le jeudi 1er octobre, de 16h \u00e0 20h<\/strong> c\u00e9l\u00e8brera l&rsquo;inauguration du pilot de <strong>RECYCLocal Textiles et COLEO en Occitanie\u00a0;\u00a0<\/strong>une unit\u00e9 industrielle territoriale d\u00e9di\u00e9e \u00e0 la transformation des d\u00e9chets textiles en nouvelles mati\u00e8res premi\u00e8res dans le cadre du projet Interreg SUDOE <strong>Fashion Forward<\/strong>, financ\u00e9 par l&rsquo;Union Europ\u00e9enne.<\/p>\n<p>L&rsquo;\u00e9v\u00e9nement se d\u00e9roulera sur le site industriel du Vernet (494 rue Cit\u00e9 Radio, 31810 Le Vernet).<\/p>\n<p>&nbsp;<\/p>\n<p><strong>Une unit\u00e9 pilote au c\u0153ur de l&rsquo;\u00e9conomie circulaire textile<\/strong><\/p>\n<p>L&rsquo;unit\u00e9 permet de trier et de pr\u00e9parer les d\u00e9chets textiles afin d&rsquo;en faire une nouvelle mati\u00e8re premi\u00e8re, directement recycl\u00e9e par les membres de la coop\u00e9rative. Cette organisation garantit des d\u00e9bouch\u00e9s durables, locaux et tra\u00e7ables pour les flux textiles collect\u00e9s sur le territoire.<\/p>\n<p>RECYCLocal Textiles est n\u00e9 de la collaboration entre <strong>RECYCL&rsquo;Occ Textile<\/strong> et huit associ\u00e9s fondateurs \u2014 Buitex, Coleo, Europrotect, Les Filatures du Parc, Paul Boy\u00e9 Technologies, PETshka, Atelier REGAIN et RECYCL&rsquo;Occ Textile \u2014 r\u00e9unis au sein d&rsquo;une coop\u00e9rative. Coleo en assure la direction g\u00e9n\u00e9rale et op\u00e9rationnelle, tandis que RECYCL&rsquo;Occ Textile en assure la pr\u00e9sidence.<\/p>\n<p>&nbsp;<\/p>\n<p><strong>Les objectifs du pilote<\/strong><\/p>\n<p>Ce pilote, l&rsquo;une des actions phares du projet Fashion Forward, vise \u00e0 :<\/p>\n<ul>\n<li>d\u00e9velopper, \u00e0 l&rsquo;\u00e9chelle industrielle, une solution territoriale de tri et de valorisation des d\u00e9chets textiles ;<\/li>\n<li>transformer les textiles non r\u00e9employables en mati\u00e8res premi\u00e8res secondaires adapt\u00e9es aux besoins des recycleurs ;<\/li>\n<li>assurer la tra\u00e7abilit\u00e9 des flux et favoriser leur valorisation au sein de cha\u00eenes de valeur circulaires ;<\/li>\n<li>atteindre un taux de valorisation de <strong>70 %<\/strong> des textiles entrants.<\/li>\n<\/ul>\n<p>\u00c0 terme, le projet ambitionne d&rsquo;augmenter progressivement les capacit\u00e9s de traitement de l&rsquo;unit\u00e9, contribuant ainsi \u00e0 la structuration d&rsquo;une v\u00e9ritable fili\u00e8re r\u00e9gionale de recyclage textile.<\/p>\n<p>&nbsp;<\/p>\n<p><strong>Un impact environnemental, \u00e9conomique, social et territorial<\/strong><\/p>\n<p>Quelques chiffres cl\u00e9s illustrent la port\u00e9e de ce projet pilote :<\/p>\n<ul>\n<li><strong>1 000 tonnes<\/strong> de textiles trait\u00e9es en 2026 ;<\/li>\n<li><strong>70 %<\/strong> de taux de valorisation ma\u00eetris\u00e9 ;<\/li>\n<li><strong>2 lignes de tri automatis\u00e9es<\/strong> install\u00e9es ;<\/li>\n<li><strong>8 associ\u00e9s fondateurs<\/strong>, repr\u00e9sentant diff\u00e9rentes \u00e9tapes de la cha\u00eene de valeur textile ;<\/li>\n<li><strong>2,2 M\u20ac<\/strong> d&rsquo;investissements industriels ;<\/li>\n<li>un objectif d&rsquo;int\u00e9gration et de formation de <strong>10 op\u00e9rateurs de tri<\/strong> d\u00e8s la premi\u00e8re ann\u00e9e.<\/li>\n<\/ul>\n<p>&nbsp;<\/p>\n<p><strong>Au programme de l&rsquo;inauguration<\/strong><\/p>\n<p>La c\u00e9r\u00e9monie d&rsquo;inauguration sera suivie d&rsquo;une visite du site industriel, puis d&rsquo;un temps d&rsquo;\u00e9changes autour des enjeux de l&rsquo;\u00e9conomie circulaire textile, avant de se conclure par un cocktail d\u00eenatoire.<\/p>\n<p><strong>Inscription obligatoire<\/strong> via le formulaire en ligne : <a href=\"https:\/\/www.billetweb.fr\/inauguration-recyclocal-textiles\">https:\/\/www.billetweb.fr\/inauguration-recyclocal-textiles<\/a><\/p>\n","protected":false},"excerpt":{"rendered":"<p>Le jeudi 1er octobre, de 16h \u00e0 20h c\u00e9l\u00e8brera l&rsquo;inauguration du pilot de RECYCLocal Textiles et COLEO en Occitanie\u00a0;\u00a0une unit\u00e9 industrielle territoriale d\u00e9di\u00e9e \u00e0 la transformation des d\u00e9chets textiles en nouvelles mati\u00e8res premi\u00e8res dans le cadre du projet Interreg SUDOE Fashion Forward, financ\u00e9 par l&rsquo;Union Europ\u00e9enne. L&rsquo;\u00e9v\u00e9nement se d\u00e9roulera sur le site industriel du Vernet [&hellip;]<\/p>\n","protected":false},"author":6620,"featured_media":71981,"parent":0,"template":"","meta":{"_acf_changed":false,"content-type":"","_monsterinsights_skip_tracking":false,"_members_access_role":[],"_members_access_error":""},"class_list":["post-71993","noticia-proyecto","type-noticia-proyecto","status-publish","has-post-thumbnail","hentry"],"acf":[],"yoast_head":"<!-- This site is optimized with the Yoast SEO plugin v28.3 - https:\/\/yoast.com\/product\/yoast-seo-wordpress\/ -->\n<title>Fashion Forward | Fashion Forward inaugure une unit\u00e9 de recyclage textile en Occitanie - Interreg Sudoe<\/title>\n<meta name=\"robots\" content=\"index, follow, max-snippet:-1, max-image-preview:large, max-video-preview:-1\" \/>\n<link rel=\"canonical\" href=\"https:\/\/interreg-sudoe.eu\/fr\/noticia-proyecto\/fashion-forward-fashion-forward-inaugura-una-planta-de-reciclaje-textil-en-occitania\/\" \/>\n<meta property=\"og:locale\" content=\"fr_FR\" \/>\n<meta property=\"og:type\" content=\"article\" \/>\n<meta property=\"og:title\" content=\"Fashion Forward | Fashion Forward inaugure une unit\u00e9 de recyclage textile en Occitanie - Interreg Sudoe\" \/>\n<meta property=\"og:description\" content=\"Le jeudi 1er octobre, de 16h \u00e0 20h c\u00e9l\u00e8brera l&rsquo;inauguration du pilot de RECYCLocal Textiles et COLEO en Occitanie\u00a0;\u00a0une unit\u00e9 industrielle territoriale d\u00e9di\u00e9e \u00e0 la transformation des d\u00e9chets textiles en nouvelles mati\u00e8res premi\u00e8res dans le cadre du projet Interreg SUDOE Fashion Forward, financ\u00e9 par l&rsquo;Union Europ\u00e9enne. L&rsquo;\u00e9v\u00e9nement se d\u00e9roulera sur le site industriel du Vernet [&hellip;]\" \/>\n<meta property=\"og:url\" content=\"https:\/\/interreg-sudoe.eu\/fr\/noticia-proyecto\/fashion-forward-fashion-forward-inaugura-una-planta-de-reciclaje-textil-en-occitania\/\" \/>\n<meta property=\"og:site_name\" content=\"Interreg Sudoe\" \/>\n<meta property=\"article:publisher\" content=\"https:\/\/www.facebook.com\/interregsudoe\" \/>\n<meta property=\"article:modified_time\" content=\"2026-09-04T08:44:43+00:00\" \/>\n<meta property=\"og:image\" content=\"https:\/\/interreg-sudoe.eu\/wp-content\/uploads\/2026\/09\/RECYCLOCC-TEXTILE25.jpg\" \/>\n\t<meta property=\"og:image:width\" content=\"1980\" \/>\n\t<meta property=\"og:image:height\" content=\"1320\" \/>\n\t<meta property=\"og:image:type\" content=\"image\/jpeg\" \/>\n<meta name=\"twitter:card\" content=\"summary_large_image\" \/>\n<meta name=\"twitter:site\" content=\"@Sudoe5\" \/>\n<meta name=\"twitter:label1\" content=\"Dur\u00e9e de lecture estim\u00e9e\" \/>\n\t<meta name=\"twitter:data1\" content=\"2 minutes\" \/>\n<script type=\"application\/ld+json\" class=\"yoast-schema-graph\">{\"@context\":\"https:\\\/\\\/schema.org\",\"@graph\":[{\"@type\":\"WebPage\",\"@id\":\"https:\\\/\\\/interreg-sudoe.eu\\\/fr\\\/noticia-proyecto\\\/fashion-forward-fashion-forward-inaugura-una-planta-de-reciclaje-textil-en-occitania\\\/\",\"url\":\"https:\\\/\\\/interreg-sudoe.eu\\\/fr\\\/noticia-proyecto\\\/fashion-forward-fashion-forward-inaugura-una-planta-de-reciclaje-textil-en-occitania\\\/\",\"name\":\"Fashion Forward | Fashion Forward inaugure une unit\u00e9 de recyclage textile en Occitanie - Interreg Sudoe\",\"isPartOf\":{\"@id\":\"https:\\\/\\\/interreg-sudoe.eu\\\/fr\\\/#website\"},\"primaryImageOfPage\":{\"@id\":\"https:\\\/\\\/interreg-sudoe.eu\\\/fr\\\/noticia-proyecto\\\/fashion-forward-fashion-forward-inaugura-una-planta-de-reciclaje-textil-en-occitania\\\/#primaryimage\"},\"image\":{\"@id\":\"https:\\\/\\\/interreg-sudoe.eu\\\/fr\\\/noticia-proyecto\\\/fashion-forward-fashion-forward-inaugura-una-planta-de-reciclaje-textil-en-occitania\\\/#primaryimage\"},\"thumbnailUrl\":\"https:\\\/\\\/interreg-sudoe.eu\\\/wp-content\\\/uploads\\\/2026\\\/09\\\/RECYCLOCC-TEXTILE25.jpg\",\"datePublished\":\"2026-09-04T07:47:04+00:00\",\"dateModified\":\"2026-09-04T08:44:43+00:00\",\"breadcrumb\":{\"@id\":\"https:\\\/\\\/interreg-sudoe.eu\\\/fr\\\/noticia-proyecto\\\/fashion-forward-fashion-forward-inaugura-una-planta-de-reciclaje-textil-en-occitania\\\/#breadcrumb\"},\"inLanguage\":\"fr-FR\",\"potentialAction\":[{\"@type\":\"ReadAction\",\"target\":[\"https:\\\/\\\/interreg-sudoe.eu\\\/fr\\\/noticia-proyecto\\\/fashion-forward-fashion-forward-inaugura-una-planta-de-reciclaje-textil-en-occitania\\\/\"]}]},{\"@type\":\"ImageObject\",\"inLanguage\":\"fr-FR\",\"@id\":\"https:\\\/\\\/interreg-sudoe.eu\\\/fr\\\/noticia-proyecto\\\/fashion-forward-fashion-forward-inaugura-una-planta-de-reciclaje-textil-en-occitania\\\/#primaryimage\",\"url\":\"https:\\\/\\\/interreg-sudoe.eu\\\/wp-content\\\/uploads\\\/2026\\\/09\\\/RECYCLOCC-TEXTILE25.jpg\",\"contentUrl\":\"https:\\\/\\\/interreg-sudoe.eu\\\/wp-content\\\/uploads\\\/2026\\\/09\\\/RECYCLOCC-TEXTILE25.jpg\",\"width\":1980,\"height\":1320},{\"@type\":\"BreadcrumbList\",\"@id\":\"https:\\\/\\\/interreg-sudoe.eu\\\/fr\\\/noticia-proyecto\\\/fashion-forward-fashion-forward-inaugura-una-planta-de-reciclaje-textil-en-occitania\\\/#breadcrumb\",\"itemListElement\":[{\"@type\":\"ListItem\",\"position\":1,\"name\":\"Home\",\"item\":\"https:\\\/\\\/interreg-sudoe.eu\\\/fr\\\/\"},{\"@type\":\"ListItem\",\"position\":2,\"name\":\"Fashion Forward | Fashion Forward inaugure une unit\u00e9 de recyclage textile en Occitanie\"}]},{\"@type\":\"WebSite\",\"@id\":\"https:\\\/\\\/interreg-sudoe.eu\\\/fr\\\/#website\",\"url\":\"https:\\\/\\\/interreg-sudoe.eu\\\/fr\\\/\",\"name\":\"Interreg Sudoe\",\"description\":\"Interreg Sudoe\",\"publisher\":{\"@id\":\"https:\\\/\\\/interreg-sudoe.eu\\\/fr\\\/#organization\"},\"alternateName\":\"Interreg Sudoe\",\"potentialAction\":[{\"@type\":\"SearchAction\",\"target\":{\"@type\":\"EntryPoint\",\"urlTemplate\":\"https:\\\/\\\/interreg-sudoe.eu\\\/fr\\\/?s={search_term_string}\"},\"query-input\":{\"@type\":\"PropertyValueSpecification\",\"valueRequired\":true,\"valueName\":\"search_term_string\"}}],\"inLanguage\":\"fr-FR\"},{\"@type\":\"Organization\",\"@id\":\"https:\\\/\\\/interreg-sudoe.eu\\\/fr\\\/#organization\",\"name\":\"Interreg Sudoe\",\"alternateName\":\"Interreg Sudoe\",\"url\":\"https:\\\/\\\/interreg-sudoe.eu\\\/fr\\\/\",\"logo\":{\"@type\":\"ImageObject\",\"inLanguage\":\"fr-FR\",\"@id\":\"https:\\\/\\\/interreg-sudoe.eu\\\/fr\\\/#\\\/schema\\\/logo\\\/image\\\/\",\"url\":\"https:\\\/\\\/interreg-sudoe.eu\\\/wp-content\\\/uploads\\\/2024\\\/03\\\/logo-interreg.png\",\"contentUrl\":\"https:\\\/\\\/interreg-sudoe.eu\\\/wp-content\\\/uploads\\\/2024\\\/03\\\/logo-interreg.png\",\"width\":1200,\"height\":675,\"caption\":\"Interreg Sudoe\"},\"image\":{\"@id\":\"https:\\\/\\\/interreg-sudoe.eu\\\/fr\\\/#\\\/schema\\\/logo\\\/image\\\/\"},\"sameAs\":[\"https:\\\/\\\/www.facebook.com\\\/interregsudoe\",\"https:\\\/\\\/x.com\\\/Sudoe5\",\"https:\\\/\\\/www.youtube.com\\\/channel\\\/UCeGx2edoB32beRc9dbKA2vw\",\"https:\\\/\\\/www.linkedin.com\\\/company\\\/interreg-sudoe-programme\\\/\",\"https:\\\/\\\/www.flickr.com\\\/photos\\\/148704685@N06\\\/\"]}]}<\/script>\n<!-- \/ Yoast SEO plugin. -->","yoast_head_json":{"title":"Fashion Forward | Fashion Forward inaugure une unit\u00e9 de recyclage textile en Occitanie - Interreg Sudoe","robots":{"index":"index","follow":"follow","max-snippet":"max-snippet:-1","max-image-preview":"max-image-preview:large","max-video-preview":"max-video-preview:-1"},"canonical":"https:\/\/interreg-sudoe.eu\/fr\/noticia-proyecto\/fashion-forward-fashion-forward-inaugura-una-planta-de-reciclaje-textil-en-occitania\/","og_locale":"fr_FR","og_type":"article","og_title":"Fashion Forward | Fashion Forward inaugure une unit\u00e9 de recyclage textile en Occitanie - Interreg Sudoe","og_description":"Le jeudi 1er octobre, de 16h \u00e0 20h c\u00e9l\u00e8brera l&rsquo;inauguration du pilot de RECYCLocal Textiles et COLEO en Occitanie\u00a0;\u00a0une unit\u00e9 industrielle territoriale d\u00e9di\u00e9e \u00e0 la transformation des d\u00e9chets textiles en nouvelles mati\u00e8res premi\u00e8res dans le cadre du projet Interreg SUDOE Fashion Forward, financ\u00e9 par l&rsquo;Union Europ\u00e9enne. L&rsquo;\u00e9v\u00e9nement se d\u00e9roulera sur le site industriel du Vernet [&hellip;]","og_url":"https:\/\/interreg-sudoe.eu\/fr\/noticia-proyecto\/fashion-forward-fashion-forward-inaugura-una-planta-de-reciclaje-textil-en-occitania\/","og_site_name":"Interreg Sudoe","article_publisher":"https:\/\/www.facebook.com\/interregsudoe","article_modified_time":"2026-09-04T08:44:43+00:00","og_image":[{"width":1980,"height":1320,"url":"https:\/\/interreg-sudoe.eu\/wp-content\/uploads\/2026\/09\/RECYCLOCC-TEXTILE25.jpg","type":"image\/jpeg"}],"twitter_card":"summary_large_image","twitter_site":"@Sudoe5","twitter_misc":{"Dur\u00e9e de lecture estim\u00e9e":"2 minutes"},"schema":{"@context":"https:\/\/schema.org","@graph":[{"@type":"WebPage","@id":"https:\/\/interreg-sudoe.eu\/fr\/noticia-proyecto\/fashion-forward-fashion-forward-inaugura-una-planta-de-reciclaje-textil-en-occitania\/","url":"https:\/\/interreg-sudoe.eu\/fr\/noticia-proyecto\/fashion-forward-fashion-forward-inaugura-una-planta-de-reciclaje-textil-en-occitania\/","name":"Fashion Forward | Fashion Forward inaugure une unit\u00e9 de recyclage textile en Occitanie - Interreg Sudoe","isPartOf":{"@id":"https:\/\/interreg-sudoe.eu\/fr\/#website"},"primaryImageOfPage":{"@id":"https:\/\/interreg-sudoe.eu\/fr\/noticia-proyecto\/fashion-forward-fashion-forward-inaugura-una-planta-de-reciclaje-textil-en-occitania\/#primaryimage"},"image":{"@id":"https:\/\/interreg-sudoe.eu\/fr\/noticia-proyecto\/fashion-forward-fashion-forward-inaugura-una-planta-de-reciclaje-textil-en-occitania\/#primaryimage"},"thumbnailUrl":"https:\/\/interreg-sudoe.eu\/wp-content\/uploads\/2026\/09\/RECYCLOCC-TEXTILE25.jpg","datePublished":"2026-09-04T07:47:04+00:00","dateModified":"2026-09-04T08:44:43+00:00","breadcrumb":{"@id":"https:\/\/interreg-sudoe.eu\/fr\/noticia-proyecto\/fashion-forward-fashion-forward-inaugura-una-planta-de-reciclaje-textil-en-occitania\/#breadcrumb"},"inLanguage":"fr-FR","potentialAction":[{"@type":"ReadAction","target":["https:\/\/interreg-sudoe.eu\/fr\/noticia-proyecto\/fashion-forward-fashion-forward-inaugura-una-planta-de-reciclaje-textil-en-occitania\/"]}]},{"@type":"ImageObject","inLanguage":"fr-FR","@id":"https:\/\/interreg-sudoe.eu\/fr\/noticia-proyecto\/fashion-forward-fashion-forward-inaugura-una-planta-de-reciclaje-textil-en-occitania\/#primaryimage","url":"https:\/\/interreg-sudoe.eu\/wp-content\/uploads\/2026\/09\/RECYCLOCC-TEXTILE25.jpg","contentUrl":"https:\/\/interreg-sudoe.eu\/wp-content\/uploads\/2026\/09\/RECYCLOCC-TEXTILE25.jpg","width":1980,"height":1320},{"@type":"BreadcrumbList","@id":"https:\/\/interreg-sudoe.eu\/fr\/noticia-proyecto\/fashion-forward-fashion-forward-inaugura-una-planta-de-reciclaje-textil-en-occitania\/#breadcrumb","itemListElement":[{"@type":"ListItem","position":1,"name":"Home","item":"https:\/\/interreg-sudoe.eu\/fr\/"},{"@type":"ListItem","position":2,"name":"Fashion Forward | Fashion Forward inaugure une unit\u00e9 de recyclage textile en Occitanie"}]},{"@type":"WebSite","@id":"https:\/\/interreg-sudoe.eu\/fr\/#website","url":"https:\/\/interreg-sudoe.eu\/fr\/","name":"Interreg Sudoe","description":"Interreg Sudoe","publisher":{"@id":"https:\/\/interreg-sudoe.eu\/fr\/#organization"},"alternateName":"Interreg Sudoe","potentialAction":[{"@type":"SearchAction","target":{"@type":"EntryPoint","urlTemplate":"https:\/\/interreg-sudoe.eu\/fr\/?s={search_term_string}"},"query-input":{"@type":"PropertyValueSpecification","valueRequired":true,"valueName":"search_term_string"}}],"inLanguage":"fr-FR"},{"@type":"Organization","@id":"https:\/\/interreg-sudoe.eu\/fr\/#organization","name":"Interreg Sudoe","alternateName":"Interreg Sudoe","url":"https:\/\/interreg-sudoe.eu\/fr\/","logo":{"@type":"ImageObject","inLanguage":"fr-FR","@id":"https:\/\/interreg-sudoe.eu\/fr\/#\/schema\/logo\/image\/","url":"https:\/\/interreg-sudoe.eu\/wp-content\/uploads\/2024\/03\/logo-interreg.png","contentUrl":"https:\/\/interreg-sudoe.eu\/wp-content\/uploads\/2024\/03\/logo-interreg.png","width":1200,"height":675,"caption":"Interreg Sudoe"},"image":{"@id":"https:\/\/interreg-sudoe.eu\/fr\/#\/schema\/logo\/image\/"},"sameAs":["https:\/\/www.facebook.com\/interregsudoe","https:\/\/x.com\/Sudoe5","https:\/\/www.youtube.com\/channel\/UCeGx2edoB32beRc9dbKA2vw","https:\/\/www.linkedin.com\/company\/interreg-sudoe-programme\/","https:\/\/www.flickr.com\/photos\/148704685@N06\/"]}]}},"_links":{"self":[{"href":"https:\/\/interreg-sudoe.eu\/fr\/wp-json\/wp\/v2\/noticia-proyecto\/71993","targetHints":{"allow":["GET"]}}],"collection":[{"href":"https:\/\/interreg-sudoe.eu\/fr\/wp-json\/wp\/v2\/noticia-proyecto"}],"about":[{"href":"https:\/\/interreg-sudoe.eu\/fr\/wp-json\/wp\/v2\/types\/noticia-proyecto"}],"author":[{"embeddable":true,"href":"https:\/\/interreg-sudoe.eu\/fr\/wp-json\/wp\/v2\/users\/6620"}],"wp:featuredmedia":[{"embeddable":true,"href":"https:\/\/interreg-sudoe.eu\/fr\/wp-json\/wp\/v2\/media\/71981"}],"wp:attachment":[{"href":"https:\/\/interreg-sudoe.eu\/fr\/wp-json\/wp\/v2\/media?parent=71993"}],"curies":[{"name":"wp","href":"https:\/\/api.w.org\/{rel}","templated":true}]}}