{"id":27672,"date":"2024-04-19T17:29:38","date_gmt":"2024-04-19T15:29:38","guid":{"rendered":"https:\/\/interreg-sudoe.eu\/?p=27672"},"modified":"2026-02-12T12:07:51","modified_gmt":"2026-02-12T11:07:51","slug":"consulte-las-presentaciones-realizadas-en-el-seminario-relativo-a-la-segunda-convocatoria-de-proyectos","status":"publish","type":"post","link":"https:\/\/interreg-sudoe.eu\/fr\/consulte-las-presentaciones-realizadas-en-el-seminario-relativo-a-la-segunda-convocatoria-de-proyectos\/sudoe-2021-2027-fr\/","title":{"rendered":"Consultez les pr\u00e9sentations r\u00e9alis\u00e9es lors du s\u00e9minaire relatif au deuxi\u00e8me appel \u00e0 projets."},"content":{"rendered":"\t\t<div data-elementor-type=\"wp-post\" data-elementor-id=\"27672\" class=\"elementor elementor-27672 elementor-27648\" data-elementor-post-type=\"post\">\n\t\t\t\t<div class=\"elementor-element elementor-element-494d5bbf e-flex e-con-boxed e-con e-parent\" data-id=\"494d5bbf\" data-element_type=\"container\" data-e-type=\"container\" data-settings=\"{&quot;jet_parallax_layout_list&quot;:[]}\">\n\t\t\t\t\t<div class=\"e-con-inner\">\n\t\t\t\t<div class=\"elementor-element elementor-element-55ef65 elementor-widget elementor-widget-text-editor\" data-id=\"55ef65\" data-element_type=\"widget\" data-e-type=\"widget\" data-widget_type=\"text-editor.default\">\n\t\t\t\t\t\t\t\t\t<p><strong>Vous n\u2019avez pas pu assister au s\u00e9minaire de Santander les 17 et 18 avril\u00a0?<\/strong><\/p><p>Consultez les supports des pr\u00e9sentations r\u00e9alis\u00e9es par le secr\u00e9tariat conjoint et les autorit\u00e9s nationales lors de la matin\u00e9e du 18 avril.<\/p><p>Ces documents ci-apr\u00e8s sont disponibles en espagnol, fran\u00e7ais et portugais.<\/p><ul><li><strong>&#8211; Quels sont les points de vigilance \u00e0 surveiller pour garantir l\u2019admissibilit\u00e9 et l\u2019\u00e9ligibilit\u00e9 de ma candidature\u00a0?<\/strong><\/li><li><strong>&#8211; Comment m\u2019assurer que l\u2019id\u00e9e de projet est en phase avec les objectifs et attentes du programme Interreg Sudoe\u00a0?<\/strong><\/li><li><strong>&#8211; Comment retranscrire correctement mon id\u00e9e de projet dans le formulaire de candidature\u00a0?<\/strong><\/li><li><strong>&#8211; Quels sont les aspects financiers que je dois consid\u00e9rer d\u00e8s la premi\u00e8re phase\u00a0?<\/strong><\/li><\/ul>\t\t\t\t\t\t\t\t<\/div>\n\t\t\t\t<div class=\"elementor-element elementor-element-d207143 elementor-align-center elementor-widget elementor-widget-button\" data-id=\"d207143\" data-element_type=\"widget\" data-e-type=\"widget\" data-widget_type=\"button.default\">\n\t\t\t\t\t\t\t\t\t\t<a class=\"elementor-button elementor-button-link elementor-size-sm\" href=\"https:\/\/interreg-sudoe.eu\/wp-content\/uploads\/2024\/04\/Presentations_2eme_appel.zip\" target=\"_blank\">\n\t\t\t\t\t\t<span class=\"elementor-button-content-wrapper\">\n\t\t\t\t\t\t\t\t\t<span class=\"elementor-button-text\">T\u00e9l\u00e9charger pr\u00e9sentations<\/span>\n\t\t\t\t\t<\/span>\n\t\t\t\t\t<\/a>\n\t\t\t\t\t\t\t\t<\/div>\n\t\t\t\t<div class=\"elementor-element elementor-element-7cd829c elementor-widget elementor-widget-text-editor\" data-id=\"7cd829c\" data-element_type=\"widget\" data-e-type=\"widget\" data-widget_type=\"text-editor.default\">\n\t\t\t\t\t\t\t\t\t<p>Afin de poursuivre la recherche de partenaires, les pr\u00e9sentations r\u00e9alis\u00e9es lors de la session <em>de pitching<\/em>, qui a eu lieu dans l&rsquo;apr\u00e8s-midi du 17 avril, seront partag\u00e9es dans la communaut\u00e9 virtuelle de CoopSudoe par les porteurs de projets qui ont pr\u00e9sent\u00e9 leurs id\u00e9es.<\/p><p>Si vous ne disposez pas encore de profil dans CoopSudoe, n\u2019h\u00e9sitez pas \u00e0 vous inscrire en cliquant sur le lien suivant :<\/p><p><a href=\"https:\/\/interreg-sudoe.eu\/fr\/registrarme-en-coopsudoe\/\">https:\/\/interreg-sudoe.eu\/fr\/registrarme-en-coopsudoe\/<\/a><\/p>\t\t\t\t\t\t\t\t<\/div>\n\t\t\t\t\t<\/div>\n\t\t\t\t<\/div>\n\t\t\t\t<\/div>\n\t\t","protected":false},"excerpt":{"rendered":"<p>Vous n\u2019avez pas pu assister au s\u00e9minaire de Santander les 17 et 18 avril\u00a0? Consultez les supports des pr\u00e9sentations r\u00e9alis\u00e9es par le secr\u00e9tariat conjoint et les autorit\u00e9s nationales lors de la matin\u00e9e du 18 avril. Ces documents ci-apr\u00e8s sont disponibles en espagnol, fran\u00e7ais et portugais. &#8211; Quels sont les points de vigilance \u00e0 surveiller pour [&hellip;]<\/p>\n","protected":false},"author":4333,"featured_media":27651,"comment_status":"closed","ping_status":"closed","sticky":false,"template":"","format":"standard","meta":{"_acf_changed":false,"content-type":"","_monsterinsights_skip_tracking":false,"_monsterinsights_sitenote_active":false,"_monsterinsights_sitenote_note":"","_monsterinsights_sitenote_category":0,"footnotes":""},"categories":[2861],"tags":[],"publicacion--inicio":[],"class_list":["post-27672","post","type-post","status-publish","format-standard","has-post-thumbnail","hentry","category-sudoe-2021-2027-fr"],"acf":[],"yoast_head":"<!-- This site is optimized with the Yoast SEO plugin v27.4 - https:\/\/yoast.com\/product\/yoast-seo-wordpress\/ -->\n<title>Consultez les pr\u00e9sentations r\u00e9alis\u00e9es lors du s\u00e9minaire relatif au deuxi\u00e8me appel \u00e0 projets. - Interreg Sudoe<\/title>\n<meta name=\"robots\" content=\"index, follow, max-snippet:-1, max-image-preview:large, max-video-preview:-1\" \/>\n<link rel=\"canonical\" href=\"https:\/\/interreg-sudoe.eu\/fr\/consulte-las-presentaciones-realizadas-en-el-seminario-relativo-a-la-segunda-convocatoria-de-proyectos\/sudoe-2021-2027-fr\/\" \/>\n<meta property=\"og:locale\" content=\"fr_FR\" \/>\n<meta property=\"og:type\" content=\"article\" \/>\n<meta property=\"og:title\" content=\"Consultez les pr\u00e9sentations r\u00e9alis\u00e9es lors du s\u00e9minaire relatif au deuxi\u00e8me appel \u00e0 projets. - Interreg Sudoe\" \/>\n<meta property=\"og:description\" content=\"Vous n\u2019avez pas pu assister au s\u00e9minaire de Santander les 17 et 18 avril\u00a0? Consultez les supports des pr\u00e9sentations r\u00e9alis\u00e9es par le secr\u00e9tariat conjoint et les autorit\u00e9s nationales lors de la matin\u00e9e du 18 avril. Ces documents ci-apr\u00e8s sont disponibles en espagnol, fran\u00e7ais et portugais. &#8211; Quels sont les points de vigilance \u00e0 surveiller pour [&hellip;]\" \/>\n<meta property=\"og:url\" content=\"https:\/\/interreg-sudoe.eu\/fr\/consulte-las-presentaciones-realizadas-en-el-seminario-relativo-a-la-segunda-convocatoria-de-proyectos\/sudoe-2021-2027-fr\/\" \/>\n<meta property=\"og:site_name\" content=\"Interreg Sudoe\" \/>\n<meta property=\"article:publisher\" content=\"https:\/\/www.facebook.com\/interregsudoe\" \/>\n<meta property=\"article:published_time\" content=\"2024-04-19T15:29:38+00:00\" \/>\n<meta property=\"article:modified_time\" content=\"2026-02-12T11:07:51+00:00\" \/>\n<meta property=\"og:image\" content=\"https:\/\/interreg-sudoe.eu\/wp-content\/uploads\/2024\/04\/2.png\" \/>\n\t<meta property=\"og:image:width\" content=\"1120\" \/>\n\t<meta property=\"og:image:height\" content=\"660\" \/>\n\t<meta property=\"og:image:type\" content=\"image\/png\" \/>\n<meta name=\"author\" content=\"Contenidos\" \/>\n<meta name=\"twitter:card\" content=\"summary_large_image\" \/>\n<meta name=\"twitter:creator\" content=\"@Sudoe5\" \/>\n<meta name=\"twitter:site\" content=\"@Sudoe5\" \/>\n<meta name=\"twitter:label1\" content=\"\u00c9crit par\" \/>\n\t<meta name=\"twitter:data1\" content=\"Contenidos\" \/>\n\t<meta name=\"twitter:label2\" content=\"Dur\u00e9e de lecture estim\u00e9e\" \/>\n\t<meta name=\"twitter:data2\" content=\"1 minute\" \/>\n<script type=\"application\/ld+json\" class=\"yoast-schema-graph\">{\"@context\":\"https:\\\/\\\/schema.org\",\"@graph\":[{\"@type\":\"Article\",\"@id\":\"https:\\\/\\\/interreg-sudoe.eu\\\/fr\\\/consulte-las-presentaciones-realizadas-en-el-seminario-relativo-a-la-segunda-convocatoria-de-proyectos\\\/sudoe-2021-2027-fr\\\/#article\",\"isPartOf\":{\"@id\":\"https:\\\/\\\/interreg-sudoe.eu\\\/fr\\\/consulte-las-presentaciones-realizadas-en-el-seminario-relativo-a-la-segunda-convocatoria-de-proyectos\\\/sudoe-2021-2027-fr\\\/\"},\"author\":{\"name\":\"Contenidos\",\"@id\":\"https:\\\/\\\/interreg-sudoe.eu\\\/fr\\\/#\\\/schema\\\/person\\\/97db9e89c11fdb84824dff5fec4c96d9\"},\"headline\":\"Consultez les pr\u00e9sentations r\u00e9alis\u00e9es lors du s\u00e9minaire relatif au deuxi\u00e8me appel \u00e0 projets.\",\"datePublished\":\"2024-04-19T15:29:38+00:00\",\"dateModified\":\"2026-02-12T11:07:51+00:00\",\"mainEntityOfPage\":{\"@id\":\"https:\\\/\\\/interreg-sudoe.eu\\\/fr\\\/consulte-las-presentaciones-realizadas-en-el-seminario-relativo-a-la-segunda-convocatoria-de-proyectos\\\/sudoe-2021-2027-fr\\\/\"},\"wordCount\":222,\"publisher\":{\"@id\":\"https:\\\/\\\/interreg-sudoe.eu\\\/fr\\\/#organization\"},\"image\":{\"@id\":\"https:\\\/\\\/interreg-sudoe.eu\\\/fr\\\/consulte-las-presentaciones-realizadas-en-el-seminario-relativo-a-la-segunda-convocatoria-de-proyectos\\\/sudoe-2021-2027-fr\\\/#primaryimage\"},\"thumbnailUrl\":\"https:\\\/\\\/interreg-sudoe.eu\\\/wp-content\\\/uploads\\\/2024\\\/04\\\/2.png\",\"articleSection\":[\"Sudoe 2021-2027\"],\"inLanguage\":\"fr-FR\"},{\"@type\":\"WebPage\",\"@id\":\"https:\\\/\\\/interreg-sudoe.eu\\\/fr\\\/consulte-las-presentaciones-realizadas-en-el-seminario-relativo-a-la-segunda-convocatoria-de-proyectos\\\/sudoe-2021-2027-fr\\\/\",\"url\":\"https:\\\/\\\/interreg-sudoe.eu\\\/fr\\\/consulte-las-presentaciones-realizadas-en-el-seminario-relativo-a-la-segunda-convocatoria-de-proyectos\\\/sudoe-2021-2027-fr\\\/\",\"name\":\"Consultez les pr\u00e9sentations r\u00e9alis\u00e9es lors du s\u00e9minaire relatif au deuxi\u00e8me appel \u00e0 projets. - Interreg Sudoe\",\"isPartOf\":{\"@id\":\"https:\\\/\\\/interreg-sudoe.eu\\\/fr\\\/#website\"},\"primaryImageOfPage\":{\"@id\":\"https:\\\/\\\/interreg-sudoe.eu\\\/fr\\\/consulte-las-presentaciones-realizadas-en-el-seminario-relativo-a-la-segunda-convocatoria-de-proyectos\\\/sudoe-2021-2027-fr\\\/#primaryimage\"},\"image\":{\"@id\":\"https:\\\/\\\/interreg-sudoe.eu\\\/fr\\\/consulte-las-presentaciones-realizadas-en-el-seminario-relativo-a-la-segunda-convocatoria-de-proyectos\\\/sudoe-2021-2027-fr\\\/#primaryimage\"},\"thumbnailUrl\":\"https:\\\/\\\/interreg-sudoe.eu\\\/wp-content\\\/uploads\\\/2024\\\/04\\\/2.png\",\"datePublished\":\"2024-04-19T15:29:38+00:00\",\"dateModified\":\"2026-02-12T11:07:51+00:00\",\"breadcrumb\":{\"@id\":\"https:\\\/\\\/interreg-sudoe.eu\\\/fr\\\/consulte-las-presentaciones-realizadas-en-el-seminario-relativo-a-la-segunda-convocatoria-de-proyectos\\\/sudoe-2021-2027-fr\\\/#breadcrumb\"},\"inLanguage\":\"fr-FR\",\"potentialAction\":[{\"@type\":\"ReadAction\",\"target\":[\"https:\\\/\\\/interreg-sudoe.eu\\\/fr\\\/consulte-las-presentaciones-realizadas-en-el-seminario-relativo-a-la-segunda-convocatoria-de-proyectos\\\/sudoe-2021-2027-fr\\\/\"]}]},{\"@type\":\"ImageObject\",\"inLanguage\":\"fr-FR\",\"@id\":\"https:\\\/\\\/interreg-sudoe.eu\\\/fr\\\/consulte-las-presentaciones-realizadas-en-el-seminario-relativo-a-la-segunda-convocatoria-de-proyectos\\\/sudoe-2021-2027-fr\\\/#primaryimage\",\"url\":\"https:\\\/\\\/interreg-sudoe.eu\\\/wp-content\\\/uploads\\\/2024\\\/04\\\/2.png\",\"contentUrl\":\"https:\\\/\\\/interreg-sudoe.eu\\\/wp-content\\\/uploads\\\/2024\\\/04\\\/2.png\",\"width\":1120,\"height\":660},{\"@type\":\"BreadcrumbList\",\"@id\":\"https:\\\/\\\/interreg-sudoe.eu\\\/fr\\\/consulte-las-presentaciones-realizadas-en-el-seminario-relativo-a-la-segunda-convocatoria-de-proyectos\\\/sudoe-2021-2027-fr\\\/#breadcrumb\",\"itemListElement\":[{\"@type\":\"ListItem\",\"position\":1,\"name\":\"Home\",\"item\":\"https:\\\/\\\/interreg-sudoe.eu\\\/fr\\\/\"},{\"@type\":\"ListItem\",\"position\":2,\"name\":\"Consultez les pr\u00e9sentations r\u00e9alis\u00e9es lors du s\u00e9minaire relatif au deuxi\u00e8me appel \u00e0 projets.\"}]},{\"@type\":\"WebSite\",\"@id\":\"https:\\\/\\\/interreg-sudoe.eu\\\/fr\\\/#website\",\"url\":\"https:\\\/\\\/interreg-sudoe.eu\\\/fr\\\/\",\"name\":\"Interreg Sudoe\",\"description\":\"Interreg Sudoe\",\"publisher\":{\"@id\":\"https:\\\/\\\/interreg-sudoe.eu\\\/fr\\\/#organization\"},\"alternateName\":\"Interreg Sudoe\",\"potentialAction\":[{\"@type\":\"SearchAction\",\"target\":{\"@type\":\"EntryPoint\",\"urlTemplate\":\"https:\\\/\\\/interreg-sudoe.eu\\\/fr\\\/?s={search_term_string}\"},\"query-input\":{\"@type\":\"PropertyValueSpecification\",\"valueRequired\":true,\"valueName\":\"search_term_string\"}}],\"inLanguage\":\"fr-FR\"},{\"@type\":\"Organization\",\"@id\":\"https:\\\/\\\/interreg-sudoe.eu\\\/fr\\\/#organization\",\"name\":\"Interreg Sudoe\",\"alternateName\":\"Interreg Sudoe\",\"url\":\"https:\\\/\\\/interreg-sudoe.eu\\\/fr\\\/\",\"logo\":{\"@type\":\"ImageObject\",\"inLanguage\":\"fr-FR\",\"@id\":\"https:\\\/\\\/interreg-sudoe.eu\\\/fr\\\/#\\\/schema\\\/logo\\\/image\\\/\",\"url\":\"https:\\\/\\\/interreg-sudoe.eu\\\/wp-content\\\/uploads\\\/2024\\\/03\\\/logo-interreg.png\",\"contentUrl\":\"https:\\\/\\\/interreg-sudoe.eu\\\/wp-content\\\/uploads\\\/2024\\\/03\\\/logo-interreg.png\",\"width\":1200,\"height\":675,\"caption\":\"Interreg Sudoe\"},\"image\":{\"@id\":\"https:\\\/\\\/interreg-sudoe.eu\\\/fr\\\/#\\\/schema\\\/logo\\\/image\\\/\"},\"sameAs\":[\"https:\\\/\\\/www.facebook.com\\\/interregsudoe\",\"https:\\\/\\\/x.com\\\/Sudoe5\",\"https:\\\/\\\/www.youtube.com\\\/channel\\\/UCeGx2edoB32beRc9dbKA2vw\",\"https:\\\/\\\/www.linkedin.com\\\/company\\\/interreg-sudoe-programme\\\/\",\"https:\\\/\\\/www.flickr.com\\\/photos\\\/148704685@N06\\\/\"]},{\"@type\":\"Person\",\"@id\":\"https:\\\/\\\/interreg-sudoe.eu\\\/fr\\\/#\\\/schema\\\/person\\\/97db9e89c11fdb84824dff5fec4c96d9\",\"name\":\"Contenidos\",\"url\":\"https:\\\/\\\/interreg-sudoe.eu\\\/fr\\\/author\\\/com1\\\/\"}]}<\/script>\n<!-- \/ Yoast SEO plugin. -->","yoast_head_json":{"title":"Consultez les pr\u00e9sentations r\u00e9alis\u00e9es lors du s\u00e9minaire relatif au deuxi\u00e8me appel \u00e0 projets. - Interreg Sudoe","robots":{"index":"index","follow":"follow","max-snippet":"max-snippet:-1","max-image-preview":"max-image-preview:large","max-video-preview":"max-video-preview:-1"},"canonical":"https:\/\/interreg-sudoe.eu\/fr\/consulte-las-presentaciones-realizadas-en-el-seminario-relativo-a-la-segunda-convocatoria-de-proyectos\/sudoe-2021-2027-fr\/","og_locale":"fr_FR","og_type":"article","og_title":"Consultez les pr\u00e9sentations r\u00e9alis\u00e9es lors du s\u00e9minaire relatif au deuxi\u00e8me appel \u00e0 projets. - Interreg Sudoe","og_description":"Vous n\u2019avez pas pu assister au s\u00e9minaire de Santander les 17 et 18 avril\u00a0? Consultez les supports des pr\u00e9sentations r\u00e9alis\u00e9es par le secr\u00e9tariat conjoint et les autorit\u00e9s nationales lors de la matin\u00e9e du 18 avril. Ces documents ci-apr\u00e8s sont disponibles en espagnol, fran\u00e7ais et portugais. &#8211; Quels sont les points de vigilance \u00e0 surveiller pour [&hellip;]","og_url":"https:\/\/interreg-sudoe.eu\/fr\/consulte-las-presentaciones-realizadas-en-el-seminario-relativo-a-la-segunda-convocatoria-de-proyectos\/sudoe-2021-2027-fr\/","og_site_name":"Interreg Sudoe","article_publisher":"https:\/\/www.facebook.com\/interregsudoe","article_published_time":"2024-04-19T15:29:38+00:00","article_modified_time":"2026-02-12T11:07:51+00:00","og_image":[{"width":1120,"height":660,"url":"https:\/\/interreg-sudoe.eu\/wp-content\/uploads\/2024\/04\/2.png","type":"image\/png"}],"author":"Contenidos","twitter_card":"summary_large_image","twitter_creator":"@Sudoe5","twitter_site":"@Sudoe5","twitter_misc":{"\u00c9crit par":"Contenidos","Dur\u00e9e de lecture estim\u00e9e":"1 minute"},"schema":{"@context":"https:\/\/schema.org","@graph":[{"@type":"Article","@id":"https:\/\/interreg-sudoe.eu\/fr\/consulte-las-presentaciones-realizadas-en-el-seminario-relativo-a-la-segunda-convocatoria-de-proyectos\/sudoe-2021-2027-fr\/#article","isPartOf":{"@id":"https:\/\/interreg-sudoe.eu\/fr\/consulte-las-presentaciones-realizadas-en-el-seminario-relativo-a-la-segunda-convocatoria-de-proyectos\/sudoe-2021-2027-fr\/"},"author":{"name":"Contenidos","@id":"https:\/\/interreg-sudoe.eu\/fr\/#\/schema\/person\/97db9e89c11fdb84824dff5fec4c96d9"},"headline":"Consultez les pr\u00e9sentations r\u00e9alis\u00e9es lors du s\u00e9minaire relatif au deuxi\u00e8me appel \u00e0 projets.","datePublished":"2024-04-19T15:29:38+00:00","dateModified":"2026-02-12T11:07:51+00:00","mainEntityOfPage":{"@id":"https:\/\/interreg-sudoe.eu\/fr\/consulte-las-presentaciones-realizadas-en-el-seminario-relativo-a-la-segunda-convocatoria-de-proyectos\/sudoe-2021-2027-fr\/"},"wordCount":222,"publisher":{"@id":"https:\/\/interreg-sudoe.eu\/fr\/#organization"},"image":{"@id":"https:\/\/interreg-sudoe.eu\/fr\/consulte-las-presentaciones-realizadas-en-el-seminario-relativo-a-la-segunda-convocatoria-de-proyectos\/sudoe-2021-2027-fr\/#primaryimage"},"thumbnailUrl":"https:\/\/interreg-sudoe.eu\/wp-content\/uploads\/2024\/04\/2.png","articleSection":["Sudoe 2021-2027"],"inLanguage":"fr-FR"},{"@type":"WebPage","@id":"https:\/\/interreg-sudoe.eu\/fr\/consulte-las-presentaciones-realizadas-en-el-seminario-relativo-a-la-segunda-convocatoria-de-proyectos\/sudoe-2021-2027-fr\/","url":"https:\/\/interreg-sudoe.eu\/fr\/consulte-las-presentaciones-realizadas-en-el-seminario-relativo-a-la-segunda-convocatoria-de-proyectos\/sudoe-2021-2027-fr\/","name":"Consultez les pr\u00e9sentations r\u00e9alis\u00e9es lors du s\u00e9minaire relatif au deuxi\u00e8me appel \u00e0 projets. - Interreg Sudoe","isPartOf":{"@id":"https:\/\/interreg-sudoe.eu\/fr\/#website"},"primaryImageOfPage":{"@id":"https:\/\/interreg-sudoe.eu\/fr\/consulte-las-presentaciones-realizadas-en-el-seminario-relativo-a-la-segunda-convocatoria-de-proyectos\/sudoe-2021-2027-fr\/#primaryimage"},"image":{"@id":"https:\/\/interreg-sudoe.eu\/fr\/consulte-las-presentaciones-realizadas-en-el-seminario-relativo-a-la-segunda-convocatoria-de-proyectos\/sudoe-2021-2027-fr\/#primaryimage"},"thumbnailUrl":"https:\/\/interreg-sudoe.eu\/wp-content\/uploads\/2024\/04\/2.png","datePublished":"2024-04-19T15:29:38+00:00","dateModified":"2026-02-12T11:07:51+00:00","breadcrumb":{"@id":"https:\/\/interreg-sudoe.eu\/fr\/consulte-las-presentaciones-realizadas-en-el-seminario-relativo-a-la-segunda-convocatoria-de-proyectos\/sudoe-2021-2027-fr\/#breadcrumb"},"inLanguage":"fr-FR","potentialAction":[{"@type":"ReadAction","target":["https:\/\/interreg-sudoe.eu\/fr\/consulte-las-presentaciones-realizadas-en-el-seminario-relativo-a-la-segunda-convocatoria-de-proyectos\/sudoe-2021-2027-fr\/"]}]},{"@type":"ImageObject","inLanguage":"fr-FR","@id":"https:\/\/interreg-sudoe.eu\/fr\/consulte-las-presentaciones-realizadas-en-el-seminario-relativo-a-la-segunda-convocatoria-de-proyectos\/sudoe-2021-2027-fr\/#primaryimage","url":"https:\/\/interreg-sudoe.eu\/wp-content\/uploads\/2024\/04\/2.png","contentUrl":"https:\/\/interreg-sudoe.eu\/wp-content\/uploads\/2024\/04\/2.png","width":1120,"height":660},{"@type":"BreadcrumbList","@id":"https:\/\/interreg-sudoe.eu\/fr\/consulte-las-presentaciones-realizadas-en-el-seminario-relativo-a-la-segunda-convocatoria-de-proyectos\/sudoe-2021-2027-fr\/#breadcrumb","itemListElement":[{"@type":"ListItem","position":1,"name":"Home","item":"https:\/\/interreg-sudoe.eu\/fr\/"},{"@type":"ListItem","position":2,"name":"Consultez les pr\u00e9sentations r\u00e9alis\u00e9es lors du s\u00e9minaire relatif au deuxi\u00e8me appel \u00e0 projets."}]},{"@type":"WebSite","@id":"https:\/\/interreg-sudoe.eu\/fr\/#website","url":"https:\/\/interreg-sudoe.eu\/fr\/","name":"Interreg Sudoe","description":"Interreg Sudoe","publisher":{"@id":"https:\/\/interreg-sudoe.eu\/fr\/#organization"},"alternateName":"Interreg Sudoe","potentialAction":[{"@type":"SearchAction","target":{"@type":"EntryPoint","urlTemplate":"https:\/\/interreg-sudoe.eu\/fr\/?s={search_term_string}"},"query-input":{"@type":"PropertyValueSpecification","valueRequired":true,"valueName":"search_term_string"}}],"inLanguage":"fr-FR"},{"@type":"Organization","@id":"https:\/\/interreg-sudoe.eu\/fr\/#organization","name":"Interreg Sudoe","alternateName":"Interreg Sudoe","url":"https:\/\/interreg-sudoe.eu\/fr\/","logo":{"@type":"ImageObject","inLanguage":"fr-FR","@id":"https:\/\/interreg-sudoe.eu\/fr\/#\/schema\/logo\/image\/","url":"https:\/\/interreg-sudoe.eu\/wp-content\/uploads\/2024\/03\/logo-interreg.png","contentUrl":"https:\/\/interreg-sudoe.eu\/wp-content\/uploads\/2024\/03\/logo-interreg.png","width":1200,"height":675,"caption":"Interreg Sudoe"},"image":{"@id":"https:\/\/interreg-sudoe.eu\/fr\/#\/schema\/logo\/image\/"},"sameAs":["https:\/\/www.facebook.com\/interregsudoe","https:\/\/x.com\/Sudoe5","https:\/\/www.youtube.com\/channel\/UCeGx2edoB32beRc9dbKA2vw","https:\/\/www.linkedin.com\/company\/interreg-sudoe-programme\/","https:\/\/www.flickr.com\/photos\/148704685@N06\/"]},{"@type":"Person","@id":"https:\/\/interreg-sudoe.eu\/fr\/#\/schema\/person\/97db9e89c11fdb84824dff5fec4c96d9","name":"Contenidos","url":"https:\/\/interreg-sudoe.eu\/fr\/author\/com1\/"}]}},"_links":{"self":[{"href":"https:\/\/interreg-sudoe.eu\/fr\/wp-json\/wp\/v2\/posts\/27672","targetHints":{"allow":["GET"]}}],"collection":[{"href":"https:\/\/interreg-sudoe.eu\/fr\/wp-json\/wp\/v2\/posts"}],"about":[{"href":"https:\/\/interreg-sudoe.eu\/fr\/wp-json\/wp\/v2\/types\/post"}],"author":[{"embeddable":true,"href":"https:\/\/interreg-sudoe.eu\/fr\/wp-json\/wp\/v2\/users\/4333"}],"replies":[{"embeddable":true,"href":"https:\/\/interreg-sudoe.eu\/fr\/wp-json\/wp\/v2\/comments?post=27672"}],"version-history":[{"count":1,"href":"https:\/\/interreg-sudoe.eu\/fr\/wp-json\/wp\/v2\/posts\/27672\/revisions"}],"predecessor-version":[{"id":60763,"href":"https:\/\/interreg-sudoe.eu\/fr\/wp-json\/wp\/v2\/posts\/27672\/revisions\/60763"}],"wp:featuredmedia":[{"embeddable":true,"href":"https:\/\/interreg-sudoe.eu\/fr\/wp-json\/wp\/v2\/media\/27651"}],"wp:attachment":[{"href":"https:\/\/interreg-sudoe.eu\/fr\/wp-json\/wp\/v2\/media?parent=27672"}],"wp:term":[{"taxonomy":"category","embeddable":true,"href":"https:\/\/interreg-sudoe.eu\/fr\/wp-json\/wp\/v2\/categories?post=27672"},{"taxonomy":"post_tag","embeddable":true,"href":"https:\/\/interreg-sudoe.eu\/fr\/wp-json\/wp\/v2\/tags?post=27672"},{"taxonomy":"publicacion--inicio","embeddable":true,"href":"https:\/\/interreg-sudoe.eu\/fr\/wp-json\/wp\/v2\/publicacion--inicio?post=27672"}],"curies":[{"name":"wp","href":"https:\/\/api.w.org\/{rel}","templated":true}]}}