{"id":36290,"date":"2024-06-03T19:38:30","date_gmt":"2024-06-03T17:38:30","guid":{"rendered":"https:\/\/interreg-sudoe.eu\/?p=36290"},"modified":"2026-02-12T12:06:51","modified_gmt":"2026-02-12T11:06:51","slug":"203-candidatures-ont-ete-recues-au-terme-de-la-premiere-phase-du-2eme-appel-a-projets-du-programme-interreg-sudoe","status":"publish","type":"post","link":"https:\/\/interreg-sudoe.eu\/fr\/203-candidatures-ont-ete-recues-au-terme-de-la-premiere-phase-du-2eme-appel-a-projets-du-programme-interreg-sudoe\/appel-a-candidatures\/","title":{"rendered":"203 candidatures ont \u00e9t\u00e9 re\u00e7ues au terme de la premi\u00e8re phase du 2\u00e8me appel \u00e0 projets du programme Interreg Sudoe"},"content":{"rendered":"\t\t<div data-elementor-type=\"wp-post\" data-elementor-id=\"36290\" class=\"elementor elementor-36290 elementor-36283\" data-elementor-post-type=\"post\">\n\t\t\t\t<div class=\"elementor-element elementor-element-31e89dc3 e-flex e-con-boxed e-con e-parent\" data-id=\"31e89dc3\" data-element_type=\"container\" data-e-type=\"container\" data-settings=\"{&quot;jet_parallax_layout_list&quot;:[]}\">\n\t\t\t\t\t<div class=\"e-con-inner\">\n\t\t\t\t<div class=\"elementor-element elementor-element-5fe40cd3 elementor-widget elementor-widget-text-editor\" data-id=\"5fe40cd3\" data-element_type=\"widget\" data-e-type=\"widget\" data-widget_type=\"text-editor.default\">\n\t\t\t\t\t\t\t\t\t<p>Le d\u00e9lai pour la soumission des candidatures de projets pour le deuxi\u00e8me appel \u00e0 projets Sudoe est arriv\u00e9 \u00e0 terme le <strong>31 mai 2024<\/strong>.<\/p><p>Merci aux 1.662 b\u00e9n\u00e9ficiaires de l\u2019Espagne, de la France, du Portugal et d\u2019Andorre de faire de la coop\u00e9ration territoriale une r\u00e9alit\u00e9 dans le Sud-ouest europ\u00e9en.<\/p><p><strong>Les chiffres cl\u00e9s des candidatures re\u00e7ues sont pr\u00e9sent\u00e9s dans la vid\u00e9o suivante :\u00a0\u00a0<\/strong><\/p>\t\t\t\t\t\t\t\t<\/div>\n\t\t\t\t<div class=\"elementor-element elementor-element-70db296 elementor-widget__width-auto elementor-widget elementor-widget-video\" data-id=\"70db296\" data-element_type=\"widget\" data-e-type=\"widget\" data-settings=\"{&quot;youtube_url&quot;:&quot;https:\\\/\\\/www.youtube.com\\\/watch?v=5OQq5ex5D30&amp;ab_channel=InterregSudoe&quot;,&quot;video_type&quot;:&quot;youtube&quot;,&quot;controls&quot;:&quot;yes&quot;}\" data-widget_type=\"video.default\">\n\t\t\t\t\t\t\t<div class=\"elementor-wrapper elementor-open-inline\">\n\t\t\t<div class=\"elementor-video\"><\/div>\t\t<\/div>\n\t\t\t\t\t\t<\/div>\n\t\t\t\t<div class=\"elementor-element elementor-element-2145a35 elementor-widget elementor-widget-text-editor\" data-id=\"2145a35\" data-element_type=\"widget\" data-e-type=\"widget\" data-widget_type=\"text-editor.default\">\n\t\t\t\t\t\t\t\t\t<p>L\u2019instruction des candidatures par le secr\u00e9tariat conjoint et les autorit\u00e9s nationales est en cours, conform\u00e9ment \u00e0 la proc\u00e9dure d\u00e9crite au point 8 du texte de l\u2019appel \u00e0 projets.<\/p>\n<p>Aucune information relative \u00e0 l\u2019instruction des projets ne sera communiqu\u00e9e jusqu\u2019\u00e0 la c\u00e9l\u00e9bration du comit\u00e9 de suivi, pr\u00e9vu \u00e0 l\u2019automne prochain.<\/p>\n<p><strong>Bonne chance \u00e0 toutes et tous !<\/strong><\/p>\t\t\t\t\t\t\t\t<\/div>\n\t\t\t\t\t<\/div>\n\t\t\t\t<\/div>\n\t\t\t\t<\/div>\n\t\t","protected":false},"excerpt":{"rendered":"<p>Le d\u00e9lai pour la soumission des candidatures de projets pour le deuxi\u00e8me appel \u00e0 projets Sudoe est arriv\u00e9 \u00e0 terme le 31 mai 2024. Merci aux 1.662 b\u00e9n\u00e9ficiaires de l\u2019Espagne, de la France, du Portugal et d\u2019Andorre de faire de la coop\u00e9ration territoriale une r\u00e9alit\u00e9 dans le Sud-ouest europ\u00e9en. Les chiffres cl\u00e9s des candidatures re\u00e7ues [&hellip;]<\/p>\n","protected":false},"author":4333,"featured_media":36372,"comment_status":"closed","ping_status":"closed","sticky":false,"template":"","format":"standard","meta":{"_acf_changed":false,"content-type":"","_monsterinsights_skip_tracking":false,"_monsterinsights_sitenote_active":false,"_monsterinsights_sitenote_note":"","_monsterinsights_sitenote_category":0,"footnotes":""},"categories":[2863,2861],"tags":[],"publicacion--inicio":[],"class_list":["post-36290","post","type-post","status-publish","format-standard","has-post-thumbnail","hentry","category-appel-a-candidatures","category-sudoe-2021-2027-fr"],"acf":[],"yoast_head":"<!-- This site is optimized with the Yoast SEO plugin v27.2 - https:\/\/yoast.com\/product\/yoast-seo-wordpress\/ -->\n<title>203 candidatures ont \u00e9t\u00e9 re\u00e7ues au terme de la premi\u00e8re phase du 2\u00e8me appel \u00e0 projets du programme Interreg Sudoe - Interreg Sudoe<\/title>\n<meta name=\"robots\" content=\"index, follow, max-snippet:-1, max-image-preview:large, max-video-preview:-1\" \/>\n<link rel=\"canonical\" href=\"https:\/\/interreg-sudoe.eu\/fr\/203-candidatures-ont-ete-recues-au-terme-de-la-premiere-phase-du-2eme-appel-a-projets-du-programme-interreg-sudoe\/appel-a-candidatures\/\" \/>\n<meta property=\"og:locale\" content=\"fr_FR\" \/>\n<meta property=\"og:type\" content=\"article\" \/>\n<meta property=\"og:title\" content=\"203 candidatures ont \u00e9t\u00e9 re\u00e7ues au terme de la premi\u00e8re phase du 2\u00e8me appel \u00e0 projets du programme Interreg Sudoe - Interreg Sudoe\" \/>\n<meta property=\"og:description\" content=\"Le d\u00e9lai pour la soumission des candidatures de projets pour le deuxi\u00e8me appel \u00e0 projets Sudoe est arriv\u00e9 \u00e0 terme le 31 mai 2024. Merci aux 1.662 b\u00e9n\u00e9ficiaires de l\u2019Espagne, de la France, du Portugal et d\u2019Andorre de faire de la coop\u00e9ration territoriale une r\u00e9alit\u00e9 dans le Sud-ouest europ\u00e9en. Les chiffres cl\u00e9s des candidatures re\u00e7ues [&hellip;]\" \/>\n<meta property=\"og:url\" content=\"https:\/\/interreg-sudoe.eu\/fr\/203-candidatures-ont-ete-recues-au-terme-de-la-premiere-phase-du-2eme-appel-a-projets-du-programme-interreg-sudoe\/appel-a-candidatures\/\" \/>\n<meta property=\"og:site_name\" content=\"Interreg Sudoe\" \/>\n<meta property=\"article:publisher\" content=\"https:\/\/www.facebook.com\/interregsudoe\" \/>\n<meta property=\"article:published_time\" content=\"2024-06-03T17:38:30+00:00\" \/>\n<meta property=\"article:modified_time\" content=\"2026-02-12T11:06:51+00:00\" \/>\n<meta property=\"og:image\" content=\"https:\/\/interreg-sudoe.eu\/wp-content\/uploads\/2024\/06\/Grafico-2a-convocatoria-1a-fase-1.webp\" \/>\n\t<meta property=\"og:image:width\" content=\"1120\" \/>\n\t<meta property=\"og:image:height\" content=\"660\" \/>\n\t<meta property=\"og:image:type\" content=\"image\/webp\" \/>\n<meta name=\"author\" content=\"Contenidos\" \/>\n<meta name=\"twitter:card\" content=\"summary_large_image\" \/>\n<meta name=\"twitter:creator\" content=\"@Sudoe5\" \/>\n<meta name=\"twitter:site\" content=\"@Sudoe5\" \/>\n<meta name=\"twitter:label1\" content=\"\u00c9crit par\" \/>\n\t<meta name=\"twitter:data1\" content=\"Contenidos\" \/>\n\t<meta name=\"twitter:label2\" content=\"Dur\u00e9e de lecture estim\u00e9e\" \/>\n\t<meta name=\"twitter:data2\" content=\"1 minute\" \/>\n<script type=\"application\/ld+json\" class=\"yoast-schema-graph\">{\"@context\":\"https:\/\/schema.org\",\"@graph\":[{\"@type\":\"Article\",\"@id\":\"https:\/\/interreg-sudoe.eu\/fr\/203-candidatures-ont-ete-recues-au-terme-de-la-premiere-phase-du-2eme-appel-a-projets-du-programme-interreg-sudoe\/appel-a-candidatures\/#article\",\"isPartOf\":{\"@id\":\"https:\/\/interreg-sudoe.eu\/fr\/203-candidatures-ont-ete-recues-au-terme-de-la-premiere-phase-du-2eme-appel-a-projets-du-programme-interreg-sudoe\/appel-a-candidatures\/\"},\"author\":{\"name\":\"Contenidos\",\"@id\":\"https:\/\/interreg-sudoe.eu\/fr\/#\/schema\/person\/97db9e89c11fdb84824dff5fec4c96d9\"},\"headline\":\"203 candidatures ont \u00e9t\u00e9 re\u00e7ues au terme de la premi\u00e8re phase du 2\u00e8me appel \u00e0 projets du programme Interreg Sudoe\",\"datePublished\":\"2024-06-03T17:38:30+00:00\",\"dateModified\":\"2026-02-12T11:06:51+00:00\",\"mainEntityOfPage\":{\"@id\":\"https:\/\/interreg-sudoe.eu\/fr\/203-candidatures-ont-ete-recues-au-terme-de-la-premiere-phase-du-2eme-appel-a-projets-du-programme-interreg-sudoe\/appel-a-candidatures\/\"},\"wordCount\":164,\"publisher\":{\"@id\":\"https:\/\/interreg-sudoe.eu\/fr\/#organization\"},\"image\":{\"@id\":\"https:\/\/interreg-sudoe.eu\/fr\/203-candidatures-ont-ete-recues-au-terme-de-la-premiere-phase-du-2eme-appel-a-projets-du-programme-interreg-sudoe\/appel-a-candidatures\/#primaryimage\"},\"thumbnailUrl\":\"https:\/\/interreg-sudoe.eu\/wp-content\/uploads\/2024\/06\/Grafico-2a-convocatoria-1a-fase-1.webp\",\"articleSection\":[\"Appel \u00e0 candidatures\",\"Sudoe 2021-2027\"],\"inLanguage\":\"fr-FR\"},{\"@type\":\"WebPage\",\"@id\":\"https:\/\/interreg-sudoe.eu\/fr\/203-candidatures-ont-ete-recues-au-terme-de-la-premiere-phase-du-2eme-appel-a-projets-du-programme-interreg-sudoe\/appel-a-candidatures\/\",\"url\":\"https:\/\/interreg-sudoe.eu\/fr\/203-candidatures-ont-ete-recues-au-terme-de-la-premiere-phase-du-2eme-appel-a-projets-du-programme-interreg-sudoe\/appel-a-candidatures\/\",\"name\":\"203 candidatures ont \u00e9t\u00e9 re\u00e7ues au terme de la premi\u00e8re phase du 2\u00e8me appel \u00e0 projets du programme Interreg Sudoe - Interreg Sudoe\",\"isPartOf\":{\"@id\":\"https:\/\/interreg-sudoe.eu\/fr\/#website\"},\"primaryImageOfPage\":{\"@id\":\"https:\/\/interreg-sudoe.eu\/fr\/203-candidatures-ont-ete-recues-au-terme-de-la-premiere-phase-du-2eme-appel-a-projets-du-programme-interreg-sudoe\/appel-a-candidatures\/#primaryimage\"},\"image\":{\"@id\":\"https:\/\/interreg-sudoe.eu\/fr\/203-candidatures-ont-ete-recues-au-terme-de-la-premiere-phase-du-2eme-appel-a-projets-du-programme-interreg-sudoe\/appel-a-candidatures\/#primaryimage\"},\"thumbnailUrl\":\"https:\/\/interreg-sudoe.eu\/wp-content\/uploads\/2024\/06\/Grafico-2a-convocatoria-1a-fase-1.webp\",\"datePublished\":\"2024-06-03T17:38:30+00:00\",\"dateModified\":\"2026-02-12T11:06:51+00:00\",\"breadcrumb\":{\"@id\":\"https:\/\/interreg-sudoe.eu\/fr\/203-candidatures-ont-ete-recues-au-terme-de-la-premiere-phase-du-2eme-appel-a-projets-du-programme-interreg-sudoe\/appel-a-candidatures\/#breadcrumb\"},\"inLanguage\":\"fr-FR\",\"potentialAction\":[{\"@type\":\"ReadAction\",\"target\":[\"https:\/\/interreg-sudoe.eu\/fr\/203-candidatures-ont-ete-recues-au-terme-de-la-premiere-phase-du-2eme-appel-a-projets-du-programme-interreg-sudoe\/appel-a-candidatures\/\"]}]},{\"@type\":\"ImageObject\",\"inLanguage\":\"fr-FR\",\"@id\":\"https:\/\/interreg-sudoe.eu\/fr\/203-candidatures-ont-ete-recues-au-terme-de-la-premiere-phase-du-2eme-appel-a-projets-du-programme-interreg-sudoe\/appel-a-candidatures\/#primaryimage\",\"url\":\"https:\/\/interreg-sudoe.eu\/wp-content\/uploads\/2024\/06\/Grafico-2a-convocatoria-1a-fase-1.webp\",\"contentUrl\":\"https:\/\/interreg-sudoe.eu\/wp-content\/uploads\/2024\/06\/Grafico-2a-convocatoria-1a-fase-1.webp\",\"width\":1120,\"height\":660},{\"@type\":\"BreadcrumbList\",\"@id\":\"https:\/\/interreg-sudoe.eu\/fr\/203-candidatures-ont-ete-recues-au-terme-de-la-premiere-phase-du-2eme-appel-a-projets-du-programme-interreg-sudoe\/appel-a-candidatures\/#breadcrumb\",\"itemListElement\":[{\"@type\":\"ListItem\",\"position\":1,\"name\":\"Home\",\"item\":\"https:\/\/interreg-sudoe.eu\/fr\/\"},{\"@type\":\"ListItem\",\"position\":2,\"name\":\"203 candidatures ont \u00e9t\u00e9 re\u00e7ues au terme de la premi\u00e8re phase du 2\u00e8me appel \u00e0 projets du programme Interreg Sudoe\"}]},{\"@type\":\"WebSite\",\"@id\":\"https:\/\/interreg-sudoe.eu\/fr\/#website\",\"url\":\"https:\/\/interreg-sudoe.eu\/fr\/\",\"name\":\"Interreg Sudoe\",\"description\":\"Interreg Sudoe\",\"publisher\":{\"@id\":\"https:\/\/interreg-sudoe.eu\/fr\/#organization\"},\"alternateName\":\"Interreg Sudoe\",\"potentialAction\":[{\"@type\":\"SearchAction\",\"target\":{\"@type\":\"EntryPoint\",\"urlTemplate\":\"https:\/\/interreg-sudoe.eu\/fr\/?s={search_term_string}\"},\"query-input\":{\"@type\":\"PropertyValueSpecification\",\"valueRequired\":true,\"valueName\":\"search_term_string\"}}],\"inLanguage\":\"fr-FR\"},{\"@type\":\"Organization\",\"@id\":\"https:\/\/interreg-sudoe.eu\/fr\/#organization\",\"name\":\"Interreg Sudoe\",\"alternateName\":\"Interreg Sudoe\",\"url\":\"https:\/\/interreg-sudoe.eu\/fr\/\",\"logo\":{\"@type\":\"ImageObject\",\"inLanguage\":\"fr-FR\",\"@id\":\"https:\/\/interreg-sudoe.eu\/fr\/#\/schema\/logo\/image\/\",\"url\":\"https:\/\/interreg-sudoe.eu\/wp-content\/uploads\/2024\/03\/logo-interreg.png\",\"contentUrl\":\"https:\/\/interreg-sudoe.eu\/wp-content\/uploads\/2024\/03\/logo-interreg.png\",\"width\":1200,\"height\":675,\"caption\":\"Interreg Sudoe\"},\"image\":{\"@id\":\"https:\/\/interreg-sudoe.eu\/fr\/#\/schema\/logo\/image\/\"},\"sameAs\":[\"https:\/\/www.facebook.com\/interregsudoe\",\"https:\/\/x.com\/Sudoe5\",\"https:\/\/www.youtube.com\/channel\/UCeGx2edoB32beRc9dbKA2vw\",\"https:\/\/www.linkedin.com\/company\/interreg-sudoe-programme\/\",\"https:\/\/www.flickr.com\/photos\/148704685@N06\/\"]},{\"@type\":\"Person\",\"@id\":\"https:\/\/interreg-sudoe.eu\/fr\/#\/schema\/person\/97db9e89c11fdb84824dff5fec4c96d9\",\"name\":\"Contenidos\",\"url\":\"https:\/\/interreg-sudoe.eu\/fr\/author\/com1\/\"}]}<\/script>\n<!-- \/ Yoast SEO plugin. -->","yoast_head_json":{"title":"203 candidatures ont \u00e9t\u00e9 re\u00e7ues au terme de la premi\u00e8re phase du 2\u00e8me appel \u00e0 projets du programme Interreg Sudoe - Interreg Sudoe","robots":{"index":"index","follow":"follow","max-snippet":"max-snippet:-1","max-image-preview":"max-image-preview:large","max-video-preview":"max-video-preview:-1"},"canonical":"https:\/\/interreg-sudoe.eu\/fr\/203-candidatures-ont-ete-recues-au-terme-de-la-premiere-phase-du-2eme-appel-a-projets-du-programme-interreg-sudoe\/appel-a-candidatures\/","og_locale":"fr_FR","og_type":"article","og_title":"203 candidatures ont \u00e9t\u00e9 re\u00e7ues au terme de la premi\u00e8re phase du 2\u00e8me appel \u00e0 projets du programme Interreg Sudoe - Interreg Sudoe","og_description":"Le d\u00e9lai pour la soumission des candidatures de projets pour le deuxi\u00e8me appel \u00e0 projets Sudoe est arriv\u00e9 \u00e0 terme le 31 mai 2024. Merci aux 1.662 b\u00e9n\u00e9ficiaires de l\u2019Espagne, de la France, du Portugal et d\u2019Andorre de faire de la coop\u00e9ration territoriale une r\u00e9alit\u00e9 dans le Sud-ouest europ\u00e9en. Les chiffres cl\u00e9s des candidatures re\u00e7ues [&hellip;]","og_url":"https:\/\/interreg-sudoe.eu\/fr\/203-candidatures-ont-ete-recues-au-terme-de-la-premiere-phase-du-2eme-appel-a-projets-du-programme-interreg-sudoe\/appel-a-candidatures\/","og_site_name":"Interreg Sudoe","article_publisher":"https:\/\/www.facebook.com\/interregsudoe","article_published_time":"2024-06-03T17:38:30+00:00","article_modified_time":"2026-02-12T11:06:51+00:00","og_image":[{"width":1120,"height":660,"url":"https:\/\/interreg-sudoe.eu\/wp-content\/uploads\/2024\/06\/Grafico-2a-convocatoria-1a-fase-1.webp","type":"image\/webp"}],"author":"Contenidos","twitter_card":"summary_large_image","twitter_creator":"@Sudoe5","twitter_site":"@Sudoe5","twitter_misc":{"\u00c9crit par":"Contenidos","Dur\u00e9e de lecture estim\u00e9e":"1 minute"},"schema":{"@context":"https:\/\/schema.org","@graph":[{"@type":"Article","@id":"https:\/\/interreg-sudoe.eu\/fr\/203-candidatures-ont-ete-recues-au-terme-de-la-premiere-phase-du-2eme-appel-a-projets-du-programme-interreg-sudoe\/appel-a-candidatures\/#article","isPartOf":{"@id":"https:\/\/interreg-sudoe.eu\/fr\/203-candidatures-ont-ete-recues-au-terme-de-la-premiere-phase-du-2eme-appel-a-projets-du-programme-interreg-sudoe\/appel-a-candidatures\/"},"author":{"name":"Contenidos","@id":"https:\/\/interreg-sudoe.eu\/fr\/#\/schema\/person\/97db9e89c11fdb84824dff5fec4c96d9"},"headline":"203 candidatures ont \u00e9t\u00e9 re\u00e7ues au terme de la premi\u00e8re phase du 2\u00e8me appel \u00e0 projets du programme Interreg Sudoe","datePublished":"2024-06-03T17:38:30+00:00","dateModified":"2026-02-12T11:06:51+00:00","mainEntityOfPage":{"@id":"https:\/\/interreg-sudoe.eu\/fr\/203-candidatures-ont-ete-recues-au-terme-de-la-premiere-phase-du-2eme-appel-a-projets-du-programme-interreg-sudoe\/appel-a-candidatures\/"},"wordCount":164,"publisher":{"@id":"https:\/\/interreg-sudoe.eu\/fr\/#organization"},"image":{"@id":"https:\/\/interreg-sudoe.eu\/fr\/203-candidatures-ont-ete-recues-au-terme-de-la-premiere-phase-du-2eme-appel-a-projets-du-programme-interreg-sudoe\/appel-a-candidatures\/#primaryimage"},"thumbnailUrl":"https:\/\/interreg-sudoe.eu\/wp-content\/uploads\/2024\/06\/Grafico-2a-convocatoria-1a-fase-1.webp","articleSection":["Appel \u00e0 candidatures","Sudoe 2021-2027"],"inLanguage":"fr-FR"},{"@type":"WebPage","@id":"https:\/\/interreg-sudoe.eu\/fr\/203-candidatures-ont-ete-recues-au-terme-de-la-premiere-phase-du-2eme-appel-a-projets-du-programme-interreg-sudoe\/appel-a-candidatures\/","url":"https:\/\/interreg-sudoe.eu\/fr\/203-candidatures-ont-ete-recues-au-terme-de-la-premiere-phase-du-2eme-appel-a-projets-du-programme-interreg-sudoe\/appel-a-candidatures\/","name":"203 candidatures ont \u00e9t\u00e9 re\u00e7ues au terme de la premi\u00e8re phase du 2\u00e8me appel \u00e0 projets du programme Interreg Sudoe - Interreg Sudoe","isPartOf":{"@id":"https:\/\/interreg-sudoe.eu\/fr\/#website"},"primaryImageOfPage":{"@id":"https:\/\/interreg-sudoe.eu\/fr\/203-candidatures-ont-ete-recues-au-terme-de-la-premiere-phase-du-2eme-appel-a-projets-du-programme-interreg-sudoe\/appel-a-candidatures\/#primaryimage"},"image":{"@id":"https:\/\/interreg-sudoe.eu\/fr\/203-candidatures-ont-ete-recues-au-terme-de-la-premiere-phase-du-2eme-appel-a-projets-du-programme-interreg-sudoe\/appel-a-candidatures\/#primaryimage"},"thumbnailUrl":"https:\/\/interreg-sudoe.eu\/wp-content\/uploads\/2024\/06\/Grafico-2a-convocatoria-1a-fase-1.webp","datePublished":"2024-06-03T17:38:30+00:00","dateModified":"2026-02-12T11:06:51+00:00","breadcrumb":{"@id":"https:\/\/interreg-sudoe.eu\/fr\/203-candidatures-ont-ete-recues-au-terme-de-la-premiere-phase-du-2eme-appel-a-projets-du-programme-interreg-sudoe\/appel-a-candidatures\/#breadcrumb"},"inLanguage":"fr-FR","potentialAction":[{"@type":"ReadAction","target":["https:\/\/interreg-sudoe.eu\/fr\/203-candidatures-ont-ete-recues-au-terme-de-la-premiere-phase-du-2eme-appel-a-projets-du-programme-interreg-sudoe\/appel-a-candidatures\/"]}]},{"@type":"ImageObject","inLanguage":"fr-FR","@id":"https:\/\/interreg-sudoe.eu\/fr\/203-candidatures-ont-ete-recues-au-terme-de-la-premiere-phase-du-2eme-appel-a-projets-du-programme-interreg-sudoe\/appel-a-candidatures\/#primaryimage","url":"https:\/\/interreg-sudoe.eu\/wp-content\/uploads\/2024\/06\/Grafico-2a-convocatoria-1a-fase-1.webp","contentUrl":"https:\/\/interreg-sudoe.eu\/wp-content\/uploads\/2024\/06\/Grafico-2a-convocatoria-1a-fase-1.webp","width":1120,"height":660},{"@type":"BreadcrumbList","@id":"https:\/\/interreg-sudoe.eu\/fr\/203-candidatures-ont-ete-recues-au-terme-de-la-premiere-phase-du-2eme-appel-a-projets-du-programme-interreg-sudoe\/appel-a-candidatures\/#breadcrumb","itemListElement":[{"@type":"ListItem","position":1,"name":"Home","item":"https:\/\/interreg-sudoe.eu\/fr\/"},{"@type":"ListItem","position":2,"name":"203 candidatures ont \u00e9t\u00e9 re\u00e7ues au terme de la premi\u00e8re phase du 2\u00e8me appel \u00e0 projets du programme Interreg Sudoe"}]},{"@type":"WebSite","@id":"https:\/\/interreg-sudoe.eu\/fr\/#website","url":"https:\/\/interreg-sudoe.eu\/fr\/","name":"Interreg Sudoe","description":"Interreg Sudoe","publisher":{"@id":"https:\/\/interreg-sudoe.eu\/fr\/#organization"},"alternateName":"Interreg Sudoe","potentialAction":[{"@type":"SearchAction","target":{"@type":"EntryPoint","urlTemplate":"https:\/\/interreg-sudoe.eu\/fr\/?s={search_term_string}"},"query-input":{"@type":"PropertyValueSpecification","valueRequired":true,"valueName":"search_term_string"}}],"inLanguage":"fr-FR"},{"@type":"Organization","@id":"https:\/\/interreg-sudoe.eu\/fr\/#organization","name":"Interreg Sudoe","alternateName":"Interreg Sudoe","url":"https:\/\/interreg-sudoe.eu\/fr\/","logo":{"@type":"ImageObject","inLanguage":"fr-FR","@id":"https:\/\/interreg-sudoe.eu\/fr\/#\/schema\/logo\/image\/","url":"https:\/\/interreg-sudoe.eu\/wp-content\/uploads\/2024\/03\/logo-interreg.png","contentUrl":"https:\/\/interreg-sudoe.eu\/wp-content\/uploads\/2024\/03\/logo-interreg.png","width":1200,"height":675,"caption":"Interreg Sudoe"},"image":{"@id":"https:\/\/interreg-sudoe.eu\/fr\/#\/schema\/logo\/image\/"},"sameAs":["https:\/\/www.facebook.com\/interregsudoe","https:\/\/x.com\/Sudoe5","https:\/\/www.youtube.com\/channel\/UCeGx2edoB32beRc9dbKA2vw","https:\/\/www.linkedin.com\/company\/interreg-sudoe-programme\/","https:\/\/www.flickr.com\/photos\/148704685@N06\/"]},{"@type":"Person","@id":"https:\/\/interreg-sudoe.eu\/fr\/#\/schema\/person\/97db9e89c11fdb84824dff5fec4c96d9","name":"Contenidos","url":"https:\/\/interreg-sudoe.eu\/fr\/author\/com1\/"}]}},"_links":{"self":[{"href":"https:\/\/interreg-sudoe.eu\/fr\/wp-json\/wp\/v2\/posts\/36290","targetHints":{"allow":["GET"]}}],"collection":[{"href":"https:\/\/interreg-sudoe.eu\/fr\/wp-json\/wp\/v2\/posts"}],"about":[{"href":"https:\/\/interreg-sudoe.eu\/fr\/wp-json\/wp\/v2\/types\/post"}],"author":[{"embeddable":true,"href":"https:\/\/interreg-sudoe.eu\/fr\/wp-json\/wp\/v2\/users\/4333"}],"replies":[{"embeddable":true,"href":"https:\/\/interreg-sudoe.eu\/fr\/wp-json\/wp\/v2\/comments?post=36290"}],"version-history":[{"count":1,"href":"https:\/\/interreg-sudoe.eu\/fr\/wp-json\/wp\/v2\/posts\/36290\/revisions"}],"predecessor-version":[{"id":60757,"href":"https:\/\/interreg-sudoe.eu\/fr\/wp-json\/wp\/v2\/posts\/36290\/revisions\/60757"}],"wp:featuredmedia":[{"embeddable":true,"href":"https:\/\/interreg-sudoe.eu\/fr\/wp-json\/wp\/v2\/media\/36372"}],"wp:attachment":[{"href":"https:\/\/interreg-sudoe.eu\/fr\/wp-json\/wp\/v2\/media?parent=36290"}],"wp:term":[{"taxonomy":"category","embeddable":true,"href":"https:\/\/interreg-sudoe.eu\/fr\/wp-json\/wp\/v2\/categories?post=36290"},{"taxonomy":"post_tag","embeddable":true,"href":"https:\/\/interreg-sudoe.eu\/fr\/wp-json\/wp\/v2\/tags?post=36290"},{"taxonomy":"publicacion--inicio","embeddable":true,"href":"https:\/\/interreg-sudoe.eu\/fr\/wp-json\/wp\/v2\/publicacion--inicio?post=36290"}],"curies":[{"name":"wp","href":"https:\/\/api.w.org\/{rel}","templated":true}]}}