{"id":40693,"date":"2024-10-07T18:23:24","date_gmt":"2024-10-07T16:23:24","guid":{"rendered":"https:\/\/interreg-sudoe.eu\/moai-labs-un-ejemplo-de-cooperacion-para-mejorar-la-vida-de-los-mayores\/non-classifiee\/"},"modified":"2026-02-12T12:05:40","modified_gmt":"2026-02-12T11:05:40","slug":"moai-labs-un-ejemplo-de-cooperacion-para-mejorar-la-vida-de-los-mayores","status":"publish","type":"post","link":"https:\/\/interreg-sudoe.eu\/fr\/moai-labs-un-ejemplo-de-cooperacion-para-mejorar-la-vida-de-los-mayores\/appel-a-candidatures\/","title":{"rendered":"MOAI LABS, un exemple de coop\u00e9ration pour am\u00e9liorer la vie des personnes \u00e2g\u00e9es"},"content":{"rendered":"\t\t<div data-elementor-type=\"wp-post\" data-elementor-id=\"40693\" class=\"elementor elementor-40693 elementor-40687\" data-elementor-post-type=\"post\">\n\t\t\t\t<div class=\"elementor-element elementor-element-609ca72b e-flex e-con-boxed e-con e-parent\" data-id=\"609ca72b\" data-element_type=\"container\" data-e-type=\"container\" data-settings=\"{&quot;jet_parallax_layout_list&quot;:[]}\">\n\t\t\t\t\t<div class=\"e-con-inner\">\n\t\t\t\t<div class=\"elementor-element elementor-element-4ca4890b elementor-widget elementor-widget-text-editor\" data-id=\"4ca4890b\" data-element_type=\"widget\" data-e-type=\"widget\" data-widget_type=\"text-editor.default\">\n\t\t\t\t\t\t\t\t\t<p>Le projet Sudoe MOAI LABS (2014-2020) est finaliste des prix <strong>REGIOSTARS 2024<\/strong>, dans la cat\u00e9gorie \u00ab Une Europe sociale et inclusive \u00bb.<\/p>\n<p>Le concours et la c\u00e9r\u00e9monie de remise des prix auront lieu les <strong>8 et 9 octobre \u00e0 Bruxelles<\/strong>, dans le cadre de la <strong>#EURegionsWeek<\/strong>, la Semaine europ\u00e9enne des r\u00e9gions et des villes.<\/p>\n<p>En plus de la \u00ab&nbsp;finale\u00bb, o\u00f9 les laur\u00e9ats de cette \u00e9dition 2024 seront annonc\u00e9s, les organisateurs ont pr\u00e9vu un prix <strong>\u00ab&nbsp;vote du public&nbsp;\u00bb<\/strong>, gr\u00e2ce auquel les citoyens peuvent voter pour leur projet pr\u00e9f\u00e9r\u00e9 jusqu&rsquo;\u00e0 quelques instants avant la c\u00e9r\u00e9monie.<\/p>\n<p><\/p>\n<h2><strong>En savoir un peu plus sur MOAI LABS et son premier Living Lab Transnational<\/strong><\/h2>\n<p>Ce projet a \u00e9t\u00e9 mis en \u0153uvre par 9 entit\u00e9s du Sud-ouest europ\u00e9en et il se distingue par la cr\u00e9ation du premier <strong>Living Lab Transnational MOAI<\/strong>.<\/p>\n<p>Les Living Labs sont des espaces d&rsquo;exp\u00e9rimentation o\u00f9 des recherches sont men\u00e9es, o\u00f9 diff\u00e9rents acteurs s&rsquo;impliquent dans le domaine de l&rsquo;innovation et o\u00f9 la cr\u00e9ation de nouvelles dynamiques et proc\u00e9dures est encourag\u00e9e.<\/p>\n<p>Le MOAI Transnational Living Lab est le \u00ab parapluie \u00bb sur lequel l&rsquo;ensemble du projet a \u00e9t\u00e9 d\u00e9velopp\u00e9 et a \u00e9t\u00e9 d\u00e9di\u00e9 \u00e0 la recherche multidisciplinaire, au d\u00e9veloppement et \u00e0 l&rsquo;innovation sociale dans le domaine de la solitude non d\u00e9sir\u00e9e chez les personnes \u00e2g\u00e9es.<\/p>\n<p>Pour la mise en place du laboratoire, le projet a travaill\u00e9 avec une m\u00e9thodologie innovante bas\u00e9e sur une approche participative r\u00e9unissant cinq Living<em> Labs<\/em> diff\u00e9rents (<a href=\"https:\/\/www.intras.es\/\">INTRAS<\/a>, <a href=\"https:\/\/www.leitat.org\/castellano\">LEITAT<\/a>, <a href=\"https:\/\/pinumminuto.web.ua.pt\/?page_id=52\">UAVR<\/a>, <a href=\"https:\/\/www.i2ml.fr\/\">I2ML<\/a>, <a href=\"https:\/\/www.mutualitelimousine.fr\/\">MFL<\/a>).&nbsp; Il s&rsquo;agit d&rsquo;un espace o\u00f9 tous les agents impliqu\u00e9s ont pu participer en apportant des id\u00e9es et en partageant des exp\u00e9riences, dans le but d&rsquo;obtenir des solutions pionni\u00e8res con\u00e7ues pour tous ceux qui se sentent seuls dans la derni\u00e8re \u00e9tape de leur vie.<\/p>\n<p>Ce mod\u00e8le de travail a donn\u00e9 naissance \u00e0 ce que l&rsquo;on appelle les <strong>\u00ab groupes d&rsquo;experts par exp\u00e9rience \u00bb<\/strong> (personnes \u00e2g\u00e9es qui vivent dans une solitude non d\u00e9sir\u00e9e ou qui sont socialement isol\u00e9es) et le <strong>\u00ab Groupes de Demande Pr\u00e9coce \u00bb<\/strong> (entreprises priv\u00e9es et administrations publiques qui cherchent \u00e0 offrir des solutions innovantes au d\u00e9fi de la solitude). Les deux secteurs, public et priv\u00e9, ont collabor\u00e9 \u00e0 la co-cr\u00e9ation de solutions innovantes combinant les connaissances scientifiques et techniques et l&rsquo;exp\u00e9rience v\u00e9cue des personnes \u00e2g\u00e9es, ce qui a eu un grand impact social et la mise en \u0153uvre de politiques publiques au niveau r\u00e9gional.<\/p>\n<p>La solitude non d\u00e9sir\u00e9e chez les personnes \u00e2g\u00e9es est un probl\u00e8me difficile \u00e0 d\u00e9tecter, mais gr\u00e2ce \u00e0 MOAILABS, il a \u00e9galement \u00e9t\u00e9 possible de travailler pour disposer d&rsquo;informations utiles et scientifiquement contrast\u00e9es sur cette r\u00e9alit\u00e9 sur tout le territoire Sudoe. En ce sens, MOAI LABS a suivi une m\u00e9thodologie pour fournir des outils technologiques valides, tels que la plateforme AHOA (<a href=\"http:\/\/www.actif.online\">www.actif.online<\/a>) augmentant par cinq le nombre de visites sur ce site web con\u00e7u pour les personnes \u00e2g\u00e9es, ou la mise en \u0153uvre de l&rsquo; <a href=\"https:\/\/play.google.com\/store\/apps\/details?id=com.robleapp.app);\">application MOAI Roble<\/a>, une solution qui a am\u00e9lior\u00e9 le secteur de la lutte contre la solitude non d\u00e9sir\u00e9e, en favorisant la participation sociale et le lien communautaire,&nbsp; afin d&rsquo;aider les personnes \u00e2g\u00e9es \u00e0 am\u00e9liorer leur bien-\u00eatre et leur qualit\u00e9 de vie.<\/p>\n<p>Ces r\u00e9sultats innovateurs visant \u00e0 r\u00e9soudre un probl\u00e8me commun, tel que la solitude non d\u00e9sir\u00e9e chez les personnes \u00e2g\u00e9es, ont \u00e9t\u00e9 possibles gr\u00e2ce \u00e0 la m\u00e9thodologie mise en \u0153uvre par le MOAI LABS dans le cadre de la coop\u00e9ration transnationale.<\/p>\n<p><\/p>\n<h2><strong>Nous comptons sur votre vote pour MOAI LABS<\/strong><\/h2>\n<p>Pour voter, il vous suffit de cliquer sur le lien suivant et de d\u00e9couvrir les projets finalistes.&nbsp;Votre vote pour MOAI LABS contribuera \u00e0 donner de la visibilit\u00e9 \u00e0 la r\u00e9alit\u00e9 que vivent de nombreuses personnes \u00e2g\u00e9es dans la r\u00e9gion Sudoe et \u00e0 leur lutte contre la solitude non d\u00e9sir\u00e9e. \u201c<\/p>\t\t\t\t\t\t\t\t<\/div>\n\t\t\t\t<div class=\"elementor-element elementor-element-bbc4d49 elementor-align-center elementor-widget elementor-widget-button\" data-id=\"bbc4d49\" data-element_type=\"widget\" data-e-type=\"widget\" data-widget_type=\"button.default\">\n\t\t\t\t\t\t\t\t\t\t<a class=\"elementor-button elementor-button-link elementor-size-sm\" href=\"https:\/\/ec.europa.eu\/regional_policy\/projects\/regio-stars-awards_en\" target=\"_blank\">\n\t\t\t\t\t\t<span class=\"elementor-button-content-wrapper\">\n\t\t\t\t\t\t\t\t\t<span class=\"elementor-button-text\">VOTE POUR MOAI LABS<\/span>\n\t\t\t\t\t<\/span>\n\t\t\t\t\t<\/a>\n\t\t\t\t\t\t\t\t<\/div>\n\t\t\t\t\t<\/div>\n\t\t\t\t<\/div>\n\t\t\t\t<\/div>\n\t\t","protected":false},"excerpt":{"rendered":"<p>Le projet Sudoe MOAI LABS (2014-2020) est finaliste des prix REGIOSTARS 2024, dans la cat\u00e9gorie \u00ab Une Europe sociale et inclusive \u00bb. Le concours et la c\u00e9r\u00e9monie de remise des prix auront lieu les 8 et 9 octobre \u00e0 Bruxelles, dans le cadre de la #EURegionsWeek, la Semaine europ\u00e9enne des r\u00e9gions et des villes. En [&hellip;]<\/p>\n","protected":false},"author":4333,"featured_media":40688,"comment_status":"closed","ping_status":"closed","sticky":false,"template":"","format":"standard","meta":{"_acf_changed":false,"content-type":"","_monsterinsights_skip_tracking":false,"_monsterinsights_sitenote_active":false,"_monsterinsights_sitenote_note":"","_monsterinsights_sitenote_category":0,"footnotes":""},"categories":[2863,2865],"tags":[],"publicacion--inicio":[3165],"class_list":["post-40693","post","type-post","status-publish","format-standard","has-post-thumbnail","hentry","category-appel-a-candidatures","category-projets-sudoe","publicacion--inicio-publicacion-inicio-fr"],"acf":[],"yoast_head":"<!-- This site is optimized with the Yoast SEO plugin v27.2 - https:\/\/yoast.com\/product\/yoast-seo-wordpress\/ -->\n<title>MOAI LABS, un exemple de coop\u00e9ration pour am\u00e9liorer la vie des personnes \u00e2g\u00e9es - Interreg Sudoe<\/title>\n<meta name=\"robots\" content=\"index, follow, max-snippet:-1, max-image-preview:large, max-video-preview:-1\" \/>\n<link rel=\"canonical\" href=\"https:\/\/interreg-sudoe.eu\/fr\/moai-labs-un-ejemplo-de-cooperacion-para-mejorar-la-vida-de-los-mayores\/appel-a-candidatures\/\" \/>\n<meta property=\"og:locale\" content=\"fr_FR\" \/>\n<meta property=\"og:type\" content=\"article\" \/>\n<meta property=\"og:title\" content=\"MOAI LABS, un exemple de coop\u00e9ration pour am\u00e9liorer la vie des personnes \u00e2g\u00e9es - Interreg Sudoe\" \/>\n<meta property=\"og:description\" content=\"Le projet Sudoe MOAI LABS (2014-2020) est finaliste des prix REGIOSTARS 2024, dans la cat\u00e9gorie \u00ab Une Europe sociale et inclusive \u00bb. Le concours et la c\u00e9r\u00e9monie de remise des prix auront lieu les 8 et 9 octobre \u00e0 Bruxelles, dans le cadre de la #EURegionsWeek, la Semaine europ\u00e9enne des r\u00e9gions et des villes. En [&hellip;]\" \/>\n<meta property=\"og:url\" content=\"https:\/\/interreg-sudoe.eu\/fr\/moai-labs-un-ejemplo-de-cooperacion-para-mejorar-la-vida-de-los-mayores\/appel-a-candidatures\/\" \/>\n<meta property=\"og:site_name\" content=\"Interreg Sudoe\" \/>\n<meta property=\"article:publisher\" content=\"https:\/\/www.facebook.com\/interregsudoe\" \/>\n<meta property=\"article:published_time\" content=\"2024-10-07T16:23:24+00:00\" \/>\n<meta property=\"article:modified_time\" content=\"2026-02-12T11:05:40+00:00\" \/>\n<meta property=\"og:image\" content=\"https:\/\/interreg-sudoe.eu\/wp-content\/uploads\/2024\/10\/7.png\" \/>\n\t<meta property=\"og:image:width\" content=\"1120\" \/>\n\t<meta property=\"og:image:height\" content=\"660\" \/>\n\t<meta property=\"og:image:type\" content=\"image\/png\" \/>\n<meta name=\"author\" content=\"Contenidos\" \/>\n<meta name=\"twitter:card\" content=\"summary_large_image\" \/>\n<meta name=\"twitter:creator\" content=\"@Sudoe5\" \/>\n<meta name=\"twitter:site\" content=\"@Sudoe5\" \/>\n<meta name=\"twitter:label1\" content=\"\u00c9crit par\" \/>\n\t<meta name=\"twitter:data1\" content=\"Contenidos\" \/>\n\t<meta name=\"twitter:label2\" content=\"Dur\u00e9e de lecture estim\u00e9e\" \/>\n\t<meta name=\"twitter:data2\" content=\"3 minutes\" \/>\n<script type=\"application\/ld+json\" class=\"yoast-schema-graph\">{\"@context\":\"https:\/\/schema.org\",\"@graph\":[{\"@type\":\"Article\",\"@id\":\"https:\/\/interreg-sudoe.eu\/fr\/moai-labs-un-ejemplo-de-cooperacion-para-mejorar-la-vida-de-los-mayores\/appel-a-candidatures\/#article\",\"isPartOf\":{\"@id\":\"https:\/\/interreg-sudoe.eu\/fr\/moai-labs-un-ejemplo-de-cooperacion-para-mejorar-la-vida-de-los-mayores\/appel-a-candidatures\/\"},\"author\":{\"name\":\"Contenidos\",\"@id\":\"https:\/\/interreg-sudoe.eu\/fr\/#\/schema\/person\/97db9e89c11fdb84824dff5fec4c96d9\"},\"headline\":\"MOAI LABS, un exemple de coop\u00e9ration pour am\u00e9liorer la vie des personnes \u00e2g\u00e9es\",\"datePublished\":\"2024-10-07T16:23:24+00:00\",\"dateModified\":\"2026-02-12T11:05:40+00:00\",\"mainEntityOfPage\":{\"@id\":\"https:\/\/interreg-sudoe.eu\/fr\/moai-labs-un-ejemplo-de-cooperacion-para-mejorar-la-vida-de-los-mayores\/appel-a-candidatures\/\"},\"wordCount\":701,\"publisher\":{\"@id\":\"https:\/\/interreg-sudoe.eu\/fr\/#organization\"},\"image\":{\"@id\":\"https:\/\/interreg-sudoe.eu\/fr\/moai-labs-un-ejemplo-de-cooperacion-para-mejorar-la-vida-de-los-mayores\/appel-a-candidatures\/#primaryimage\"},\"thumbnailUrl\":\"https:\/\/interreg-sudoe.eu\/wp-content\/uploads\/2024\/10\/7.png\",\"articleSection\":[\"Appel \u00e0 candidatures\",\"Projets Sudoe\"],\"inLanguage\":\"fr-FR\"},{\"@type\":\"WebPage\",\"@id\":\"https:\/\/interreg-sudoe.eu\/fr\/moai-labs-un-ejemplo-de-cooperacion-para-mejorar-la-vida-de-los-mayores\/appel-a-candidatures\/\",\"url\":\"https:\/\/interreg-sudoe.eu\/fr\/moai-labs-un-ejemplo-de-cooperacion-para-mejorar-la-vida-de-los-mayores\/appel-a-candidatures\/\",\"name\":\"MOAI LABS, un exemple de coop\u00e9ration pour am\u00e9liorer la vie des personnes \u00e2g\u00e9es - Interreg Sudoe\",\"isPartOf\":{\"@id\":\"https:\/\/interreg-sudoe.eu\/fr\/#website\"},\"primaryImageOfPage\":{\"@id\":\"https:\/\/interreg-sudoe.eu\/fr\/moai-labs-un-ejemplo-de-cooperacion-para-mejorar-la-vida-de-los-mayores\/appel-a-candidatures\/#primaryimage\"},\"image\":{\"@id\":\"https:\/\/interreg-sudoe.eu\/fr\/moai-labs-un-ejemplo-de-cooperacion-para-mejorar-la-vida-de-los-mayores\/appel-a-candidatures\/#primaryimage\"},\"thumbnailUrl\":\"https:\/\/interreg-sudoe.eu\/wp-content\/uploads\/2024\/10\/7.png\",\"datePublished\":\"2024-10-07T16:23:24+00:00\",\"dateModified\":\"2026-02-12T11:05:40+00:00\",\"breadcrumb\":{\"@id\":\"https:\/\/interreg-sudoe.eu\/fr\/moai-labs-un-ejemplo-de-cooperacion-para-mejorar-la-vida-de-los-mayores\/appel-a-candidatures\/#breadcrumb\"},\"inLanguage\":\"fr-FR\",\"potentialAction\":[{\"@type\":\"ReadAction\",\"target\":[\"https:\/\/interreg-sudoe.eu\/fr\/moai-labs-un-ejemplo-de-cooperacion-para-mejorar-la-vida-de-los-mayores\/appel-a-candidatures\/\"]}]},{\"@type\":\"ImageObject\",\"inLanguage\":\"fr-FR\",\"@id\":\"https:\/\/interreg-sudoe.eu\/fr\/moai-labs-un-ejemplo-de-cooperacion-para-mejorar-la-vida-de-los-mayores\/appel-a-candidatures\/#primaryimage\",\"url\":\"https:\/\/interreg-sudoe.eu\/wp-content\/uploads\/2024\/10\/7.png\",\"contentUrl\":\"https:\/\/interreg-sudoe.eu\/wp-content\/uploads\/2024\/10\/7.png\",\"width\":1120,\"height\":660},{\"@type\":\"BreadcrumbList\",\"@id\":\"https:\/\/interreg-sudoe.eu\/fr\/moai-labs-un-ejemplo-de-cooperacion-para-mejorar-la-vida-de-los-mayores\/appel-a-candidatures\/#breadcrumb\",\"itemListElement\":[{\"@type\":\"ListItem\",\"position\":1,\"name\":\"Home\",\"item\":\"https:\/\/interreg-sudoe.eu\/fr\/\"},{\"@type\":\"ListItem\",\"position\":2,\"name\":\"MOAI LABS, un exemple de coop\u00e9ration pour am\u00e9liorer la vie des personnes \u00e2g\u00e9es\"}]},{\"@type\":\"WebSite\",\"@id\":\"https:\/\/interreg-sudoe.eu\/fr\/#website\",\"url\":\"https:\/\/interreg-sudoe.eu\/fr\/\",\"name\":\"Interreg Sudoe\",\"description\":\"Interreg Sudoe\",\"publisher\":{\"@id\":\"https:\/\/interreg-sudoe.eu\/fr\/#organization\"},\"alternateName\":\"Interreg Sudoe\",\"potentialAction\":[{\"@type\":\"SearchAction\",\"target\":{\"@type\":\"EntryPoint\",\"urlTemplate\":\"https:\/\/interreg-sudoe.eu\/fr\/?s={search_term_string}\"},\"query-input\":{\"@type\":\"PropertyValueSpecification\",\"valueRequired\":true,\"valueName\":\"search_term_string\"}}],\"inLanguage\":\"fr-FR\"},{\"@type\":\"Organization\",\"@id\":\"https:\/\/interreg-sudoe.eu\/fr\/#organization\",\"name\":\"Interreg Sudoe\",\"alternateName\":\"Interreg Sudoe\",\"url\":\"https:\/\/interreg-sudoe.eu\/fr\/\",\"logo\":{\"@type\":\"ImageObject\",\"inLanguage\":\"fr-FR\",\"@id\":\"https:\/\/interreg-sudoe.eu\/fr\/#\/schema\/logo\/image\/\",\"url\":\"https:\/\/interreg-sudoe.eu\/wp-content\/uploads\/2024\/03\/logo-interreg.png\",\"contentUrl\":\"https:\/\/interreg-sudoe.eu\/wp-content\/uploads\/2024\/03\/logo-interreg.png\",\"width\":1200,\"height\":675,\"caption\":\"Interreg Sudoe\"},\"image\":{\"@id\":\"https:\/\/interreg-sudoe.eu\/fr\/#\/schema\/logo\/image\/\"},\"sameAs\":[\"https:\/\/www.facebook.com\/interregsudoe\",\"https:\/\/x.com\/Sudoe5\",\"https:\/\/www.youtube.com\/channel\/UCeGx2edoB32beRc9dbKA2vw\",\"https:\/\/www.linkedin.com\/company\/interreg-sudoe-programme\/\",\"https:\/\/www.flickr.com\/photos\/148704685@N06\/\"]},{\"@type\":\"Person\",\"@id\":\"https:\/\/interreg-sudoe.eu\/fr\/#\/schema\/person\/97db9e89c11fdb84824dff5fec4c96d9\",\"name\":\"Contenidos\",\"url\":\"https:\/\/interreg-sudoe.eu\/fr\/author\/com1\/\"}]}<\/script>\n<!-- \/ Yoast SEO plugin. -->","yoast_head_json":{"title":"MOAI LABS, un exemple de coop\u00e9ration pour am\u00e9liorer la vie des personnes \u00e2g\u00e9es - Interreg Sudoe","robots":{"index":"index","follow":"follow","max-snippet":"max-snippet:-1","max-image-preview":"max-image-preview:large","max-video-preview":"max-video-preview:-1"},"canonical":"https:\/\/interreg-sudoe.eu\/fr\/moai-labs-un-ejemplo-de-cooperacion-para-mejorar-la-vida-de-los-mayores\/appel-a-candidatures\/","og_locale":"fr_FR","og_type":"article","og_title":"MOAI LABS, un exemple de coop\u00e9ration pour am\u00e9liorer la vie des personnes \u00e2g\u00e9es - Interreg Sudoe","og_description":"Le projet Sudoe MOAI LABS (2014-2020) est finaliste des prix REGIOSTARS 2024, dans la cat\u00e9gorie \u00ab Une Europe sociale et inclusive \u00bb. Le concours et la c\u00e9r\u00e9monie de remise des prix auront lieu les 8 et 9 octobre \u00e0 Bruxelles, dans le cadre de la #EURegionsWeek, la Semaine europ\u00e9enne des r\u00e9gions et des villes. En [&hellip;]","og_url":"https:\/\/interreg-sudoe.eu\/fr\/moai-labs-un-ejemplo-de-cooperacion-para-mejorar-la-vida-de-los-mayores\/appel-a-candidatures\/","og_site_name":"Interreg Sudoe","article_publisher":"https:\/\/www.facebook.com\/interregsudoe","article_published_time":"2024-10-07T16:23:24+00:00","article_modified_time":"2026-02-12T11:05:40+00:00","og_image":[{"width":1120,"height":660,"url":"https:\/\/interreg-sudoe.eu\/wp-content\/uploads\/2024\/10\/7.png","type":"image\/png"}],"author":"Contenidos","twitter_card":"summary_large_image","twitter_creator":"@Sudoe5","twitter_site":"@Sudoe5","twitter_misc":{"\u00c9crit par":"Contenidos","Dur\u00e9e de lecture estim\u00e9e":"3 minutes"},"schema":{"@context":"https:\/\/schema.org","@graph":[{"@type":"Article","@id":"https:\/\/interreg-sudoe.eu\/fr\/moai-labs-un-ejemplo-de-cooperacion-para-mejorar-la-vida-de-los-mayores\/appel-a-candidatures\/#article","isPartOf":{"@id":"https:\/\/interreg-sudoe.eu\/fr\/moai-labs-un-ejemplo-de-cooperacion-para-mejorar-la-vida-de-los-mayores\/appel-a-candidatures\/"},"author":{"name":"Contenidos","@id":"https:\/\/interreg-sudoe.eu\/fr\/#\/schema\/person\/97db9e89c11fdb84824dff5fec4c96d9"},"headline":"MOAI LABS, un exemple de coop\u00e9ration pour am\u00e9liorer la vie des personnes \u00e2g\u00e9es","datePublished":"2024-10-07T16:23:24+00:00","dateModified":"2026-02-12T11:05:40+00:00","mainEntityOfPage":{"@id":"https:\/\/interreg-sudoe.eu\/fr\/moai-labs-un-ejemplo-de-cooperacion-para-mejorar-la-vida-de-los-mayores\/appel-a-candidatures\/"},"wordCount":701,"publisher":{"@id":"https:\/\/interreg-sudoe.eu\/fr\/#organization"},"image":{"@id":"https:\/\/interreg-sudoe.eu\/fr\/moai-labs-un-ejemplo-de-cooperacion-para-mejorar-la-vida-de-los-mayores\/appel-a-candidatures\/#primaryimage"},"thumbnailUrl":"https:\/\/interreg-sudoe.eu\/wp-content\/uploads\/2024\/10\/7.png","articleSection":["Appel \u00e0 candidatures","Projets Sudoe"],"inLanguage":"fr-FR"},{"@type":"WebPage","@id":"https:\/\/interreg-sudoe.eu\/fr\/moai-labs-un-ejemplo-de-cooperacion-para-mejorar-la-vida-de-los-mayores\/appel-a-candidatures\/","url":"https:\/\/interreg-sudoe.eu\/fr\/moai-labs-un-ejemplo-de-cooperacion-para-mejorar-la-vida-de-los-mayores\/appel-a-candidatures\/","name":"MOAI LABS, un exemple de coop\u00e9ration pour am\u00e9liorer la vie des personnes \u00e2g\u00e9es - Interreg Sudoe","isPartOf":{"@id":"https:\/\/interreg-sudoe.eu\/fr\/#website"},"primaryImageOfPage":{"@id":"https:\/\/interreg-sudoe.eu\/fr\/moai-labs-un-ejemplo-de-cooperacion-para-mejorar-la-vida-de-los-mayores\/appel-a-candidatures\/#primaryimage"},"image":{"@id":"https:\/\/interreg-sudoe.eu\/fr\/moai-labs-un-ejemplo-de-cooperacion-para-mejorar-la-vida-de-los-mayores\/appel-a-candidatures\/#primaryimage"},"thumbnailUrl":"https:\/\/interreg-sudoe.eu\/wp-content\/uploads\/2024\/10\/7.png","datePublished":"2024-10-07T16:23:24+00:00","dateModified":"2026-02-12T11:05:40+00:00","breadcrumb":{"@id":"https:\/\/interreg-sudoe.eu\/fr\/moai-labs-un-ejemplo-de-cooperacion-para-mejorar-la-vida-de-los-mayores\/appel-a-candidatures\/#breadcrumb"},"inLanguage":"fr-FR","potentialAction":[{"@type":"ReadAction","target":["https:\/\/interreg-sudoe.eu\/fr\/moai-labs-un-ejemplo-de-cooperacion-para-mejorar-la-vida-de-los-mayores\/appel-a-candidatures\/"]}]},{"@type":"ImageObject","inLanguage":"fr-FR","@id":"https:\/\/interreg-sudoe.eu\/fr\/moai-labs-un-ejemplo-de-cooperacion-para-mejorar-la-vida-de-los-mayores\/appel-a-candidatures\/#primaryimage","url":"https:\/\/interreg-sudoe.eu\/wp-content\/uploads\/2024\/10\/7.png","contentUrl":"https:\/\/interreg-sudoe.eu\/wp-content\/uploads\/2024\/10\/7.png","width":1120,"height":660},{"@type":"BreadcrumbList","@id":"https:\/\/interreg-sudoe.eu\/fr\/moai-labs-un-ejemplo-de-cooperacion-para-mejorar-la-vida-de-los-mayores\/appel-a-candidatures\/#breadcrumb","itemListElement":[{"@type":"ListItem","position":1,"name":"Home","item":"https:\/\/interreg-sudoe.eu\/fr\/"},{"@type":"ListItem","position":2,"name":"MOAI LABS, un exemple de coop\u00e9ration pour am\u00e9liorer la vie des personnes \u00e2g\u00e9es"}]},{"@type":"WebSite","@id":"https:\/\/interreg-sudoe.eu\/fr\/#website","url":"https:\/\/interreg-sudoe.eu\/fr\/","name":"Interreg Sudoe","description":"Interreg Sudoe","publisher":{"@id":"https:\/\/interreg-sudoe.eu\/fr\/#organization"},"alternateName":"Interreg Sudoe","potentialAction":[{"@type":"SearchAction","target":{"@type":"EntryPoint","urlTemplate":"https:\/\/interreg-sudoe.eu\/fr\/?s={search_term_string}"},"query-input":{"@type":"PropertyValueSpecification","valueRequired":true,"valueName":"search_term_string"}}],"inLanguage":"fr-FR"},{"@type":"Organization","@id":"https:\/\/interreg-sudoe.eu\/fr\/#organization","name":"Interreg Sudoe","alternateName":"Interreg Sudoe","url":"https:\/\/interreg-sudoe.eu\/fr\/","logo":{"@type":"ImageObject","inLanguage":"fr-FR","@id":"https:\/\/interreg-sudoe.eu\/fr\/#\/schema\/logo\/image\/","url":"https:\/\/interreg-sudoe.eu\/wp-content\/uploads\/2024\/03\/logo-interreg.png","contentUrl":"https:\/\/interreg-sudoe.eu\/wp-content\/uploads\/2024\/03\/logo-interreg.png","width":1200,"height":675,"caption":"Interreg Sudoe"},"image":{"@id":"https:\/\/interreg-sudoe.eu\/fr\/#\/schema\/logo\/image\/"},"sameAs":["https:\/\/www.facebook.com\/interregsudoe","https:\/\/x.com\/Sudoe5","https:\/\/www.youtube.com\/channel\/UCeGx2edoB32beRc9dbKA2vw","https:\/\/www.linkedin.com\/company\/interreg-sudoe-programme\/","https:\/\/www.flickr.com\/photos\/148704685@N06\/"]},{"@type":"Person","@id":"https:\/\/interreg-sudoe.eu\/fr\/#\/schema\/person\/97db9e89c11fdb84824dff5fec4c96d9","name":"Contenidos","url":"https:\/\/interreg-sudoe.eu\/fr\/author\/com1\/"}]}},"_links":{"self":[{"href":"https:\/\/interreg-sudoe.eu\/fr\/wp-json\/wp\/v2\/posts\/40693","targetHints":{"allow":["GET"]}}],"collection":[{"href":"https:\/\/interreg-sudoe.eu\/fr\/wp-json\/wp\/v2\/posts"}],"about":[{"href":"https:\/\/interreg-sudoe.eu\/fr\/wp-json\/wp\/v2\/types\/post"}],"author":[{"embeddable":true,"href":"https:\/\/interreg-sudoe.eu\/fr\/wp-json\/wp\/v2\/users\/4333"}],"replies":[{"embeddable":true,"href":"https:\/\/interreg-sudoe.eu\/fr\/wp-json\/wp\/v2\/comments?post=40693"}],"version-history":[{"count":1,"href":"https:\/\/interreg-sudoe.eu\/fr\/wp-json\/wp\/v2\/posts\/40693\/revisions"}],"predecessor-version":[{"id":60750,"href":"https:\/\/interreg-sudoe.eu\/fr\/wp-json\/wp\/v2\/posts\/40693\/revisions\/60750"}],"wp:featuredmedia":[{"embeddable":true,"href":"https:\/\/interreg-sudoe.eu\/fr\/wp-json\/wp\/v2\/media\/40688"}],"wp:attachment":[{"href":"https:\/\/interreg-sudoe.eu\/fr\/wp-json\/wp\/v2\/media?parent=40693"}],"wp:term":[{"taxonomy":"category","embeddable":true,"href":"https:\/\/interreg-sudoe.eu\/fr\/wp-json\/wp\/v2\/categories?post=40693"},{"taxonomy":"post_tag","embeddable":true,"href":"https:\/\/interreg-sudoe.eu\/fr\/wp-json\/wp\/v2\/tags?post=40693"},{"taxonomy":"publicacion--inicio","embeddable":true,"href":"https:\/\/interreg-sudoe.eu\/fr\/wp-json\/wp\/v2\/publicacion--inicio?post=40693"}],"curies":[{"name":"wp","href":"https:\/\/api.w.org\/{rel}","templated":true}]}}