{"id":64454,"date":"2026-04-27T18:06:18","date_gmt":"2026-04-27T16:06:18","guid":{"rendered":"https:\/\/interreg-sudoe.eu\/?p=64454"},"modified":"2026-04-27T18:06:20","modified_gmt":"2026-04-27T16:06:20","slug":"4eme-appel-a-projets-agir-face-aux-incendies-et-au-vieillissement-de-la-population","status":"publish","type":"post","link":"https:\/\/interreg-sudoe.eu\/fr\/4eme-appel-a-projets-agir-face-aux-incendies-et-au-vieillissement-de-la-population\/appel-a-candidatures\/","title":{"rendered":"4\u00e8me appel \u00e0 projets : agir face aux incendies et au vieillissement de la population"},"content":{"rendered":"<p>Le quatri\u00e8me appel \u00e0 projets du programme Interreg Sudoe est en cours de pr\u00e9paration et son lancement est pr\u00e9vu pour le mois de mai 2026.<\/p>\n<p>En attendant la publication du texte officiel de l\u2019appel \u00e0 projets, les premi\u00e8res informations concernant les types de projets attendus sont annonc\u00e9es.<\/p>\n<p>Plus d\u2019informations <a href=\"https:\/\/interreg-sudoe.eu\/fr\/4eme-appel-a-projets\/\" target=\"_blank\" rel=\"noopener\">ici<\/a>.<\/p>\n","protected":false},"excerpt":{"rendered":"<p>Le quatri\u00e8me appel \u00e0 projets du programme Interreg Sudoe est en cours de pr\u00e9paration et son lancement est pr\u00e9vu pour le mois de mai 2026. En attendant la publication du texte officiel de l\u2019appel \u00e0 projets, les premi\u00e8res informations concernant les types de projets attendus sont annonc\u00e9es. Plus d\u2019informations ici.<\/p>\n","protected":false},"author":4334,"featured_media":64451,"comment_status":"closed","ping_status":"closed","sticky":false,"template":"","format":"standard","meta":{"_acf_changed":false,"content-type":"","_monsterinsights_skip_tracking":false,"_monsterinsights_sitenote_active":false,"_monsterinsights_sitenote_note":"","_monsterinsights_sitenote_category":0,"footnotes":""},"categories":[2863],"tags":[],"publicacion--inicio":[3165],"class_list":["post-64454","post","type-post","status-publish","format-standard","has-post-thumbnail","hentry","category-appel-a-candidatures","publicacion--inicio-publicacion-inicio-fr"],"acf":[],"yoast_head":"<!-- This site is optimized with the Yoast SEO plugin v27.4 - https:\/\/yoast.com\/product\/yoast-seo-wordpress\/ -->\n<title>4\u00e8me appel \u00e0 projets : agir face aux incendies et au vieillissement de la population - Interreg Sudoe<\/title>\n<meta name=\"robots\" content=\"index, follow, max-snippet:-1, max-image-preview:large, max-video-preview:-1\" \/>\n<link rel=\"canonical\" href=\"https:\/\/interreg-sudoe.eu\/fr\/4eme-appel-a-projets-agir-face-aux-incendies-et-au-vieillissement-de-la-population\/appel-a-candidatures\/\" \/>\n<meta property=\"og:locale\" content=\"fr_FR\" \/>\n<meta property=\"og:type\" content=\"article\" \/>\n<meta property=\"og:title\" content=\"4\u00e8me appel \u00e0 projets : agir face aux incendies et au vieillissement de la population - Interreg Sudoe\" \/>\n<meta property=\"og:description\" content=\"Le quatri\u00e8me appel \u00e0 projets du programme Interreg Sudoe est en cours de pr\u00e9paration et son lancement est pr\u00e9vu pour le mois de mai 2026. En attendant la publication du texte officiel de l\u2019appel \u00e0 projets, les premi\u00e8res informations concernant les types de projets attendus sont annonc\u00e9es. Plus d\u2019informations ici.\" \/>\n<meta property=\"og:url\" content=\"https:\/\/interreg-sudoe.eu\/fr\/4eme-appel-a-projets-agir-face-aux-incendies-et-au-vieillissement-de-la-population\/appel-a-candidatures\/\" \/>\n<meta property=\"og:site_name\" content=\"Interreg Sudoe\" \/>\n<meta property=\"article:publisher\" content=\"https:\/\/www.facebook.com\/interregsudoe\" \/>\n<meta property=\"article:published_time\" content=\"2026-04-27T16:06:18+00:00\" \/>\n<meta property=\"article:modified_time\" content=\"2026-04-27T16:06:20+00:00\" \/>\n<meta property=\"og:image\" content=\"https:\/\/interreg-sudoe.eu\/wp-content\/uploads\/2026\/04\/noticia_4aC.jpg\" \/>\n\t<meta property=\"og:image:width\" content=\"1280\" \/>\n\t<meta property=\"og:image:height\" content=\"720\" \/>\n\t<meta property=\"og:image:type\" content=\"image\/jpeg\" \/>\n<meta name=\"author\" content=\"isabelle roger\" \/>\n<meta name=\"twitter:card\" content=\"summary_large_image\" \/>\n<meta name=\"twitter:creator\" content=\"@Sudoe5\" \/>\n<meta name=\"twitter:site\" content=\"@Sudoe5\" \/>\n<meta name=\"twitter:label1\" content=\"\u00c9crit par\" \/>\n\t<meta name=\"twitter:data1\" content=\"isabelle roger\" \/>\n\t<meta name=\"twitter:label2\" content=\"Dur\u00e9e de lecture estim\u00e9e\" \/>\n\t<meta name=\"twitter:data2\" content=\"1 minute\" \/>\n<script type=\"application\/ld+json\" class=\"yoast-schema-graph\">{\"@context\":\"https:\\\/\\\/schema.org\",\"@graph\":[{\"@type\":\"Article\",\"@id\":\"https:\\\/\\\/interreg-sudoe.eu\\\/fr\\\/4eme-appel-a-projets-agir-face-aux-incendies-et-au-vieillissement-de-la-population\\\/appel-a-candidatures\\\/#article\",\"isPartOf\":{\"@id\":\"https:\\\/\\\/interreg-sudoe.eu\\\/fr\\\/4eme-appel-a-projets-agir-face-aux-incendies-et-au-vieillissement-de-la-population\\\/appel-a-candidatures\\\/\"},\"author\":{\"name\":\"isabelle roger\",\"@id\":\"https:\\\/\\\/interreg-sudoe.eu\\\/fr\\\/#\\\/schema\\\/person\\\/5debb79d953bf7990cff10c01f710acb\"},\"headline\":\"4\u00e8me appel \u00e0 projets : agir face aux incendies et au vieillissement de la population\",\"datePublished\":\"2026-04-27T16:06:18+00:00\",\"dateModified\":\"2026-04-27T16:06:20+00:00\",\"mainEntityOfPage\":{\"@id\":\"https:\\\/\\\/interreg-sudoe.eu\\\/fr\\\/4eme-appel-a-projets-agir-face-aux-incendies-et-au-vieillissement-de-la-population\\\/appel-a-candidatures\\\/\"},\"wordCount\":67,\"publisher\":{\"@id\":\"https:\\\/\\\/interreg-sudoe.eu\\\/fr\\\/#organization\"},\"image\":{\"@id\":\"https:\\\/\\\/interreg-sudoe.eu\\\/fr\\\/4eme-appel-a-projets-agir-face-aux-incendies-et-au-vieillissement-de-la-population\\\/appel-a-candidatures\\\/#primaryimage\"},\"thumbnailUrl\":\"https:\\\/\\\/interreg-sudoe.eu\\\/wp-content\\\/uploads\\\/2026\\\/04\\\/noticia_4aC.jpg\",\"articleSection\":[\"Appel \u00e0 candidatures\"],\"inLanguage\":\"fr-FR\"},{\"@type\":\"WebPage\",\"@id\":\"https:\\\/\\\/interreg-sudoe.eu\\\/fr\\\/4eme-appel-a-projets-agir-face-aux-incendies-et-au-vieillissement-de-la-population\\\/appel-a-candidatures\\\/\",\"url\":\"https:\\\/\\\/interreg-sudoe.eu\\\/fr\\\/4eme-appel-a-projets-agir-face-aux-incendies-et-au-vieillissement-de-la-population\\\/appel-a-candidatures\\\/\",\"name\":\"4\u00e8me appel \u00e0 projets : agir face aux incendies et au vieillissement de la population - Interreg Sudoe\",\"isPartOf\":{\"@id\":\"https:\\\/\\\/interreg-sudoe.eu\\\/fr\\\/#website\"},\"primaryImageOfPage\":{\"@id\":\"https:\\\/\\\/interreg-sudoe.eu\\\/fr\\\/4eme-appel-a-projets-agir-face-aux-incendies-et-au-vieillissement-de-la-population\\\/appel-a-candidatures\\\/#primaryimage\"},\"image\":{\"@id\":\"https:\\\/\\\/interreg-sudoe.eu\\\/fr\\\/4eme-appel-a-projets-agir-face-aux-incendies-et-au-vieillissement-de-la-population\\\/appel-a-candidatures\\\/#primaryimage\"},\"thumbnailUrl\":\"https:\\\/\\\/interreg-sudoe.eu\\\/wp-content\\\/uploads\\\/2026\\\/04\\\/noticia_4aC.jpg\",\"datePublished\":\"2026-04-27T16:06:18+00:00\",\"dateModified\":\"2026-04-27T16:06:20+00:00\",\"breadcrumb\":{\"@id\":\"https:\\\/\\\/interreg-sudoe.eu\\\/fr\\\/4eme-appel-a-projets-agir-face-aux-incendies-et-au-vieillissement-de-la-population\\\/appel-a-candidatures\\\/#breadcrumb\"},\"inLanguage\":\"fr-FR\",\"potentialAction\":[{\"@type\":\"ReadAction\",\"target\":[\"https:\\\/\\\/interreg-sudoe.eu\\\/fr\\\/4eme-appel-a-projets-agir-face-aux-incendies-et-au-vieillissement-de-la-population\\\/appel-a-candidatures\\\/\"]}]},{\"@type\":\"ImageObject\",\"inLanguage\":\"fr-FR\",\"@id\":\"https:\\\/\\\/interreg-sudoe.eu\\\/fr\\\/4eme-appel-a-projets-agir-face-aux-incendies-et-au-vieillissement-de-la-population\\\/appel-a-candidatures\\\/#primaryimage\",\"url\":\"https:\\\/\\\/interreg-sudoe.eu\\\/wp-content\\\/uploads\\\/2026\\\/04\\\/noticia_4aC.jpg\",\"contentUrl\":\"https:\\\/\\\/interreg-sudoe.eu\\\/wp-content\\\/uploads\\\/2026\\\/04\\\/noticia_4aC.jpg\",\"width\":1280,\"height\":720},{\"@type\":\"BreadcrumbList\",\"@id\":\"https:\\\/\\\/interreg-sudoe.eu\\\/fr\\\/4eme-appel-a-projets-agir-face-aux-incendies-et-au-vieillissement-de-la-population\\\/appel-a-candidatures\\\/#breadcrumb\",\"itemListElement\":[{\"@type\":\"ListItem\",\"position\":1,\"name\":\"Home\",\"item\":\"https:\\\/\\\/interreg-sudoe.eu\\\/fr\\\/\"},{\"@type\":\"ListItem\",\"position\":2,\"name\":\"4\u00e8me appel \u00e0 projets : agir face aux incendies et au vieillissement de la population\"}]},{\"@type\":\"WebSite\",\"@id\":\"https:\\\/\\\/interreg-sudoe.eu\\\/fr\\\/#website\",\"url\":\"https:\\\/\\\/interreg-sudoe.eu\\\/fr\\\/\",\"name\":\"Interreg Sudoe\",\"description\":\"Interreg Sudoe\",\"publisher\":{\"@id\":\"https:\\\/\\\/interreg-sudoe.eu\\\/fr\\\/#organization\"},\"alternateName\":\"Interreg Sudoe\",\"potentialAction\":[{\"@type\":\"SearchAction\",\"target\":{\"@type\":\"EntryPoint\",\"urlTemplate\":\"https:\\\/\\\/interreg-sudoe.eu\\\/fr\\\/?s={search_term_string}\"},\"query-input\":{\"@type\":\"PropertyValueSpecification\",\"valueRequired\":true,\"valueName\":\"search_term_string\"}}],\"inLanguage\":\"fr-FR\"},{\"@type\":\"Organization\",\"@id\":\"https:\\\/\\\/interreg-sudoe.eu\\\/fr\\\/#organization\",\"name\":\"Interreg Sudoe\",\"alternateName\":\"Interreg Sudoe\",\"url\":\"https:\\\/\\\/interreg-sudoe.eu\\\/fr\\\/\",\"logo\":{\"@type\":\"ImageObject\",\"inLanguage\":\"fr-FR\",\"@id\":\"https:\\\/\\\/interreg-sudoe.eu\\\/fr\\\/#\\\/schema\\\/logo\\\/image\\\/\",\"url\":\"https:\\\/\\\/interreg-sudoe.eu\\\/wp-content\\\/uploads\\\/2024\\\/03\\\/logo-interreg.png\",\"contentUrl\":\"https:\\\/\\\/interreg-sudoe.eu\\\/wp-content\\\/uploads\\\/2024\\\/03\\\/logo-interreg.png\",\"width\":1200,\"height\":675,\"caption\":\"Interreg Sudoe\"},\"image\":{\"@id\":\"https:\\\/\\\/interreg-sudoe.eu\\\/fr\\\/#\\\/schema\\\/logo\\\/image\\\/\"},\"sameAs\":[\"https:\\\/\\\/www.facebook.com\\\/interregsudoe\",\"https:\\\/\\\/x.com\\\/Sudoe5\",\"https:\\\/\\\/www.youtube.com\\\/channel\\\/UCeGx2edoB32beRc9dbKA2vw\",\"https:\\\/\\\/www.linkedin.com\\\/company\\\/interreg-sudoe-programme\\\/\",\"https:\\\/\\\/www.flickr.com\\\/photos\\\/148704685@N06\\\/\"]},{\"@type\":\"Person\",\"@id\":\"https:\\\/\\\/interreg-sudoe.eu\\\/fr\\\/#\\\/schema\\\/person\\\/5debb79d953bf7990cff10c01f710acb\",\"name\":\"isabelle roger\",\"url\":\"https:\\\/\\\/interreg-sudoe.eu\\\/fr\\\/author\\\/isabelle_roger-2\\\/\"}]}<\/script>\n<!-- \/ Yoast SEO plugin. -->","yoast_head_json":{"title":"4\u00e8me appel \u00e0 projets : agir face aux incendies et au vieillissement de la population - Interreg Sudoe","robots":{"index":"index","follow":"follow","max-snippet":"max-snippet:-1","max-image-preview":"max-image-preview:large","max-video-preview":"max-video-preview:-1"},"canonical":"https:\/\/interreg-sudoe.eu\/fr\/4eme-appel-a-projets-agir-face-aux-incendies-et-au-vieillissement-de-la-population\/appel-a-candidatures\/","og_locale":"fr_FR","og_type":"article","og_title":"4\u00e8me appel \u00e0 projets : agir face aux incendies et au vieillissement de la population - Interreg Sudoe","og_description":"Le quatri\u00e8me appel \u00e0 projets du programme Interreg Sudoe est en cours de pr\u00e9paration et son lancement est pr\u00e9vu pour le mois de mai 2026. En attendant la publication du texte officiel de l\u2019appel \u00e0 projets, les premi\u00e8res informations concernant les types de projets attendus sont annonc\u00e9es. Plus d\u2019informations ici.","og_url":"https:\/\/interreg-sudoe.eu\/fr\/4eme-appel-a-projets-agir-face-aux-incendies-et-au-vieillissement-de-la-population\/appel-a-candidatures\/","og_site_name":"Interreg Sudoe","article_publisher":"https:\/\/www.facebook.com\/interregsudoe","article_published_time":"2026-04-27T16:06:18+00:00","article_modified_time":"2026-04-27T16:06:20+00:00","og_image":[{"width":1280,"height":720,"url":"https:\/\/interreg-sudoe.eu\/wp-content\/uploads\/2026\/04\/noticia_4aC.jpg","type":"image\/jpeg"}],"author":"isabelle roger","twitter_card":"summary_large_image","twitter_creator":"@Sudoe5","twitter_site":"@Sudoe5","twitter_misc":{"\u00c9crit par":"isabelle roger","Dur\u00e9e de lecture estim\u00e9e":"1 minute"},"schema":{"@context":"https:\/\/schema.org","@graph":[{"@type":"Article","@id":"https:\/\/interreg-sudoe.eu\/fr\/4eme-appel-a-projets-agir-face-aux-incendies-et-au-vieillissement-de-la-population\/appel-a-candidatures\/#article","isPartOf":{"@id":"https:\/\/interreg-sudoe.eu\/fr\/4eme-appel-a-projets-agir-face-aux-incendies-et-au-vieillissement-de-la-population\/appel-a-candidatures\/"},"author":{"name":"isabelle roger","@id":"https:\/\/interreg-sudoe.eu\/fr\/#\/schema\/person\/5debb79d953bf7990cff10c01f710acb"},"headline":"4\u00e8me appel \u00e0 projets : agir face aux incendies et au vieillissement de la population","datePublished":"2026-04-27T16:06:18+00:00","dateModified":"2026-04-27T16:06:20+00:00","mainEntityOfPage":{"@id":"https:\/\/interreg-sudoe.eu\/fr\/4eme-appel-a-projets-agir-face-aux-incendies-et-au-vieillissement-de-la-population\/appel-a-candidatures\/"},"wordCount":67,"publisher":{"@id":"https:\/\/interreg-sudoe.eu\/fr\/#organization"},"image":{"@id":"https:\/\/interreg-sudoe.eu\/fr\/4eme-appel-a-projets-agir-face-aux-incendies-et-au-vieillissement-de-la-population\/appel-a-candidatures\/#primaryimage"},"thumbnailUrl":"https:\/\/interreg-sudoe.eu\/wp-content\/uploads\/2026\/04\/noticia_4aC.jpg","articleSection":["Appel \u00e0 candidatures"],"inLanguage":"fr-FR"},{"@type":"WebPage","@id":"https:\/\/interreg-sudoe.eu\/fr\/4eme-appel-a-projets-agir-face-aux-incendies-et-au-vieillissement-de-la-population\/appel-a-candidatures\/","url":"https:\/\/interreg-sudoe.eu\/fr\/4eme-appel-a-projets-agir-face-aux-incendies-et-au-vieillissement-de-la-population\/appel-a-candidatures\/","name":"4\u00e8me appel \u00e0 projets : agir face aux incendies et au vieillissement de la population - Interreg Sudoe","isPartOf":{"@id":"https:\/\/interreg-sudoe.eu\/fr\/#website"},"primaryImageOfPage":{"@id":"https:\/\/interreg-sudoe.eu\/fr\/4eme-appel-a-projets-agir-face-aux-incendies-et-au-vieillissement-de-la-population\/appel-a-candidatures\/#primaryimage"},"image":{"@id":"https:\/\/interreg-sudoe.eu\/fr\/4eme-appel-a-projets-agir-face-aux-incendies-et-au-vieillissement-de-la-population\/appel-a-candidatures\/#primaryimage"},"thumbnailUrl":"https:\/\/interreg-sudoe.eu\/wp-content\/uploads\/2026\/04\/noticia_4aC.jpg","datePublished":"2026-04-27T16:06:18+00:00","dateModified":"2026-04-27T16:06:20+00:00","breadcrumb":{"@id":"https:\/\/interreg-sudoe.eu\/fr\/4eme-appel-a-projets-agir-face-aux-incendies-et-au-vieillissement-de-la-population\/appel-a-candidatures\/#breadcrumb"},"inLanguage":"fr-FR","potentialAction":[{"@type":"ReadAction","target":["https:\/\/interreg-sudoe.eu\/fr\/4eme-appel-a-projets-agir-face-aux-incendies-et-au-vieillissement-de-la-population\/appel-a-candidatures\/"]}]},{"@type":"ImageObject","inLanguage":"fr-FR","@id":"https:\/\/interreg-sudoe.eu\/fr\/4eme-appel-a-projets-agir-face-aux-incendies-et-au-vieillissement-de-la-population\/appel-a-candidatures\/#primaryimage","url":"https:\/\/interreg-sudoe.eu\/wp-content\/uploads\/2026\/04\/noticia_4aC.jpg","contentUrl":"https:\/\/interreg-sudoe.eu\/wp-content\/uploads\/2026\/04\/noticia_4aC.jpg","width":1280,"height":720},{"@type":"BreadcrumbList","@id":"https:\/\/interreg-sudoe.eu\/fr\/4eme-appel-a-projets-agir-face-aux-incendies-et-au-vieillissement-de-la-population\/appel-a-candidatures\/#breadcrumb","itemListElement":[{"@type":"ListItem","position":1,"name":"Home","item":"https:\/\/interreg-sudoe.eu\/fr\/"},{"@type":"ListItem","position":2,"name":"4\u00e8me appel \u00e0 projets : agir face aux incendies et au vieillissement de la population"}]},{"@type":"WebSite","@id":"https:\/\/interreg-sudoe.eu\/fr\/#website","url":"https:\/\/interreg-sudoe.eu\/fr\/","name":"Interreg Sudoe","description":"Interreg Sudoe","publisher":{"@id":"https:\/\/interreg-sudoe.eu\/fr\/#organization"},"alternateName":"Interreg Sudoe","potentialAction":[{"@type":"SearchAction","target":{"@type":"EntryPoint","urlTemplate":"https:\/\/interreg-sudoe.eu\/fr\/?s={search_term_string}"},"query-input":{"@type":"PropertyValueSpecification","valueRequired":true,"valueName":"search_term_string"}}],"inLanguage":"fr-FR"},{"@type":"Organization","@id":"https:\/\/interreg-sudoe.eu\/fr\/#organization","name":"Interreg Sudoe","alternateName":"Interreg Sudoe","url":"https:\/\/interreg-sudoe.eu\/fr\/","logo":{"@type":"ImageObject","inLanguage":"fr-FR","@id":"https:\/\/interreg-sudoe.eu\/fr\/#\/schema\/logo\/image\/","url":"https:\/\/interreg-sudoe.eu\/wp-content\/uploads\/2024\/03\/logo-interreg.png","contentUrl":"https:\/\/interreg-sudoe.eu\/wp-content\/uploads\/2024\/03\/logo-interreg.png","width":1200,"height":675,"caption":"Interreg Sudoe"},"image":{"@id":"https:\/\/interreg-sudoe.eu\/fr\/#\/schema\/logo\/image\/"},"sameAs":["https:\/\/www.facebook.com\/interregsudoe","https:\/\/x.com\/Sudoe5","https:\/\/www.youtube.com\/channel\/UCeGx2edoB32beRc9dbKA2vw","https:\/\/www.linkedin.com\/company\/interreg-sudoe-programme\/","https:\/\/www.flickr.com\/photos\/148704685@N06\/"]},{"@type":"Person","@id":"https:\/\/interreg-sudoe.eu\/fr\/#\/schema\/person\/5debb79d953bf7990cff10c01f710acb","name":"isabelle roger","url":"https:\/\/interreg-sudoe.eu\/fr\/author\/isabelle_roger-2\/"}]}},"_links":{"self":[{"href":"https:\/\/interreg-sudoe.eu\/fr\/wp-json\/wp\/v2\/posts\/64454","targetHints":{"allow":["GET"]}}],"collection":[{"href":"https:\/\/interreg-sudoe.eu\/fr\/wp-json\/wp\/v2\/posts"}],"about":[{"href":"https:\/\/interreg-sudoe.eu\/fr\/wp-json\/wp\/v2\/types\/post"}],"author":[{"embeddable":true,"href":"https:\/\/interreg-sudoe.eu\/fr\/wp-json\/wp\/v2\/users\/4334"}],"replies":[{"embeddable":true,"href":"https:\/\/interreg-sudoe.eu\/fr\/wp-json\/wp\/v2\/comments?post=64454"}],"version-history":[{"count":2,"href":"https:\/\/interreg-sudoe.eu\/fr\/wp-json\/wp\/v2\/posts\/64454\/revisions"}],"predecessor-version":[{"id":64691,"href":"https:\/\/interreg-sudoe.eu\/fr\/wp-json\/wp\/v2\/posts\/64454\/revisions\/64691"}],"wp:featuredmedia":[{"embeddable":true,"href":"https:\/\/interreg-sudoe.eu\/fr\/wp-json\/wp\/v2\/media\/64451"}],"wp:attachment":[{"href":"https:\/\/interreg-sudoe.eu\/fr\/wp-json\/wp\/v2\/media?parent=64454"}],"wp:term":[{"taxonomy":"category","embeddable":true,"href":"https:\/\/interreg-sudoe.eu\/fr\/wp-json\/wp\/v2\/categories?post=64454"},{"taxonomy":"post_tag","embeddable":true,"href":"https:\/\/interreg-sudoe.eu\/fr\/wp-json\/wp\/v2\/tags?post=64454"},{"taxonomy":"publicacion--inicio","embeddable":true,"href":"https:\/\/interreg-sudoe.eu\/fr\/wp-json\/wp\/v2\/publicacion--inicio?post=64454"}],"curies":[{"name":"wp","href":"https:\/\/api.w.org\/{rel}","templated":true}]}}