{"id":65090,"date":"2026-04-30T11:44:46","date_gmt":"2026-04-30T09:44:46","guid":{"rendered":"https:\/\/interreg-sudoe.eu\/?p=65090"},"modified":"2026-04-30T11:44:48","modified_gmt":"2026-04-30T09:44:48","slug":"2eme-edition-des-prix-fonds-europeens-au-portugal-les-projets-sudoe-peuvent-participer","status":"publish","type":"post","link":"https:\/\/interreg-sudoe.eu\/fr\/2eme-edition-des-prix-fonds-europeens-au-portugal-les-projets-sudoe-peuvent-participer\/general-fr\/","title":{"rendered":"2\u00e8me \u00e9dition des prix Fonds europ\u00e9ens au Portugal: les projets Sudoe peuvent participer!"},"content":{"rendered":"\t\t<div data-elementor-type=\"wp-post\" data-elementor-id=\"65090\" class=\"elementor elementor-65090 elementor-65021\" data-elementor-post-type=\"post\">\n\t\t\t\t<div class=\"elementor-element elementor-element-45514f5 e-flex e-con-boxed e-con e-parent\" data-id=\"45514f5\" data-element_type=\"container\" data-e-type=\"container\" data-settings=\"{&quot;jet_parallax_layout_list&quot;:[]}\">\n\t\t\t\t\t<div class=\"e-con-inner\">\n\t\t\t\t<div class=\"elementor-element elementor-element-1b7aabe elementor-widget elementor-widget-text-editor\" data-id=\"1b7aabe\" data-element_type=\"widget\" data-e-type=\"widget\" data-widget_type=\"text-editor.default\">\n\t\t\t\t\t\t\t\t\t<p>Les projets cofinanc\u00e9s par le programme Interreg Sudoe ont l&rsquo;opportunit\u00e9 de concourir aux \u00ab <a href=\"https:\/\/www.premiosdosfundoseuropeus.pt\/\" target=\"_blank\" rel=\"noopener\">Pr\u00e9mios dos Fundos Europeus<\/a> \u00bb (Prix des Fonds Europ\u00e9ens), une comp\u00e9tition portugaise qui r\u00e9compense l&rsquo;excellence et l&rsquo;impact des projets soutenus par les fonds europ\u00e9ens.<\/p>\t\t\t\t\t\t\t\t<\/div>\n\t\t\t\t<div class=\"elementor-element elementor-element-b02e560 elementor-widget elementor-widget-text-editor\" data-id=\"b02e560\" data-element_type=\"widget\" data-e-type=\"widget\" data-widget_type=\"text-editor.default\">\n\t\t\t\t\t\t\t\t\t<p><strong>Qu&rsquo;est-ce que les Prix des Fonds Europ\u00e9ens ?<\/strong><\/p>\t\t\t\t\t\t\t\t<\/div>\n\t\t\t\t<div class=\"elementor-element elementor-element-1c1d373 elementor-widget elementor-widget-text-editor\" data-id=\"1c1d373\" data-element_type=\"widget\" data-e-type=\"widget\" data-widget_type=\"text-editor.default\">\n\t\t\t\t\t\t\t\t\t<p>Les Pr\u00e9mios dos Fundos Europeus sont une initiative promue par la <a href=\"https:\/\/www.adcoesao.pt\/\" target=\"_blank\" rel=\"noopener\">Agencia para el Desarrollo y la Cohesi\u00f3n (AD&amp;C, Portugal)<\/a> dans le cadre du R\u00e9seau de Communication du Portugal 2030. Leur objectif est de mettre en lumi\u00e8re des projets cofinanc\u00e9s par l&rsquo;Union europ\u00e9enne ayant d\u00e9montr\u00e9 un impact concret sur le d\u00e9veloppement social, \u00e9conomique et environnemental des territoires concern\u00e9s et de valoriser la contribution des fonds europ\u00e9ens aupr\u00e8s du grand public.<\/p><p><span style=\"color: #003399;\"><strong>Pour leur 2\u00e8me \u00e9dition, la comp\u00e9tition s&rsquo;ouvre aux projets de Coop\u00e9ration Territoriale Europ\u00e9enne, dans la cat\u00e9gorie d\u00e9di\u00e9e \u00ab Portugal + Coopera\u00e7\u00e3o Territorial Europeia \u00bb.<\/strong><\/span><\/p>\t\t\t\t\t\t\t\t<\/div>\n\t\t\t\t<div class=\"elementor-element elementor-element-26c03f4 elementor-widget elementor-widget-text-editor\" data-id=\"26c03f4\" data-element_type=\"widget\" data-e-type=\"widget\" data-widget_type=\"text-editor.default\">\n\t\t\t\t\t\t\t\t\t<p><strong>Quels projets Sudoe peuvent participer ?<\/strong><\/p>\t\t\t\t\t\t\t\t<\/div>\n\t\t\t\t<div class=\"elementor-element elementor-element-1c871f7 elementor-widget elementor-widget-text-editor\" data-id=\"1c871f7\" data-element_type=\"widget\" data-e-type=\"widget\" data-widget_type=\"text-editor.default\">\n\t\t\t\t\t\t\t\t\t<p>Pour les projets du programme Interreg Sudoe, <strong>seuls les projets issus de la programmation 2014-2020 sont \u00e9ligibles<\/strong> \u00e0 cette \u00e9dition. En effet, le r\u00e8glement pr\u00e9voit que les projets candidats doivent \u00eatre physiquement et financi\u00e8rement achev\u00e9s, avoir r\u00e9alis\u00e9 l&rsquo;ensemble des activit\u00e9s pr\u00e9vues et avoir re\u00e7u le paiement final de leur contribution financi\u00e8re<\/p><p>Les projets Sudoe 2021-2027 \u00e9tant encore en cours d&rsquo;ex\u00e9cution ne remplissent pas ces conditions \u00e0 ce stade.<\/p><p><strong>Ce que le formulaire de candidature doit d\u00e9montrer<\/strong><\/p><p>La candidature doit \u00eatre soumise par le ou les b\u00e9n\u00e9ficiaire(s) portugais du projet (chef de file ou b\u00e9n\u00e9ficiaires si le chef de file n&rsquo;est pas portugais). Seuls les projets comptant au moins un b\u00e9n\u00e9ficiaire portugais sont recevables.<\/p><p>Le formulaire de candidature exige notamment une description pr\u00e9cise des impacts et r\u00e9sultats du projet, document\u00e9s par des indicateurs quantitatifs et\/ou qualitatifs. Dans le cadre de cette cat\u00e9gorie, il est imp\u00e9ratif de d\u00e9montrer l&rsquo;impact concret du projet sur le territoire portugais : les projets candidats devront mettre en \u00e9vidence les changements g\u00e9n\u00e9r\u00e9s au Portugal, les publics touch\u00e9s et la valeur ajout\u00e9e produite sur le territoire national.<\/p><p>Les crit\u00e8res d&rsquo;\u00e9valuation retenus par le jury sont :<\/p><ul><li>la coh\u00e9sion;\u00a0<\/li><li>l&rsquo;impact;<\/li><li>l&rsquo;innovation;<\/li><li>la durabilit\u00e9;<\/li><li>l&rsquo;implication de la communaut\u00e9;\u00a0<\/li><li>la transf\u00e9rabilit\u00e9.<\/li><\/ul>\t\t\t\t\t\t\t\t<\/div>\n\t\t\t\t\t<\/div>\n\t\t\t\t<\/div>\n\t\t<div class=\"elementor-element elementor-element-2a60f93 e-flex e-con-boxed e-con e-parent\" data-id=\"2a60f93\" data-element_type=\"container\" data-e-type=\"container\" data-settings=\"{&quot;jet_parallax_layout_list&quot;:[]}\">\n\t\t\t\t\t<div class=\"e-con-inner\">\n\t\t\t\t<div class=\"elementor-element elementor-element-77ca99b elementor-widget elementor-widget-text-editor\" data-id=\"77ca99b\" data-element_type=\"widget\" data-e-type=\"widget\" data-widget_type=\"text-editor.default\">\n\t\t\t\t\t\t\t\t\t<p><strong>Vous souhaitez participer? Voici le calendrier \u00e0 suivre :\u00a0<\/strong><\/p>\t\t\t\t\t\t\t\t<\/div>\n\t\t\t\t<div class=\"elementor-element elementor-element-9765b70 elementor-widget elementor-widget-jet-timeline\" data-id=\"9765b70\" data-element_type=\"widget\" data-e-type=\"widget\" data-widget_type=\"jet-timeline.default\">\n\t\t\t\t<div class=\"elementor-widget-container\">\n\t\t\t\t\t<div class=\"elementor-jet-timeline jet-elements\"><div class=\"jet-timeline jet-timeline--align-center jet-timeline--align-middle\">\n\t<div class=\"jet-timeline__line\"><div class=\"jet-timeline__line-progress\"><\/div><\/div>\n\t<div class=\"jet-timeline-list\"><div class=\"jet-timeline-item  elementor-repeater-item-fe1a65b jet-timeline-item--image-inside\">\n\t<div class=\"timeline-item__card\">\n\t\t<div class=\"timeline-item__card-inner\">\n\t\t\t\t\t\t\t\t<div class=\"timeline-item__card-content\">\n\t\t\t\t\t<div class=\"timeline-item__meta\"><div class=\"timeline-item__meta-content\">17 avril 2026<\/div><\/div><h5 class=\"timeline-item__card-title\">Ouverture des candidatures<\/h5><div class=\"timeline-item__card-desc\"><p>Consultez le site Internet du concours \"Pr\u00e9mios Fundos Europeus\" <a href=\"https:\/\/www.premiosdosfundoseuropeus.pt\" target=\"_blank\" rel=\"noopener\">https:\/\/www.premiosdosfundoseuropeus.pt<\/a>\u00a0o\u00f9 vous trouverez:\u00a0<\/p><ul><li>le r\u00e9glement;\u00a0<\/li><li>le formulaire de candidature;\u00a0<\/li><li>une FAQ.<\/li><\/ul><\/div>\t\t\t\t<\/div>\n\t\t\t\t\t\t<\/div>\n\t\t<div class=\"timeline-item__card-arrow\"><\/div>\n\t<\/div>\n\t<div class=\"timeline-item__point\"><div class=\"timeline-item__point-content timeline-item__point-content--icon\"><span class=\"jet-elements-icon\"><svg aria-hidden=\"true\" class=\"e-font-icon-svg e-fas-calendar-alt\" viewBox=\"0 0 448 512\" xmlns=\"http:\/\/www.w3.org\/2000\/svg\"><path d=\"M0 464c0 26.5 21.5 48 48 48h352c26.5 0 48-21.5 48-48V192H0v272zm320-196c0-6.6 5.4-12 12-12h40c6.6 0 12 5.4 12 12v40c0 6.6-5.4 12-12 12h-40c-6.6 0-12-5.4-12-12v-40zm0 128c0-6.6 5.4-12 12-12h40c6.6 0 12 5.4 12 12v40c0 6.6-5.4 12-12 12h-40c-6.6 0-12-5.4-12-12v-40zM192 268c0-6.6 5.4-12 12-12h40c6.6 0 12 5.4 12 12v40c0 6.6-5.4 12-12 12h-40c-6.6 0-12-5.4-12-12v-40zm0 128c0-6.6 5.4-12 12-12h40c6.6 0 12 5.4 12 12v40c0 6.6-5.4 12-12 12h-40c-6.6 0-12-5.4-12-12v-40zM64 268c0-6.6 5.4-12 12-12h40c6.6 0 12 5.4 12 12v40c0 6.6-5.4 12-12 12H76c-6.6 0-12-5.4-12-12v-40zm0 128c0-6.6 5.4-12 12-12h40c6.6 0 12 5.4 12 12v40c0 6.6-5.4 12-12 12H76c-6.6 0-12-5.4-12-12v-40zM400 64h-48V16c0-8.8-7.2-16-16-16h-32c-8.8 0-16 7.2-16 16v48H160V16c0-8.8-7.2-16-16-16h-32c-8.8 0-16 7.2-16 16v48H48C21.5 64 0 85.5 0 112v48h448v-48c0-26.5-21.5-48-48-48z\"><\/path><\/svg><\/span><\/div><\/div><div class=\"timeline-item__meta\"><div class=\"timeline-item__meta-content\">17 avril 2026<\/div><\/div><\/div><div class=\"jet-timeline-item  elementor-repeater-item-a5af978 jet-timeline-item--image-inside\">\n\t<div class=\"timeline-item__card\">\n\t\t<div class=\"timeline-item__card-inner\">\n\t\t\t\t\t\t\t\t<div class=\"timeline-item__card-content\">\n\t\t\t\t\t<div class=\"timeline-item__meta\"><div class=\"timeline-item__meta-content\">17 juillet 2026<\/div><\/div><h5 class=\"timeline-item__card-title\">Cl\u00f4ture des candidatures<\/h5><div class=\"timeline-item__card-desc\"><p>Votre candidature doit \u00eatre soumise au moyen du <a href=\"https:\/\/www.premiosdosfundoseuropeus.pt\/#candidatura\" target=\"_blank\" rel=\"noopener\">formulaire<\/a> pr\u00e9vu \u00e0 cet effet avante le 17 juillet \u00e0\u00a0 23:59:59 (heure Portugal continental). Les candidatures doivent \u00eatre pr\u00e9sent\u00e9es en langue portugaise.\u00a0<\/p><\/div>\t\t\t\t<\/div>\n\t\t\t\t\t\t<\/div>\n\t\t<div class=\"timeline-item__card-arrow\"><\/div>\n\t<\/div>\n\t<div class=\"timeline-item__point\"><div class=\"timeline-item__point-content timeline-item__point-content--icon\"><span class=\"jet-elements-icon\"><svg aria-hidden=\"true\" class=\"e-font-icon-svg e-fas-calendar-check\" viewBox=\"0 0 448 512\" xmlns=\"http:\/\/www.w3.org\/2000\/svg\"><path d=\"M436 160H12c-6.627 0-12-5.373-12-12v-36c0-26.51 21.49-48 48-48h48V12c0-6.627 5.373-12 12-12h40c6.627 0 12 5.373 12 12v52h128V12c0-6.627 5.373-12 12-12h40c6.627 0 12 5.373 12 12v52h48c26.51 0 48 21.49 48 48v36c0 6.627-5.373 12-12 12zM12 192h424c6.627 0 12 5.373 12 12v260c0 26.51-21.49 48-48 48H48c-26.51 0-48-21.49-48-48V204c0-6.627 5.373-12 12-12zm333.296 95.947l-28.169-28.398c-4.667-4.705-12.265-4.736-16.97-.068L194.12 364.665l-45.98-46.352c-4.667-4.705-12.266-4.736-16.971-.068l-28.397 28.17c-4.705 4.667-4.736 12.265-.068 16.97l82.601 83.269c4.667 4.705 12.265 4.736 16.97.068l142.953-141.805c4.705-4.667 4.736-12.265.068-16.97z\"><\/path><\/svg><\/span><\/div><\/div><div class=\"timeline-item__meta\"><div class=\"timeline-item__meta-content\">17 juillet 2026<\/div><\/div><\/div><div class=\"jet-timeline-item  elementor-repeater-item-4af5d22 jet-timeline-item--image-inside\">\n\t<div class=\"timeline-item__card\">\n\t\t<div class=\"timeline-item__card-inner\">\n\t\t\t\t\t\t\t\t<div class=\"timeline-item__card-content\">\n\t\t\t\t\t<div class=\"timeline-item__meta\"><div class=\"timeline-item__meta-content\">30 septembre 2026<\/div><\/div><h5 class=\"timeline-item__card-title\">Annonce des finalistes<\/h5><div class=\"timeline-item__card-desc\"><p>La liste des finalistes de chaque cat\u00e9gorie ouverte sera publi\u00e9e le 30 septembre.<\/p><\/div>\t\t\t\t<\/div>\n\t\t\t\t\t\t<\/div>\n\t\t<div class=\"timeline-item__card-arrow\"><\/div>\n\t<\/div>\n\t<div class=\"timeline-item__point\"><div class=\"timeline-item__point-content timeline-item__point-content--icon\"><span class=\"jet-elements-icon\"><svg aria-hidden=\"true\" class=\"e-font-icon-svg e-fas-bullhorn\" viewBox=\"0 0 576 512\" xmlns=\"http:\/\/www.w3.org\/2000\/svg\"><path d=\"M576 240c0-23.63-12.95-44.04-32-55.12V32.01C544 23.26 537.02 0 512 0c-7.12 0-14.19 2.38-19.98 7.02l-85.03 68.03C364.28 109.19 310.66 128 256 128H64c-35.35 0-64 28.65-64 64v96c0 35.35 28.65 64 64 64h33.7c-1.39 10.48-2.18 21.14-2.18 32 0 39.77 9.26 77.35 25.56 110.94 5.19 10.69 16.52 17.06 28.4 17.06h74.28c26.05 0 41.69-29.84 25.9-50.56-16.4-21.52-26.15-48.36-26.15-77.44 0-11.11 1.62-21.79 4.41-32H256c54.66 0 108.28 18.81 150.98 52.95l85.03 68.03a32.023 32.023 0 0 0 19.98 7.02c24.92 0 32-22.78 32-32V295.13C563.05 284.04 576 263.63 576 240zm-96 141.42l-33.05-26.44C392.95 311.78 325.12 288 256 288v-96c69.12 0 136.95-23.78 190.95-66.98L480 98.58v282.84z\"><\/path><\/svg><\/span><\/div><\/div><div class=\"timeline-item__meta\"><div class=\"timeline-item__meta-content\">30 septembre 2026<\/div><\/div><\/div><div class=\"jet-timeline-item  elementor-repeater-item-e4fe888 jet-timeline-item--image-inside\">\n\t<div class=\"timeline-item__card\">\n\t\t<div class=\"timeline-item__card-inner\">\n\t\t\t\t\t\t\t\t<div class=\"timeline-item__card-content\">\n\t\t\t\t\t<div class=\"timeline-item__meta\"><div class=\"timeline-item__meta-content\">30 septembre - veille de la c\u00e9r\u00e9monie<\/div><\/div><h5 class=\"timeline-item__card-title\">Vote du public<\/h5><div class=\"timeline-item__card-desc\"><p>Une fois la liste des finalistes publi\u00e9e, le vote de la cat\u00e9gorie \"S\u00e9lection du public\" sera ouvert. Ce vote se cl\u00f4turera la veille de la remise des prix.\u00a0<\/p><\/div>\t\t\t\t<\/div>\n\t\t\t\t\t\t<\/div>\n\t\t<div class=\"timeline-item__card-arrow\"><\/div>\n\t<\/div>\n\t<div class=\"timeline-item__point\"><div class=\"timeline-item__point-content timeline-item__point-content--icon\"><span class=\"jet-elements-icon\"><svg aria-hidden=\"true\" class=\"e-font-icon-svg e-fas-comments\" viewBox=\"0 0 576 512\" xmlns=\"http:\/\/www.w3.org\/2000\/svg\"><path d=\"M416 192c0-88.4-93.1-160-208-160S0 103.6 0 192c0 34.3 14.1 65.9 38 92-13.4 30.2-35.5 54.2-35.8 54.5-2.2 2.3-2.8 5.7-1.5 8.7S4.8 352 8 352c36.6 0 66.9-12.3 88.7-25 32.2 15.7 70.3 25 111.3 25 114.9 0 208-71.6 208-160zm122 220c23.9-26 38-57.7 38-92 0-66.9-53.5-124.2-129.3-148.1.9 6.6 1.3 13.3 1.3 20.1 0 105.9-107.7 192-240 192-10.8 0-21.3-.8-31.7-1.9C207.8 439.6 281.8 480 368 480c41 0 79.1-9.2 111.3-25 21.8 12.7 52.1 25 88.7 25 3.2 0 6.1-1.9 7.3-4.8 1.3-2.9.7-6.3-1.5-8.7-.3-.3-22.4-24.2-35.8-54.5z\"><\/path><\/svg><\/span><\/div><\/div><div class=\"timeline-item__meta\"><div class=\"timeline-item__meta-content\">30 septembre - veille de la c\u00e9r\u00e9monie<\/div><\/div><\/div><div class=\"jet-timeline-item  elementor-repeater-item-dd02839 jet-timeline-item--image-inside\">\n\t<div class=\"timeline-item__card\">\n\t\t<div class=\"timeline-item__card-inner\">\n\t\t\t\t\t\t\t\t<div class=\"timeline-item__card-content\">\n\t\t\t\t\t<div class=\"timeline-item__meta\"><div class=\"timeline-item__meta-content\">novembre 2026<\/div><\/div><h5 class=\"timeline-item__card-title\">Remise des prix<\/h5><div class=\"timeline-item__card-desc\"><p>Les finalistes devront r\u00e9aliser un <em>pitch<\/em> pour pr\u00e9senter leur projet durant la c\u00e9r\u00e9monie de remise des prix. Cette pr\u00e9sentation devra \u00eatre r\u00e9alis\u00e9e par un b\u00e9n\u00e9ficiaire portugais du projet finaliste.\u00a0<\/p><\/div>\t\t\t\t<\/div>\n\t\t\t\t\t\t<\/div>\n\t\t<div class=\"timeline-item__card-arrow\"><\/div>\n\t<\/div>\n\t<div class=\"timeline-item__point\"><div class=\"timeline-item__point-content timeline-item__point-content--icon\"><span class=\"jet-elements-icon\"><svg aria-hidden=\"true\" class=\"e-font-icon-svg e-fas-trophy\" viewBox=\"0 0 576 512\" xmlns=\"http:\/\/www.w3.org\/2000\/svg\"><path d=\"M552 64H448V24c0-13.3-10.7-24-24-24H152c-13.3 0-24 10.7-24 24v40H24C10.7 64 0 74.7 0 88v56c0 35.7 22.5 72.4 61.9 100.7 31.5 22.7 69.8 37.1 110 41.7C203.3 338.5 240 360 240 360v72h-48c-35.3 0-64 20.7-64 56v12c0 6.6 5.4 12 12 12h296c6.6 0 12-5.4 12-12v-12c0-35.3-28.7-56-64-56h-48v-72s36.7-21.5 68.1-73.6c40.3-4.6 78.6-19 110-41.7 39.3-28.3 61.9-65 61.9-100.7V88c0-13.3-10.7-24-24-24zM99.3 192.8C74.9 175.2 64 155.6 64 144v-16h64.2c1 32.6 5.8 61.2 12.8 86.2-15.1-5.2-29.2-12.4-41.7-21.4zM512 144c0 16.1-17.7 36.1-35.3 48.8-12.5 9-26.7 16.2-41.8 21.4 7-25 11.8-53.6 12.8-86.2H512v16z\"><\/path><\/svg><\/span><\/div><\/div><div class=\"timeline-item__meta\"><div class=\"timeline-item__meta-content\">novembre 2026<\/div><\/div><\/div><\/div><\/div><\/div>\t\t\t\t<\/div>\n\t\t\t\t<\/div>\n\t\t\t\t\t<\/div>\n\t\t\t\t<\/div>\n\t\t<div class=\"elementor-element elementor-element-bb9c36f e-flex e-con-boxed e-con e-parent\" data-id=\"bb9c36f\" data-element_type=\"container\" data-e-type=\"container\" data-settings=\"{&quot;jet_parallax_layout_list&quot;:[]}\">\n\t\t\t\t\t<div class=\"e-con-inner\">\n\t\t\t\t<div class=\"elementor-element elementor-element-a01a966 elementor-widget elementor-widget-text-editor\" data-id=\"a01a966\" data-element_type=\"widget\" data-e-type=\"widget\" data-widget_type=\"text-editor.default\">\n\t\t\t\t\t\t\t\t\t<p><strong>Vous vous lancez pour pr\u00e9senter votre projet?<\/strong><\/p>\t\t\t\t\t\t\t\t<\/div>\n\t\t\t\t<div class=\"elementor-element elementor-element-d4c50c3 elementor-widget elementor-widget-text-editor\" data-id=\"d4c50c3\" data-element_type=\"widget\" data-e-type=\"widget\" data-widget_type=\"text-editor.default\">\n\t\t\t\t\t\t\t\t\t<p>Contactez le secr\u00e9tariat conjoint Sudoe (<a href=\"mailto:com@interreg-sudoe.eu\" target=\"_blank\" rel=\"noopener\">com@interreg-sudoe.eu<\/a>) et nous vous aiderons \u00e0 pr\u00e9parer votre candidature. De plus, chaque candidature doit \u00eatre accompagn\u00e9e d&rsquo;une lettre de l&rsquo;autorit\u00e9 de gestion.\u00a0<\/p>\t\t\t\t\t\t\t\t<\/div>\n\t\t\t\t<div class=\"elementor-element elementor-element-5480d6f elementor-widget elementor-widget-jet-animated-text\" data-id=\"5480d6f\" data-element_type=\"widget\" data-e-type=\"widget\" data-widget_type=\"jet-animated-text.default\">\n\t\t\t\t<div class=\"elementor-widget-container\">\n\t\t\t\t\t<div class=\"elementor-jet-animated-text jet-elements\">\n<div class=\"jet-animated-text jet-animated-text--effect-fx1\" data-settings='{&quot;effect&quot;:&quot;fx1&quot;,&quot;delay&quot;:3000}'>\n\t<div class=\"jet-animated-text__before-text\">\n\t<span>Donnez<\/span>&nbsp;<span>de<\/span>&nbsp;<span>la<\/span>&nbsp;<\/div>\n\t<div class=\"jet-animated-text__animated-text\">\n<div class=\"jet-animated-text__animated-text-item active visible\" dir=\"ltr\">\n\t<span>v<\/span><span>i<\/span><span>s<\/span><span>i<\/span><span>b<\/span><span>i<\/span><span>l<\/span><span>i<\/span><span>t<\/span><span>\u00e9<\/span>&nbsp;<\/div>\n<\/div>\t<div class=\"jet-animated-text__after-text\">\n\t<span>\u00e0<\/span>&nbsp;<span>votre<\/span>&nbsp;<span>projet!<\/span><\/div><\/div><\/div>\t\t\t\t<\/div>\n\t\t\t\t<\/div>\n\t\t\t\t\t<\/div>\n\t\t\t\t<\/div>\n\t\t\t\t<\/div>\n\t\t","protected":false},"excerpt":{"rendered":"<p>Les projets cofinanc\u00e9s par le programme Interreg Sudoe ont l&rsquo;opportunit\u00e9 de concourir aux \u00ab Pr\u00e9mios dos Fundos Europeus \u00bb (Prix des Fonds Europ\u00e9ens), une comp\u00e9tition portugaise qui r\u00e9compense l&rsquo;excellence et l&rsquo;impact des projets soutenus par les fonds europ\u00e9ens. Qu&rsquo;est-ce que les Prix des Fonds Europ\u00e9ens ? Les Pr\u00e9mios dos Fundos Europeus sont une initiative promue [&hellip;]<\/p>\n","protected":false},"author":4334,"featured_media":65079,"comment_status":"closed","ping_status":"closed","sticky":false,"template":"","format":"standard","meta":{"_acf_changed":false,"content-type":"","_monsterinsights_skip_tracking":false,"_monsterinsights_sitenote_active":false,"_monsterinsights_sitenote_note":"","_monsterinsights_sitenote_category":0,"footnotes":""},"categories":[1924],"tags":[],"publicacion--inicio":[3165],"class_list":["post-65090","post","type-post","status-publish","format-standard","has-post-thumbnail","hentry","category-general-fr","publicacion--inicio-publicacion-inicio-fr"],"acf":[],"yoast_head":"<!-- This site is optimized with the Yoast SEO plugin v27.4 - https:\/\/yoast.com\/product\/yoast-seo-wordpress\/ -->\n<title>2\u00e8me \u00e9dition des prix Fonds europ\u00e9ens au Portugal: les projets Sudoe peuvent participer! - Interreg Sudoe<\/title>\n<meta name=\"robots\" content=\"index, follow, max-snippet:-1, max-image-preview:large, max-video-preview:-1\" \/>\n<link rel=\"canonical\" href=\"https:\/\/interreg-sudoe.eu\/fr\/2eme-edition-des-prix-fonds-europeens-au-portugal-les-projets-sudoe-peuvent-participer\/general-fr\/\" \/>\n<meta property=\"og:locale\" content=\"fr_FR\" \/>\n<meta property=\"og:type\" content=\"article\" \/>\n<meta property=\"og:title\" content=\"2\u00e8me \u00e9dition des prix Fonds europ\u00e9ens au Portugal: les projets Sudoe peuvent participer! - Interreg Sudoe\" \/>\n<meta property=\"og:description\" content=\"Les projets cofinanc\u00e9s par le programme Interreg Sudoe ont l&rsquo;opportunit\u00e9 de concourir aux \u00ab Pr\u00e9mios dos Fundos Europeus \u00bb (Prix des Fonds Europ\u00e9ens), une comp\u00e9tition portugaise qui r\u00e9compense l&rsquo;excellence et l&rsquo;impact des projets soutenus par les fonds europ\u00e9ens. Qu&rsquo;est-ce que les Prix des Fonds Europ\u00e9ens ? Les Pr\u00e9mios dos Fundos Europeus sont une initiative promue [&hellip;]\" \/>\n<meta property=\"og:url\" content=\"https:\/\/interreg-sudoe.eu\/fr\/2eme-edition-des-prix-fonds-europeens-au-portugal-les-projets-sudoe-peuvent-participer\/general-fr\/\" \/>\n<meta property=\"og:site_name\" content=\"Interreg Sudoe\" \/>\n<meta property=\"article:publisher\" content=\"https:\/\/www.facebook.com\/interregsudoe\" \/>\n<meta property=\"article:published_time\" content=\"2026-04-30T09:44:46+00:00\" \/>\n<meta property=\"article:modified_time\" content=\"2026-04-30T09:44:48+00:00\" \/>\n<meta property=\"og:image\" content=\"https:\/\/interreg-sudoe.eu\/wp-content\/uploads\/2026\/04\/banner.png\" \/>\n\t<meta property=\"og:image:width\" content=\"1920\" \/>\n\t<meta property=\"og:image:height\" content=\"345\" \/>\n\t<meta property=\"og:image:type\" content=\"image\/png\" \/>\n<meta name=\"author\" content=\"isabelle roger\" \/>\n<meta name=\"twitter:card\" content=\"summary_large_image\" \/>\n<meta name=\"twitter:creator\" content=\"@Sudoe5\" \/>\n<meta name=\"twitter:site\" content=\"@Sudoe5\" \/>\n<meta name=\"twitter:label1\" content=\"\u00c9crit par\" \/>\n\t<meta name=\"twitter:data1\" content=\"isabelle roger\" \/>\n\t<meta name=\"twitter:label2\" content=\"Dur\u00e9e de lecture estim\u00e9e\" \/>\n\t<meta name=\"twitter:data2\" content=\"1 minute\" \/>\n<script type=\"application\/ld+json\" class=\"yoast-schema-graph\">{\"@context\":\"https:\\\/\\\/schema.org\",\"@graph\":[{\"@type\":\"Article\",\"@id\":\"https:\\\/\\\/interreg-sudoe.eu\\\/fr\\\/2eme-edition-des-prix-fonds-europeens-au-portugal-les-projets-sudoe-peuvent-participer\\\/general-fr\\\/#article\",\"isPartOf\":{\"@id\":\"https:\\\/\\\/interreg-sudoe.eu\\\/fr\\\/2eme-edition-des-prix-fonds-europeens-au-portugal-les-projets-sudoe-peuvent-participer\\\/general-fr\\\/\"},\"author\":{\"name\":\"isabelle roger\",\"@id\":\"https:\\\/\\\/interreg-sudoe.eu\\\/fr\\\/#\\\/schema\\\/person\\\/5debb79d953bf7990cff10c01f710acb\"},\"headline\":\"2\u00e8me \u00e9dition des prix Fonds europ\u00e9ens au Portugal: les projets Sudoe peuvent participer!\",\"datePublished\":\"2026-04-30T09:44:46+00:00\",\"dateModified\":\"2026-04-30T09:44:48+00:00\",\"mainEntityOfPage\":{\"@id\":\"https:\\\/\\\/interreg-sudoe.eu\\\/fr\\\/2eme-edition-des-prix-fonds-europeens-au-portugal-les-projets-sudoe-peuvent-participer\\\/general-fr\\\/\"},\"wordCount\":660,\"publisher\":{\"@id\":\"https:\\\/\\\/interreg-sudoe.eu\\\/fr\\\/#organization\"},\"image\":{\"@id\":\"https:\\\/\\\/interreg-sudoe.eu\\\/fr\\\/2eme-edition-des-prix-fonds-europeens-au-portugal-les-projets-sudoe-peuvent-participer\\\/general-fr\\\/#primaryimage\"},\"thumbnailUrl\":\"https:\\\/\\\/interreg-sudoe.eu\\\/wp-content\\\/uploads\\\/2026\\\/04\\\/banner.png\",\"articleSection\":[\"G\u00e9n\u00e9ral\"],\"inLanguage\":\"fr-FR\"},{\"@type\":\"WebPage\",\"@id\":\"https:\\\/\\\/interreg-sudoe.eu\\\/fr\\\/2eme-edition-des-prix-fonds-europeens-au-portugal-les-projets-sudoe-peuvent-participer\\\/general-fr\\\/\",\"url\":\"https:\\\/\\\/interreg-sudoe.eu\\\/fr\\\/2eme-edition-des-prix-fonds-europeens-au-portugal-les-projets-sudoe-peuvent-participer\\\/general-fr\\\/\",\"name\":\"2\u00e8me \u00e9dition des prix Fonds europ\u00e9ens au Portugal: les projets Sudoe peuvent participer! - Interreg Sudoe\",\"isPartOf\":{\"@id\":\"https:\\\/\\\/interreg-sudoe.eu\\\/fr\\\/#website\"},\"primaryImageOfPage\":{\"@id\":\"https:\\\/\\\/interreg-sudoe.eu\\\/fr\\\/2eme-edition-des-prix-fonds-europeens-au-portugal-les-projets-sudoe-peuvent-participer\\\/general-fr\\\/#primaryimage\"},\"image\":{\"@id\":\"https:\\\/\\\/interreg-sudoe.eu\\\/fr\\\/2eme-edition-des-prix-fonds-europeens-au-portugal-les-projets-sudoe-peuvent-participer\\\/general-fr\\\/#primaryimage\"},\"thumbnailUrl\":\"https:\\\/\\\/interreg-sudoe.eu\\\/wp-content\\\/uploads\\\/2026\\\/04\\\/banner.png\",\"datePublished\":\"2026-04-30T09:44:46+00:00\",\"dateModified\":\"2026-04-30T09:44:48+00:00\",\"breadcrumb\":{\"@id\":\"https:\\\/\\\/interreg-sudoe.eu\\\/fr\\\/2eme-edition-des-prix-fonds-europeens-au-portugal-les-projets-sudoe-peuvent-participer\\\/general-fr\\\/#breadcrumb\"},\"inLanguage\":\"fr-FR\",\"potentialAction\":[{\"@type\":\"ReadAction\",\"target\":[\"https:\\\/\\\/interreg-sudoe.eu\\\/fr\\\/2eme-edition-des-prix-fonds-europeens-au-portugal-les-projets-sudoe-peuvent-participer\\\/general-fr\\\/\"]}]},{\"@type\":\"ImageObject\",\"inLanguage\":\"fr-FR\",\"@id\":\"https:\\\/\\\/interreg-sudoe.eu\\\/fr\\\/2eme-edition-des-prix-fonds-europeens-au-portugal-les-projets-sudoe-peuvent-participer\\\/general-fr\\\/#primaryimage\",\"url\":\"https:\\\/\\\/interreg-sudoe.eu\\\/wp-content\\\/uploads\\\/2026\\\/04\\\/banner.png\",\"contentUrl\":\"https:\\\/\\\/interreg-sudoe.eu\\\/wp-content\\\/uploads\\\/2026\\\/04\\\/banner.png\",\"width\":1920,\"height\":345},{\"@type\":\"BreadcrumbList\",\"@id\":\"https:\\\/\\\/interreg-sudoe.eu\\\/fr\\\/2eme-edition-des-prix-fonds-europeens-au-portugal-les-projets-sudoe-peuvent-participer\\\/general-fr\\\/#breadcrumb\",\"itemListElement\":[{\"@type\":\"ListItem\",\"position\":1,\"name\":\"Home\",\"item\":\"https:\\\/\\\/interreg-sudoe.eu\\\/fr\\\/\"},{\"@type\":\"ListItem\",\"position\":2,\"name\":\"2\u00e8me \u00e9dition des prix Fonds europ\u00e9ens au Portugal: les projets Sudoe peuvent participer!\"}]},{\"@type\":\"WebSite\",\"@id\":\"https:\\\/\\\/interreg-sudoe.eu\\\/fr\\\/#website\",\"url\":\"https:\\\/\\\/interreg-sudoe.eu\\\/fr\\\/\",\"name\":\"Interreg Sudoe\",\"description\":\"Interreg Sudoe\",\"publisher\":{\"@id\":\"https:\\\/\\\/interreg-sudoe.eu\\\/fr\\\/#organization\"},\"alternateName\":\"Interreg Sudoe\",\"potentialAction\":[{\"@type\":\"SearchAction\",\"target\":{\"@type\":\"EntryPoint\",\"urlTemplate\":\"https:\\\/\\\/interreg-sudoe.eu\\\/fr\\\/?s={search_term_string}\"},\"query-input\":{\"@type\":\"PropertyValueSpecification\",\"valueRequired\":true,\"valueName\":\"search_term_string\"}}],\"inLanguage\":\"fr-FR\"},{\"@type\":\"Organization\",\"@id\":\"https:\\\/\\\/interreg-sudoe.eu\\\/fr\\\/#organization\",\"name\":\"Interreg Sudoe\",\"alternateName\":\"Interreg Sudoe\",\"url\":\"https:\\\/\\\/interreg-sudoe.eu\\\/fr\\\/\",\"logo\":{\"@type\":\"ImageObject\",\"inLanguage\":\"fr-FR\",\"@id\":\"https:\\\/\\\/interreg-sudoe.eu\\\/fr\\\/#\\\/schema\\\/logo\\\/image\\\/\",\"url\":\"https:\\\/\\\/interreg-sudoe.eu\\\/wp-content\\\/uploads\\\/2024\\\/03\\\/logo-interreg.png\",\"contentUrl\":\"https:\\\/\\\/interreg-sudoe.eu\\\/wp-content\\\/uploads\\\/2024\\\/03\\\/logo-interreg.png\",\"width\":1200,\"height\":675,\"caption\":\"Interreg Sudoe\"},\"image\":{\"@id\":\"https:\\\/\\\/interreg-sudoe.eu\\\/fr\\\/#\\\/schema\\\/logo\\\/image\\\/\"},\"sameAs\":[\"https:\\\/\\\/www.facebook.com\\\/interregsudoe\",\"https:\\\/\\\/x.com\\\/Sudoe5\",\"https:\\\/\\\/www.youtube.com\\\/channel\\\/UCeGx2edoB32beRc9dbKA2vw\",\"https:\\\/\\\/www.linkedin.com\\\/company\\\/interreg-sudoe-programme\\\/\",\"https:\\\/\\\/www.flickr.com\\\/photos\\\/148704685@N06\\\/\"]},{\"@type\":\"Person\",\"@id\":\"https:\\\/\\\/interreg-sudoe.eu\\\/fr\\\/#\\\/schema\\\/person\\\/5debb79d953bf7990cff10c01f710acb\",\"name\":\"isabelle roger\",\"url\":\"https:\\\/\\\/interreg-sudoe.eu\\\/fr\\\/author\\\/isabelle_roger-2\\\/\"}]}<\/script>\n<!-- \/ Yoast SEO plugin. -->","yoast_head_json":{"title":"2\u00e8me \u00e9dition des prix Fonds europ\u00e9ens au Portugal: les projets Sudoe peuvent participer! - Interreg Sudoe","robots":{"index":"index","follow":"follow","max-snippet":"max-snippet:-1","max-image-preview":"max-image-preview:large","max-video-preview":"max-video-preview:-1"},"canonical":"https:\/\/interreg-sudoe.eu\/fr\/2eme-edition-des-prix-fonds-europeens-au-portugal-les-projets-sudoe-peuvent-participer\/general-fr\/","og_locale":"fr_FR","og_type":"article","og_title":"2\u00e8me \u00e9dition des prix Fonds europ\u00e9ens au Portugal: les projets Sudoe peuvent participer! - Interreg Sudoe","og_description":"Les projets cofinanc\u00e9s par le programme Interreg Sudoe ont l&rsquo;opportunit\u00e9 de concourir aux \u00ab Pr\u00e9mios dos Fundos Europeus \u00bb (Prix des Fonds Europ\u00e9ens), une comp\u00e9tition portugaise qui r\u00e9compense l&rsquo;excellence et l&rsquo;impact des projets soutenus par les fonds europ\u00e9ens. Qu&rsquo;est-ce que les Prix des Fonds Europ\u00e9ens ? Les Pr\u00e9mios dos Fundos Europeus sont une initiative promue [&hellip;]","og_url":"https:\/\/interreg-sudoe.eu\/fr\/2eme-edition-des-prix-fonds-europeens-au-portugal-les-projets-sudoe-peuvent-participer\/general-fr\/","og_site_name":"Interreg Sudoe","article_publisher":"https:\/\/www.facebook.com\/interregsudoe","article_published_time":"2026-04-30T09:44:46+00:00","article_modified_time":"2026-04-30T09:44:48+00:00","og_image":[{"width":1920,"height":345,"url":"https:\/\/interreg-sudoe.eu\/wp-content\/uploads\/2026\/04\/banner.png","type":"image\/png"}],"author":"isabelle roger","twitter_card":"summary_large_image","twitter_creator":"@Sudoe5","twitter_site":"@Sudoe5","twitter_misc":{"\u00c9crit par":"isabelle roger","Dur\u00e9e de lecture estim\u00e9e":"1 minute"},"schema":{"@context":"https:\/\/schema.org","@graph":[{"@type":"Article","@id":"https:\/\/interreg-sudoe.eu\/fr\/2eme-edition-des-prix-fonds-europeens-au-portugal-les-projets-sudoe-peuvent-participer\/general-fr\/#article","isPartOf":{"@id":"https:\/\/interreg-sudoe.eu\/fr\/2eme-edition-des-prix-fonds-europeens-au-portugal-les-projets-sudoe-peuvent-participer\/general-fr\/"},"author":{"name":"isabelle roger","@id":"https:\/\/interreg-sudoe.eu\/fr\/#\/schema\/person\/5debb79d953bf7990cff10c01f710acb"},"headline":"2\u00e8me \u00e9dition des prix Fonds europ\u00e9ens au Portugal: les projets Sudoe peuvent participer!","datePublished":"2026-04-30T09:44:46+00:00","dateModified":"2026-04-30T09:44:48+00:00","mainEntityOfPage":{"@id":"https:\/\/interreg-sudoe.eu\/fr\/2eme-edition-des-prix-fonds-europeens-au-portugal-les-projets-sudoe-peuvent-participer\/general-fr\/"},"wordCount":660,"publisher":{"@id":"https:\/\/interreg-sudoe.eu\/fr\/#organization"},"image":{"@id":"https:\/\/interreg-sudoe.eu\/fr\/2eme-edition-des-prix-fonds-europeens-au-portugal-les-projets-sudoe-peuvent-participer\/general-fr\/#primaryimage"},"thumbnailUrl":"https:\/\/interreg-sudoe.eu\/wp-content\/uploads\/2026\/04\/banner.png","articleSection":["G\u00e9n\u00e9ral"],"inLanguage":"fr-FR"},{"@type":"WebPage","@id":"https:\/\/interreg-sudoe.eu\/fr\/2eme-edition-des-prix-fonds-europeens-au-portugal-les-projets-sudoe-peuvent-participer\/general-fr\/","url":"https:\/\/interreg-sudoe.eu\/fr\/2eme-edition-des-prix-fonds-europeens-au-portugal-les-projets-sudoe-peuvent-participer\/general-fr\/","name":"2\u00e8me \u00e9dition des prix Fonds europ\u00e9ens au Portugal: les projets Sudoe peuvent participer! - Interreg Sudoe","isPartOf":{"@id":"https:\/\/interreg-sudoe.eu\/fr\/#website"},"primaryImageOfPage":{"@id":"https:\/\/interreg-sudoe.eu\/fr\/2eme-edition-des-prix-fonds-europeens-au-portugal-les-projets-sudoe-peuvent-participer\/general-fr\/#primaryimage"},"image":{"@id":"https:\/\/interreg-sudoe.eu\/fr\/2eme-edition-des-prix-fonds-europeens-au-portugal-les-projets-sudoe-peuvent-participer\/general-fr\/#primaryimage"},"thumbnailUrl":"https:\/\/interreg-sudoe.eu\/wp-content\/uploads\/2026\/04\/banner.png","datePublished":"2026-04-30T09:44:46+00:00","dateModified":"2026-04-30T09:44:48+00:00","breadcrumb":{"@id":"https:\/\/interreg-sudoe.eu\/fr\/2eme-edition-des-prix-fonds-europeens-au-portugal-les-projets-sudoe-peuvent-participer\/general-fr\/#breadcrumb"},"inLanguage":"fr-FR","potentialAction":[{"@type":"ReadAction","target":["https:\/\/interreg-sudoe.eu\/fr\/2eme-edition-des-prix-fonds-europeens-au-portugal-les-projets-sudoe-peuvent-participer\/general-fr\/"]}]},{"@type":"ImageObject","inLanguage":"fr-FR","@id":"https:\/\/interreg-sudoe.eu\/fr\/2eme-edition-des-prix-fonds-europeens-au-portugal-les-projets-sudoe-peuvent-participer\/general-fr\/#primaryimage","url":"https:\/\/interreg-sudoe.eu\/wp-content\/uploads\/2026\/04\/banner.png","contentUrl":"https:\/\/interreg-sudoe.eu\/wp-content\/uploads\/2026\/04\/banner.png","width":1920,"height":345},{"@type":"BreadcrumbList","@id":"https:\/\/interreg-sudoe.eu\/fr\/2eme-edition-des-prix-fonds-europeens-au-portugal-les-projets-sudoe-peuvent-participer\/general-fr\/#breadcrumb","itemListElement":[{"@type":"ListItem","position":1,"name":"Home","item":"https:\/\/interreg-sudoe.eu\/fr\/"},{"@type":"ListItem","position":2,"name":"2\u00e8me \u00e9dition des prix Fonds europ\u00e9ens au Portugal: les projets Sudoe peuvent participer!"}]},{"@type":"WebSite","@id":"https:\/\/interreg-sudoe.eu\/fr\/#website","url":"https:\/\/interreg-sudoe.eu\/fr\/","name":"Interreg Sudoe","description":"Interreg Sudoe","publisher":{"@id":"https:\/\/interreg-sudoe.eu\/fr\/#organization"},"alternateName":"Interreg Sudoe","potentialAction":[{"@type":"SearchAction","target":{"@type":"EntryPoint","urlTemplate":"https:\/\/interreg-sudoe.eu\/fr\/?s={search_term_string}"},"query-input":{"@type":"PropertyValueSpecification","valueRequired":true,"valueName":"search_term_string"}}],"inLanguage":"fr-FR"},{"@type":"Organization","@id":"https:\/\/interreg-sudoe.eu\/fr\/#organization","name":"Interreg Sudoe","alternateName":"Interreg Sudoe","url":"https:\/\/interreg-sudoe.eu\/fr\/","logo":{"@type":"ImageObject","inLanguage":"fr-FR","@id":"https:\/\/interreg-sudoe.eu\/fr\/#\/schema\/logo\/image\/","url":"https:\/\/interreg-sudoe.eu\/wp-content\/uploads\/2024\/03\/logo-interreg.png","contentUrl":"https:\/\/interreg-sudoe.eu\/wp-content\/uploads\/2024\/03\/logo-interreg.png","width":1200,"height":675,"caption":"Interreg Sudoe"},"image":{"@id":"https:\/\/interreg-sudoe.eu\/fr\/#\/schema\/logo\/image\/"},"sameAs":["https:\/\/www.facebook.com\/interregsudoe","https:\/\/x.com\/Sudoe5","https:\/\/www.youtube.com\/channel\/UCeGx2edoB32beRc9dbKA2vw","https:\/\/www.linkedin.com\/company\/interreg-sudoe-programme\/","https:\/\/www.flickr.com\/photos\/148704685@N06\/"]},{"@type":"Person","@id":"https:\/\/interreg-sudoe.eu\/fr\/#\/schema\/person\/5debb79d953bf7990cff10c01f710acb","name":"isabelle roger","url":"https:\/\/interreg-sudoe.eu\/fr\/author\/isabelle_roger-2\/"}]}},"_links":{"self":[{"href":"https:\/\/interreg-sudoe.eu\/fr\/wp-json\/wp\/v2\/posts\/65090","targetHints":{"allow":["GET"]}}],"collection":[{"href":"https:\/\/interreg-sudoe.eu\/fr\/wp-json\/wp\/v2\/posts"}],"about":[{"href":"https:\/\/interreg-sudoe.eu\/fr\/wp-json\/wp\/v2\/types\/post"}],"author":[{"embeddable":true,"href":"https:\/\/interreg-sudoe.eu\/fr\/wp-json\/wp\/v2\/users\/4334"}],"replies":[{"embeddable":true,"href":"https:\/\/interreg-sudoe.eu\/fr\/wp-json\/wp\/v2\/comments?post=65090"}],"version-history":[{"count":3,"href":"https:\/\/interreg-sudoe.eu\/fr\/wp-json\/wp\/v2\/posts\/65090\/revisions"}],"predecessor-version":[{"id":65165,"href":"https:\/\/interreg-sudoe.eu\/fr\/wp-json\/wp\/v2\/posts\/65090\/revisions\/65165"}],"wp:featuredmedia":[{"embeddable":true,"href":"https:\/\/interreg-sudoe.eu\/fr\/wp-json\/wp\/v2\/media\/65079"}],"wp:attachment":[{"href":"https:\/\/interreg-sudoe.eu\/fr\/wp-json\/wp\/v2\/media?parent=65090"}],"wp:term":[{"taxonomy":"category","embeddable":true,"href":"https:\/\/interreg-sudoe.eu\/fr\/wp-json\/wp\/v2\/categories?post=65090"},{"taxonomy":"post_tag","embeddable":true,"href":"https:\/\/interreg-sudoe.eu\/fr\/wp-json\/wp\/v2\/tags?post=65090"},{"taxonomy":"publicacion--inicio","embeddable":true,"href":"https:\/\/interreg-sudoe.eu\/fr\/wp-json\/wp\/v2\/publicacion--inicio?post=65090"}],"curies":[{"name":"wp","href":"https:\/\/api.w.org\/{rel}","templated":true}]}}