{"id":38991,"date":"2024-08-08T09:20:57","date_gmt":"2024-08-08T07:20:57","guid":{"rendered":"https:\/\/interreg-sudoe.eu\/noticia-proyecto\/revital-en-el-evento-de-innovacion-en-bioingenieria-en-bidart-francia\/"},"modified":"2026-02-17T12:32:26","modified_gmt":"2026-02-17T11:32:26","slug":"revital-en-el-evento-de-innovacion-en-bioingenieria-en-bidart-francia","status":"publish","type":"noticia-proyecto","link":"https:\/\/interreg-sudoe.eu\/pt-pt\/noticia-proyecto\/revital-en-el-evento-de-innovacion-en-bioingenieria-en-bidart-francia\/","title":{"rendered":"REVITAL no evento de inova\u00e7\u00e3o em Bioengenharia em Bidart, Fran\u00e7a"},"content":{"rendered":"<p>Em 4 de junho de 2024, o projeto REVITAL, juntamente com alguns dos seus parceiros, participaram de um evento destacado nas instala\u00e7\u00f5es da ESTIA, em Bidart, Fran\u00e7a (Pa\u00eds Basco Franc\u00eas). Este encontro reuniu v\u00e1rias entidades e empresas relacionadas com a Biomedicina, os sistemas de apoio e reabilita\u00e7\u00e3o e o setor do ensino superior, com o objetivo de fomentar a colabora\u00e7\u00e3o e a inova\u00e7\u00e3o no \u00e2mbito da sa\u00fade e reabilita\u00e7\u00e3o.<\/p>\n<p>Entre os participantes destacaram-se: DEUSTO, ESTIA, Cl\u00faster SIVI com a apresenta\u00e7\u00e3o do projeto REVITAL, Basque Health Cluster, OROI, GOGOA, TECNALIA, LOJELIS e Hospital de Garazi.<\/p>\n<p>Durante o evento, foram realizadas apresenta\u00e7\u00f5es que permitiram aos participantes compartilhar conhecimentos e explorar as atuais oportunidades de inova\u00e7\u00e3o na \u00e1rea da sa\u00fade e reabilita\u00e7\u00e3o. A interven\u00e7\u00e3o sobre o projeto REVITAL sublinhou a import\u00e2ncia na melhoria das condi\u00e7\u00f5es de vida nas regi\u00f5es rurais do sudoeste europeu.<\/p>\n<p>Tamb\u00e9m em rela\u00e7\u00e3o ao projeto, o Hospital de Garazi compartilhou as oportunidades que REVITAL abre em seu processo de inova\u00e7\u00e3o quanto \u00e0 tecnologia cada vez mais crescente na medicina.<\/p>\n<p>As empresas OROI, GOGOA, TECNALIA e LOJELIS, reconhecidas por oferecer tecnologias avan\u00e7adas para a reabilita\u00e7\u00e3o, apresentaram suas \u00faltimas inova\u00e7\u00f5es e demonstraram como suas solu\u00e7\u00f5es est\u00e3o transformando o setor da sa\u00fade e melhorando a qualidade de vida dos pacientes.<\/p>\n<p>Este evento n\u00e3o s\u00f3 fortaleceu os la\u00e7os entre as entidades participantes, mas tamb\u00e9m impulsionou o interc\u00e2mbio de ideias e experi\u00eancias na busca de solu\u00e7\u00f5es inovadoras para os desafios atuais no campo da Biomedicina e reabilita\u00e7\u00e3o.<\/p>\n","protected":false},"excerpt":{"rendered":"<p>Em 4 de junho de 2024, o projeto REVITAL, juntamente com alguns dos seus parceiros, participaram de um evento destacado nas instala\u00e7\u00f5es da ESTIA, em Bidart, Fran\u00e7a (Pa\u00eds Basco Franc\u00eas). Este encontro reuniu v\u00e1rias entidades e empresas relacionadas com a Biomedicina, os sistemas de apoio e reabilita\u00e7\u00e3o e o setor do ensino superior, com o [&hellip;]<\/p>\n","protected":false},"author":6552,"featured_media":38988,"parent":0,"template":"","meta":{"_acf_changed":false,"content-type":"","_monsterinsights_skip_tracking":false,"_monsterinsights_sitenote_active":false,"_monsterinsights_sitenote_note":"","_monsterinsights_sitenote_category":0},"class_list":["post-38991","noticia-proyecto","type-noticia-proyecto","status-publish","has-post-thumbnail","hentry"],"acf":[],"yoast_head":"<!-- This site is optimized with the Yoast SEO plugin v27.4 - https:\/\/yoast.com\/product\/yoast-seo-wordpress\/ -->\n<title>REVITAL no evento de inova\u00e7\u00e3o em Bioengenharia em Bidart, Fran\u00e7a - Interreg Sudoe<\/title>\n<meta name=\"robots\" content=\"index, follow, max-snippet:-1, max-image-preview:large, max-video-preview:-1\" \/>\n<link rel=\"canonical\" href=\"https:\/\/interreg-sudoe.eu\/pt-pt\/noticia-proyecto\/revital-en-el-evento-de-innovacion-en-bioingenieria-en-bidart-francia\/\" \/>\n<meta property=\"og:locale\" content=\"pt_PT\" \/>\n<meta property=\"og:type\" content=\"article\" \/>\n<meta property=\"og:title\" content=\"REVITAL no evento de inova\u00e7\u00e3o em Bioengenharia em Bidart, Fran\u00e7a - Interreg Sudoe\" \/>\n<meta property=\"og:description\" content=\"Em 4 de junho de 2024, o projeto REVITAL, juntamente com alguns dos seus parceiros, participaram de um evento destacado nas instala\u00e7\u00f5es da ESTIA, em Bidart, Fran\u00e7a (Pa\u00eds Basco Franc\u00eas). Este encontro reuniu v\u00e1rias entidades e empresas relacionadas com a Biomedicina, os sistemas de apoio e reabilita\u00e7\u00e3o e o setor do ensino superior, com o [&hellip;]\" \/>\n<meta property=\"og:url\" content=\"https:\/\/interreg-sudoe.eu\/pt-pt\/noticia-proyecto\/revital-en-el-evento-de-innovacion-en-bioingenieria-en-bidart-francia\/\" \/>\n<meta property=\"og:site_name\" content=\"Interreg Sudoe\" \/>\n<meta property=\"article:publisher\" content=\"https:\/\/www.facebook.com\/interregsudoe\" \/>\n<meta property=\"article:modified_time\" content=\"2026-02-17T11:32:26+00:00\" \/>\n<meta property=\"og:image\" content=\"https:\/\/interreg-sudoe.eu\/wp-content\/uploads\/2024\/08\/Collage-evento-ESTIA.jpeg\" \/>\n\t<meta property=\"og:image:width\" content=\"1920\" \/>\n\t<meta property=\"og:image:height\" content=\"1920\" \/>\n\t<meta property=\"og:image:type\" content=\"image\/jpeg\" \/>\n<meta name=\"twitter:card\" content=\"summary_large_image\" \/>\n<meta name=\"twitter:site\" content=\"@Sudoe5\" \/>\n<meta name=\"twitter:label1\" content=\"Tempo estimado de leitura\" \/>\n\t<meta name=\"twitter:data1\" content=\"2 minutos\" \/>\n<script type=\"application\/ld+json\" class=\"yoast-schema-graph\">{\"@context\":\"https:\\\/\\\/schema.org\",\"@graph\":[{\"@type\":\"WebPage\",\"@id\":\"https:\\\/\\\/interreg-sudoe.eu\\\/pt-pt\\\/noticia-proyecto\\\/revital-en-el-evento-de-innovacion-en-bioingenieria-en-bidart-francia\\\/\",\"url\":\"https:\\\/\\\/interreg-sudoe.eu\\\/pt-pt\\\/noticia-proyecto\\\/revital-en-el-evento-de-innovacion-en-bioingenieria-en-bidart-francia\\\/\",\"name\":\"REVITAL no evento de inova\u00e7\u00e3o em Bioengenharia em Bidart, Fran\u00e7a - Interreg Sudoe\",\"isPartOf\":{\"@id\":\"https:\\\/\\\/interreg-sudoe.eu\\\/pt-pt\\\/#website\"},\"primaryImageOfPage\":{\"@id\":\"https:\\\/\\\/interreg-sudoe.eu\\\/pt-pt\\\/noticia-proyecto\\\/revital-en-el-evento-de-innovacion-en-bioingenieria-en-bidart-francia\\\/#primaryimage\"},\"image\":{\"@id\":\"https:\\\/\\\/interreg-sudoe.eu\\\/pt-pt\\\/noticia-proyecto\\\/revital-en-el-evento-de-innovacion-en-bioingenieria-en-bidart-francia\\\/#primaryimage\"},\"thumbnailUrl\":\"https:\\\/\\\/interreg-sudoe.eu\\\/wp-content\\\/uploads\\\/2024\\\/08\\\/Collage-evento-ESTIA.jpeg\",\"datePublished\":\"2024-08-08T07:20:57+00:00\",\"dateModified\":\"2026-02-17T11:32:26+00:00\",\"breadcrumb\":{\"@id\":\"https:\\\/\\\/interreg-sudoe.eu\\\/pt-pt\\\/noticia-proyecto\\\/revital-en-el-evento-de-innovacion-en-bioingenieria-en-bidart-francia\\\/#breadcrumb\"},\"inLanguage\":\"pt-PT\",\"potentialAction\":[{\"@type\":\"ReadAction\",\"target\":[\"https:\\\/\\\/interreg-sudoe.eu\\\/pt-pt\\\/noticia-proyecto\\\/revital-en-el-evento-de-innovacion-en-bioingenieria-en-bidart-francia\\\/\"]}]},{\"@type\":\"ImageObject\",\"inLanguage\":\"pt-PT\",\"@id\":\"https:\\\/\\\/interreg-sudoe.eu\\\/pt-pt\\\/noticia-proyecto\\\/revital-en-el-evento-de-innovacion-en-bioingenieria-en-bidart-francia\\\/#primaryimage\",\"url\":\"https:\\\/\\\/interreg-sudoe.eu\\\/wp-content\\\/uploads\\\/2024\\\/08\\\/Collage-evento-ESTIA.jpeg\",\"contentUrl\":\"https:\\\/\\\/interreg-sudoe.eu\\\/wp-content\\\/uploads\\\/2024\\\/08\\\/Collage-evento-ESTIA.jpeg\",\"width\":1920,\"height\":1920},{\"@type\":\"BreadcrumbList\",\"@id\":\"https:\\\/\\\/interreg-sudoe.eu\\\/pt-pt\\\/noticia-proyecto\\\/revital-en-el-evento-de-innovacion-en-bioingenieria-en-bidart-francia\\\/#breadcrumb\",\"itemListElement\":[{\"@type\":\"ListItem\",\"position\":1,\"name\":\"Home\",\"item\":\"https:\\\/\\\/interreg-sudoe.eu\\\/pt-pt\\\/\"},{\"@type\":\"ListItem\",\"position\":2,\"name\":\"REVITAL no evento de inova\u00e7\u00e3o em Bioengenharia em Bidart, Fran\u00e7a\"}]},{\"@type\":\"WebSite\",\"@id\":\"https:\\\/\\\/interreg-sudoe.eu\\\/pt-pt\\\/#website\",\"url\":\"https:\\\/\\\/interreg-sudoe.eu\\\/pt-pt\\\/\",\"name\":\"Interreg Sudoe\",\"description\":\"Interreg Sudoe\",\"publisher\":{\"@id\":\"https:\\\/\\\/interreg-sudoe.eu\\\/pt-pt\\\/#organization\"},\"alternateName\":\"Interreg Sudoe\",\"potentialAction\":[{\"@type\":\"SearchAction\",\"target\":{\"@type\":\"EntryPoint\",\"urlTemplate\":\"https:\\\/\\\/interreg-sudoe.eu\\\/pt-pt\\\/?s={search_term_string}\"},\"query-input\":{\"@type\":\"PropertyValueSpecification\",\"valueRequired\":true,\"valueName\":\"search_term_string\"}}],\"inLanguage\":\"pt-PT\"},{\"@type\":\"Organization\",\"@id\":\"https:\\\/\\\/interreg-sudoe.eu\\\/pt-pt\\\/#organization\",\"name\":\"Interreg Sudoe\",\"alternateName\":\"Interreg Sudoe\",\"url\":\"https:\\\/\\\/interreg-sudoe.eu\\\/pt-pt\\\/\",\"logo\":{\"@type\":\"ImageObject\",\"inLanguage\":\"pt-PT\",\"@id\":\"https:\\\/\\\/interreg-sudoe.eu\\\/pt-pt\\\/#\\\/schema\\\/logo\\\/image\\\/\",\"url\":\"https:\\\/\\\/interreg-sudoe.eu\\\/wp-content\\\/uploads\\\/2024\\\/03\\\/logo-interreg.png\",\"contentUrl\":\"https:\\\/\\\/interreg-sudoe.eu\\\/wp-content\\\/uploads\\\/2024\\\/03\\\/logo-interreg.png\",\"width\":1200,\"height\":675,\"caption\":\"Interreg Sudoe\"},\"image\":{\"@id\":\"https:\\\/\\\/interreg-sudoe.eu\\\/pt-pt\\\/#\\\/schema\\\/logo\\\/image\\\/\"},\"sameAs\":[\"https:\\\/\\\/www.facebook.com\\\/interregsudoe\",\"https:\\\/\\\/x.com\\\/Sudoe5\",\"https:\\\/\\\/www.youtube.com\\\/channel\\\/UCeGx2edoB32beRc9dbKA2vw\",\"https:\\\/\\\/www.linkedin.com\\\/company\\\/interreg-sudoe-programme\\\/\",\"https:\\\/\\\/www.flickr.com\\\/photos\\\/148704685@N06\\\/\"]}]}<\/script>\n<!-- \/ Yoast SEO plugin. -->","yoast_head_json":{"title":"REVITAL no evento de inova\u00e7\u00e3o em Bioengenharia em Bidart, Fran\u00e7a - Interreg Sudoe","robots":{"index":"index","follow":"follow","max-snippet":"max-snippet:-1","max-image-preview":"max-image-preview:large","max-video-preview":"max-video-preview:-1"},"canonical":"https:\/\/interreg-sudoe.eu\/pt-pt\/noticia-proyecto\/revital-en-el-evento-de-innovacion-en-bioingenieria-en-bidart-francia\/","og_locale":"pt_PT","og_type":"article","og_title":"REVITAL no evento de inova\u00e7\u00e3o em Bioengenharia em Bidart, Fran\u00e7a - Interreg Sudoe","og_description":"Em 4 de junho de 2024, o projeto REVITAL, juntamente com alguns dos seus parceiros, participaram de um evento destacado nas instala\u00e7\u00f5es da ESTIA, em Bidart, Fran\u00e7a (Pa\u00eds Basco Franc\u00eas). Este encontro reuniu v\u00e1rias entidades e empresas relacionadas com a Biomedicina, os sistemas de apoio e reabilita\u00e7\u00e3o e o setor do ensino superior, com o [&hellip;]","og_url":"https:\/\/interreg-sudoe.eu\/pt-pt\/noticia-proyecto\/revital-en-el-evento-de-innovacion-en-bioingenieria-en-bidart-francia\/","og_site_name":"Interreg Sudoe","article_publisher":"https:\/\/www.facebook.com\/interregsudoe","article_modified_time":"2026-02-17T11:32:26+00:00","og_image":[{"width":1920,"height":1920,"url":"https:\/\/interreg-sudoe.eu\/wp-content\/uploads\/2024\/08\/Collage-evento-ESTIA.jpeg","type":"image\/jpeg"}],"twitter_card":"summary_large_image","twitter_site":"@Sudoe5","twitter_misc":{"Tempo estimado de leitura":"2 minutos"},"schema":{"@context":"https:\/\/schema.org","@graph":[{"@type":"WebPage","@id":"https:\/\/interreg-sudoe.eu\/pt-pt\/noticia-proyecto\/revital-en-el-evento-de-innovacion-en-bioingenieria-en-bidart-francia\/","url":"https:\/\/interreg-sudoe.eu\/pt-pt\/noticia-proyecto\/revital-en-el-evento-de-innovacion-en-bioingenieria-en-bidart-francia\/","name":"REVITAL no evento de inova\u00e7\u00e3o em Bioengenharia em Bidart, Fran\u00e7a - Interreg Sudoe","isPartOf":{"@id":"https:\/\/interreg-sudoe.eu\/pt-pt\/#website"},"primaryImageOfPage":{"@id":"https:\/\/interreg-sudoe.eu\/pt-pt\/noticia-proyecto\/revital-en-el-evento-de-innovacion-en-bioingenieria-en-bidart-francia\/#primaryimage"},"image":{"@id":"https:\/\/interreg-sudoe.eu\/pt-pt\/noticia-proyecto\/revital-en-el-evento-de-innovacion-en-bioingenieria-en-bidart-francia\/#primaryimage"},"thumbnailUrl":"https:\/\/interreg-sudoe.eu\/wp-content\/uploads\/2024\/08\/Collage-evento-ESTIA.jpeg","datePublished":"2024-08-08T07:20:57+00:00","dateModified":"2026-02-17T11:32:26+00:00","breadcrumb":{"@id":"https:\/\/interreg-sudoe.eu\/pt-pt\/noticia-proyecto\/revital-en-el-evento-de-innovacion-en-bioingenieria-en-bidart-francia\/#breadcrumb"},"inLanguage":"pt-PT","potentialAction":[{"@type":"ReadAction","target":["https:\/\/interreg-sudoe.eu\/pt-pt\/noticia-proyecto\/revital-en-el-evento-de-innovacion-en-bioingenieria-en-bidart-francia\/"]}]},{"@type":"ImageObject","inLanguage":"pt-PT","@id":"https:\/\/interreg-sudoe.eu\/pt-pt\/noticia-proyecto\/revital-en-el-evento-de-innovacion-en-bioingenieria-en-bidart-francia\/#primaryimage","url":"https:\/\/interreg-sudoe.eu\/wp-content\/uploads\/2024\/08\/Collage-evento-ESTIA.jpeg","contentUrl":"https:\/\/interreg-sudoe.eu\/wp-content\/uploads\/2024\/08\/Collage-evento-ESTIA.jpeg","width":1920,"height":1920},{"@type":"BreadcrumbList","@id":"https:\/\/interreg-sudoe.eu\/pt-pt\/noticia-proyecto\/revital-en-el-evento-de-innovacion-en-bioingenieria-en-bidart-francia\/#breadcrumb","itemListElement":[{"@type":"ListItem","position":1,"name":"Home","item":"https:\/\/interreg-sudoe.eu\/pt-pt\/"},{"@type":"ListItem","position":2,"name":"REVITAL no evento de inova\u00e7\u00e3o em Bioengenharia em Bidart, Fran\u00e7a"}]},{"@type":"WebSite","@id":"https:\/\/interreg-sudoe.eu\/pt-pt\/#website","url":"https:\/\/interreg-sudoe.eu\/pt-pt\/","name":"Interreg Sudoe","description":"Interreg Sudoe","publisher":{"@id":"https:\/\/interreg-sudoe.eu\/pt-pt\/#organization"},"alternateName":"Interreg Sudoe","potentialAction":[{"@type":"SearchAction","target":{"@type":"EntryPoint","urlTemplate":"https:\/\/interreg-sudoe.eu\/pt-pt\/?s={search_term_string}"},"query-input":{"@type":"PropertyValueSpecification","valueRequired":true,"valueName":"search_term_string"}}],"inLanguage":"pt-PT"},{"@type":"Organization","@id":"https:\/\/interreg-sudoe.eu\/pt-pt\/#organization","name":"Interreg Sudoe","alternateName":"Interreg Sudoe","url":"https:\/\/interreg-sudoe.eu\/pt-pt\/","logo":{"@type":"ImageObject","inLanguage":"pt-PT","@id":"https:\/\/interreg-sudoe.eu\/pt-pt\/#\/schema\/logo\/image\/","url":"https:\/\/interreg-sudoe.eu\/wp-content\/uploads\/2024\/03\/logo-interreg.png","contentUrl":"https:\/\/interreg-sudoe.eu\/wp-content\/uploads\/2024\/03\/logo-interreg.png","width":1200,"height":675,"caption":"Interreg Sudoe"},"image":{"@id":"https:\/\/interreg-sudoe.eu\/pt-pt\/#\/schema\/logo\/image\/"},"sameAs":["https:\/\/www.facebook.com\/interregsudoe","https:\/\/x.com\/Sudoe5","https:\/\/www.youtube.com\/channel\/UCeGx2edoB32beRc9dbKA2vw","https:\/\/www.linkedin.com\/company\/interreg-sudoe-programme\/","https:\/\/www.flickr.com\/photos\/148704685@N06\/"]}]}},"_links":{"self":[{"href":"https:\/\/interreg-sudoe.eu\/pt-pt\/wp-json\/wp\/v2\/noticia-proyecto\/38991","targetHints":{"allow":["GET"]}}],"collection":[{"href":"https:\/\/interreg-sudoe.eu\/pt-pt\/wp-json\/wp\/v2\/noticia-proyecto"}],"about":[{"href":"https:\/\/interreg-sudoe.eu\/pt-pt\/wp-json\/wp\/v2\/types\/noticia-proyecto"}],"author":[{"embeddable":true,"href":"https:\/\/interreg-sudoe.eu\/pt-pt\/wp-json\/wp\/v2\/users\/6552"}],"wp:featuredmedia":[{"embeddable":true,"href":"https:\/\/interreg-sudoe.eu\/pt-pt\/wp-json\/wp\/v2\/media\/38988"}],"wp:attachment":[{"href":"https:\/\/interreg-sudoe.eu\/pt-pt\/wp-json\/wp\/v2\/media?parent=38991"}],"curies":[{"name":"wp","href":"https:\/\/api.w.org\/{rel}","templated":true}]}}