{"id":40431,"date":"2024-07-21T12:06:38","date_gmt":"2024-07-21T10:06:38","guid":{"rendered":"https:\/\/interreg-sudoe.eu\/noticia-proyecto\/sollagua-celebra-su-segunda-reunion-de-consorcio-en-lisboa\/"},"modified":"2024-12-23T12:02:00","modified_gmt":"2024-12-23T11:02:00","slug":"sollagua-celebra-su-segunda-reunion-de-consorcio-en-lisboa","status":"publish","type":"noticia-proyecto","link":"https:\/\/interreg-sudoe.eu\/pt-pt\/noticia-proyecto\/sollagua-celebra-su-segunda-reunion-de-consorcio-en-lisboa\/","title":{"rendered":"Nasce SOLLAGUA para impulsionar solu\u00e7\u00f5es sustent\u00e1veis de reutiliza\u00e7\u00e3o de \u00e1gua em zonas rurais"},"content":{"rendered":"<h3>Cofinanciado pelo programa de desenvolvimento regional Interreg SUDOE 21-27 com 1.389.232,10 \u20ac, o\u00a0 projeto ser\u00e1 desenvolvido em v\u00e1rias regi\u00f5es de Espanha, Portugal e Fran\u00e7a.<\/h3>\n<h3>A iniciativa, que ter\u00e1 a dura\u00e7\u00e3o de tr\u00eas anos, \u00e9 impulsionada por um cons\u00f3rcio transnacional de dez entidades principais e vinte e seis entidades associadas.<\/h3>\n<p>Se n\u00e3o forem tomadas medidas urgentes e transversais, o calor extremo, a seca, os inc\u00eandios florestais e as inunda\u00e7\u00f5es que se t\u00eam registado nos \u00faltimos anos ir\u00e3o piorar na Europa, especialmente nas regi\u00f5es do sul do continente, que se encontram sob v\u00e1rios riscos clim\u00e1ticos devido \u00e0 sua localiza\u00e7\u00e3o geogr\u00e1fica e climatol\u00f3gica. Neste sentido, conforme refere a Ag\u00eancia Europeia do Ambiente (AEA) no seu novo relat\u00f3rio European Climate Risk Assessment (avalia\u00e7\u00e3o europeia dos riscos clim\u00e1ticos, em portugu\u00eas), que ajudar\u00e1 a identificar as prioridades pol\u00edticas para a adapta\u00e7\u00e3o \u00e0s altera\u00e7\u00f5es clim\u00e1ticas a todos os n\u00edveis, uma coopera\u00e7\u00e3o mais estreita entre os Estados-Membros \u00e9 fundamental, uma vez que a maioria dos principais riscos clim\u00e1ticos identificados no relat\u00f3rio s\u00e3o considerados \u00abcopropriedade\u00bb da Uni\u00e3o Europeia (UE).<\/p>\n<p>A avalia\u00e7\u00e3o da AEA destaca que a UE e os seus Estados-Membros devem colaborar na luta contra os riscos clim\u00e1ticos, bem como garantir a participa\u00e7\u00e3o das administra\u00e7\u00f5es regionais e locais quando for necess\u00e1ria uma a\u00e7\u00e3o r\u00e1pida e coordenada. O projeto SOLLAGUA \u00e9 um bom exemplo desta linha de atua\u00e7\u00e3o.<\/p>\n<blockquote>\n<h3><strong>SOLLAGUA envolver\u00e1 ativamente todo o p\u00fablico interesse do projeto atrav\u00e9s dos water-oriented living labs<\/strong><\/h3>\n<\/blockquote>\n<p>Cofinanciado pelo programa de desenvolvimento regional Interreg SUDOE com 1.389.232,10 \u20ac, o SOLLAGUA tem como meta promover solu\u00e7\u00f5es baseadas na natureza (SBN) para a reutiliza\u00e7\u00e3o da \u00e1gua em zonas rurais com per\u00edodos de acesso limitado a este recurso e baixos caudais naturais, como \u00e9 o caso em v\u00e1rias zonas partes de Espanha, Portugal e Fran\u00e7a.<\/p>\n<p><img fetchpriority=\"high\" decoding=\"async\" class=\"wp-image-38300 alignright\" src=\"https:\/\/interreg-sudoe.eu\/wp-content\/uploads\/2024\/05\/Foto-3-300x225.jpg\" alt=\"SOLLAGUA: reuni\u00f3n de lanzamiento\" width=\"388\" height=\"291\" srcset=\"https:\/\/interreg-sudoe.eu\/wp-content\/uploads\/2024\/05\/Foto-3-300x225.jpg 300w, https:\/\/interreg-sudoe.eu\/wp-content\/uploads\/2024\/05\/Foto-3-1024x768.jpg 1024w, https:\/\/interreg-sudoe.eu\/wp-content\/uploads\/2024\/05\/Foto-3-768x576.jpg 768w, https:\/\/interreg-sudoe.eu\/wp-content\/uploads\/2024\/05\/Foto-3-1536x1152.jpg 1536w, https:\/\/interreg-sudoe.eu\/wp-content\/uploads\/2024\/05\/Foto-3.jpg 1718w\" sizes=\"(max-width: 388px) 100vw, 388px\" \/><\/p>\n<p>O plano de a\u00e7\u00e3o do SOLLAGUA contempla, entre outras solu\u00e7\u00f5es, a exist\u00eancia de tr\u00eas locais de demonstra\u00e7\u00e3o nas zonas selecionadas dos pa\u00edses participantes para evidenciar as vantagens do sistema SBN. Al\u00e9m disso, a estrat\u00e9gia de adequa\u00e7\u00e3o aos objetivos do projeto permitir\u00e1 determinar o n\u00edvel adequado de tratamento da \u00e1gua em fun\u00e7\u00e3o das necessidades reais. A iniciativa envolver\u00e1 ativamente administra\u00e7\u00f5es, universidades, empresas e utilizadores atrav\u00e9s dos &#8216;water-oriented living labs&#8217; (WoLL), que s\u00e3o ecossistemas de inova\u00e7\u00e3o abertos a todos os p\u00fablicos interessados no projeto.<\/p>\n<p>No \u00e2mbito das <a href=\"https:\/\/interreg-sudoe.eu\/pt-pt\/acerca-de-interreg-sudoe\/quais-sao-os-dominios-de-cooperacao\/\">tem\u00e1ticas de coopera\u00e7\u00e3o<\/a> do programa de coes\u00e3o, a iniciativa, que se <strong>estender\u00e1 oficialmente at\u00e9 31 de dezembro de 2026<\/strong>, desenvolve-se no quadro da <a href=\"https:\/\/interreg-sudoe.eu\/pt-pt\/acerca-de-interreg-sudoe\/quais-sao-os-dominios-de-cooperacao\/prioridad-1\/\">Prioridade n.\u00ba 1<\/a> \u00abpreservar o capital natural e refor\u00e7ar a adapta\u00e7\u00e3o \u00e0s altera\u00e7\u00f5es clim\u00e1ticas no SUDOE\u00bb e persegue o<a href=\"https:\/\/interreg-sudoe.eu\/wp-content\/uploads\/2024\/03\/P1_OE25_PT.pdf\"> Objetivo Espec\u00edfico n.\u00ba 2.5<\/a> \u00abpromover o acesso \u00e0 \u00e1gua e uma gest\u00e3o h\u00eddrica sustent\u00e1vel\u00bb.<\/p>\n<h3>De Toulouse a\u2026 um futuro mais verde!<\/h3>\n<figure id=\"attachment_38329\" aria-describedby=\"caption-attachment-38329\" style=\"width: 148px\" class=\"wp-caption alignleft\"><img decoding=\"async\" class=\" wp-image-38329\" src=\"https:\/\/interreg-sudoe.eu\/wp-content\/uploads\/2024\/07\/InterregSudoe_Icons-01-300x300.png\" alt=\"Prioridad 1 SOLLAGUA\" width=\"148\" height=\"148\" srcset=\"https:\/\/interreg-sudoe.eu\/wp-content\/uploads\/2024\/07\/InterregSudoe_Icons-01-300x300.png 300w, https:\/\/interreg-sudoe.eu\/wp-content\/uploads\/2024\/07\/InterregSudoe_Icons-01-1024x1024.png 1024w, https:\/\/interreg-sudoe.eu\/wp-content\/uploads\/2024\/07\/InterregSudoe_Icons-01-150x150.png 150w, https:\/\/interreg-sudoe.eu\/wp-content\/uploads\/2024\/07\/InterregSudoe_Icons-01-768x768.png 768w, https:\/\/interreg-sudoe.eu\/wp-content\/uploads\/2024\/07\/InterregSudoe_Icons-01-1536x1536.png 1536w, https:\/\/interreg-sudoe.eu\/wp-content\/uploads\/2024\/07\/InterregSudoe_Icons-01-2048x2048.png 2048w\" sizes=\"(max-width: 148px) 100vw, 148px\" \/><figcaption id=\"caption-attachment-38329\" class=\"wp-caption-text\">\u00cdcone Prioridade n.\u00ba 1<\/figcaption><\/figure>\n<p>O projeto SOLLAGUA, impulsionado por um cons\u00f3rcio transnacional de dez entidades principais e vinte e seis entidades associadas, \u00e9 coordenado pela <a href=\"https:\/\/www.univ-tlse3.fr\/\">Universidade de Toulouse III \u2013 Paul Sabatier<\/a>, que, como manda a tradi\u00e7\u00e3o, foi a institui\u00e7\u00e3o encarregada de organizar a tradicional reuni\u00e3o de lan\u00e7amento, realizada nos dias 14 e 15 de janeiro na sede da pr\u00f3pria universidade em Toulouse (Fran\u00e7a). At\u00e9 l\u00e1, deslocaram-se representantes das entidades benefici\u00e1rias para estabelecer as bases para a planifica\u00e7\u00e3o, execu\u00e7\u00e3o e monitoriza\u00e7\u00e3o dos <em>working packages<\/em>.<\/p>\n<p>&nbsp;<\/p>\n<p>&nbsp;<\/p>\n<p>O cons\u00f3rcio do SOLLAGUA \u00e9 composto pelas seguintes institui\u00e7\u00f5es:<\/p>\n<ul>\n<li>Universit\u00e9 Toulouse III &#8211; Paul Sabatier (Fran\u00e7a); coordenador do projeto<\/li>\n<li>Ecofilae (Fran\u00e7a).<\/li>\n<li>Communaut\u00e9 de communes Couserans-Pyr\u00e9n\u00e9es (Fran\u00e7a).<\/li>\n<li>Agencia de Medio Ambiente y Agua de Andaluc\u00eda (Espanha)<\/li>\n<li>Fundaci\u00f3 Solidaritat UB (Espanha).<\/li>\n<li>PROMEDIO (Espanha).<\/li>\n<li>\u00c1guas do Tejo Atl\u00e2ntico (Portugal).<\/li>\n<li>FUNSEAM (Espanha).<\/li>\n<li>T\u00e9cnico Lisboa (Portugal).<\/li>\n<li>Corporaci\u00f3n Tecnol\u00f3gica de Andaluc\u00eda (Espanha)<\/li>\n<\/ul>\n<h3>Segue o SOLLAGUA nas redes sociais!<\/h3>\n<p>Se quiseres estar a par dos progressos do projeto e das \u00faltimas novidades em mat\u00e9ria de reutiliza\u00e7\u00e3o da \u00e1gua e medidas contra as altera\u00e7\u00f5es clim\u00e1ticas, segue o projeto no:<\/p>\n<p>\ud83d\udc49\u00a0 <a href=\"http:\/\/@SOLLAGUAproject\">X\u00a0<\/a><br \/>\n\ud83d\udc49<a href=\"https:\/\/www.linkedin.com\/company\/sollagua\/\">\u00a0LinkedIn<\/a><br \/>\n\ud83d\udc49<a href=\"https:\/\/www.youtube.com\/@sollagua-interregsudoe\">\u00a0YouTube<\/a><\/p>\n","protected":false},"excerpt":{"rendered":"<p>Cofinanciado pelo programa de desenvolvimento regional Interreg SUDOE 21-27 com 1.389.232,10 \u20ac, o\u00a0 projeto ser\u00e1 desenvolvido em v\u00e1rias regi\u00f5es de Espanha, Portugal e Fran\u00e7a. A iniciativa, que ter\u00e1 a dura\u00e7\u00e3o de tr\u00eas anos, \u00e9 impulsionada por um cons\u00f3rcio transnacional de dez entidades principais e vinte e seis entidades associadas. Se n\u00e3o forem tomadas medidas urgentes [&hellip;]<\/p>\n","protected":false},"author":5002,"featured_media":43916,"parent":0,"template":"","meta":{"_acf_changed":false,"content-type":"","_monsterinsights_skip_tracking":false,"_monsterinsights_sitenote_active":false,"_monsterinsights_sitenote_note":"","_monsterinsights_sitenote_category":0},"class_list":["post-40431","noticia-proyecto","type-noticia-proyecto","status-publish","has-post-thumbnail","hentry"],"acf":[],"yoast_head":"<!-- This site is optimized with the Yoast SEO plugin v27.2 - https:\/\/yoast.com\/product\/yoast-seo-wordpress\/ -->\n<title>Nasce SOLLAGUA para impulsionar solu\u00e7\u00f5es sustent\u00e1veis de reutiliza\u00e7\u00e3o de \u00e1gua em zonas rurais - Interreg Sudoe<\/title>\n<meta name=\"robots\" content=\"index, follow, max-snippet:-1, max-image-preview:large, max-video-preview:-1\" \/>\n<link rel=\"canonical\" href=\"https:\/\/interreg-sudoe.eu\/pt-pt\/noticia-proyecto\/sollagua-celebra-su-segunda-reunion-de-consorcio-en-lisboa\/\" \/>\n<meta property=\"og:locale\" content=\"pt_PT\" \/>\n<meta property=\"og:type\" content=\"article\" \/>\n<meta property=\"og:title\" content=\"Nasce SOLLAGUA para impulsionar solu\u00e7\u00f5es sustent\u00e1veis de reutiliza\u00e7\u00e3o de \u00e1gua em zonas rurais - Interreg Sudoe\" \/>\n<meta property=\"og:description\" content=\"Cofinanciado pelo programa de desenvolvimento regional Interreg SUDOE 21-27 com 1.389.232,10 \u20ac, o\u00a0 projeto ser\u00e1 desenvolvido em v\u00e1rias regi\u00f5es de Espanha, Portugal e Fran\u00e7a. A iniciativa, que ter\u00e1 a dura\u00e7\u00e3o de tr\u00eas anos, \u00e9 impulsionada por um cons\u00f3rcio transnacional de dez entidades principais e vinte e seis entidades associadas. Se n\u00e3o forem tomadas medidas urgentes [&hellip;]\" \/>\n<meta property=\"og:url\" content=\"https:\/\/interreg-sudoe.eu\/pt-pt\/noticia-proyecto\/sollagua-celebra-su-segunda-reunion-de-consorcio-en-lisboa\/\" \/>\n<meta property=\"og:site_name\" content=\"Interreg Sudoe\" \/>\n<meta property=\"article:publisher\" content=\"https:\/\/www.facebook.com\/interregsudoe\" \/>\n<meta property=\"article:modified_time\" content=\"2024-12-23T11:02:00+00:00\" \/>\n<meta property=\"og:image\" content=\"https:\/\/interreg-sudoe.eu\/wp-content\/uploads\/2024\/07\/Foto-2-1.jpg\" \/>\n\t<meta property=\"og:image:width\" content=\"1600\" \/>\n\t<meta property=\"og:image:height\" content=\"720\" \/>\n\t<meta property=\"og:image:type\" content=\"image\/jpeg\" \/>\n<meta name=\"twitter:card\" content=\"summary_large_image\" \/>\n<meta name=\"twitter:site\" content=\"@Sudoe5\" \/>\n<meta name=\"twitter:label1\" content=\"Tempo estimado de leitura\" \/>\n\t<meta name=\"twitter:data1\" content=\"4 minutos\" \/>\n<script type=\"application\/ld+json\" class=\"yoast-schema-graph\">{\"@context\":\"https:\/\/schema.org\",\"@graph\":[{\"@type\":\"WebPage\",\"@id\":\"https:\/\/interreg-sudoe.eu\/pt-pt\/noticia-proyecto\/sollagua-celebra-su-segunda-reunion-de-consorcio-en-lisboa\/\",\"url\":\"https:\/\/interreg-sudoe.eu\/pt-pt\/noticia-proyecto\/sollagua-celebra-su-segunda-reunion-de-consorcio-en-lisboa\/\",\"name\":\"Nasce SOLLAGUA para impulsionar solu\u00e7\u00f5es sustent\u00e1veis de reutiliza\u00e7\u00e3o de \u00e1gua em zonas rurais - Interreg Sudoe\",\"isPartOf\":{\"@id\":\"https:\/\/interreg-sudoe.eu\/pt-pt\/#website\"},\"primaryImageOfPage\":{\"@id\":\"https:\/\/interreg-sudoe.eu\/pt-pt\/noticia-proyecto\/sollagua-celebra-su-segunda-reunion-de-consorcio-en-lisboa\/#primaryimage\"},\"image\":{\"@id\":\"https:\/\/interreg-sudoe.eu\/pt-pt\/noticia-proyecto\/sollagua-celebra-su-segunda-reunion-de-consorcio-en-lisboa\/#primaryimage\"},\"thumbnailUrl\":\"https:\/\/interreg-sudoe.eu\/wp-content\/uploads\/2024\/07\/Foto-2-1.jpg\",\"datePublished\":\"2024-07-21T10:06:38+00:00\",\"dateModified\":\"2024-12-23T11:02:00+00:00\",\"breadcrumb\":{\"@id\":\"https:\/\/interreg-sudoe.eu\/pt-pt\/noticia-proyecto\/sollagua-celebra-su-segunda-reunion-de-consorcio-en-lisboa\/#breadcrumb\"},\"inLanguage\":\"pt-PT\",\"potentialAction\":[{\"@type\":\"ReadAction\",\"target\":[\"https:\/\/interreg-sudoe.eu\/pt-pt\/noticia-proyecto\/sollagua-celebra-su-segunda-reunion-de-consorcio-en-lisboa\/\"]}]},{\"@type\":\"ImageObject\",\"inLanguage\":\"pt-PT\",\"@id\":\"https:\/\/interreg-sudoe.eu\/pt-pt\/noticia-proyecto\/sollagua-celebra-su-segunda-reunion-de-consorcio-en-lisboa\/#primaryimage\",\"url\":\"https:\/\/interreg-sudoe.eu\/wp-content\/uploads\/2024\/07\/Foto-2-1.jpg\",\"contentUrl\":\"https:\/\/interreg-sudoe.eu\/wp-content\/uploads\/2024\/07\/Foto-2-1.jpg\",\"width\":1600,\"height\":720,\"caption\":\"SOLLAGUA KOM\"},{\"@type\":\"BreadcrumbList\",\"@id\":\"https:\/\/interreg-sudoe.eu\/pt-pt\/noticia-proyecto\/sollagua-celebra-su-segunda-reunion-de-consorcio-en-lisboa\/#breadcrumb\",\"itemListElement\":[{\"@type\":\"ListItem\",\"position\":1,\"name\":\"Home\",\"item\":\"https:\/\/interreg-sudoe.eu\/pt-pt\/\"},{\"@type\":\"ListItem\",\"position\":2,\"name\":\"Nasce SOLLAGUA para impulsionar solu\u00e7\u00f5es sustent\u00e1veis de reutiliza\u00e7\u00e3o de \u00e1gua em zonas rurais\"}]},{\"@type\":\"WebSite\",\"@id\":\"https:\/\/interreg-sudoe.eu\/pt-pt\/#website\",\"url\":\"https:\/\/interreg-sudoe.eu\/pt-pt\/\",\"name\":\"Interreg Sudoe\",\"description\":\"Interreg Sudoe\",\"publisher\":{\"@id\":\"https:\/\/interreg-sudoe.eu\/pt-pt\/#organization\"},\"alternateName\":\"Interreg Sudoe\",\"potentialAction\":[{\"@type\":\"SearchAction\",\"target\":{\"@type\":\"EntryPoint\",\"urlTemplate\":\"https:\/\/interreg-sudoe.eu\/pt-pt\/?s={search_term_string}\"},\"query-input\":{\"@type\":\"PropertyValueSpecification\",\"valueRequired\":true,\"valueName\":\"search_term_string\"}}],\"inLanguage\":\"pt-PT\"},{\"@type\":\"Organization\",\"@id\":\"https:\/\/interreg-sudoe.eu\/pt-pt\/#organization\",\"name\":\"Interreg Sudoe\",\"alternateName\":\"Interreg Sudoe\",\"url\":\"https:\/\/interreg-sudoe.eu\/pt-pt\/\",\"logo\":{\"@type\":\"ImageObject\",\"inLanguage\":\"pt-PT\",\"@id\":\"https:\/\/interreg-sudoe.eu\/pt-pt\/#\/schema\/logo\/image\/\",\"url\":\"https:\/\/interreg-sudoe.eu\/wp-content\/uploads\/2024\/03\/logo-interreg.png\",\"contentUrl\":\"https:\/\/interreg-sudoe.eu\/wp-content\/uploads\/2024\/03\/logo-interreg.png\",\"width\":1200,\"height\":675,\"caption\":\"Interreg Sudoe\"},\"image\":{\"@id\":\"https:\/\/interreg-sudoe.eu\/pt-pt\/#\/schema\/logo\/image\/\"},\"sameAs\":[\"https:\/\/www.facebook.com\/interregsudoe\",\"https:\/\/x.com\/Sudoe5\",\"https:\/\/www.youtube.com\/channel\/UCeGx2edoB32beRc9dbKA2vw\",\"https:\/\/www.linkedin.com\/company\/interreg-sudoe-programme\/\",\"https:\/\/www.flickr.com\/photos\/148704685@N06\/\"]}]}<\/script>\n<!-- \/ Yoast SEO plugin. -->","yoast_head_json":{"title":"Nasce SOLLAGUA para impulsionar solu\u00e7\u00f5es sustent\u00e1veis de reutiliza\u00e7\u00e3o de \u00e1gua em zonas rurais - Interreg Sudoe","robots":{"index":"index","follow":"follow","max-snippet":"max-snippet:-1","max-image-preview":"max-image-preview:large","max-video-preview":"max-video-preview:-1"},"canonical":"https:\/\/interreg-sudoe.eu\/pt-pt\/noticia-proyecto\/sollagua-celebra-su-segunda-reunion-de-consorcio-en-lisboa\/","og_locale":"pt_PT","og_type":"article","og_title":"Nasce SOLLAGUA para impulsionar solu\u00e7\u00f5es sustent\u00e1veis de reutiliza\u00e7\u00e3o de \u00e1gua em zonas rurais - Interreg Sudoe","og_description":"Cofinanciado pelo programa de desenvolvimento regional Interreg SUDOE 21-27 com 1.389.232,10 \u20ac, o\u00a0 projeto ser\u00e1 desenvolvido em v\u00e1rias regi\u00f5es de Espanha, Portugal e Fran\u00e7a. A iniciativa, que ter\u00e1 a dura\u00e7\u00e3o de tr\u00eas anos, \u00e9 impulsionada por um cons\u00f3rcio transnacional de dez entidades principais e vinte e seis entidades associadas. Se n\u00e3o forem tomadas medidas urgentes [&hellip;]","og_url":"https:\/\/interreg-sudoe.eu\/pt-pt\/noticia-proyecto\/sollagua-celebra-su-segunda-reunion-de-consorcio-en-lisboa\/","og_site_name":"Interreg Sudoe","article_publisher":"https:\/\/www.facebook.com\/interregsudoe","article_modified_time":"2024-12-23T11:02:00+00:00","og_image":[{"width":1600,"height":720,"url":"https:\/\/interreg-sudoe.eu\/wp-content\/uploads\/2024\/07\/Foto-2-1.jpg","type":"image\/jpeg"}],"twitter_card":"summary_large_image","twitter_site":"@Sudoe5","twitter_misc":{"Tempo estimado de leitura":"4 minutos"},"schema":{"@context":"https:\/\/schema.org","@graph":[{"@type":"WebPage","@id":"https:\/\/interreg-sudoe.eu\/pt-pt\/noticia-proyecto\/sollagua-celebra-su-segunda-reunion-de-consorcio-en-lisboa\/","url":"https:\/\/interreg-sudoe.eu\/pt-pt\/noticia-proyecto\/sollagua-celebra-su-segunda-reunion-de-consorcio-en-lisboa\/","name":"Nasce SOLLAGUA para impulsionar solu\u00e7\u00f5es sustent\u00e1veis de reutiliza\u00e7\u00e3o de \u00e1gua em zonas rurais - Interreg Sudoe","isPartOf":{"@id":"https:\/\/interreg-sudoe.eu\/pt-pt\/#website"},"primaryImageOfPage":{"@id":"https:\/\/interreg-sudoe.eu\/pt-pt\/noticia-proyecto\/sollagua-celebra-su-segunda-reunion-de-consorcio-en-lisboa\/#primaryimage"},"image":{"@id":"https:\/\/interreg-sudoe.eu\/pt-pt\/noticia-proyecto\/sollagua-celebra-su-segunda-reunion-de-consorcio-en-lisboa\/#primaryimage"},"thumbnailUrl":"https:\/\/interreg-sudoe.eu\/wp-content\/uploads\/2024\/07\/Foto-2-1.jpg","datePublished":"2024-07-21T10:06:38+00:00","dateModified":"2024-12-23T11:02:00+00:00","breadcrumb":{"@id":"https:\/\/interreg-sudoe.eu\/pt-pt\/noticia-proyecto\/sollagua-celebra-su-segunda-reunion-de-consorcio-en-lisboa\/#breadcrumb"},"inLanguage":"pt-PT","potentialAction":[{"@type":"ReadAction","target":["https:\/\/interreg-sudoe.eu\/pt-pt\/noticia-proyecto\/sollagua-celebra-su-segunda-reunion-de-consorcio-en-lisboa\/"]}]},{"@type":"ImageObject","inLanguage":"pt-PT","@id":"https:\/\/interreg-sudoe.eu\/pt-pt\/noticia-proyecto\/sollagua-celebra-su-segunda-reunion-de-consorcio-en-lisboa\/#primaryimage","url":"https:\/\/interreg-sudoe.eu\/wp-content\/uploads\/2024\/07\/Foto-2-1.jpg","contentUrl":"https:\/\/interreg-sudoe.eu\/wp-content\/uploads\/2024\/07\/Foto-2-1.jpg","width":1600,"height":720,"caption":"SOLLAGUA KOM"},{"@type":"BreadcrumbList","@id":"https:\/\/interreg-sudoe.eu\/pt-pt\/noticia-proyecto\/sollagua-celebra-su-segunda-reunion-de-consorcio-en-lisboa\/#breadcrumb","itemListElement":[{"@type":"ListItem","position":1,"name":"Home","item":"https:\/\/interreg-sudoe.eu\/pt-pt\/"},{"@type":"ListItem","position":2,"name":"Nasce SOLLAGUA para impulsionar solu\u00e7\u00f5es sustent\u00e1veis de reutiliza\u00e7\u00e3o de \u00e1gua em zonas rurais"}]},{"@type":"WebSite","@id":"https:\/\/interreg-sudoe.eu\/pt-pt\/#website","url":"https:\/\/interreg-sudoe.eu\/pt-pt\/","name":"Interreg Sudoe","description":"Interreg Sudoe","publisher":{"@id":"https:\/\/interreg-sudoe.eu\/pt-pt\/#organization"},"alternateName":"Interreg Sudoe","potentialAction":[{"@type":"SearchAction","target":{"@type":"EntryPoint","urlTemplate":"https:\/\/interreg-sudoe.eu\/pt-pt\/?s={search_term_string}"},"query-input":{"@type":"PropertyValueSpecification","valueRequired":true,"valueName":"search_term_string"}}],"inLanguage":"pt-PT"},{"@type":"Organization","@id":"https:\/\/interreg-sudoe.eu\/pt-pt\/#organization","name":"Interreg Sudoe","alternateName":"Interreg Sudoe","url":"https:\/\/interreg-sudoe.eu\/pt-pt\/","logo":{"@type":"ImageObject","inLanguage":"pt-PT","@id":"https:\/\/interreg-sudoe.eu\/pt-pt\/#\/schema\/logo\/image\/","url":"https:\/\/interreg-sudoe.eu\/wp-content\/uploads\/2024\/03\/logo-interreg.png","contentUrl":"https:\/\/interreg-sudoe.eu\/wp-content\/uploads\/2024\/03\/logo-interreg.png","width":1200,"height":675,"caption":"Interreg Sudoe"},"image":{"@id":"https:\/\/interreg-sudoe.eu\/pt-pt\/#\/schema\/logo\/image\/"},"sameAs":["https:\/\/www.facebook.com\/interregsudoe","https:\/\/x.com\/Sudoe5","https:\/\/www.youtube.com\/channel\/UCeGx2edoB32beRc9dbKA2vw","https:\/\/www.linkedin.com\/company\/interreg-sudoe-programme\/","https:\/\/www.flickr.com\/photos\/148704685@N06\/"]}]}},"_links":{"self":[{"href":"https:\/\/interreg-sudoe.eu\/pt-pt\/wp-json\/wp\/v2\/noticia-proyecto\/40431","targetHints":{"allow":["GET"]}}],"collection":[{"href":"https:\/\/interreg-sudoe.eu\/pt-pt\/wp-json\/wp\/v2\/noticia-proyecto"}],"about":[{"href":"https:\/\/interreg-sudoe.eu\/pt-pt\/wp-json\/wp\/v2\/types\/noticia-proyecto"}],"author":[{"embeddable":true,"href":"https:\/\/interreg-sudoe.eu\/pt-pt\/wp-json\/wp\/v2\/users\/5002"}],"wp:featuredmedia":[{"embeddable":true,"href":"https:\/\/interreg-sudoe.eu\/pt-pt\/wp-json\/wp\/v2\/media\/43916"}],"wp:attachment":[{"href":"https:\/\/interreg-sudoe.eu\/pt-pt\/wp-json\/wp\/v2\/media?parent=40431"}],"curies":[{"name":"wp","href":"https:\/\/api.w.org\/{rel}","templated":true}]}}