{"id":40494,"date":"2024-08-14T12:36:53","date_gmt":"2024-08-14T10:36:53","guid":{"rendered":"https:\/\/interreg-sudoe.eu\/noticia-proyecto\/lanzamiento-de-predisc-hacia-la-generalizacion-de-la-prescripcion-de-un-programa-de-entrenamiento-personalizado-para-personas-mayores-durante-y-tras-la-hospitalizacion\/"},"modified":"2026-02-16T13:37:26","modified_gmt":"2026-02-16T12:37:26","slug":"lanzamiento-de-predisc-hacia-la-generalizacion-de-la-prescripcion-de-un-programa-de-entrenamiento-personalizado-para-personas-mayores-durante-y-tras-la-hospitalizacion","status":"publish","type":"noticia-proyecto","link":"https:\/\/interreg-sudoe.eu\/pt-pt\/noticia-proyecto\/lanzamiento-de-predisc-hacia-la-generalizacion-de-la-prescripcion-de-un-programa-de-entrenamiento-personalizado-para-personas-mayores-durante-y-tras-la-hospitalizacion\/","title":{"rendered":"Lan\u00e7amento do PreDisc: rumo \u00e0 generaliza\u00e7\u00e3o da prescri\u00e7\u00e3o de um programa de treinamento personalizado para idosos durante e ap\u00f3s a hospitaliza\u00e7\u00e3osonnalis\u00e9 pour les personnes \u00e2g\u00e9es pendant et apr\u00e8s l\u2019hospitalisation"},"content":{"rendered":"<ul>\n<li><strong>Navarrabiomed que lidera este projeto de coopera\u00e7\u00e3o transnacional apresenta aos seus parceiros o modelo navarro de atendimento a idosos hospitalizados por ocasi\u00e3o do encontro de lan\u00e7amento da PreDisc.<\/strong><\/li>\n<\/ul>\n<p>Os parceiros do projeto PreDisc se reuniram na sexta-feira, 15 de mar\u00e7o, no Navarrabiomed para dar in\u00edcio a esta iniciativa de colabora\u00e7\u00e3o transnacional, cofinanciada por fundos FEDER atrav\u00e9s do programa Sudoe. Seu objetivo \u00e9 prevenir a defici\u00eancia em idosos, promovendo atividade f\u00edsica regular durante e ap\u00f3s os per\u00edodos de interna\u00e7\u00e3o. Para isso, \u00e9 necess\u00e1rio a prescri\u00e7\u00e3o de um programa de treinamento personalizado durante a hospitaliza\u00e7\u00e3o e sua continua\u00e7\u00e3o ap\u00f3s a alta, com acompanhamento por Cuidados Prim\u00e1rios e gra\u00e7as ao desenvolvimento de uma ferramenta inovadora eHealth. Al\u00e9m disso, o projeto inclui um ensaio cl\u00ednico multic\u00eantrico para gerar evid\u00eancia cient\u00edfica e promover a integra\u00e7\u00e3o desses programas na pr\u00e1tica cl\u00ednica habitual. Aproveitou-se a presen\u00e7a do partenariado em Pamplona para organizar uma visita ao servi\u00e7o de geriatria do HUN e apresentar o modelo navarro de atendimento a idosos hospitalizados.<br \/>\nPreDisc conta com um or\u00e7amento total de 1.288.550 euros, co-financiado a 75% pelo Programa Interreg Sudoe, que apoia o desenvolvimento regional no sudoeste da Europa colaborando no impulso de projetos transnacionais atrav\u00e9s do Fundo Europeu de Desenvolvimento Regional (FEDER). Este programa promove a coopera\u00e7\u00e3o para resolver problemas comuns \u00e0s regi\u00f5es do sudoeste europeu.<\/p>\n<p>O cons\u00f3rcio do projeto \u00e9 liderado pelo centro de pesquisa biom\u00e9dica Navarrabiomed &#8211; Funda\u00e7\u00e3o Miguel Servet e conta com a participa\u00e7\u00e3o do Instituto de Pesquisa Sanit\u00e1ria de Navarra (IdiSNA), Aten\u00e7\u00e3o Prim\u00e1ria do Servi\u00e7o Navarro de Sa\u00fade &#8211; Osasunbidea (SNS-O), Universidade de Deusto (Bizkaia, Euskadi), Centre Hospitalier Universitaire de Toulouse P\u00f4le G\u00e9riatrie (Occitania), Hospital Distrital da Figueira da Foz, EPE (Coimbra, Regi\u00e3o Centro) e Servei Andorr\u00e0 d&#8217;Atenci\u00f3 Sanit\u00e0ria (Andorra), apoiado por 9 organismos p\u00fablicos e privados do sudoeste europeu que participam como entidades associadas.<\/p>\n<p><strong>Modelo de atendimento a idosos hospitalizados em Navarra<\/strong><\/p>\n<p>Ap\u00f3s o ato institucional que contou com a participa\u00e7\u00e3o do Conselheiro de Sa\u00fade do Governo de Navarra, Fernando Dom\u00ednguez, os s\u00f3cios visitaram o gin\u00e1sio do servi\u00e7o de geriatria do HUN, para conhecer o modelo de atendimento a idosos hospitalizados em Navarra e o impacto que tem a atividade f\u00edsica nos idosos hospitalizados.<br \/>\nA prescri\u00e7\u00e3o de atividade f\u00edsica personalizada durante o per\u00edodo de hospitaliza\u00e7\u00e3o est\u00e1 sendo gradualmente integrada no sistema hospitalar para prevenir a deteriora\u00e7\u00e3o funcional associada \u00e0 hospitaliza\u00e7\u00e3o, , ainda n\u00e3o est\u00e1 totalmente integrado na pr\u00e1tica cl\u00ednica. &#8220;Trata-se de dar prioridade \u00e0 recupera\u00e7\u00e3o funcional, gra\u00e7as a um programa de treinamento individualizado que permite encurtar a estadia hospitalar e evitar a defici\u00eancia que pode surgir durante as interna\u00e7\u00f5es. Este novo modelo de atendimento permite uma abordagem mais integral dos idosos e nos afasta de um modelo mais focado na doen\u00e7a do que no paciente&#8221;, explica Nicol\u00e1s Martinez Velilla, respons\u00e1vel pela Unidade de Geriatria e Envelhecimento Ativo (INGEA) de Navarrabiomed,\u00a0Chefe do servi\u00e7o de geriatria da HUN e pesquisador principal do projeto PreDisc.<\/p>\n<p>Deve-se lembrar que a situa\u00e7\u00e3o demogr\u00e1fica dos pa\u00edses do territ\u00f3rio SUDOE, como de toda a Europa, \u00e9 caracterizada por um envelhecimento progressivo da popula\u00e7\u00e3o, com uma esperan\u00e7a de vida em torno de 83-84 anos. Este fen\u00f4meno coloca desafios em termos de cuidados de sa\u00fade e cuidados a longo prazo. Para enfrentar esses desafios, s\u00e3o necess\u00e1rias estrat\u00e9gias integrais que promovam o envelhecimento ativo, prevenam a defici\u00eancia, garantam a acessibilidade universal e adaptem os servi\u00e7os \u00e0s necessidades dos idosos. Nesse sentido, a aten\u00e7\u00e3o geri\u00e1trica durante o per\u00edodo de interna\u00e7\u00e3o \u00e9 crucial na trajet\u00f3ria vital destes\/as pacientes. Em 2012, um estudo observacional prospectivo foi realizado em pacientes com mais de 75 anos internados no Servi\u00e7o de Geriatria de Navarra para avaliar o impacto do encamamento na sua funcionalidade. Verificou-se que 48,4% dos pacientes apresentaram deteriora\u00e7\u00e3o funcional na admiss\u00e3o, persistiendo em 38,7% na alta. O tempo m\u00e9dio de acasalamento foi de 19,7 horas por dia, e 58,1% foram acasalados uma m\u00e9dia de 20 horas por dia. Associou-se o grau de dorm\u00eancia com a deteriora\u00e7\u00e3o funcional e mortalidade, sugerindo a necessidade de interven\u00e7\u00f5es para melhorar os cuidados dos pacientes.<\/p>\n<p>Um estudo cl\u00ednico aleatorizado realizado em 2019, tamb\u00e9m no HUN, investigou o impacto de uma interven\u00e7\u00e3o f\u00edsica individualizada em idosos durante a hospitaliza\u00e7\u00e3o aguda. Foram aleatoriamente atribu\u00eddos 370 pacientes a um grupo de exerc\u00edcio ou controle. Os principais resultados mostraram que o grupo de exerc\u00edcio apresentou melhorias significativas na capacidade funcional, estado cognitivo, humor e qualidade de vida em compara\u00e7\u00e3o com o grupo controle.<\/p>\n<p>Al\u00e9m disso, n\u00e3o foram observados efeitos adversos associados com a interven\u00e7\u00e3o de exerc\u00edcio, sugerindo que \u00e9 seguro e eficaz para reverter o decl\u00ednio funcional relacionado \u00e0 hospitaliza\u00e7\u00e3o aguda em pacientes muito idosos.<br \/>\nPara integrar o exerc\u00edcio f\u00edsico \u00e0 pr\u00e1tica cl\u00ednica habitual, \u00e9 necess\u00e1rio gerar mais evid\u00eancia cient\u00edfica atrav\u00e9s de um ensaio cl\u00ednico multic\u00eantrico que ser\u00e1 realizado no \u00e2mbito do projeto PreDisc. Neste caso, o ensaio multic\u00eantrico aleat\u00f3rio ser\u00e1 internacional e contar\u00e1 com a participa\u00e7\u00e3o do HUN, do CHU de Toulouse, do Hospital Distrital da Figueira da Foz e do Hospital Nossa Senhora de Meritxell de Andorra. Tem como objetivo gerar uma maior evid\u00eancia cient\u00edfica e poder no futuro integrar programas de atividade f\u00edsica personalizada na pr\u00e1tica cl\u00ednica habitual a n\u00edvel hospitalar.<\/p>\n<p><strong>Do hospital para o campo<\/strong><\/p>\n<p>Al\u00e9m disso, para prevenir a defici\u00eancia a longo prazo e melhorar a qualidade de vida dos idosos no seu dia-a-dia, o projeto PreDisc prop\u00f5e dar continuidade a este programa de exerc\u00edcio f\u00edsico iniciado no hospital ap\u00f3s a alta hospitalar, gra\u00e7as a um acompanhamento por Cuidados Prim\u00e1rios e o desenvolvimento de uma ferramenta inovadora eHealth.<br \/>\nAl\u00e9m do atendimento ao paciente no \u00e2mbito da sa\u00fade, PreDisc tamb\u00e9m foca seu campo de a\u00e7\u00e3o na promo\u00e7\u00e3o de um envelhecimento ativo, especialmente em \u00e1reas rurais, atrav\u00e9s do desenvolvimento de ferramentas tecnol\u00f3gicas, a forma\u00e7\u00e3o de pessoal de sa\u00fade, realiza\u00e7\u00e3o de visitas domiciliares e eventos em comunidades rurais, o que deve permitir reduzir interna\u00e7\u00f5es hospitalares desnecess\u00e1rias.<\/p>\n","protected":false},"excerpt":{"rendered":"<p>Os parceiros do projeto PreDisc se reuniram na sexta-feira, 15 de mar\u00e7o, no Navarrabiomed para dar in\u00edcio a esta iniciativa de colabora\u00e7\u00e3o transnacional, cofinanciada por fundos FEDER atrav\u00e9s do programa Sudoe. Seu objetivo \u00e9 prevenir a defici\u00eancia em idosos, promovendo atividade f\u00edsica regular durante e ap\u00f3s os per\u00edodos de interna\u00e7\u00e3o. Para isso, \u00e9 necess\u00e1rio a prescri\u00e7\u00e3o de um programa de treinamento personalizado durante a hospitaliza\u00e7\u00e3o e sua continua\u00e7\u00e3o ap\u00f3s a alta, com acompanhamento por Cuidados Prim\u00e1rios e gra\u00e7as ao desenvolvimento de uma ferramenta inovadora eHealth. Al\u00e9m disso, o projeto inclui um ensaio cl\u00ednico multic\u00eantrico para gerar evid\u00eancia cient\u00edfica e promover a integra\u00e7\u00e3o desses programas na pr\u00e1tica cl\u00ednica habitual. Aproveitou-se a presen\u00e7a do partenariado em Pamplona para organizar uma visita ao servi\u00e7o de geriatria do HUN e apresentar o modelo navarro de atendimento a idosos hospitalizados.<br \/>\nPreDisc conta com um or\u00e7amento total de 1.288.550 euros, co-financiado a 75% pelo Programa Interreg Sudoe, que apoia o desenvolvimento regional no sudoeste da Europa colaborando no impulso de projetos transnacionais atrav\u00e9s do Fundo Europeu de Desenvolvimento Regional (FEDER). Este programa promove a coopera\u00e7\u00e3o para resolver problemas comuns \u00e0s regi\u00f5es do sudoeste europeu.<\/p>\n","protected":false},"author":4918,"featured_media":39293,"parent":0,"template":"","meta":{"_acf_changed":false,"content-type":"","_monsterinsights_skip_tracking":false,"_monsterinsights_sitenote_active":false,"_monsterinsights_sitenote_note":"","_monsterinsights_sitenote_category":0},"class_list":["post-40494","noticia-proyecto","type-noticia-proyecto","status-publish","has-post-thumbnail","hentry"],"acf":[],"yoast_head":"<!-- This site is optimized with the Yoast SEO plugin v27.2 - https:\/\/yoast.com\/product\/yoast-seo-wordpress\/ -->\n<title>Lan\u00e7amento do PreDisc: rumo \u00e0 generaliza\u00e7\u00e3o da prescri\u00e7\u00e3o de um programa de treinamento personalizado para idosos durante e ap\u00f3s a hospitaliza\u00e7\u00e3osonnalis\u00e9 pour les personnes \u00e2g\u00e9es pendant et apr\u00e8s l\u2019hospitalisation - Interreg Sudoe<\/title>\n<meta name=\"robots\" content=\"index, follow, max-snippet:-1, max-image-preview:large, max-video-preview:-1\" \/>\n<link rel=\"canonical\" href=\"https:\/\/interreg-sudoe.eu\/pt-pt\/noticia-proyecto\/lanzamiento-de-predisc-hacia-la-generalizacion-de-la-prescripcion-de-un-programa-de-entrenamiento-personalizado-para-personas-mayores-durante-y-tras-la-hospitalizacion\/\" \/>\n<meta property=\"og:locale\" content=\"pt_PT\" \/>\n<meta property=\"og:type\" content=\"article\" \/>\n<meta property=\"og:title\" content=\"Lan\u00e7amento do PreDisc: rumo \u00e0 generaliza\u00e7\u00e3o da prescri\u00e7\u00e3o de um programa de treinamento personalizado para idosos durante e ap\u00f3s a hospitaliza\u00e7\u00e3osonnalis\u00e9 pour les personnes \u00e2g\u00e9es pendant et apr\u00e8s l\u2019hospitalisation - Interreg Sudoe\" \/>\n<meta property=\"og:description\" content=\"Os parceiros do projeto PreDisc se reuniram na sexta-feira, 15 de mar\u00e7o, no Navarrabiomed para dar in\u00edcio a esta iniciativa de colabora\u00e7\u00e3o transnacional, cofinanciada por fundos FEDER atrav\u00e9s do programa Sudoe. Seu objetivo \u00e9 prevenir a defici\u00eancia em idosos, promovendo atividade f\u00edsica regular durante e ap\u00f3s os per\u00edodos de interna\u00e7\u00e3o. Para isso, \u00e9 necess\u00e1rio a prescri\u00e7\u00e3o de um programa de treinamento personalizado durante a hospitaliza\u00e7\u00e3o e sua continua\u00e7\u00e3o ap\u00f3s a alta, com acompanhamento por Cuidados Prim\u00e1rios e gra\u00e7as ao desenvolvimento de uma ferramenta inovadora eHealth. Al\u00e9m disso, o projeto inclui um ensaio cl\u00ednico multic\u00eantrico para gerar evid\u00eancia cient\u00edfica e promover a integra\u00e7\u00e3o desses programas na pr\u00e1tica cl\u00ednica habitual. Aproveitou-se a presen\u00e7a do partenariado em Pamplona para organizar uma visita ao servi\u00e7o de geriatria do HUN e apresentar o modelo navarro de atendimento a idosos hospitalizados. PreDisc conta com um or\u00e7amento total de 1.288.550 euros, co-financiado a 75% pelo Programa Interreg Sudoe, que apoia o desenvolvimento regional no sudoeste da Europa colaborando no impulso de projetos transnacionais atrav\u00e9s do Fundo Europeu de Desenvolvimento Regional (FEDER). Este programa promove a coopera\u00e7\u00e3o para resolver problemas comuns \u00e0s regi\u00f5es do sudoeste europeu.\" \/>\n<meta property=\"og:url\" content=\"https:\/\/interreg-sudoe.eu\/pt-pt\/noticia-proyecto\/lanzamiento-de-predisc-hacia-la-generalizacion-de-la-prescripcion-de-un-programa-de-entrenamiento-personalizado-para-personas-mayores-durante-y-tras-la-hospitalizacion\/\" \/>\n<meta property=\"og:site_name\" content=\"Interreg Sudoe\" \/>\n<meta property=\"article:publisher\" content=\"https:\/\/www.facebook.com\/interregsudoe\" \/>\n<meta property=\"article:modified_time\" content=\"2026-02-16T12:37:26+00:00\" \/>\n<meta property=\"og:image\" content=\"https:\/\/interreg-sudoe.eu\/wp-content\/uploads\/2024\/05\/Geriatria_HUN_01w.jpg\" \/>\n\t<meta property=\"og:image:width\" content=\"1200\" \/>\n\t<meta property=\"og:image:height\" content=\"628\" \/>\n\t<meta property=\"og:image:type\" content=\"image\/jpeg\" \/>\n<meta name=\"twitter:card\" content=\"summary_large_image\" \/>\n<meta name=\"twitter:site\" content=\"@Sudoe5\" \/>\n<meta name=\"twitter:label1\" content=\"Tempo estimado de leitura\" \/>\n\t<meta name=\"twitter:data1\" content=\"5 minutos\" \/>\n<script type=\"application\/ld+json\" class=\"yoast-schema-graph\">{\"@context\":\"https:\/\/schema.org\",\"@graph\":[{\"@type\":\"WebPage\",\"@id\":\"https:\/\/interreg-sudoe.eu\/pt-pt\/noticia-proyecto\/lanzamiento-de-predisc-hacia-la-generalizacion-de-la-prescripcion-de-un-programa-de-entrenamiento-personalizado-para-personas-mayores-durante-y-tras-la-hospitalizacion\/\",\"url\":\"https:\/\/interreg-sudoe.eu\/pt-pt\/noticia-proyecto\/lanzamiento-de-predisc-hacia-la-generalizacion-de-la-prescripcion-de-un-programa-de-entrenamiento-personalizado-para-personas-mayores-durante-y-tras-la-hospitalizacion\/\",\"name\":\"Lan\u00e7amento do PreDisc: rumo \u00e0 generaliza\u00e7\u00e3o da prescri\u00e7\u00e3o de um programa de treinamento personalizado para idosos durante e ap\u00f3s a hospitaliza\u00e7\u00e3osonnalis\u00e9 pour les personnes \u00e2g\u00e9es pendant et apr\u00e8s l\u2019hospitalisation - Interreg Sudoe\",\"isPartOf\":{\"@id\":\"https:\/\/interreg-sudoe.eu\/pt-pt\/#website\"},\"primaryImageOfPage\":{\"@id\":\"https:\/\/interreg-sudoe.eu\/pt-pt\/noticia-proyecto\/lanzamiento-de-predisc-hacia-la-generalizacion-de-la-prescripcion-de-un-programa-de-entrenamiento-personalizado-para-personas-mayores-durante-y-tras-la-hospitalizacion\/#primaryimage\"},\"image\":{\"@id\":\"https:\/\/interreg-sudoe.eu\/pt-pt\/noticia-proyecto\/lanzamiento-de-predisc-hacia-la-generalizacion-de-la-prescripcion-de-un-programa-de-entrenamiento-personalizado-para-personas-mayores-durante-y-tras-la-hospitalizacion\/#primaryimage\"},\"thumbnailUrl\":\"https:\/\/interreg-sudoe.eu\/wp-content\/uploads\/2024\/05\/Geriatria_HUN_01w.jpg\",\"datePublished\":\"2024-08-14T10:36:53+00:00\",\"dateModified\":\"2026-02-16T12:37:26+00:00\",\"breadcrumb\":{\"@id\":\"https:\/\/interreg-sudoe.eu\/pt-pt\/noticia-proyecto\/lanzamiento-de-predisc-hacia-la-generalizacion-de-la-prescripcion-de-un-programa-de-entrenamiento-personalizado-para-personas-mayores-durante-y-tras-la-hospitalizacion\/#breadcrumb\"},\"inLanguage\":\"pt-PT\",\"potentialAction\":[{\"@type\":\"ReadAction\",\"target\":[\"https:\/\/interreg-sudoe.eu\/pt-pt\/noticia-proyecto\/lanzamiento-de-predisc-hacia-la-generalizacion-de-la-prescripcion-de-un-programa-de-entrenamiento-personalizado-para-personas-mayores-durante-y-tras-la-hospitalizacion\/\"]}]},{\"@type\":\"ImageObject\",\"inLanguage\":\"pt-PT\",\"@id\":\"https:\/\/interreg-sudoe.eu\/pt-pt\/noticia-proyecto\/lanzamiento-de-predisc-hacia-la-generalizacion-de-la-prescripcion-de-un-programa-de-entrenamiento-personalizado-para-personas-mayores-durante-y-tras-la-hospitalizacion\/#primaryimage\",\"url\":\"https:\/\/interreg-sudoe.eu\/wp-content\/uploads\/2024\/05\/Geriatria_HUN_01w.jpg\",\"contentUrl\":\"https:\/\/interreg-sudoe.eu\/wp-content\/uploads\/2024\/05\/Geriatria_HUN_01w.jpg\",\"width\":1200,\"height\":628},{\"@type\":\"BreadcrumbList\",\"@id\":\"https:\/\/interreg-sudoe.eu\/pt-pt\/noticia-proyecto\/lanzamiento-de-predisc-hacia-la-generalizacion-de-la-prescripcion-de-un-programa-de-entrenamiento-personalizado-para-personas-mayores-durante-y-tras-la-hospitalizacion\/#breadcrumb\",\"itemListElement\":[{\"@type\":\"ListItem\",\"position\":1,\"name\":\"Home\",\"item\":\"https:\/\/interreg-sudoe.eu\/pt-pt\/\"},{\"@type\":\"ListItem\",\"position\":2,\"name\":\"Lan\u00e7amento do PreDisc: rumo \u00e0 generaliza\u00e7\u00e3o da prescri\u00e7\u00e3o de um programa de treinamento personalizado para idosos durante e ap\u00f3s a hospitaliza\u00e7\u00e3osonnalis\u00e9 pour les personnes \u00e2g\u00e9es pendant et apr\u00e8s l\u2019hospitalisation\"}]},{\"@type\":\"WebSite\",\"@id\":\"https:\/\/interreg-sudoe.eu\/pt-pt\/#website\",\"url\":\"https:\/\/interreg-sudoe.eu\/pt-pt\/\",\"name\":\"Interreg Sudoe\",\"description\":\"Interreg Sudoe\",\"publisher\":{\"@id\":\"https:\/\/interreg-sudoe.eu\/pt-pt\/#organization\"},\"alternateName\":\"Interreg Sudoe\",\"potentialAction\":[{\"@type\":\"SearchAction\",\"target\":{\"@type\":\"EntryPoint\",\"urlTemplate\":\"https:\/\/interreg-sudoe.eu\/pt-pt\/?s={search_term_string}\"},\"query-input\":{\"@type\":\"PropertyValueSpecification\",\"valueRequired\":true,\"valueName\":\"search_term_string\"}}],\"inLanguage\":\"pt-PT\"},{\"@type\":\"Organization\",\"@id\":\"https:\/\/interreg-sudoe.eu\/pt-pt\/#organization\",\"name\":\"Interreg Sudoe\",\"alternateName\":\"Interreg Sudoe\",\"url\":\"https:\/\/interreg-sudoe.eu\/pt-pt\/\",\"logo\":{\"@type\":\"ImageObject\",\"inLanguage\":\"pt-PT\",\"@id\":\"https:\/\/interreg-sudoe.eu\/pt-pt\/#\/schema\/logo\/image\/\",\"url\":\"https:\/\/interreg-sudoe.eu\/wp-content\/uploads\/2024\/03\/logo-interreg.png\",\"contentUrl\":\"https:\/\/interreg-sudoe.eu\/wp-content\/uploads\/2024\/03\/logo-interreg.png\",\"width\":1200,\"height\":675,\"caption\":\"Interreg Sudoe\"},\"image\":{\"@id\":\"https:\/\/interreg-sudoe.eu\/pt-pt\/#\/schema\/logo\/image\/\"},\"sameAs\":[\"https:\/\/www.facebook.com\/interregsudoe\",\"https:\/\/x.com\/Sudoe5\",\"https:\/\/www.youtube.com\/channel\/UCeGx2edoB32beRc9dbKA2vw\",\"https:\/\/www.linkedin.com\/company\/interreg-sudoe-programme\/\",\"https:\/\/www.flickr.com\/photos\/148704685@N06\/\"]}]}<\/script>\n<!-- \/ Yoast SEO plugin. -->","yoast_head_json":{"title":"Lan\u00e7amento do PreDisc: rumo \u00e0 generaliza\u00e7\u00e3o da prescri\u00e7\u00e3o de um programa de treinamento personalizado para idosos durante e ap\u00f3s a hospitaliza\u00e7\u00e3osonnalis\u00e9 pour les personnes \u00e2g\u00e9es pendant et apr\u00e8s l\u2019hospitalisation - Interreg Sudoe","robots":{"index":"index","follow":"follow","max-snippet":"max-snippet:-1","max-image-preview":"max-image-preview:large","max-video-preview":"max-video-preview:-1"},"canonical":"https:\/\/interreg-sudoe.eu\/pt-pt\/noticia-proyecto\/lanzamiento-de-predisc-hacia-la-generalizacion-de-la-prescripcion-de-un-programa-de-entrenamiento-personalizado-para-personas-mayores-durante-y-tras-la-hospitalizacion\/","og_locale":"pt_PT","og_type":"article","og_title":"Lan\u00e7amento do PreDisc: rumo \u00e0 generaliza\u00e7\u00e3o da prescri\u00e7\u00e3o de um programa de treinamento personalizado para idosos durante e ap\u00f3s a hospitaliza\u00e7\u00e3osonnalis\u00e9 pour les personnes \u00e2g\u00e9es pendant et apr\u00e8s l\u2019hospitalisation - Interreg Sudoe","og_description":"Os parceiros do projeto PreDisc se reuniram na sexta-feira, 15 de mar\u00e7o, no Navarrabiomed para dar in\u00edcio a esta iniciativa de colabora\u00e7\u00e3o transnacional, cofinanciada por fundos FEDER atrav\u00e9s do programa Sudoe. Seu objetivo \u00e9 prevenir a defici\u00eancia em idosos, promovendo atividade f\u00edsica regular durante e ap\u00f3s os per\u00edodos de interna\u00e7\u00e3o. Para isso, \u00e9 necess\u00e1rio a prescri\u00e7\u00e3o de um programa de treinamento personalizado durante a hospitaliza\u00e7\u00e3o e sua continua\u00e7\u00e3o ap\u00f3s a alta, com acompanhamento por Cuidados Prim\u00e1rios e gra\u00e7as ao desenvolvimento de uma ferramenta inovadora eHealth. Al\u00e9m disso, o projeto inclui um ensaio cl\u00ednico multic\u00eantrico para gerar evid\u00eancia cient\u00edfica e promover a integra\u00e7\u00e3o desses programas na pr\u00e1tica cl\u00ednica habitual. Aproveitou-se a presen\u00e7a do partenariado em Pamplona para organizar uma visita ao servi\u00e7o de geriatria do HUN e apresentar o modelo navarro de atendimento a idosos hospitalizados. PreDisc conta com um or\u00e7amento total de 1.288.550 euros, co-financiado a 75% pelo Programa Interreg Sudoe, que apoia o desenvolvimento regional no sudoeste da Europa colaborando no impulso de projetos transnacionais atrav\u00e9s do Fundo Europeu de Desenvolvimento Regional (FEDER). Este programa promove a coopera\u00e7\u00e3o para resolver problemas comuns \u00e0s regi\u00f5es do sudoeste europeu.","og_url":"https:\/\/interreg-sudoe.eu\/pt-pt\/noticia-proyecto\/lanzamiento-de-predisc-hacia-la-generalizacion-de-la-prescripcion-de-un-programa-de-entrenamiento-personalizado-para-personas-mayores-durante-y-tras-la-hospitalizacion\/","og_site_name":"Interreg Sudoe","article_publisher":"https:\/\/www.facebook.com\/interregsudoe","article_modified_time":"2026-02-16T12:37:26+00:00","og_image":[{"width":1200,"height":628,"url":"https:\/\/interreg-sudoe.eu\/wp-content\/uploads\/2024\/05\/Geriatria_HUN_01w.jpg","type":"image\/jpeg"}],"twitter_card":"summary_large_image","twitter_site":"@Sudoe5","twitter_misc":{"Tempo estimado de leitura":"5 minutos"},"schema":{"@context":"https:\/\/schema.org","@graph":[{"@type":"WebPage","@id":"https:\/\/interreg-sudoe.eu\/pt-pt\/noticia-proyecto\/lanzamiento-de-predisc-hacia-la-generalizacion-de-la-prescripcion-de-un-programa-de-entrenamiento-personalizado-para-personas-mayores-durante-y-tras-la-hospitalizacion\/","url":"https:\/\/interreg-sudoe.eu\/pt-pt\/noticia-proyecto\/lanzamiento-de-predisc-hacia-la-generalizacion-de-la-prescripcion-de-un-programa-de-entrenamiento-personalizado-para-personas-mayores-durante-y-tras-la-hospitalizacion\/","name":"Lan\u00e7amento do PreDisc: rumo \u00e0 generaliza\u00e7\u00e3o da prescri\u00e7\u00e3o de um programa de treinamento personalizado para idosos durante e ap\u00f3s a hospitaliza\u00e7\u00e3osonnalis\u00e9 pour les personnes \u00e2g\u00e9es pendant et apr\u00e8s l\u2019hospitalisation - Interreg Sudoe","isPartOf":{"@id":"https:\/\/interreg-sudoe.eu\/pt-pt\/#website"},"primaryImageOfPage":{"@id":"https:\/\/interreg-sudoe.eu\/pt-pt\/noticia-proyecto\/lanzamiento-de-predisc-hacia-la-generalizacion-de-la-prescripcion-de-un-programa-de-entrenamiento-personalizado-para-personas-mayores-durante-y-tras-la-hospitalizacion\/#primaryimage"},"image":{"@id":"https:\/\/interreg-sudoe.eu\/pt-pt\/noticia-proyecto\/lanzamiento-de-predisc-hacia-la-generalizacion-de-la-prescripcion-de-un-programa-de-entrenamiento-personalizado-para-personas-mayores-durante-y-tras-la-hospitalizacion\/#primaryimage"},"thumbnailUrl":"https:\/\/interreg-sudoe.eu\/wp-content\/uploads\/2024\/05\/Geriatria_HUN_01w.jpg","datePublished":"2024-08-14T10:36:53+00:00","dateModified":"2026-02-16T12:37:26+00:00","breadcrumb":{"@id":"https:\/\/interreg-sudoe.eu\/pt-pt\/noticia-proyecto\/lanzamiento-de-predisc-hacia-la-generalizacion-de-la-prescripcion-de-un-programa-de-entrenamiento-personalizado-para-personas-mayores-durante-y-tras-la-hospitalizacion\/#breadcrumb"},"inLanguage":"pt-PT","potentialAction":[{"@type":"ReadAction","target":["https:\/\/interreg-sudoe.eu\/pt-pt\/noticia-proyecto\/lanzamiento-de-predisc-hacia-la-generalizacion-de-la-prescripcion-de-un-programa-de-entrenamiento-personalizado-para-personas-mayores-durante-y-tras-la-hospitalizacion\/"]}]},{"@type":"ImageObject","inLanguage":"pt-PT","@id":"https:\/\/interreg-sudoe.eu\/pt-pt\/noticia-proyecto\/lanzamiento-de-predisc-hacia-la-generalizacion-de-la-prescripcion-de-un-programa-de-entrenamiento-personalizado-para-personas-mayores-durante-y-tras-la-hospitalizacion\/#primaryimage","url":"https:\/\/interreg-sudoe.eu\/wp-content\/uploads\/2024\/05\/Geriatria_HUN_01w.jpg","contentUrl":"https:\/\/interreg-sudoe.eu\/wp-content\/uploads\/2024\/05\/Geriatria_HUN_01w.jpg","width":1200,"height":628},{"@type":"BreadcrumbList","@id":"https:\/\/interreg-sudoe.eu\/pt-pt\/noticia-proyecto\/lanzamiento-de-predisc-hacia-la-generalizacion-de-la-prescripcion-de-un-programa-de-entrenamiento-personalizado-para-personas-mayores-durante-y-tras-la-hospitalizacion\/#breadcrumb","itemListElement":[{"@type":"ListItem","position":1,"name":"Home","item":"https:\/\/interreg-sudoe.eu\/pt-pt\/"},{"@type":"ListItem","position":2,"name":"Lan\u00e7amento do PreDisc: rumo \u00e0 generaliza\u00e7\u00e3o da prescri\u00e7\u00e3o de um programa de treinamento personalizado para idosos durante e ap\u00f3s a hospitaliza\u00e7\u00e3osonnalis\u00e9 pour les personnes \u00e2g\u00e9es pendant et apr\u00e8s l\u2019hospitalisation"}]},{"@type":"WebSite","@id":"https:\/\/interreg-sudoe.eu\/pt-pt\/#website","url":"https:\/\/interreg-sudoe.eu\/pt-pt\/","name":"Interreg Sudoe","description":"Interreg Sudoe","publisher":{"@id":"https:\/\/interreg-sudoe.eu\/pt-pt\/#organization"},"alternateName":"Interreg Sudoe","potentialAction":[{"@type":"SearchAction","target":{"@type":"EntryPoint","urlTemplate":"https:\/\/interreg-sudoe.eu\/pt-pt\/?s={search_term_string}"},"query-input":{"@type":"PropertyValueSpecification","valueRequired":true,"valueName":"search_term_string"}}],"inLanguage":"pt-PT"},{"@type":"Organization","@id":"https:\/\/interreg-sudoe.eu\/pt-pt\/#organization","name":"Interreg Sudoe","alternateName":"Interreg Sudoe","url":"https:\/\/interreg-sudoe.eu\/pt-pt\/","logo":{"@type":"ImageObject","inLanguage":"pt-PT","@id":"https:\/\/interreg-sudoe.eu\/pt-pt\/#\/schema\/logo\/image\/","url":"https:\/\/interreg-sudoe.eu\/wp-content\/uploads\/2024\/03\/logo-interreg.png","contentUrl":"https:\/\/interreg-sudoe.eu\/wp-content\/uploads\/2024\/03\/logo-interreg.png","width":1200,"height":675,"caption":"Interreg Sudoe"},"image":{"@id":"https:\/\/interreg-sudoe.eu\/pt-pt\/#\/schema\/logo\/image\/"},"sameAs":["https:\/\/www.facebook.com\/interregsudoe","https:\/\/x.com\/Sudoe5","https:\/\/www.youtube.com\/channel\/UCeGx2edoB32beRc9dbKA2vw","https:\/\/www.linkedin.com\/company\/interreg-sudoe-programme\/","https:\/\/www.flickr.com\/photos\/148704685@N06\/"]}]}},"_links":{"self":[{"href":"https:\/\/interreg-sudoe.eu\/pt-pt\/wp-json\/wp\/v2\/noticia-proyecto\/40494","targetHints":{"allow":["GET"]}}],"collection":[{"href":"https:\/\/interreg-sudoe.eu\/pt-pt\/wp-json\/wp\/v2\/noticia-proyecto"}],"about":[{"href":"https:\/\/interreg-sudoe.eu\/pt-pt\/wp-json\/wp\/v2\/types\/noticia-proyecto"}],"author":[{"embeddable":true,"href":"https:\/\/interreg-sudoe.eu\/pt-pt\/wp-json\/wp\/v2\/users\/4918"}],"wp:featuredmedia":[{"embeddable":true,"href":"https:\/\/interreg-sudoe.eu\/pt-pt\/wp-json\/wp\/v2\/media\/39293"}],"wp:attachment":[{"href":"https:\/\/interreg-sudoe.eu\/pt-pt\/wp-json\/wp\/v2\/media?parent=40494"}],"curies":[{"name":"wp","href":"https:\/\/api.w.org\/{rel}","templated":true}]}}