{"id":40842,"date":"2024-10-10T12:28:25","date_gmt":"2024-10-10T10:28:25","guid":{"rendered":"https:\/\/interreg-sudoe.eu\/noticia-proyecto\/cultur-monts-realiza-su-cuarto-encuentro-de-trabajo-en-le-mont-dore-francia\/"},"modified":"2026-02-16T16:23:25","modified_gmt":"2026-02-16T15:23:25","slug":"cultur-monts-realiza-su-cuarto-encuentro-de-trabajo-en-le-mont-dore-francia","status":"publish","type":"noticia-proyecto","link":"https:\/\/interreg-sudoe.eu\/pt-pt\/noticia-proyecto\/cultur-monts-realiza-su-cuarto-encuentro-de-trabajo-en-le-mont-dore-francia\/","title":{"rendered":"Cultur-Monts realiza a sua quarta reuni\u00e3o de trabalho em Le Mont-Dore (Fran\u00e7a)"},"content":{"rendered":"<p><img fetchpriority=\"high\" decoding=\"async\" class=\"wp-image-40835 alignleft\" src=\"https:\/\/interreg-sudoe.eu\/wp-content\/uploads\/2024\/10\/6-300x158.jpg\" alt=\"\" width=\"403\" height=\"212\" srcset=\"https:\/\/interreg-sudoe.eu\/wp-content\/uploads\/2024\/10\/6-300x158.jpg 300w, https:\/\/interreg-sudoe.eu\/wp-content\/uploads\/2024\/10\/6-1024x538.jpg 1024w, https:\/\/interreg-sudoe.eu\/wp-content\/uploads\/2024\/10\/6-768x403.jpg 768w, https:\/\/interreg-sudoe.eu\/wp-content\/uploads\/2024\/10\/6.jpg 1200w\" sizes=\"(max-width: 403px) 100vw, 403px\" \/><\/p>\n<p><span data-contrast=\"none\">De 13 a 16 de outubro, a quarta reuni\u00e3o de trabalho do projeto CulturMonts ter\u00e1 lugar em Le Mont-Dore, situado no departamento de Puy-de-D\u00f4me (Fran\u00e7a). <\/span><\/p>\n<p>Durante estes dias, a equipa internacional de CulturMonts combinar\u00e1 as sess\u00f5es de trabalho interno dos 3 GT com visitas de campo para conhecer o patrim\u00f3nio material e imaterial do Maci\u00e7o de Sancy e os vest\u00edgios arqueol\u00f3gicos do per\u00edodo romano no munic\u00edpio de Le Mont-Dore. As visitas de campo centrar-se-\u00e3o nos temas da \u00e1gua, da pedra e da pastor\u00edcia.<\/p>\n<p><img decoding=\"async\" class=\"wp-image-40836 alignright\" src=\"https:\/\/interreg-sudoe.eu\/wp-content\/uploads\/2024\/10\/4-300x158.jpg\" alt=\"\" width=\"450\" height=\"237\" srcset=\"https:\/\/interreg-sudoe.eu\/wp-content\/uploads\/2024\/10\/4-300x158.jpg 300w, https:\/\/interreg-sudoe.eu\/wp-content\/uploads\/2024\/10\/4-1024x538.jpg 1024w, https:\/\/interreg-sudoe.eu\/wp-content\/uploads\/2024\/10\/4-768x403.jpg 768w, https:\/\/interreg-sudoe.eu\/wp-content\/uploads\/2024\/10\/4.jpg 1200w\" sizes=\"(max-width: 450px) 100vw, 450px\" \/><\/p>\n<p>O objetivo do encontro \u00e9 conhecer em pormenor as carater\u00edsticas das paisagens culturais de montanha da janela-piloto do Maci\u00e7o Central franc\u00eas, que funcionar\u00e1 nas zonas de Sancy e Loz\u00e8re.<\/p>\n<p>O programa do col\u00f3quio incide sobre as metodologias de valoriza\u00e7\u00e3o de um patrim\u00f3nio \u00fanico como o \u201ctras\u201d, ligado \u00e0 cria\u00e7\u00e3o de gado no meio da montanha e \u00e0 produ\u00e7\u00e3o do famoso queijo Saint-Nectaire. Assim como sobre as formas de valoriza\u00e7\u00e3o patrimonial da arqueologia termal de Le Mont-Dore, caracterizada por vest\u00edgios monumentais do per\u00edodo romano espalhados pelos v\u00e1rios edif\u00edcios e s\u00edtios do munic\u00edpio.<\/p>\n<p><span data-ccp-props=\"{&quot;134233117&quot;:false,&quot;134233118&quot;:false,&quot;201341983&quot;:0,&quot;335551550&quot;:6,&quot;335551620&quot;:6,&quot;335559685&quot;:0,&quot;335559737&quot;:0,&quot;335559738&quot;:0,&quot;335559739&quot;:160,&quot;335559740&quot;:279}\">\u00a0\u00a0 <img decoding=\"async\" class=\"alignnone wp-image-40845\" src=\"https:\/\/interreg-sudoe.eu\/wp-content\/uploads\/2024\/10\/9-2-300x158.jpg\" alt=\"\" width=\"329\" height=\"173\" srcset=\"https:\/\/interreg-sudoe.eu\/wp-content\/uploads\/2024\/10\/9-2-300x158.jpg 300w, https:\/\/interreg-sudoe.eu\/wp-content\/uploads\/2024\/10\/9-2-1024x538.jpg 1024w, https:\/\/interreg-sudoe.eu\/wp-content\/uploads\/2024\/10\/9-2-768x403.jpg 768w, https:\/\/interreg-sudoe.eu\/wp-content\/uploads\/2024\/10\/9-2.jpg 1200w\" sizes=\"(max-width: 329px) 100vw, 329px\" \/>\u00a0 \u00a0 \u00a0<img loading=\"lazy\" decoding=\"async\" class=\"alignnone wp-image-40844\" src=\"https:\/\/interreg-sudoe.eu\/wp-content\/uploads\/2024\/10\/8-2-300x158.jpg\" alt=\"\" width=\"331\" height=\"174\" srcset=\"https:\/\/interreg-sudoe.eu\/wp-content\/uploads\/2024\/10\/8-2-300x158.jpg 300w, https:\/\/interreg-sudoe.eu\/wp-content\/uploads\/2024\/10\/8-2-1024x538.jpg 1024w, https:\/\/interreg-sudoe.eu\/wp-content\/uploads\/2024\/10\/8-2-768x403.jpg 768w, https:\/\/interreg-sudoe.eu\/wp-content\/uploads\/2024\/10\/8-2.jpg 1200w\" sizes=\"(max-width: 331px) 100vw, 331px\" \/><\/span><\/p>\n<p><span data-ccp-props=\"{&quot;134233117&quot;:false,&quot;134233118&quot;:false,&quot;201341983&quot;:0,&quot;335551550&quot;:6,&quot;335551620&quot;:6,&quot;335559685&quot;:0,&quot;335559737&quot;:0,&quot;335559738&quot;:0,&quot;335559739&quot;:160,&quot;335559740&quot;:279}\">O Institut d&#8217;Auvergne-Rh\u00f4ne-Alpes du D\u00e9veloppement des Terrtitoires (IADT) e a Maison des Sciences de l&#8217;Homme (MSH), vinculados \u00e0 Universit\u00e9 Clermont-Auvergne (UCA), juntamente com a Mairie du Mont-Dore, s\u00f3cios benefici\u00e1rios do projeto, s\u00e3o os organizadores do encontro. <\/span><\/p>\n<p><span data-ccp-props=\"{&quot;134233117&quot;:false,&quot;134233118&quot;:false,&quot;201341983&quot;:0,&quot;335551550&quot;:6,&quot;335551620&quot;:6,&quot;335559685&quot;:0,&quot;335559737&quot;:0,&quot;335559738&quot;:0,&quot;335559739&quot;:160,&quot;335559740&quot;:279}\"><img loading=\"lazy\" decoding=\"async\" class=\"wp-image-40838 aligncenter\" src=\"https:\/\/interreg-sudoe.eu\/wp-content\/uploads\/2024\/10\/5-300x158.jpg\" alt=\"\" width=\"507\" height=\"267\" srcset=\"https:\/\/interreg-sudoe.eu\/wp-content\/uploads\/2024\/10\/5-300x158.jpg 300w, https:\/\/interreg-sudoe.eu\/wp-content\/uploads\/2024\/10\/5-1024x538.jpg 1024w, https:\/\/interreg-sudoe.eu\/wp-content\/uploads\/2024\/10\/5-768x403.jpg 768w, https:\/\/interreg-sudoe.eu\/wp-content\/uploads\/2024\/10\/5.jpg 1200w\" sizes=\"(max-width: 507px) 100vw, 507px\" \/><\/span><\/p>\n<p>Est\u00e1 tudo pronto para a descoberta das paisagens culturais do Puy-de-D\u00f4me! Pode consultar o programa pormenorizado aqui:<\/p>\n<p><a href=\"https:\/\/interreg-sudoe.eu\/wp-content\/uploads\/2024\/10\/Programa-4e-reuniao.pdf\">Programa 4e reuniao<\/a><\/p>\n","protected":false},"excerpt":{"rendered":"<p>El agua, la piedra y el pastoralismo ser\u00e1n los ejes tem\u00e1ticos del encuentro que acoger\u00e1 el municipio de Le Mont-Dore (Puy-de-D\u00f4me, Francia) <\/p>\n","protected":false},"author":4915,"featured_media":40872,"parent":0,"template":"","meta":{"_acf_changed":false,"content-type":"","_monsterinsights_skip_tracking":false,"_monsterinsights_sitenote_active":false,"_monsterinsights_sitenote_note":"","_monsterinsights_sitenote_category":0},"class_list":["post-40842","noticia-proyecto","type-noticia-proyecto","status-publish","has-post-thumbnail","hentry"],"acf":[],"yoast_head":"<!-- This site is optimized with the Yoast SEO plugin v27.4 - https:\/\/yoast.com\/product\/yoast-seo-wordpress\/ -->\n<title>Cultur-Monts realiza a sua quarta reuni\u00e3o de trabalho em Le Mont-Dore (Fran\u00e7a) - Interreg Sudoe<\/title>\n<meta name=\"robots\" content=\"index, follow, max-snippet:-1, max-image-preview:large, max-video-preview:-1\" \/>\n<link rel=\"canonical\" href=\"https:\/\/interreg-sudoe.eu\/pt-pt\/noticia-proyecto\/cultur-monts-realiza-su-cuarto-encuentro-de-trabajo-en-le-mont-dore-francia\/\" \/>\n<meta property=\"og:locale\" content=\"pt_PT\" \/>\n<meta property=\"og:type\" content=\"article\" \/>\n<meta property=\"og:title\" content=\"Cultur-Monts realiza a sua quarta reuni\u00e3o de trabalho em Le Mont-Dore (Fran\u00e7a) - Interreg Sudoe\" \/>\n<meta property=\"og:description\" content=\"El agua, la piedra y el pastoralismo ser\u00e1n los ejes tem\u00e1ticos del encuentro que acoger\u00e1 el municipio de Le Mont-Dore (Puy-de-D\u00f4me, Francia)\" \/>\n<meta property=\"og:url\" content=\"https:\/\/interreg-sudoe.eu\/pt-pt\/noticia-proyecto\/cultur-monts-realiza-su-cuarto-encuentro-de-trabajo-en-le-mont-dore-francia\/\" \/>\n<meta property=\"og:site_name\" content=\"Interreg Sudoe\" \/>\n<meta property=\"article:publisher\" content=\"https:\/\/www.facebook.com\/interregsudoe\" \/>\n<meta property=\"article:modified_time\" content=\"2026-02-16T15:23:25+00:00\" \/>\n<meta property=\"og:image\" content=\"https:\/\/interreg-sudoe.eu\/wp-content\/uploads\/2024\/10\/FLYER-PT.jpg\" \/>\n\t<meta property=\"og:image:width\" content=\"1200\" \/>\n\t<meta property=\"og:image:height\" content=\"630\" \/>\n\t<meta property=\"og:image:type\" content=\"image\/jpeg\" \/>\n<meta name=\"twitter:card\" content=\"summary_large_image\" \/>\n<meta name=\"twitter:site\" content=\"@Sudoe5\" \/>\n<meta name=\"twitter:label1\" content=\"Tempo estimado de leitura\" \/>\n\t<meta name=\"twitter:data1\" content=\"1 minuto\" \/>\n<script type=\"application\/ld+json\" class=\"yoast-schema-graph\">{\"@context\":\"https:\\\/\\\/schema.org\",\"@graph\":[{\"@type\":\"WebPage\",\"@id\":\"https:\\\/\\\/interreg-sudoe.eu\\\/pt-pt\\\/noticia-proyecto\\\/cultur-monts-realiza-su-cuarto-encuentro-de-trabajo-en-le-mont-dore-francia\\\/\",\"url\":\"https:\\\/\\\/interreg-sudoe.eu\\\/pt-pt\\\/noticia-proyecto\\\/cultur-monts-realiza-su-cuarto-encuentro-de-trabajo-en-le-mont-dore-francia\\\/\",\"name\":\"Cultur-Monts realiza a sua quarta reuni\u00e3o de trabalho em Le Mont-Dore (Fran\u00e7a) - Interreg Sudoe\",\"isPartOf\":{\"@id\":\"https:\\\/\\\/interreg-sudoe.eu\\\/pt-pt\\\/#website\"},\"primaryImageOfPage\":{\"@id\":\"https:\\\/\\\/interreg-sudoe.eu\\\/pt-pt\\\/noticia-proyecto\\\/cultur-monts-realiza-su-cuarto-encuentro-de-trabajo-en-le-mont-dore-francia\\\/#primaryimage\"},\"image\":{\"@id\":\"https:\\\/\\\/interreg-sudoe.eu\\\/pt-pt\\\/noticia-proyecto\\\/cultur-monts-realiza-su-cuarto-encuentro-de-trabajo-en-le-mont-dore-francia\\\/#primaryimage\"},\"thumbnailUrl\":\"https:\\\/\\\/interreg-sudoe.eu\\\/wp-content\\\/uploads\\\/2024\\\/10\\\/FLYER-PT.jpg\",\"datePublished\":\"2024-10-10T10:28:25+00:00\",\"dateModified\":\"2026-02-16T15:23:25+00:00\",\"breadcrumb\":{\"@id\":\"https:\\\/\\\/interreg-sudoe.eu\\\/pt-pt\\\/noticia-proyecto\\\/cultur-monts-realiza-su-cuarto-encuentro-de-trabajo-en-le-mont-dore-francia\\\/#breadcrumb\"},\"inLanguage\":\"pt-PT\",\"potentialAction\":[{\"@type\":\"ReadAction\",\"target\":[\"https:\\\/\\\/interreg-sudoe.eu\\\/pt-pt\\\/noticia-proyecto\\\/cultur-monts-realiza-su-cuarto-encuentro-de-trabajo-en-le-mont-dore-francia\\\/\"]}]},{\"@type\":\"ImageObject\",\"inLanguage\":\"pt-PT\",\"@id\":\"https:\\\/\\\/interreg-sudoe.eu\\\/pt-pt\\\/noticia-proyecto\\\/cultur-monts-realiza-su-cuarto-encuentro-de-trabajo-en-le-mont-dore-francia\\\/#primaryimage\",\"url\":\"https:\\\/\\\/interreg-sudoe.eu\\\/wp-content\\\/uploads\\\/2024\\\/10\\\/FLYER-PT.jpg\",\"contentUrl\":\"https:\\\/\\\/interreg-sudoe.eu\\\/wp-content\\\/uploads\\\/2024\\\/10\\\/FLYER-PT.jpg\",\"width\":1200,\"height\":630},{\"@type\":\"BreadcrumbList\",\"@id\":\"https:\\\/\\\/interreg-sudoe.eu\\\/pt-pt\\\/noticia-proyecto\\\/cultur-monts-realiza-su-cuarto-encuentro-de-trabajo-en-le-mont-dore-francia\\\/#breadcrumb\",\"itemListElement\":[{\"@type\":\"ListItem\",\"position\":1,\"name\":\"Home\",\"item\":\"https:\\\/\\\/interreg-sudoe.eu\\\/pt-pt\\\/\"},{\"@type\":\"ListItem\",\"position\":2,\"name\":\"Cultur-Monts realiza a sua quarta reuni\u00e3o de trabalho em Le Mont-Dore (Fran\u00e7a)\"}]},{\"@type\":\"WebSite\",\"@id\":\"https:\\\/\\\/interreg-sudoe.eu\\\/pt-pt\\\/#website\",\"url\":\"https:\\\/\\\/interreg-sudoe.eu\\\/pt-pt\\\/\",\"name\":\"Interreg Sudoe\",\"description\":\"Interreg Sudoe\",\"publisher\":{\"@id\":\"https:\\\/\\\/interreg-sudoe.eu\\\/pt-pt\\\/#organization\"},\"alternateName\":\"Interreg Sudoe\",\"potentialAction\":[{\"@type\":\"SearchAction\",\"target\":{\"@type\":\"EntryPoint\",\"urlTemplate\":\"https:\\\/\\\/interreg-sudoe.eu\\\/pt-pt\\\/?s={search_term_string}\"},\"query-input\":{\"@type\":\"PropertyValueSpecification\",\"valueRequired\":true,\"valueName\":\"search_term_string\"}}],\"inLanguage\":\"pt-PT\"},{\"@type\":\"Organization\",\"@id\":\"https:\\\/\\\/interreg-sudoe.eu\\\/pt-pt\\\/#organization\",\"name\":\"Interreg Sudoe\",\"alternateName\":\"Interreg Sudoe\",\"url\":\"https:\\\/\\\/interreg-sudoe.eu\\\/pt-pt\\\/\",\"logo\":{\"@type\":\"ImageObject\",\"inLanguage\":\"pt-PT\",\"@id\":\"https:\\\/\\\/interreg-sudoe.eu\\\/pt-pt\\\/#\\\/schema\\\/logo\\\/image\\\/\",\"url\":\"https:\\\/\\\/interreg-sudoe.eu\\\/wp-content\\\/uploads\\\/2024\\\/03\\\/logo-interreg.png\",\"contentUrl\":\"https:\\\/\\\/interreg-sudoe.eu\\\/wp-content\\\/uploads\\\/2024\\\/03\\\/logo-interreg.png\",\"width\":1200,\"height\":675,\"caption\":\"Interreg Sudoe\"},\"image\":{\"@id\":\"https:\\\/\\\/interreg-sudoe.eu\\\/pt-pt\\\/#\\\/schema\\\/logo\\\/image\\\/\"},\"sameAs\":[\"https:\\\/\\\/www.facebook.com\\\/interregsudoe\",\"https:\\\/\\\/x.com\\\/Sudoe5\",\"https:\\\/\\\/www.youtube.com\\\/channel\\\/UCeGx2edoB32beRc9dbKA2vw\",\"https:\\\/\\\/www.linkedin.com\\\/company\\\/interreg-sudoe-programme\\\/\",\"https:\\\/\\\/www.flickr.com\\\/photos\\\/148704685@N06\\\/\"]}]}<\/script>\n<!-- \/ Yoast SEO plugin. -->","yoast_head_json":{"title":"Cultur-Monts realiza a sua quarta reuni\u00e3o de trabalho em Le Mont-Dore (Fran\u00e7a) - Interreg Sudoe","robots":{"index":"index","follow":"follow","max-snippet":"max-snippet:-1","max-image-preview":"max-image-preview:large","max-video-preview":"max-video-preview:-1"},"canonical":"https:\/\/interreg-sudoe.eu\/pt-pt\/noticia-proyecto\/cultur-monts-realiza-su-cuarto-encuentro-de-trabajo-en-le-mont-dore-francia\/","og_locale":"pt_PT","og_type":"article","og_title":"Cultur-Monts realiza a sua quarta reuni\u00e3o de trabalho em Le Mont-Dore (Fran\u00e7a) - Interreg Sudoe","og_description":"El agua, la piedra y el pastoralismo ser\u00e1n los ejes tem\u00e1ticos del encuentro que acoger\u00e1 el municipio de Le Mont-Dore (Puy-de-D\u00f4me, Francia)","og_url":"https:\/\/interreg-sudoe.eu\/pt-pt\/noticia-proyecto\/cultur-monts-realiza-su-cuarto-encuentro-de-trabajo-en-le-mont-dore-francia\/","og_site_name":"Interreg Sudoe","article_publisher":"https:\/\/www.facebook.com\/interregsudoe","article_modified_time":"2026-02-16T15:23:25+00:00","og_image":[{"width":1200,"height":630,"url":"https:\/\/interreg-sudoe.eu\/wp-content\/uploads\/2024\/10\/FLYER-PT.jpg","type":"image\/jpeg"}],"twitter_card":"summary_large_image","twitter_site":"@Sudoe5","twitter_misc":{"Tempo estimado de leitura":"1 minuto"},"schema":{"@context":"https:\/\/schema.org","@graph":[{"@type":"WebPage","@id":"https:\/\/interreg-sudoe.eu\/pt-pt\/noticia-proyecto\/cultur-monts-realiza-su-cuarto-encuentro-de-trabajo-en-le-mont-dore-francia\/","url":"https:\/\/interreg-sudoe.eu\/pt-pt\/noticia-proyecto\/cultur-monts-realiza-su-cuarto-encuentro-de-trabajo-en-le-mont-dore-francia\/","name":"Cultur-Monts realiza a sua quarta reuni\u00e3o de trabalho em Le Mont-Dore (Fran\u00e7a) - Interreg Sudoe","isPartOf":{"@id":"https:\/\/interreg-sudoe.eu\/pt-pt\/#website"},"primaryImageOfPage":{"@id":"https:\/\/interreg-sudoe.eu\/pt-pt\/noticia-proyecto\/cultur-monts-realiza-su-cuarto-encuentro-de-trabajo-en-le-mont-dore-francia\/#primaryimage"},"image":{"@id":"https:\/\/interreg-sudoe.eu\/pt-pt\/noticia-proyecto\/cultur-monts-realiza-su-cuarto-encuentro-de-trabajo-en-le-mont-dore-francia\/#primaryimage"},"thumbnailUrl":"https:\/\/interreg-sudoe.eu\/wp-content\/uploads\/2024\/10\/FLYER-PT.jpg","datePublished":"2024-10-10T10:28:25+00:00","dateModified":"2026-02-16T15:23:25+00:00","breadcrumb":{"@id":"https:\/\/interreg-sudoe.eu\/pt-pt\/noticia-proyecto\/cultur-monts-realiza-su-cuarto-encuentro-de-trabajo-en-le-mont-dore-francia\/#breadcrumb"},"inLanguage":"pt-PT","potentialAction":[{"@type":"ReadAction","target":["https:\/\/interreg-sudoe.eu\/pt-pt\/noticia-proyecto\/cultur-monts-realiza-su-cuarto-encuentro-de-trabajo-en-le-mont-dore-francia\/"]}]},{"@type":"ImageObject","inLanguage":"pt-PT","@id":"https:\/\/interreg-sudoe.eu\/pt-pt\/noticia-proyecto\/cultur-monts-realiza-su-cuarto-encuentro-de-trabajo-en-le-mont-dore-francia\/#primaryimage","url":"https:\/\/interreg-sudoe.eu\/wp-content\/uploads\/2024\/10\/FLYER-PT.jpg","contentUrl":"https:\/\/interreg-sudoe.eu\/wp-content\/uploads\/2024\/10\/FLYER-PT.jpg","width":1200,"height":630},{"@type":"BreadcrumbList","@id":"https:\/\/interreg-sudoe.eu\/pt-pt\/noticia-proyecto\/cultur-monts-realiza-su-cuarto-encuentro-de-trabajo-en-le-mont-dore-francia\/#breadcrumb","itemListElement":[{"@type":"ListItem","position":1,"name":"Home","item":"https:\/\/interreg-sudoe.eu\/pt-pt\/"},{"@type":"ListItem","position":2,"name":"Cultur-Monts realiza a sua quarta reuni\u00e3o de trabalho em Le Mont-Dore (Fran\u00e7a)"}]},{"@type":"WebSite","@id":"https:\/\/interreg-sudoe.eu\/pt-pt\/#website","url":"https:\/\/interreg-sudoe.eu\/pt-pt\/","name":"Interreg Sudoe","description":"Interreg Sudoe","publisher":{"@id":"https:\/\/interreg-sudoe.eu\/pt-pt\/#organization"},"alternateName":"Interreg Sudoe","potentialAction":[{"@type":"SearchAction","target":{"@type":"EntryPoint","urlTemplate":"https:\/\/interreg-sudoe.eu\/pt-pt\/?s={search_term_string}"},"query-input":{"@type":"PropertyValueSpecification","valueRequired":true,"valueName":"search_term_string"}}],"inLanguage":"pt-PT"},{"@type":"Organization","@id":"https:\/\/interreg-sudoe.eu\/pt-pt\/#organization","name":"Interreg Sudoe","alternateName":"Interreg Sudoe","url":"https:\/\/interreg-sudoe.eu\/pt-pt\/","logo":{"@type":"ImageObject","inLanguage":"pt-PT","@id":"https:\/\/interreg-sudoe.eu\/pt-pt\/#\/schema\/logo\/image\/","url":"https:\/\/interreg-sudoe.eu\/wp-content\/uploads\/2024\/03\/logo-interreg.png","contentUrl":"https:\/\/interreg-sudoe.eu\/wp-content\/uploads\/2024\/03\/logo-interreg.png","width":1200,"height":675,"caption":"Interreg Sudoe"},"image":{"@id":"https:\/\/interreg-sudoe.eu\/pt-pt\/#\/schema\/logo\/image\/"},"sameAs":["https:\/\/www.facebook.com\/interregsudoe","https:\/\/x.com\/Sudoe5","https:\/\/www.youtube.com\/channel\/UCeGx2edoB32beRc9dbKA2vw","https:\/\/www.linkedin.com\/company\/interreg-sudoe-programme\/","https:\/\/www.flickr.com\/photos\/148704685@N06\/"]}]}},"_links":{"self":[{"href":"https:\/\/interreg-sudoe.eu\/pt-pt\/wp-json\/wp\/v2\/noticia-proyecto\/40842","targetHints":{"allow":["GET"]}}],"collection":[{"href":"https:\/\/interreg-sudoe.eu\/pt-pt\/wp-json\/wp\/v2\/noticia-proyecto"}],"about":[{"href":"https:\/\/interreg-sudoe.eu\/pt-pt\/wp-json\/wp\/v2\/types\/noticia-proyecto"}],"author":[{"embeddable":true,"href":"https:\/\/interreg-sudoe.eu\/pt-pt\/wp-json\/wp\/v2\/users\/4915"}],"wp:featuredmedia":[{"embeddable":true,"href":"https:\/\/interreg-sudoe.eu\/pt-pt\/wp-json\/wp\/v2\/media\/40872"}],"wp:attachment":[{"href":"https:\/\/interreg-sudoe.eu\/pt-pt\/wp-json\/wp\/v2\/media?parent=40842"}],"curies":[{"name":"wp","href":"https:\/\/api.w.org\/{rel}","templated":true}]}}