{"id":40858,"date":"2024-07-01T14:27:42","date_gmt":"2024-07-01T12:27:42","guid":{"rendered":"https:\/\/interreg-sudoe.eu\/noticia-proyecto\/el-1er-taller-transnacional-del-proyecto-europeo-thermecowat\/"},"modified":"2026-02-16T15:59:16","modified_gmt":"2026-02-16T14:59:16","slug":"el-1er-taller-transnacional-del-proyecto-europeo-thermecowat","status":"publish","type":"noticia-proyecto","link":"https:\/\/interreg-sudoe.eu\/pt-pt\/noticia-proyecto\/el-1er-taller-transnacional-del-proyecto-europeo-thermecowat\/","title":{"rendered":"1\u00ba Workshop transnacional do projeto europeu ThermEcoWat em Royat (FR)"},"content":{"rendered":"<p>Thermauvergne recebeu <strong>a delega\u00e7\u00e3o europeia <\/strong>do <strong>projeto ThermEcoWat em 19 e 20 de junho de 2024<\/strong> para um <strong>workshop <\/strong>dedicado \u00e0 <strong>gest\u00e3o de dados e<\/strong> uma visita de estudo sobre <strong>o uso de \u00e1guas termais para fins energ\u00e9ticos<\/strong>.<\/p>\n<h3><span style=\"color: #99cc00;\">Os participantes<\/span><\/h3>\n<p>Ap\u00f3s o <strong>lan\u00e7amento do projeto <\/strong>no Conselho Regional de Auvergne-Rh\u00f4ne-Alpes<strong>,\u00a0 em Lyon<\/strong>,\u00a0 em <strong>mar\u00e7o de 2024<\/strong>, a delega\u00e7\u00e3o, composta por <strong>15 funcion\u00e1rios eleitos e t\u00e9cnicos territoriais de Fran\u00e7a, Espanha e Portugal<\/strong>, participou em sess\u00f5es de trabalho em Royat e numa visita de campo em Evaux-les-Bains.<\/p>\n<h3><span style=\"color: #99cc00;\">O programa<\/span><\/h3>\n<p>Na <strong>quarta-feira, 19 de junho de 2024<\/strong>, os participantes participaram em <strong>2 sess\u00f5es de trabalho<\/strong> onde aprenderam sobre as <strong>metodologias para a constru\u00e7\u00e3o da base de conhecimento comum do projeto<\/strong> e foram apresentados \u00e0 ferramenta de apoio \u00e0 decis\u00e3o correspondente.<\/p>\n<p>A sess\u00e3o de <strong>quinta-feira, 20 de junho de 2024,<\/strong> centrou-se na <strong>defini\u00e7\u00e3o dos crit\u00e9rios de classifica\u00e7\u00e3o da informa\u00e7\u00e3o <\/strong>na base de conhecimento e na <strong>apresenta\u00e7\u00e3o dos projetos de desenvolvimento da cidade de Evaux-les-Bains<\/strong> por Jean-Claude Saintemartine, Vice-Presidente da C\u00e2mara, e das <strong>\u00a0Termas de Evaux-les-Bains<\/strong> por Eug\u00e9nie Ogar, Diretora das Termas.<\/p>\n<p>O <strong>aspeto energ\u00e9tico<\/strong> foi abordado por Thomas Bourlon, consultor da <strong>NB Energie<\/strong>, antes de o grupo terminar o dia com uma <strong>visita aos banhos termais de Evaux-les-Bains<\/strong>, incluindo as suas instala\u00e7\u00f5es e a sua <strong>plataforma energ\u00e9tica \u00fanica em Fran\u00e7a<\/strong>.<\/p>\n<p><img fetchpriority=\"high\" decoding=\"async\" class=\"alignnone size-medium wp-image-43298\" src=\"https:\/\/interreg-sudoe.eu\/wp-content\/uploads\/2024\/07\/WhatsApp-Image-2024-06-25-at-08.52.25-1-300x225.jpeg\" alt=\"\" width=\"300\" height=\"225\" srcset=\"https:\/\/interreg-sudoe.eu\/wp-content\/uploads\/2024\/07\/WhatsApp-Image-2024-06-25-at-08.52.25-1-300x225.jpeg 300w, https:\/\/interreg-sudoe.eu\/wp-content\/uploads\/2024\/07\/WhatsApp-Image-2024-06-25-at-08.52.25-1-1024x768.jpeg 1024w, https:\/\/interreg-sudoe.eu\/wp-content\/uploads\/2024\/07\/WhatsApp-Image-2024-06-25-at-08.52.25-1-768x576.jpeg 768w, https:\/\/interreg-sudoe.eu\/wp-content\/uploads\/2024\/07\/WhatsApp-Image-2024-06-25-at-08.52.25-1-1536x1152.jpeg 1536w, https:\/\/interreg-sudoe.eu\/wp-content\/uploads\/2024\/07\/WhatsApp-Image-2024-06-25-at-08.52.25-1.jpeg 2040w\" sizes=\"(max-width: 300px) 100vw, 300px\" \/>\u00a0 \u00a0 <img decoding=\"async\" class=\"alignnone size-medium wp-image-43296\" src=\"https:\/\/interreg-sudoe.eu\/wp-content\/uploads\/2024\/07\/WhatsApp-Image-2024-06-25-at-08.52.31-1-300x225.jpeg\" alt=\"\" width=\"300\" height=\"225\" srcset=\"https:\/\/interreg-sudoe.eu\/wp-content\/uploads\/2024\/07\/WhatsApp-Image-2024-06-25-at-08.52.31-1-300x225.jpeg 300w, https:\/\/interreg-sudoe.eu\/wp-content\/uploads\/2024\/07\/WhatsApp-Image-2024-06-25-at-08.52.31-1-1024x768.jpeg 1024w, https:\/\/interreg-sudoe.eu\/wp-content\/uploads\/2024\/07\/WhatsApp-Image-2024-06-25-at-08.52.31-1-768x576.jpeg 768w, https:\/\/interreg-sudoe.eu\/wp-content\/uploads\/2024\/07\/WhatsApp-Image-2024-06-25-at-08.52.31-1-1536x1152.jpeg 1536w, https:\/\/interreg-sudoe.eu\/wp-content\/uploads\/2024\/07\/WhatsApp-Image-2024-06-25-at-08.52.31-1.jpeg 2040w\" sizes=\"(max-width: 300px) 100vw, 300px\" \/><\/p>\n<p>O <strong>2\u00ba workshop transnacional<\/strong> do projeto ThermEcoWat ser\u00e1 realizado em <strong>Cald\u00e8s de Montbui, Espanha,<\/strong> de <strong>22 a 24 de outubro de 2024<\/strong>.<\/p>\n<p>&nbsp;<\/p>\n","protected":false},"excerpt":{"rendered":"<p>Thermauvergne recebeu a delega\u00e7\u00e3o europeia do projeto ThermEcoWat em 19 e 20 de junho de 2024 para um workshop dedicado \u00e0 gest\u00e3o de dados e uma visita de estudo sobre o uso de \u00e1guas termais para fins energ\u00e9ticos.<\/p>\n","protected":false},"author":6514,"featured_media":44124,"parent":0,"template":"","meta":{"_acf_changed":false,"content-type":"","_monsterinsights_skip_tracking":false,"_monsterinsights_sitenote_active":false,"_monsterinsights_sitenote_note":"","_monsterinsights_sitenote_category":0},"class_list":["post-40858","noticia-proyecto","type-noticia-proyecto","status-publish","has-post-thumbnail","hentry"],"acf":[],"yoast_head":"<!-- This site is optimized with the Yoast SEO plugin v27.2 - https:\/\/yoast.com\/product\/yoast-seo-wordpress\/ -->\n<title>1\u00ba Workshop transnacional do projeto europeu ThermEcoWat em Royat (FR) - Interreg Sudoe<\/title>\n<meta name=\"robots\" content=\"index, follow, max-snippet:-1, max-image-preview:large, max-video-preview:-1\" \/>\n<link rel=\"canonical\" href=\"https:\/\/interreg-sudoe.eu\/pt-pt\/noticia-proyecto\/el-1er-taller-transnacional-del-proyecto-europeo-thermecowat\/\" \/>\n<meta property=\"og:locale\" content=\"pt_PT\" \/>\n<meta property=\"og:type\" content=\"article\" \/>\n<meta property=\"og:title\" content=\"1\u00ba Workshop transnacional do projeto europeu ThermEcoWat em Royat (FR) - Interreg Sudoe\" \/>\n<meta property=\"og:description\" content=\"Thermauvergne recebeu a delega\u00e7\u00e3o europeia do projeto ThermEcoWat em 19 e 20 de junho de 2024 para um workshop dedicado \u00e0 gest\u00e3o de dados e uma visita de estudo sobre o uso de \u00e1guas termais para fins energ\u00e9ticos.\" \/>\n<meta property=\"og:url\" content=\"https:\/\/interreg-sudoe.eu\/pt-pt\/noticia-proyecto\/el-1er-taller-transnacional-del-proyecto-europeo-thermecowat\/\" \/>\n<meta property=\"og:site_name\" content=\"Interreg Sudoe\" \/>\n<meta property=\"article:publisher\" content=\"https:\/\/www.facebook.com\/interregsudoe\" \/>\n<meta property=\"article:modified_time\" content=\"2026-02-16T14:59:16+00:00\" \/>\n<meta property=\"og:image\" content=\"https:\/\/interreg-sudoe.eu\/wp-content\/uploads\/2024\/07\/WhatsApp-Image-2024-06-21-at-08.04.54-mod-3-1.jpg\" \/>\n\t<meta property=\"og:image:width\" content=\"1106\" \/>\n\t<meta property=\"og:image:height\" content=\"552\" \/>\n\t<meta property=\"og:image:type\" content=\"image\/jpeg\" \/>\n<meta name=\"twitter:card\" content=\"summary_large_image\" \/>\n<meta name=\"twitter:site\" content=\"@Sudoe5\" \/>\n<meta name=\"twitter:label1\" content=\"Tempo estimado de leitura\" \/>\n\t<meta name=\"twitter:data1\" content=\"1 minuto\" \/>\n<script type=\"application\/ld+json\" class=\"yoast-schema-graph\">{\"@context\":\"https:\/\/schema.org\",\"@graph\":[{\"@type\":\"WebPage\",\"@id\":\"https:\/\/interreg-sudoe.eu\/pt-pt\/noticia-proyecto\/el-1er-taller-transnacional-del-proyecto-europeo-thermecowat\/\",\"url\":\"https:\/\/interreg-sudoe.eu\/pt-pt\/noticia-proyecto\/el-1er-taller-transnacional-del-proyecto-europeo-thermecowat\/\",\"name\":\"1\u00ba Workshop transnacional do projeto europeu ThermEcoWat em Royat (FR) - Interreg Sudoe\",\"isPartOf\":{\"@id\":\"https:\/\/interreg-sudoe.eu\/pt-pt\/#website\"},\"primaryImageOfPage\":{\"@id\":\"https:\/\/interreg-sudoe.eu\/pt-pt\/noticia-proyecto\/el-1er-taller-transnacional-del-proyecto-europeo-thermecowat\/#primaryimage\"},\"image\":{\"@id\":\"https:\/\/interreg-sudoe.eu\/pt-pt\/noticia-proyecto\/el-1er-taller-transnacional-del-proyecto-europeo-thermecowat\/#primaryimage\"},\"thumbnailUrl\":\"https:\/\/interreg-sudoe.eu\/wp-content\/uploads\/2024\/07\/WhatsApp-Image-2024-06-21-at-08.04.54-mod-3-1.jpg\",\"datePublished\":\"2024-07-01T12:27:42+00:00\",\"dateModified\":\"2026-02-16T14:59:16+00:00\",\"breadcrumb\":{\"@id\":\"https:\/\/interreg-sudoe.eu\/pt-pt\/noticia-proyecto\/el-1er-taller-transnacional-del-proyecto-europeo-thermecowat\/#breadcrumb\"},\"inLanguage\":\"pt-PT\",\"potentialAction\":[{\"@type\":\"ReadAction\",\"target\":[\"https:\/\/interreg-sudoe.eu\/pt-pt\/noticia-proyecto\/el-1er-taller-transnacional-del-proyecto-europeo-thermecowat\/\"]}]},{\"@type\":\"ImageObject\",\"inLanguage\":\"pt-PT\",\"@id\":\"https:\/\/interreg-sudoe.eu\/pt-pt\/noticia-proyecto\/el-1er-taller-transnacional-del-proyecto-europeo-thermecowat\/#primaryimage\",\"url\":\"https:\/\/interreg-sudoe.eu\/wp-content\/uploads\/2024\/07\/WhatsApp-Image-2024-06-21-at-08.04.54-mod-3-1.jpg\",\"contentUrl\":\"https:\/\/interreg-sudoe.eu\/wp-content\/uploads\/2024\/07\/WhatsApp-Image-2024-06-21-at-08.04.54-mod-3-1.jpg\",\"width\":1106,\"height\":552},{\"@type\":\"BreadcrumbList\",\"@id\":\"https:\/\/interreg-sudoe.eu\/pt-pt\/noticia-proyecto\/el-1er-taller-transnacional-del-proyecto-europeo-thermecowat\/#breadcrumb\",\"itemListElement\":[{\"@type\":\"ListItem\",\"position\":1,\"name\":\"Home\",\"item\":\"https:\/\/interreg-sudoe.eu\/pt-pt\/\"},{\"@type\":\"ListItem\",\"position\":2,\"name\":\"1\u00ba Workshop transnacional do projeto europeu ThermEcoWat em Royat (FR)\"}]},{\"@type\":\"WebSite\",\"@id\":\"https:\/\/interreg-sudoe.eu\/pt-pt\/#website\",\"url\":\"https:\/\/interreg-sudoe.eu\/pt-pt\/\",\"name\":\"Interreg Sudoe\",\"description\":\"Interreg Sudoe\",\"publisher\":{\"@id\":\"https:\/\/interreg-sudoe.eu\/pt-pt\/#organization\"},\"alternateName\":\"Interreg Sudoe\",\"potentialAction\":[{\"@type\":\"SearchAction\",\"target\":{\"@type\":\"EntryPoint\",\"urlTemplate\":\"https:\/\/interreg-sudoe.eu\/pt-pt\/?s={search_term_string}\"},\"query-input\":{\"@type\":\"PropertyValueSpecification\",\"valueRequired\":true,\"valueName\":\"search_term_string\"}}],\"inLanguage\":\"pt-PT\"},{\"@type\":\"Organization\",\"@id\":\"https:\/\/interreg-sudoe.eu\/pt-pt\/#organization\",\"name\":\"Interreg Sudoe\",\"alternateName\":\"Interreg Sudoe\",\"url\":\"https:\/\/interreg-sudoe.eu\/pt-pt\/\",\"logo\":{\"@type\":\"ImageObject\",\"inLanguage\":\"pt-PT\",\"@id\":\"https:\/\/interreg-sudoe.eu\/pt-pt\/#\/schema\/logo\/image\/\",\"url\":\"https:\/\/interreg-sudoe.eu\/wp-content\/uploads\/2024\/03\/logo-interreg.png\",\"contentUrl\":\"https:\/\/interreg-sudoe.eu\/wp-content\/uploads\/2024\/03\/logo-interreg.png\",\"width\":1200,\"height\":675,\"caption\":\"Interreg Sudoe\"},\"image\":{\"@id\":\"https:\/\/interreg-sudoe.eu\/pt-pt\/#\/schema\/logo\/image\/\"},\"sameAs\":[\"https:\/\/www.facebook.com\/interregsudoe\",\"https:\/\/x.com\/Sudoe5\",\"https:\/\/www.youtube.com\/channel\/UCeGx2edoB32beRc9dbKA2vw\",\"https:\/\/www.linkedin.com\/company\/interreg-sudoe-programme\/\",\"https:\/\/www.flickr.com\/photos\/148704685@N06\/\"]}]}<\/script>\n<!-- \/ Yoast SEO plugin. -->","yoast_head_json":{"title":"1\u00ba Workshop transnacional do projeto europeu ThermEcoWat em Royat (FR) - Interreg Sudoe","robots":{"index":"index","follow":"follow","max-snippet":"max-snippet:-1","max-image-preview":"max-image-preview:large","max-video-preview":"max-video-preview:-1"},"canonical":"https:\/\/interreg-sudoe.eu\/pt-pt\/noticia-proyecto\/el-1er-taller-transnacional-del-proyecto-europeo-thermecowat\/","og_locale":"pt_PT","og_type":"article","og_title":"1\u00ba Workshop transnacional do projeto europeu ThermEcoWat em Royat (FR) - Interreg Sudoe","og_description":"Thermauvergne recebeu a delega\u00e7\u00e3o europeia do projeto ThermEcoWat em 19 e 20 de junho de 2024 para um workshop dedicado \u00e0 gest\u00e3o de dados e uma visita de estudo sobre o uso de \u00e1guas termais para fins energ\u00e9ticos.","og_url":"https:\/\/interreg-sudoe.eu\/pt-pt\/noticia-proyecto\/el-1er-taller-transnacional-del-proyecto-europeo-thermecowat\/","og_site_name":"Interreg Sudoe","article_publisher":"https:\/\/www.facebook.com\/interregsudoe","article_modified_time":"2026-02-16T14:59:16+00:00","og_image":[{"width":1106,"height":552,"url":"https:\/\/interreg-sudoe.eu\/wp-content\/uploads\/2024\/07\/WhatsApp-Image-2024-06-21-at-08.04.54-mod-3-1.jpg","type":"image\/jpeg"}],"twitter_card":"summary_large_image","twitter_site":"@Sudoe5","twitter_misc":{"Tempo estimado de leitura":"1 minuto"},"schema":{"@context":"https:\/\/schema.org","@graph":[{"@type":"WebPage","@id":"https:\/\/interreg-sudoe.eu\/pt-pt\/noticia-proyecto\/el-1er-taller-transnacional-del-proyecto-europeo-thermecowat\/","url":"https:\/\/interreg-sudoe.eu\/pt-pt\/noticia-proyecto\/el-1er-taller-transnacional-del-proyecto-europeo-thermecowat\/","name":"1\u00ba Workshop transnacional do projeto europeu ThermEcoWat em Royat (FR) - Interreg Sudoe","isPartOf":{"@id":"https:\/\/interreg-sudoe.eu\/pt-pt\/#website"},"primaryImageOfPage":{"@id":"https:\/\/interreg-sudoe.eu\/pt-pt\/noticia-proyecto\/el-1er-taller-transnacional-del-proyecto-europeo-thermecowat\/#primaryimage"},"image":{"@id":"https:\/\/interreg-sudoe.eu\/pt-pt\/noticia-proyecto\/el-1er-taller-transnacional-del-proyecto-europeo-thermecowat\/#primaryimage"},"thumbnailUrl":"https:\/\/interreg-sudoe.eu\/wp-content\/uploads\/2024\/07\/WhatsApp-Image-2024-06-21-at-08.04.54-mod-3-1.jpg","datePublished":"2024-07-01T12:27:42+00:00","dateModified":"2026-02-16T14:59:16+00:00","breadcrumb":{"@id":"https:\/\/interreg-sudoe.eu\/pt-pt\/noticia-proyecto\/el-1er-taller-transnacional-del-proyecto-europeo-thermecowat\/#breadcrumb"},"inLanguage":"pt-PT","potentialAction":[{"@type":"ReadAction","target":["https:\/\/interreg-sudoe.eu\/pt-pt\/noticia-proyecto\/el-1er-taller-transnacional-del-proyecto-europeo-thermecowat\/"]}]},{"@type":"ImageObject","inLanguage":"pt-PT","@id":"https:\/\/interreg-sudoe.eu\/pt-pt\/noticia-proyecto\/el-1er-taller-transnacional-del-proyecto-europeo-thermecowat\/#primaryimage","url":"https:\/\/interreg-sudoe.eu\/wp-content\/uploads\/2024\/07\/WhatsApp-Image-2024-06-21-at-08.04.54-mod-3-1.jpg","contentUrl":"https:\/\/interreg-sudoe.eu\/wp-content\/uploads\/2024\/07\/WhatsApp-Image-2024-06-21-at-08.04.54-mod-3-1.jpg","width":1106,"height":552},{"@type":"BreadcrumbList","@id":"https:\/\/interreg-sudoe.eu\/pt-pt\/noticia-proyecto\/el-1er-taller-transnacional-del-proyecto-europeo-thermecowat\/#breadcrumb","itemListElement":[{"@type":"ListItem","position":1,"name":"Home","item":"https:\/\/interreg-sudoe.eu\/pt-pt\/"},{"@type":"ListItem","position":2,"name":"1\u00ba Workshop transnacional do projeto europeu ThermEcoWat em Royat (FR)"}]},{"@type":"WebSite","@id":"https:\/\/interreg-sudoe.eu\/pt-pt\/#website","url":"https:\/\/interreg-sudoe.eu\/pt-pt\/","name":"Interreg Sudoe","description":"Interreg Sudoe","publisher":{"@id":"https:\/\/interreg-sudoe.eu\/pt-pt\/#organization"},"alternateName":"Interreg Sudoe","potentialAction":[{"@type":"SearchAction","target":{"@type":"EntryPoint","urlTemplate":"https:\/\/interreg-sudoe.eu\/pt-pt\/?s={search_term_string}"},"query-input":{"@type":"PropertyValueSpecification","valueRequired":true,"valueName":"search_term_string"}}],"inLanguage":"pt-PT"},{"@type":"Organization","@id":"https:\/\/interreg-sudoe.eu\/pt-pt\/#organization","name":"Interreg Sudoe","alternateName":"Interreg Sudoe","url":"https:\/\/interreg-sudoe.eu\/pt-pt\/","logo":{"@type":"ImageObject","inLanguage":"pt-PT","@id":"https:\/\/interreg-sudoe.eu\/pt-pt\/#\/schema\/logo\/image\/","url":"https:\/\/interreg-sudoe.eu\/wp-content\/uploads\/2024\/03\/logo-interreg.png","contentUrl":"https:\/\/interreg-sudoe.eu\/wp-content\/uploads\/2024\/03\/logo-interreg.png","width":1200,"height":675,"caption":"Interreg Sudoe"},"image":{"@id":"https:\/\/interreg-sudoe.eu\/pt-pt\/#\/schema\/logo\/image\/"},"sameAs":["https:\/\/www.facebook.com\/interregsudoe","https:\/\/x.com\/Sudoe5","https:\/\/www.youtube.com\/channel\/UCeGx2edoB32beRc9dbKA2vw","https:\/\/www.linkedin.com\/company\/interreg-sudoe-programme\/","https:\/\/www.flickr.com\/photos\/148704685@N06\/"]}]}},"_links":{"self":[{"href":"https:\/\/interreg-sudoe.eu\/pt-pt\/wp-json\/wp\/v2\/noticia-proyecto\/40858","targetHints":{"allow":["GET"]}}],"collection":[{"href":"https:\/\/interreg-sudoe.eu\/pt-pt\/wp-json\/wp\/v2\/noticia-proyecto"}],"about":[{"href":"https:\/\/interreg-sudoe.eu\/pt-pt\/wp-json\/wp\/v2\/types\/noticia-proyecto"}],"author":[{"embeddable":true,"href":"https:\/\/interreg-sudoe.eu\/pt-pt\/wp-json\/wp\/v2\/users\/6514"}],"wp:featuredmedia":[{"embeddable":true,"href":"https:\/\/interreg-sudoe.eu\/pt-pt\/wp-json\/wp\/v2\/media\/44124"}],"wp:attachment":[{"href":"https:\/\/interreg-sudoe.eu\/pt-pt\/wp-json\/wp\/v2\/media?parent=40858"}],"curies":[{"name":"wp","href":"https:\/\/api.w.org\/{rel}","templated":true}]}}