{"id":40997,"date":"2024-10-14T14:22:28","date_gmt":"2024-10-14T12:22:28","guid":{"rendered":"https:\/\/interreg-sudoe.eu\/?post_type=noticia-proyecto&#038;p=40997"},"modified":"2024-11-08T12:59:16","modified_gmt":"2024-11-08T11:59:16","slug":"primeira-reuniao-presencial-da-target-em-sevilha","status":"publish","type":"noticia-proyecto","link":"https:\/\/interreg-sudoe.eu\/pt-pt\/noticia-proyecto\/primeira-reuniao-presencial-da-target-em-sevilha\/","title":{"rendered":"Primeira reuni\u00e3o presencial da TARGET em Sevilha"},"content":{"rendered":"<p>O projeto TARGET &#8211; TerritoriAl stRateGy for watEr scarciTy, cofinanciado pelo Programa Interreg Sudoe atrav\u00e9s do Fundo Europeu de Desenvolvimento Regional (FEDER), realizou a sua primeira reuni\u00e3o presencial nos dias 25 e 26 de junho na sede da Consejer\u00eda de Agricultura, Pesca, \u00c1gua e Desenvolvimento Rural da Junta da Andaluzia e no Centro Experimental de Novas Tecnologias da \u00c1gua (CENTA), tendo como anfitri\u00e3 (parceiro do projeto) a Ag\u00eancia do Meio Ambiente e da \u00c1gua (AMAyA). Durante este encontro, para al\u00e9m das reuni\u00f5es t\u00e9cnicas e de coordena\u00e7\u00e3o do projeto, realizou-se um workshop com o objetivo de avaliar, atrav\u00e9s da participa\u00e7\u00e3o ativa dos actores envolvidos, diversos aspectos do quadro legislativo e institucional, do planeamento, da regula\u00e7\u00e3o e do financiamento da gest\u00e3o da \u00e1gua, com especial incid\u00eancia nas situa\u00e7\u00f5es de escassez.<\/p>\n<p>Os recursos de \u00e1gua doce na regi\u00e3o do Sudoeste Europeu est\u00e3o a enfrentar uma crescente press\u00e3o antropog\u00e9nica, gerando problemas de escassez e qualidade da \u00e1gua, conflitos de utiliza\u00e7\u00e3o e riscos ambientais. Para resolver estes problemas, \u00e9 essencial uma mudan\u00e7a de paradigma na gest\u00e3o da \u00e1gua. TARGET \u00e9 um projeto de coopera\u00e7\u00e3o Interreg Sudoe que envolve parceiros de Espanha, Fran\u00e7a e Portugal e que visa definir estrat\u00e9gias consensuais de gest\u00e3o da \u00e1gua, adaptando pr\u00e1ticas e estruturas para garantir o acesso \u00e0 \u00e1gua. O projeto dar\u00e1 especial relev\u00e2ncia \u00e0 utiliza\u00e7\u00e3o de recursos h\u00eddricos n\u00e3o convencionais e \u00e0 reutiliza\u00e7\u00e3o da \u00e1gua como medidas proactivas para enfrentar a crise da escassez de \u00e1gua. Os trabalhos de execu\u00e7\u00e3o do projeto, que decorrer\u00e1 at\u00e9 dezembro de 2026, est\u00e3o em curso desde mar\u00e7o deste ano.<\/p>\n<div style=\"width: 720px;\" class=\"wp-video\"><video class=\"wp-video-shortcode\" id=\"video-40997-1\" width=\"720\" height=\"1280\" preload=\"metadata\" controls=\"controls\"><source type=\"video\/mp4\" src=\"https:\/\/interreg-sudoe.eu\/wp-content\/uploads\/2024\/10\/Video_Resumen.mp4?_=1\" \/><a href=\"https:\/\/interreg-sudoe.eu\/wp-content\/uploads\/2024\/10\/Video_Resumen.mp4\">https:\/\/interreg-sudoe.eu\/wp-content\/uploads\/2024\/10\/Video_Resumen.mp4<\/a><\/video><\/div>\n","protected":false},"excerpt":{"rendered":"<p>O projeto TARGET realizou a sua primeira reuni\u00e3o presencial em 25 e 26 de junho em Sevilha, incluindo reuni\u00f5es t\u00e9cnicas e um workshop para avaliar a gest\u00e3o da \u00e1gua em situa\u00e7\u00f5es de escassez de \u00e1gua.<\/p>\n","protected":false},"author":5125,"featured_media":41855,"parent":0,"template":"","meta":{"_acf_changed":false,"content-type":"","_monsterinsights_skip_tracking":false,"_monsterinsights_sitenote_active":false,"_monsterinsights_sitenote_note":"","_monsterinsights_sitenote_category":0},"class_list":["post-40997","noticia-proyecto","type-noticia-proyecto","status-publish","has-post-thumbnail","hentry"],"acf":[],"yoast_head":"<!-- This site is optimized with the Yoast SEO plugin v27.4 - https:\/\/yoast.com\/product\/yoast-seo-wordpress\/ -->\n<title>Primeira reuni\u00e3o presencial da TARGET em Sevilha - Interreg Sudoe<\/title>\n<meta name=\"robots\" content=\"index, follow, max-snippet:-1, max-image-preview:large, max-video-preview:-1\" \/>\n<link rel=\"canonical\" href=\"https:\/\/interreg-sudoe.eu\/pt-pt\/noticia-proyecto\/primeira-reuniao-presencial-da-target-em-sevilha\/\" \/>\n<meta property=\"og:locale\" content=\"pt_PT\" \/>\n<meta property=\"og:type\" content=\"article\" \/>\n<meta property=\"og:title\" content=\"Primeira reuni\u00e3o presencial da TARGET em Sevilha - Interreg Sudoe\" \/>\n<meta property=\"og:description\" content=\"O projeto TARGET realizou a sua primeira reuni\u00e3o presencial em 25 e 26 de junho em Sevilha, incluindo reuni\u00f5es t\u00e9cnicas e um workshop para avaliar a gest\u00e3o da \u00e1gua em situa\u00e7\u00f5es de escassez de \u00e1gua.\" \/>\n<meta property=\"og:url\" content=\"https:\/\/interreg-sudoe.eu\/pt-pt\/noticia-proyecto\/primeira-reuniao-presencial-da-target-em-sevilha\/\" \/>\n<meta property=\"og:site_name\" content=\"Interreg Sudoe\" \/>\n<meta property=\"article:publisher\" content=\"https:\/\/www.facebook.com\/interregsudoe\" \/>\n<meta property=\"article:modified_time\" content=\"2024-11-08T11:59:16+00:00\" \/>\n<meta property=\"og:image\" content=\"https:\/\/interreg-sudoe.eu\/wp-content\/uploads\/2024\/05\/GRUPO-scaled.jpg\" \/>\n\t<meta property=\"og:image:width\" content=\"2560\" \/>\n\t<meta property=\"og:image:height\" content=\"1041\" \/>\n\t<meta property=\"og:image:type\" content=\"image\/jpeg\" \/>\n<meta name=\"twitter:card\" content=\"summary_large_image\" \/>\n<meta name=\"twitter:site\" content=\"@Sudoe5\" \/>\n<meta name=\"twitter:label1\" content=\"Tempo estimado de leitura\" \/>\n\t<meta name=\"twitter:data1\" content=\"1 minuto\" \/>\n<script type=\"application\/ld+json\" class=\"yoast-schema-graph\">{\"@context\":\"https:\\\/\\\/schema.org\",\"@graph\":[{\"@type\":\"WebPage\",\"@id\":\"https:\\\/\\\/interreg-sudoe.eu\\\/pt-pt\\\/noticia-proyecto\\\/primeira-reuniao-presencial-da-target-em-sevilha\\\/\",\"url\":\"https:\\\/\\\/interreg-sudoe.eu\\\/pt-pt\\\/noticia-proyecto\\\/primeira-reuniao-presencial-da-target-em-sevilha\\\/\",\"name\":\"Primeira reuni\u00e3o presencial da TARGET em Sevilha - Interreg Sudoe\",\"isPartOf\":{\"@id\":\"https:\\\/\\\/interreg-sudoe.eu\\\/pt-pt\\\/#website\"},\"primaryImageOfPage\":{\"@id\":\"https:\\\/\\\/interreg-sudoe.eu\\\/pt-pt\\\/noticia-proyecto\\\/primeira-reuniao-presencial-da-target-em-sevilha\\\/#primaryimage\"},\"image\":{\"@id\":\"https:\\\/\\\/interreg-sudoe.eu\\\/pt-pt\\\/noticia-proyecto\\\/primeira-reuniao-presencial-da-target-em-sevilha\\\/#primaryimage\"},\"thumbnailUrl\":\"https:\\\/\\\/interreg-sudoe.eu\\\/wp-content\\\/uploads\\\/2024\\\/05\\\/GRUPO-scaled.jpg\",\"datePublished\":\"2024-10-14T12:22:28+00:00\",\"dateModified\":\"2024-11-08T11:59:16+00:00\",\"breadcrumb\":{\"@id\":\"https:\\\/\\\/interreg-sudoe.eu\\\/pt-pt\\\/noticia-proyecto\\\/primeira-reuniao-presencial-da-target-em-sevilha\\\/#breadcrumb\"},\"inLanguage\":\"pt-PT\",\"potentialAction\":[{\"@type\":\"ReadAction\",\"target\":[\"https:\\\/\\\/interreg-sudoe.eu\\\/pt-pt\\\/noticia-proyecto\\\/primeira-reuniao-presencial-da-target-em-sevilha\\\/\"]}]},{\"@type\":\"ImageObject\",\"inLanguage\":\"pt-PT\",\"@id\":\"https:\\\/\\\/interreg-sudoe.eu\\\/pt-pt\\\/noticia-proyecto\\\/primeira-reuniao-presencial-da-target-em-sevilha\\\/#primaryimage\",\"url\":\"https:\\\/\\\/interreg-sudoe.eu\\\/wp-content\\\/uploads\\\/2024\\\/05\\\/GRUPO-scaled.jpg\",\"contentUrl\":\"https:\\\/\\\/interreg-sudoe.eu\\\/wp-content\\\/uploads\\\/2024\\\/05\\\/GRUPO-scaled.jpg\",\"width\":2560,\"height\":1041},{\"@type\":\"BreadcrumbList\",\"@id\":\"https:\\\/\\\/interreg-sudoe.eu\\\/pt-pt\\\/noticia-proyecto\\\/primeira-reuniao-presencial-da-target-em-sevilha\\\/#breadcrumb\",\"itemListElement\":[{\"@type\":\"ListItem\",\"position\":1,\"name\":\"Home\",\"item\":\"https:\\\/\\\/interreg-sudoe.eu\\\/pt-pt\\\/\"},{\"@type\":\"ListItem\",\"position\":2,\"name\":\"Primeira reuni\u00e3o presencial da TARGET em Sevilha\"}]},{\"@type\":\"WebSite\",\"@id\":\"https:\\\/\\\/interreg-sudoe.eu\\\/pt-pt\\\/#website\",\"url\":\"https:\\\/\\\/interreg-sudoe.eu\\\/pt-pt\\\/\",\"name\":\"Interreg Sudoe\",\"description\":\"Interreg Sudoe\",\"publisher\":{\"@id\":\"https:\\\/\\\/interreg-sudoe.eu\\\/pt-pt\\\/#organization\"},\"alternateName\":\"Interreg Sudoe\",\"potentialAction\":[{\"@type\":\"SearchAction\",\"target\":{\"@type\":\"EntryPoint\",\"urlTemplate\":\"https:\\\/\\\/interreg-sudoe.eu\\\/pt-pt\\\/?s={search_term_string}\"},\"query-input\":{\"@type\":\"PropertyValueSpecification\",\"valueRequired\":true,\"valueName\":\"search_term_string\"}}],\"inLanguage\":\"pt-PT\"},{\"@type\":\"Organization\",\"@id\":\"https:\\\/\\\/interreg-sudoe.eu\\\/pt-pt\\\/#organization\",\"name\":\"Interreg Sudoe\",\"alternateName\":\"Interreg Sudoe\",\"url\":\"https:\\\/\\\/interreg-sudoe.eu\\\/pt-pt\\\/\",\"logo\":{\"@type\":\"ImageObject\",\"inLanguage\":\"pt-PT\",\"@id\":\"https:\\\/\\\/interreg-sudoe.eu\\\/pt-pt\\\/#\\\/schema\\\/logo\\\/image\\\/\",\"url\":\"https:\\\/\\\/interreg-sudoe.eu\\\/wp-content\\\/uploads\\\/2024\\\/03\\\/logo-interreg.png\",\"contentUrl\":\"https:\\\/\\\/interreg-sudoe.eu\\\/wp-content\\\/uploads\\\/2024\\\/03\\\/logo-interreg.png\",\"width\":1200,\"height\":675,\"caption\":\"Interreg Sudoe\"},\"image\":{\"@id\":\"https:\\\/\\\/interreg-sudoe.eu\\\/pt-pt\\\/#\\\/schema\\\/logo\\\/image\\\/\"},\"sameAs\":[\"https:\\\/\\\/www.facebook.com\\\/interregsudoe\",\"https:\\\/\\\/x.com\\\/Sudoe5\",\"https:\\\/\\\/www.youtube.com\\\/channel\\\/UCeGx2edoB32beRc9dbKA2vw\",\"https:\\\/\\\/www.linkedin.com\\\/company\\\/interreg-sudoe-programme\\\/\",\"https:\\\/\\\/www.flickr.com\\\/photos\\\/148704685@N06\\\/\"]}]}<\/script>\n<!-- \/ Yoast SEO plugin. -->","yoast_head_json":{"title":"Primeira reuni\u00e3o presencial da TARGET em Sevilha - Interreg Sudoe","robots":{"index":"index","follow":"follow","max-snippet":"max-snippet:-1","max-image-preview":"max-image-preview:large","max-video-preview":"max-video-preview:-1"},"canonical":"https:\/\/interreg-sudoe.eu\/pt-pt\/noticia-proyecto\/primeira-reuniao-presencial-da-target-em-sevilha\/","og_locale":"pt_PT","og_type":"article","og_title":"Primeira reuni\u00e3o presencial da TARGET em Sevilha - Interreg Sudoe","og_description":"O projeto TARGET realizou a sua primeira reuni\u00e3o presencial em 25 e 26 de junho em Sevilha, incluindo reuni\u00f5es t\u00e9cnicas e um workshop para avaliar a gest\u00e3o da \u00e1gua em situa\u00e7\u00f5es de escassez de \u00e1gua.","og_url":"https:\/\/interreg-sudoe.eu\/pt-pt\/noticia-proyecto\/primeira-reuniao-presencial-da-target-em-sevilha\/","og_site_name":"Interreg Sudoe","article_publisher":"https:\/\/www.facebook.com\/interregsudoe","article_modified_time":"2024-11-08T11:59:16+00:00","og_image":[{"width":2560,"height":1041,"url":"https:\/\/interreg-sudoe.eu\/wp-content\/uploads\/2024\/05\/GRUPO-scaled.jpg","type":"image\/jpeg"}],"twitter_card":"summary_large_image","twitter_site":"@Sudoe5","twitter_misc":{"Tempo estimado de leitura":"1 minuto"},"schema":{"@context":"https:\/\/schema.org","@graph":[{"@type":"WebPage","@id":"https:\/\/interreg-sudoe.eu\/pt-pt\/noticia-proyecto\/primeira-reuniao-presencial-da-target-em-sevilha\/","url":"https:\/\/interreg-sudoe.eu\/pt-pt\/noticia-proyecto\/primeira-reuniao-presencial-da-target-em-sevilha\/","name":"Primeira reuni\u00e3o presencial da TARGET em Sevilha - Interreg Sudoe","isPartOf":{"@id":"https:\/\/interreg-sudoe.eu\/pt-pt\/#website"},"primaryImageOfPage":{"@id":"https:\/\/interreg-sudoe.eu\/pt-pt\/noticia-proyecto\/primeira-reuniao-presencial-da-target-em-sevilha\/#primaryimage"},"image":{"@id":"https:\/\/interreg-sudoe.eu\/pt-pt\/noticia-proyecto\/primeira-reuniao-presencial-da-target-em-sevilha\/#primaryimage"},"thumbnailUrl":"https:\/\/interreg-sudoe.eu\/wp-content\/uploads\/2024\/05\/GRUPO-scaled.jpg","datePublished":"2024-10-14T12:22:28+00:00","dateModified":"2024-11-08T11:59:16+00:00","breadcrumb":{"@id":"https:\/\/interreg-sudoe.eu\/pt-pt\/noticia-proyecto\/primeira-reuniao-presencial-da-target-em-sevilha\/#breadcrumb"},"inLanguage":"pt-PT","potentialAction":[{"@type":"ReadAction","target":["https:\/\/interreg-sudoe.eu\/pt-pt\/noticia-proyecto\/primeira-reuniao-presencial-da-target-em-sevilha\/"]}]},{"@type":"ImageObject","inLanguage":"pt-PT","@id":"https:\/\/interreg-sudoe.eu\/pt-pt\/noticia-proyecto\/primeira-reuniao-presencial-da-target-em-sevilha\/#primaryimage","url":"https:\/\/interreg-sudoe.eu\/wp-content\/uploads\/2024\/05\/GRUPO-scaled.jpg","contentUrl":"https:\/\/interreg-sudoe.eu\/wp-content\/uploads\/2024\/05\/GRUPO-scaled.jpg","width":2560,"height":1041},{"@type":"BreadcrumbList","@id":"https:\/\/interreg-sudoe.eu\/pt-pt\/noticia-proyecto\/primeira-reuniao-presencial-da-target-em-sevilha\/#breadcrumb","itemListElement":[{"@type":"ListItem","position":1,"name":"Home","item":"https:\/\/interreg-sudoe.eu\/pt-pt\/"},{"@type":"ListItem","position":2,"name":"Primeira reuni\u00e3o presencial da TARGET em Sevilha"}]},{"@type":"WebSite","@id":"https:\/\/interreg-sudoe.eu\/pt-pt\/#website","url":"https:\/\/interreg-sudoe.eu\/pt-pt\/","name":"Interreg Sudoe","description":"Interreg Sudoe","publisher":{"@id":"https:\/\/interreg-sudoe.eu\/pt-pt\/#organization"},"alternateName":"Interreg Sudoe","potentialAction":[{"@type":"SearchAction","target":{"@type":"EntryPoint","urlTemplate":"https:\/\/interreg-sudoe.eu\/pt-pt\/?s={search_term_string}"},"query-input":{"@type":"PropertyValueSpecification","valueRequired":true,"valueName":"search_term_string"}}],"inLanguage":"pt-PT"},{"@type":"Organization","@id":"https:\/\/interreg-sudoe.eu\/pt-pt\/#organization","name":"Interreg Sudoe","alternateName":"Interreg Sudoe","url":"https:\/\/interreg-sudoe.eu\/pt-pt\/","logo":{"@type":"ImageObject","inLanguage":"pt-PT","@id":"https:\/\/interreg-sudoe.eu\/pt-pt\/#\/schema\/logo\/image\/","url":"https:\/\/interreg-sudoe.eu\/wp-content\/uploads\/2024\/03\/logo-interreg.png","contentUrl":"https:\/\/interreg-sudoe.eu\/wp-content\/uploads\/2024\/03\/logo-interreg.png","width":1200,"height":675,"caption":"Interreg Sudoe"},"image":{"@id":"https:\/\/interreg-sudoe.eu\/pt-pt\/#\/schema\/logo\/image\/"},"sameAs":["https:\/\/www.facebook.com\/interregsudoe","https:\/\/x.com\/Sudoe5","https:\/\/www.youtube.com\/channel\/UCeGx2edoB32beRc9dbKA2vw","https:\/\/www.linkedin.com\/company\/interreg-sudoe-programme\/","https:\/\/www.flickr.com\/photos\/148704685@N06\/"]}]}},"_links":{"self":[{"href":"https:\/\/interreg-sudoe.eu\/pt-pt\/wp-json\/wp\/v2\/noticia-proyecto\/40997","targetHints":{"allow":["GET"]}}],"collection":[{"href":"https:\/\/interreg-sudoe.eu\/pt-pt\/wp-json\/wp\/v2\/noticia-proyecto"}],"about":[{"href":"https:\/\/interreg-sudoe.eu\/pt-pt\/wp-json\/wp\/v2\/types\/noticia-proyecto"}],"author":[{"embeddable":true,"href":"https:\/\/interreg-sudoe.eu\/pt-pt\/wp-json\/wp\/v2\/users\/5125"}],"wp:featuredmedia":[{"embeddable":true,"href":"https:\/\/interreg-sudoe.eu\/pt-pt\/wp-json\/wp\/v2\/media\/41855"}],"wp:attachment":[{"href":"https:\/\/interreg-sudoe.eu\/pt-pt\/wp-json\/wp\/v2\/media?parent=40997"}],"curies":[{"name":"wp","href":"https:\/\/api.w.org\/{rel}","templated":true}]}}