{"id":43169,"date":"2024-11-27T11:53:53","date_gmt":"2024-11-27T10:53:53","guid":{"rendered":"https:\/\/interreg-sudoe.eu\/noticia-proyecto\/aguas-do-tejo-atlantico-organizan-un-living-lab-sobre-sollagua-en-lourinha-lisboa\/"},"modified":"2026-02-16T16:25:24","modified_gmt":"2026-02-16T15:25:24","slug":"aguas-do-tejo-atlantico-organizan-un-living-lab-sobre-sollagua-en-lourinha-lisboa","status":"publish","type":"noticia-proyecto","link":"https:\/\/interreg-sudoe.eu\/pt-pt\/noticia-proyecto\/aguas-do-tejo-atlantico-organizan-un-living-lab-sobre-sollagua-en-lourinha-lisboa\/","title":{"rendered":"\u00c1guas do Tejo Atl\u00e2ntico e Instituto Superior T\u00e9cnico organizam um \u2018living lab\u2019 sobre o projeto SOLLAGUA na Lourinh\u00e3 (Lisboa)"},"content":{"rendered":"<h2>O workshop aconteceu no dia 22 de junho na biblioteca municipal da cidade e reuniu cerca de vinte participantes envolvidos na gest\u00e3o da \u00e1gua.<\/h2>\n<p>O cons\u00f3rcio portugu\u00eas do projeto, composto pelo <a href=\"https:\/\/tecnico.ulisboa.pt\/pt\/\">Instituto Superior T\u00e9cnico<\/a> e <a href=\"https:\/\/www.aguasdotejoatlantico.adp.pt\/\">\u00c1guas do Tejo Atl\u00e2ntico<\/a>, organizou no dia 22 de junho um <em>living lab<\/em> na biblioteca municipal da Lourinh\u00e3 (Lisboa), que reuniu cerca de vinte<strong> s<em>takeholders<\/em> regionais<\/strong> envolvidos na cadeia de valor da reutiliza\u00e7\u00e3o da \u00e1gua. Tamb\u00e9m se analisou como a reutiliza\u00e7\u00e3o da \u00e1gua atrav\u00e9s de pr\u00e1ticas sustent\u00e1veis pode aliviar a escassez sofrida em muitas regi\u00f5es do sul da Europa, incluindo Portugal.<\/p>\n<p>Na perspetiva do projeto, um <em>laborat\u00f3rio vivo<\/em> \u00e9 um ambiente colaborativo e experimental onde solu\u00e7\u00f5es inovadoras para o tratamento, utiliza\u00e7\u00e3o e gest\u00e3o sustent\u00e1vel da \u00e1gua reutilizada s\u00e3o cocriadas, testadas e validadas. O programa do encontro, promovido no \u00e2mbito do pacote de trabalho <em>Cria\u00e7\u00e3o de uma estrat\u00e9gia e plano de a\u00e7\u00e3o NB-WoLL (nature-based water-oriented living labs)<\/em>, decorreu das 14h00 \u00e0s 16h30 e foi estruturado da seguinte forma:<\/p>\n<ul>\n<li>\u00a0 <strong>Apresenta\u00e7\u00e3o<\/strong>\u00a0do projeto SOLLAGUA: introdu\u00e7\u00e3o do conceito\u00a0<em>de laborat\u00f3rio vivo<\/em>.<\/li>\n<\/ul>\n<figure id=\"attachment_43168\" aria-describedby=\"caption-attachment-43168\" style=\"width: 225px\" class=\"wp-caption alignright\"><img fetchpriority=\"high\" decoding=\"async\" class=\"size-medium wp-image-43168\" src=\"https:\/\/interreg-sudoe.eu\/wp-content\/uploads\/2024\/11\/PHOTO-2024-05-22-18-31-05-225x300.jpg\" alt=\"Living lab Portugal\" width=\"225\" height=\"300\" srcset=\"https:\/\/interreg-sudoe.eu\/wp-content\/uploads\/2024\/11\/PHOTO-2024-05-22-18-31-05-225x300.jpg 225w, https:\/\/interreg-sudoe.eu\/wp-content\/uploads\/2024\/11\/PHOTO-2024-05-22-18-31-05-768x1024.jpg 768w, https:\/\/interreg-sudoe.eu\/wp-content\/uploads\/2024\/11\/PHOTO-2024-05-22-18-31-05-1152x1536.jpg 1152w, https:\/\/interreg-sudoe.eu\/wp-content\/uploads\/2024\/11\/PHOTO-2024-05-22-18-31-05.jpg 1536w\" sizes=\"(max-width: 225px) 100vw, 225px\" \/><figcaption id=\"caption-attachment-43168\" class=\"wp-caption-text\"><em>SOLLAGUA organiza um laborat\u00f3rio vivo em Portugal.\u00a0<\/em><\/figcaption><\/figure>\n<ul>\n<li>Quais s\u00e3o os <strong>desafios da escassez de \u00e1gua<\/strong> e das altera\u00e7\u00f5es clim\u00e1ticas que afetam as comunidades rurais?<\/li>\n<li>Que <strong>medidas<\/strong> acha que podem ser aplicadas para enfrentar esses desafios?<\/li>\n<li>An\u00e1lise PEST: que obst\u00e1culos encontra para a<strong> reutiliza\u00e7\u00e3o de \u00e1guas residuais<\/strong> tratadas?<\/li>\n<li>An\u00e1lise PEST: quais aspetos podem influenciar o uso e a aplica\u00e7\u00e3o da reutiliza\u00e7\u00e3o de \u00e1guas residu\u00e1rias tratadas?<\/li>\n<li><strong>Observa\u00e7\u00f5es<\/strong> finais.<\/li>\n<\/ul>\n<h3>Gest\u00e3o abrangente, chave<\/h3>\n<p>Ap\u00f3s v\u00e1rias horas de debate, chegaram-se \u00e0s seguintes conclus\u00f5es. Embora haja quantidade de \u00e1gua, o principal problema reside na falta de distribui\u00e7\u00e3o equitativa da mesma; ou seja, a distribui\u00e7\u00e3o \u00e9 insuficiente em rela\u00e7\u00e3o \u00e0 procura, o que torna o acesso a este recurso um desafio significativo. Neste sentido, a reutiliza\u00e7\u00e3o da \u00e1gua atrav\u00e9s de tecnologias com <strong>baixo impacto ambiental<\/strong> poderia ser uma solu\u00e7\u00e3o para aumentar essa procura nas zonas rurais, embora a sua implementa\u00e7\u00e3o tivesse que superar dois desafios principais: por um lado, a legisla\u00e7\u00e3o e a burocracia atuais s\u00e3o <strong>barreiras significativas<\/strong>; e por outro lado, hoje existem <strong>numerosos preconceitos<\/strong> sobre a utiliza\u00e7\u00e3o de \u00e1guas residuais tratadas e muitos intervenientes desconhecem o seu potencial. Desafios que s\u00f3 poderiam ser superados com uma <strong>coopera\u00e7\u00e3o abrangente<\/strong> em todos os n\u00edveis de governa\u00e7\u00e3o.<\/p>\n<h3>Segue o SOLLAGUA nas redes sociais!<\/h3>\n<p>Se quiseres estar a par dos progressos do projeto e das \u00faltimas novidades em mat\u00e9ria de reutiliza\u00e7\u00e3o da \u00e1gua e medidas contra as altera\u00e7\u00f5es clim\u00e1ticas, segue o projeto no:<\/p>\n<p>\ud83d\udc49\u00a0 <a href=\"http:\/\/@SOLLAGUAproject\">X\u00a0<\/a><br \/>\n\ud83d\udc49<a href=\"https:\/\/www.linkedin.com\/company\/sollagua\/\">\u00a0LinkedIn<\/a><br \/>\n\ud83d\udc49<a href=\"https:\/\/www.youtube.com\/@sollagua-interregsudoe\">\u00a0YouTube<\/a><\/p>\n","protected":false},"excerpt":{"rendered":"<p>O workshop aconteceu no dia 22 de junho na biblioteca municipal da cidade e reuniu cerca de vinte participantes envolvidos na gest\u00e3o da \u00e1gua. O cons\u00f3rcio portugu\u00eas do projeto, composto pelo Instituto Superior T\u00e9cnico e \u00c1guas do Tejo Atl\u00e2ntico, organizou no dia 22 de junho um living lab na biblioteca municipal da Lourinh\u00e3 (Lisboa), que [&hellip;]<\/p>\n","protected":false},"author":5002,"featured_media":43927,"parent":0,"template":"","meta":{"_acf_changed":false,"content-type":"","_monsterinsights_skip_tracking":false,"_monsterinsights_sitenote_active":false,"_monsterinsights_sitenote_note":"","_monsterinsights_sitenote_category":0},"class_list":["post-43169","noticia-proyecto","type-noticia-proyecto","status-publish","has-post-thumbnail","hentry"],"acf":[],"yoast_head":"<!-- This site is optimized with the Yoast SEO plugin v27.4 - https:\/\/yoast.com\/product\/yoast-seo-wordpress\/ -->\n<title>\u00c1guas do Tejo Atl\u00e2ntico e Instituto Superior T\u00e9cnico organizam um \u2018living lab\u2019 sobre o projeto SOLLAGUA na Lourinh\u00e3 (Lisboa) - Interreg Sudoe<\/title>\n<meta name=\"robots\" content=\"index, follow, max-snippet:-1, max-image-preview:large, max-video-preview:-1\" \/>\n<link rel=\"canonical\" href=\"https:\/\/interreg-sudoe.eu\/pt-pt\/noticia-proyecto\/aguas-do-tejo-atlantico-organizan-un-living-lab-sobre-sollagua-en-lourinha-lisboa\/\" \/>\n<meta property=\"og:locale\" content=\"pt_PT\" \/>\n<meta property=\"og:type\" content=\"article\" \/>\n<meta property=\"og:title\" content=\"\u00c1guas do Tejo Atl\u00e2ntico e Instituto Superior T\u00e9cnico organizam um \u2018living lab\u2019 sobre o projeto SOLLAGUA na Lourinh\u00e3 (Lisboa) - Interreg Sudoe\" \/>\n<meta property=\"og:description\" content=\"O workshop aconteceu no dia 22 de junho na biblioteca municipal da cidade e reuniu cerca de vinte participantes envolvidos na gest\u00e3o da \u00e1gua. O cons\u00f3rcio portugu\u00eas do projeto, composto pelo Instituto Superior T\u00e9cnico e \u00c1guas do Tejo Atl\u00e2ntico, organizou no dia 22 de junho um living lab na biblioteca municipal da Lourinh\u00e3 (Lisboa), que [&hellip;]\" \/>\n<meta property=\"og:url\" content=\"https:\/\/interreg-sudoe.eu\/pt-pt\/noticia-proyecto\/aguas-do-tejo-atlantico-organizan-un-living-lab-sobre-sollagua-en-lourinha-lisboa\/\" \/>\n<meta property=\"og:site_name\" content=\"Interreg Sudoe\" \/>\n<meta property=\"article:publisher\" content=\"https:\/\/www.facebook.com\/interregsudoe\" \/>\n<meta property=\"article:modified_time\" content=\"2026-02-16T15:25:24+00:00\" \/>\n<meta property=\"og:image\" content=\"https:\/\/interreg-sudoe.eu\/wp-content\/uploads\/2024\/11\/IMG_2864-scaled.jpg\" \/>\n\t<meta property=\"og:image:width\" content=\"2560\" \/>\n\t<meta property=\"og:image:height\" content=\"1920\" \/>\n\t<meta property=\"og:image:type\" content=\"image\/jpeg\" \/>\n<meta name=\"twitter:card\" content=\"summary_large_image\" \/>\n<meta name=\"twitter:site\" content=\"@Sudoe5\" \/>\n<meta name=\"twitter:label1\" content=\"Tempo estimado de leitura\" \/>\n\t<meta name=\"twitter:data1\" content=\"2 minutos\" \/>\n<script type=\"application\/ld+json\" class=\"yoast-schema-graph\">{\"@context\":\"https:\\\/\\\/schema.org\",\"@graph\":[{\"@type\":\"WebPage\",\"@id\":\"https:\\\/\\\/interreg-sudoe.eu\\\/pt-pt\\\/noticia-proyecto\\\/aguas-do-tejo-atlantico-organizan-un-living-lab-sobre-sollagua-en-lourinha-lisboa\\\/\",\"url\":\"https:\\\/\\\/interreg-sudoe.eu\\\/pt-pt\\\/noticia-proyecto\\\/aguas-do-tejo-atlantico-organizan-un-living-lab-sobre-sollagua-en-lourinha-lisboa\\\/\",\"name\":\"\u00c1guas do Tejo Atl\u00e2ntico e Instituto Superior T\u00e9cnico organizam um \u2018living lab\u2019 sobre o projeto SOLLAGUA na Lourinh\u00e3 (Lisboa) - Interreg Sudoe\",\"isPartOf\":{\"@id\":\"https:\\\/\\\/interreg-sudoe.eu\\\/pt-pt\\\/#website\"},\"primaryImageOfPage\":{\"@id\":\"https:\\\/\\\/interreg-sudoe.eu\\\/pt-pt\\\/noticia-proyecto\\\/aguas-do-tejo-atlantico-organizan-un-living-lab-sobre-sollagua-en-lourinha-lisboa\\\/#primaryimage\"},\"image\":{\"@id\":\"https:\\\/\\\/interreg-sudoe.eu\\\/pt-pt\\\/noticia-proyecto\\\/aguas-do-tejo-atlantico-organizan-un-living-lab-sobre-sollagua-en-lourinha-lisboa\\\/#primaryimage\"},\"thumbnailUrl\":\"https:\\\/\\\/interreg-sudoe.eu\\\/wp-content\\\/uploads\\\/2024\\\/11\\\/IMG_2864-scaled.jpg\",\"datePublished\":\"2024-11-27T10:53:53+00:00\",\"dateModified\":\"2026-02-16T15:25:24+00:00\",\"breadcrumb\":{\"@id\":\"https:\\\/\\\/interreg-sudoe.eu\\\/pt-pt\\\/noticia-proyecto\\\/aguas-do-tejo-atlantico-organizan-un-living-lab-sobre-sollagua-en-lourinha-lisboa\\\/#breadcrumb\"},\"inLanguage\":\"pt-PT\",\"potentialAction\":[{\"@type\":\"ReadAction\",\"target\":[\"https:\\\/\\\/interreg-sudoe.eu\\\/pt-pt\\\/noticia-proyecto\\\/aguas-do-tejo-atlantico-organizan-un-living-lab-sobre-sollagua-en-lourinha-lisboa\\\/\"]}]},{\"@type\":\"ImageObject\",\"inLanguage\":\"pt-PT\",\"@id\":\"https:\\\/\\\/interreg-sudoe.eu\\\/pt-pt\\\/noticia-proyecto\\\/aguas-do-tejo-atlantico-organizan-un-living-lab-sobre-sollagua-en-lourinha-lisboa\\\/#primaryimage\",\"url\":\"https:\\\/\\\/interreg-sudoe.eu\\\/wp-content\\\/uploads\\\/2024\\\/11\\\/IMG_2864-scaled.jpg\",\"contentUrl\":\"https:\\\/\\\/interreg-sudoe.eu\\\/wp-content\\\/uploads\\\/2024\\\/11\\\/IMG_2864-scaled.jpg\",\"width\":2560,\"height\":1920,\"caption\":\"Lourinh\u00e3\"},{\"@type\":\"BreadcrumbList\",\"@id\":\"https:\\\/\\\/interreg-sudoe.eu\\\/pt-pt\\\/noticia-proyecto\\\/aguas-do-tejo-atlantico-organizan-un-living-lab-sobre-sollagua-en-lourinha-lisboa\\\/#breadcrumb\",\"itemListElement\":[{\"@type\":\"ListItem\",\"position\":1,\"name\":\"Home\",\"item\":\"https:\\\/\\\/interreg-sudoe.eu\\\/pt-pt\\\/\"},{\"@type\":\"ListItem\",\"position\":2,\"name\":\"\u00c1guas do Tejo Atl\u00e2ntico e Instituto Superior T\u00e9cnico organizam um \u2018living lab\u2019 sobre o projeto SOLLAGUA na Lourinh\u00e3 (Lisboa)\"}]},{\"@type\":\"WebSite\",\"@id\":\"https:\\\/\\\/interreg-sudoe.eu\\\/pt-pt\\\/#website\",\"url\":\"https:\\\/\\\/interreg-sudoe.eu\\\/pt-pt\\\/\",\"name\":\"Interreg Sudoe\",\"description\":\"Interreg Sudoe\",\"publisher\":{\"@id\":\"https:\\\/\\\/interreg-sudoe.eu\\\/pt-pt\\\/#organization\"},\"alternateName\":\"Interreg Sudoe\",\"potentialAction\":[{\"@type\":\"SearchAction\",\"target\":{\"@type\":\"EntryPoint\",\"urlTemplate\":\"https:\\\/\\\/interreg-sudoe.eu\\\/pt-pt\\\/?s={search_term_string}\"},\"query-input\":{\"@type\":\"PropertyValueSpecification\",\"valueRequired\":true,\"valueName\":\"search_term_string\"}}],\"inLanguage\":\"pt-PT\"},{\"@type\":\"Organization\",\"@id\":\"https:\\\/\\\/interreg-sudoe.eu\\\/pt-pt\\\/#organization\",\"name\":\"Interreg Sudoe\",\"alternateName\":\"Interreg Sudoe\",\"url\":\"https:\\\/\\\/interreg-sudoe.eu\\\/pt-pt\\\/\",\"logo\":{\"@type\":\"ImageObject\",\"inLanguage\":\"pt-PT\",\"@id\":\"https:\\\/\\\/interreg-sudoe.eu\\\/pt-pt\\\/#\\\/schema\\\/logo\\\/image\\\/\",\"url\":\"https:\\\/\\\/interreg-sudoe.eu\\\/wp-content\\\/uploads\\\/2024\\\/03\\\/logo-interreg.png\",\"contentUrl\":\"https:\\\/\\\/interreg-sudoe.eu\\\/wp-content\\\/uploads\\\/2024\\\/03\\\/logo-interreg.png\",\"width\":1200,\"height\":675,\"caption\":\"Interreg Sudoe\"},\"image\":{\"@id\":\"https:\\\/\\\/interreg-sudoe.eu\\\/pt-pt\\\/#\\\/schema\\\/logo\\\/image\\\/\"},\"sameAs\":[\"https:\\\/\\\/www.facebook.com\\\/interregsudoe\",\"https:\\\/\\\/x.com\\\/Sudoe5\",\"https:\\\/\\\/www.youtube.com\\\/channel\\\/UCeGx2edoB32beRc9dbKA2vw\",\"https:\\\/\\\/www.linkedin.com\\\/company\\\/interreg-sudoe-programme\\\/\",\"https:\\\/\\\/www.flickr.com\\\/photos\\\/148704685@N06\\\/\"]}]}<\/script>\n<!-- \/ Yoast SEO plugin. -->","yoast_head_json":{"title":"\u00c1guas do Tejo Atl\u00e2ntico e Instituto Superior T\u00e9cnico organizam um \u2018living lab\u2019 sobre o projeto SOLLAGUA na Lourinh\u00e3 (Lisboa) - Interreg Sudoe","robots":{"index":"index","follow":"follow","max-snippet":"max-snippet:-1","max-image-preview":"max-image-preview:large","max-video-preview":"max-video-preview:-1"},"canonical":"https:\/\/interreg-sudoe.eu\/pt-pt\/noticia-proyecto\/aguas-do-tejo-atlantico-organizan-un-living-lab-sobre-sollagua-en-lourinha-lisboa\/","og_locale":"pt_PT","og_type":"article","og_title":"\u00c1guas do Tejo Atl\u00e2ntico e Instituto Superior T\u00e9cnico organizam um \u2018living lab\u2019 sobre o projeto SOLLAGUA na Lourinh\u00e3 (Lisboa) - Interreg Sudoe","og_description":"O workshop aconteceu no dia 22 de junho na biblioteca municipal da cidade e reuniu cerca de vinte participantes envolvidos na gest\u00e3o da \u00e1gua. O cons\u00f3rcio portugu\u00eas do projeto, composto pelo Instituto Superior T\u00e9cnico e \u00c1guas do Tejo Atl\u00e2ntico, organizou no dia 22 de junho um living lab na biblioteca municipal da Lourinh\u00e3 (Lisboa), que [&hellip;]","og_url":"https:\/\/interreg-sudoe.eu\/pt-pt\/noticia-proyecto\/aguas-do-tejo-atlantico-organizan-un-living-lab-sobre-sollagua-en-lourinha-lisboa\/","og_site_name":"Interreg Sudoe","article_publisher":"https:\/\/www.facebook.com\/interregsudoe","article_modified_time":"2026-02-16T15:25:24+00:00","og_image":[{"width":2560,"height":1920,"url":"https:\/\/interreg-sudoe.eu\/wp-content\/uploads\/2024\/11\/IMG_2864-scaled.jpg","type":"image\/jpeg"}],"twitter_card":"summary_large_image","twitter_site":"@Sudoe5","twitter_misc":{"Tempo estimado de leitura":"2 minutos"},"schema":{"@context":"https:\/\/schema.org","@graph":[{"@type":"WebPage","@id":"https:\/\/interreg-sudoe.eu\/pt-pt\/noticia-proyecto\/aguas-do-tejo-atlantico-organizan-un-living-lab-sobre-sollagua-en-lourinha-lisboa\/","url":"https:\/\/interreg-sudoe.eu\/pt-pt\/noticia-proyecto\/aguas-do-tejo-atlantico-organizan-un-living-lab-sobre-sollagua-en-lourinha-lisboa\/","name":"\u00c1guas do Tejo Atl\u00e2ntico e Instituto Superior T\u00e9cnico organizam um \u2018living lab\u2019 sobre o projeto SOLLAGUA na Lourinh\u00e3 (Lisboa) - Interreg Sudoe","isPartOf":{"@id":"https:\/\/interreg-sudoe.eu\/pt-pt\/#website"},"primaryImageOfPage":{"@id":"https:\/\/interreg-sudoe.eu\/pt-pt\/noticia-proyecto\/aguas-do-tejo-atlantico-organizan-un-living-lab-sobre-sollagua-en-lourinha-lisboa\/#primaryimage"},"image":{"@id":"https:\/\/interreg-sudoe.eu\/pt-pt\/noticia-proyecto\/aguas-do-tejo-atlantico-organizan-un-living-lab-sobre-sollagua-en-lourinha-lisboa\/#primaryimage"},"thumbnailUrl":"https:\/\/interreg-sudoe.eu\/wp-content\/uploads\/2024\/11\/IMG_2864-scaled.jpg","datePublished":"2024-11-27T10:53:53+00:00","dateModified":"2026-02-16T15:25:24+00:00","breadcrumb":{"@id":"https:\/\/interreg-sudoe.eu\/pt-pt\/noticia-proyecto\/aguas-do-tejo-atlantico-organizan-un-living-lab-sobre-sollagua-en-lourinha-lisboa\/#breadcrumb"},"inLanguage":"pt-PT","potentialAction":[{"@type":"ReadAction","target":["https:\/\/interreg-sudoe.eu\/pt-pt\/noticia-proyecto\/aguas-do-tejo-atlantico-organizan-un-living-lab-sobre-sollagua-en-lourinha-lisboa\/"]}]},{"@type":"ImageObject","inLanguage":"pt-PT","@id":"https:\/\/interreg-sudoe.eu\/pt-pt\/noticia-proyecto\/aguas-do-tejo-atlantico-organizan-un-living-lab-sobre-sollagua-en-lourinha-lisboa\/#primaryimage","url":"https:\/\/interreg-sudoe.eu\/wp-content\/uploads\/2024\/11\/IMG_2864-scaled.jpg","contentUrl":"https:\/\/interreg-sudoe.eu\/wp-content\/uploads\/2024\/11\/IMG_2864-scaled.jpg","width":2560,"height":1920,"caption":"Lourinh\u00e3"},{"@type":"BreadcrumbList","@id":"https:\/\/interreg-sudoe.eu\/pt-pt\/noticia-proyecto\/aguas-do-tejo-atlantico-organizan-un-living-lab-sobre-sollagua-en-lourinha-lisboa\/#breadcrumb","itemListElement":[{"@type":"ListItem","position":1,"name":"Home","item":"https:\/\/interreg-sudoe.eu\/pt-pt\/"},{"@type":"ListItem","position":2,"name":"\u00c1guas do Tejo Atl\u00e2ntico e Instituto Superior T\u00e9cnico organizam um \u2018living lab\u2019 sobre o projeto SOLLAGUA na Lourinh\u00e3 (Lisboa)"}]},{"@type":"WebSite","@id":"https:\/\/interreg-sudoe.eu\/pt-pt\/#website","url":"https:\/\/interreg-sudoe.eu\/pt-pt\/","name":"Interreg Sudoe","description":"Interreg Sudoe","publisher":{"@id":"https:\/\/interreg-sudoe.eu\/pt-pt\/#organization"},"alternateName":"Interreg Sudoe","potentialAction":[{"@type":"SearchAction","target":{"@type":"EntryPoint","urlTemplate":"https:\/\/interreg-sudoe.eu\/pt-pt\/?s={search_term_string}"},"query-input":{"@type":"PropertyValueSpecification","valueRequired":true,"valueName":"search_term_string"}}],"inLanguage":"pt-PT"},{"@type":"Organization","@id":"https:\/\/interreg-sudoe.eu\/pt-pt\/#organization","name":"Interreg Sudoe","alternateName":"Interreg Sudoe","url":"https:\/\/interreg-sudoe.eu\/pt-pt\/","logo":{"@type":"ImageObject","inLanguage":"pt-PT","@id":"https:\/\/interreg-sudoe.eu\/pt-pt\/#\/schema\/logo\/image\/","url":"https:\/\/interreg-sudoe.eu\/wp-content\/uploads\/2024\/03\/logo-interreg.png","contentUrl":"https:\/\/interreg-sudoe.eu\/wp-content\/uploads\/2024\/03\/logo-interreg.png","width":1200,"height":675,"caption":"Interreg Sudoe"},"image":{"@id":"https:\/\/interreg-sudoe.eu\/pt-pt\/#\/schema\/logo\/image\/"},"sameAs":["https:\/\/www.facebook.com\/interregsudoe","https:\/\/x.com\/Sudoe5","https:\/\/www.youtube.com\/channel\/UCeGx2edoB32beRc9dbKA2vw","https:\/\/www.linkedin.com\/company\/interreg-sudoe-programme\/","https:\/\/www.flickr.com\/photos\/148704685@N06\/"]}]}},"_links":{"self":[{"href":"https:\/\/interreg-sudoe.eu\/pt-pt\/wp-json\/wp\/v2\/noticia-proyecto\/43169","targetHints":{"allow":["GET"]}}],"collection":[{"href":"https:\/\/interreg-sudoe.eu\/pt-pt\/wp-json\/wp\/v2\/noticia-proyecto"}],"about":[{"href":"https:\/\/interreg-sudoe.eu\/pt-pt\/wp-json\/wp\/v2\/types\/noticia-proyecto"}],"author":[{"embeddable":true,"href":"https:\/\/interreg-sudoe.eu\/pt-pt\/wp-json\/wp\/v2\/users\/5002"}],"wp:featuredmedia":[{"embeddable":true,"href":"https:\/\/interreg-sudoe.eu\/pt-pt\/wp-json\/wp\/v2\/media\/43927"}],"wp:attachment":[{"href":"https:\/\/interreg-sudoe.eu\/pt-pt\/wp-json\/wp\/v2\/media?parent=43169"}],"curies":[{"name":"wp","href":"https:\/\/api.w.org\/{rel}","templated":true}]}}