{"id":44312,"date":"2025-01-20T12:23:11","date_gmt":"2025-01-20T11:23:11","guid":{"rendered":"https:\/\/interreg-sudoe.eu\/?post_type=noticia-proyecto&#038;p=44312"},"modified":"2026-02-16T15:49:48","modified_gmt":"2026-02-16T14:49:48","slug":"ecospherewines-obtem-os-primeiros-progressos-em-campo-nas-quatro-zonas-experimentais","status":"publish","type":"noticia-proyecto","link":"https:\/\/interreg-sudoe.eu\/pt-pt\/noticia-proyecto\/ecospherewines-obtem-os-primeiros-progressos-em-campo-nas-quatro-zonas-experimentais\/","title":{"rendered":"ECOSPHEREWINES obt\u00e9m os primeiros progressos em campo nas quatro zonas experimentais"},"content":{"rendered":"<p style=\"text-align: justify;\">O projeto internacional <strong>ECOSPHEREWINES<\/strong> realizou sua segunda assembleia geral de forma virtual no \u00faltimo m\u00eas de dezembro. Durante a reuni\u00e3o do cons\u00f3rcio, foram apresentados avan\u00e7os significativos em cada uma das \u00e1reas t\u00e9cnicas do projeto.<\/p>\n<p style=\"text-align: justify;\">O <strong>ECOSPHEREWINES<\/strong> continua seguindo seu plano de trabalho, alcan\u00e7ando <strong>avan\u00e7os nos dois pilotos do projeto: o piloto do Noroeste Peninsular e o piloto da Fran\u00e7a.<\/strong><\/p>\n<p style=\"text-align: justify;\">O <strong>piloto do Noroeste Peninsular<\/strong> inclui tr\u00eas zonas experimentais localizadas em \u00e1reas de alto valor natural na Espanha e em Portugal, que compartilham desafios comuns, como o envelhecimento populacional e a despovoa\u00e7\u00e3o. As tr\u00eas zonas experimentais est\u00e3o localizadas em Mari\u00f1as-Betanzos (Espanha), Alto Douro (Portugal) e Arribes del Duero (Espanha).<\/p>\n<p style=\"text-align: justify;\"><img fetchpriority=\"high\" decoding=\"async\" class=\" wp-image-44306 alignleft\" style=\"text-align: justify;\" src=\"https:\/\/interreg-sudoe.eu\/wp-content\/uploads\/2025\/01\/Betanzos-300x200.png\" alt=\"\" width=\"380\" height=\"253\" srcset=\"https:\/\/interreg-sudoe.eu\/wp-content\/uploads\/2025\/01\/Betanzos-300x200.png 300w, https:\/\/interreg-sudoe.eu\/wp-content\/uploads\/2025\/01\/Betanzos-1024x683.png 1024w, https:\/\/interreg-sudoe.eu\/wp-content\/uploads\/2025\/01\/Betanzos-768x512.png 768w, https:\/\/interreg-sudoe.eu\/wp-content\/uploads\/2025\/01\/Betanzos-1536x1025.png 1536w, https:\/\/interreg-sudoe.eu\/wp-content\/uploads\/2025\/01\/Betanzos.png 1980w\" sizes=\"(max-width: 380px) 100vw, 380px\" \/>Em outubro, a <strong>parcela experimental de Mari\u00f1as-Betanzos<\/strong> foi visitada. Com o uso de um drone, foi obtida uma <strong>foto a\u00e9rea atualizada<\/strong> da propriedade, permitindo a cria\u00e7\u00e3o de uma cartografia que representa a situa\u00e7\u00e3o atual do vinhedo. Tamb\u00e9m foi realizada uma <strong>nova inspe\u00e7\u00e3o do local para trocar ideias de interven\u00e7\u00e3o<\/strong>, e foram visitados cantos hist\u00f3ricos da propriedade Pagos de Brigante. Al\u00e9m de observar parte da fauna que convive no vinhedo, foram identificados o escoamento de \u00e1gua e a lagoa existente como \u00e1reas de melhoria no projeto. As a\u00e7\u00f5es previstas incluem a remo\u00e7\u00e3o de esp\u00e9cies invasoras e a recupera\u00e7\u00e3o da fonte hist\u00f3rica que d\u00e1 nome ao local \u2013 A Picha. <strong>O plantio de esp\u00e9cies nativas ao redor da lagoa permitir\u00e1 aumentar o servi\u00e7o ecossist\u00eamico de abrigo e alimento para a fauna, aumentando a biodiversidade na regi\u00e3o.<\/strong><\/p>\n<p><img decoding=\"async\" class=\"wp-image-44345 alignright\" style=\"text-align: justify;\" src=\"https:\/\/interreg-sudoe.eu\/wp-content\/uploads\/2025\/01\/imagem-trabalhos-en-Douro-300x250.png\" alt=\"\" width=\"340\" height=\"283\" srcset=\"https:\/\/interreg-sudoe.eu\/wp-content\/uploads\/2025\/01\/imagem-trabalhos-en-Douro-300x250.png 300w, https:\/\/interreg-sudoe.eu\/wp-content\/uploads\/2025\/01\/imagem-trabalhos-en-Douro-1024x853.png 1024w, https:\/\/interreg-sudoe.eu\/wp-content\/uploads\/2025\/01\/imagem-trabalhos-en-Douro-768x640.png 768w, https:\/\/interreg-sudoe.eu\/wp-content\/uploads\/2025\/01\/imagem-trabalhos-en-Douro.png 1323w\" sizes=\"(max-width: 340px) 100vw, 340px\" \/><\/p>\n<p>&nbsp;<\/p>\n<p style=\"text-align: justify;\">Em rela\u00e7\u00e3o \u00e0 <strong>parcela experimental de Duorum<\/strong>, situada no Alto Douro (Vila Nova de Foz C\u00f4a, Portugal), em novembro teve in\u00edcio um ensaio com o objetivo de obter resultados comparativos entre o solo coberto (semeado e natural) e o mobilizado, analisando a diversidade vegetal e faun\u00edstica, o controle biol\u00f3gico de pragas, a eros\u00e3o e os n\u00edveis de mat\u00e9ria org\u00e2nica do solo. Para estabelecer o ponto de partida, antes da instala\u00e7\u00e3o foram <strong>coletadas amostras de solo para an\u00e1lise f\u00edsico-qu\u00edmica e biol\u00f3gica<\/strong>. Ap\u00f3s definir as modalidades, <strong>foram instaladas barreiras de reten\u00e7\u00e3o de solo para medir a eros\u00e3o.<\/strong><\/p>\n<p>&nbsp;<\/p>\n<p style=\"text-align: justify;\"><img decoding=\"async\" class=\"wp-image-44307 alignleft\" src=\"https:\/\/interreg-sudoe.eu\/wp-content\/uploads\/2025\/01\/Arribes-del-Duero--300x200.png\" alt=\"\" width=\"380\" height=\"253\" srcset=\"https:\/\/interreg-sudoe.eu\/wp-content\/uploads\/2025\/01\/Arribes-del-Duero--300x200.png 300w, https:\/\/interreg-sudoe.eu\/wp-content\/uploads\/2025\/01\/Arribes-del-Duero--1024x683.png 1024w, https:\/\/interreg-sudoe.eu\/wp-content\/uploads\/2025\/01\/Arribes-del-Duero--768x512.png 768w, https:\/\/interreg-sudoe.eu\/wp-content\/uploads\/2025\/01\/Arribes-del-Duero--1536x1025.png 1536w, https:\/\/interreg-sudoe.eu\/wp-content\/uploads\/2025\/01\/Arribes-del-Duero-.png 1980w\" sizes=\"(max-width: 380px) 100vw, 380px\" \/><\/p>\n<p>&nbsp;<\/p>\n<p style=\"text-align: justify;\">Na terceira parcela experimental do <strong>piloto do Noroeste Peninsular do ECOSPHEREWINES<\/strong>, situada em <strong>Arribes del Duero (Salamanca, Espanha)<\/strong>, as atividades do projeto tamb\u00e9m come\u00e7aram. Ap\u00f3s <strong>coletar dados do solo para definir o ponto de partida<\/strong>, foi realizado um <strong>preparo superficial do solo<\/strong>, seguido de <strong>aduba\u00e7\u00e3o com pellets de esterco de ovelha<\/strong>. Com base nessas atividades, foram definidos tr\u00eas tratamentos diferentes para medir a resposta do solo e das plantas: uma \u00e1rea com cobertura vegetal semeada, outra com cobertura espont\u00e2nea e uma com manejo convencional. Al\u00e9m disso, foram instaladas sondas em cada \u00e1rea para medir a umidade em tr\u00eas profundidades diferentes.<\/p>\n<p>&nbsp;<\/p>\n<p style=\"text-align: justify;\">Por sua vez, o <strong>piloto franc\u00eas<\/strong> est\u00e1 localizado na regi\u00e3o de <strong>Gaillac-Tarn, na parcela experimental V\u2019Innop\u00f4le Sud-Ouest<\/strong>, que j\u00e1 possui ampla experi\u00eancia na implementa\u00e7\u00e3o de solu\u00e7\u00f5es de infraestrutura verde.<\/p>\n<p style=\"text-align: justify;\">Nesta \u00e1rea, foram identificados os seguintes servi\u00e7os ecossist\u00eamicos que ser\u00e3o medidos ou melhorados: biodiversidade, controle biol\u00f3gico, regula\u00e7\u00e3o da temperatura e armazenamento de carbono. Para isso, ser\u00e3o realizadas atividades como o diagn\u00f3stico da capacidade de carga do local para a biodiversidade, o plantio de pousio florido com esp\u00e9cies que possam sustentar predadores naturais das pragas da videira e a elabora\u00e7\u00e3o de um mapa de temperaturas para identificar varia\u00e7\u00f5es durante os per\u00edodos de risco (geadas e ondas de calor extremas). Al\u00e9m disso, com todas as informa\u00e7\u00f5es coletadas, ser\u00e1 realizado um <strong>diagn\u00f3stico do armazenamento de carbono no vinhedo, considerando os diferentes m\u00e9todos de manejo do solo e sua intera\u00e7\u00e3o com a infraestrutura verde.<\/strong><\/p>\n<p style=\"text-align: justify;\">As primeiras a\u00e7\u00f5es em Gaillac est\u00e3o previstas para o primeiro trimestre de 2025.<\/p>\n","protected":false},"excerpt":{"rendered":"<p>O projeto internacional ECOSPHEREWINES realizou sua segunda assembleia geral de forma virtual no \u00faltimo m\u00eas de dezembro. Durante a reuni\u00e3o do cons\u00f3rcio, foram apresentados avan\u00e7os significativos em cada uma das \u00e1reas t\u00e9cnicas do projeto. O ECOSPHEREWINES continua seguindo seu plano de trabalho, alcan\u00e7ando avan\u00e7os nos dois pilotos do projeto: o piloto do Noroeste Peninsular e [&hellip;]<\/p>\n","protected":false},"author":4965,"featured_media":44308,"parent":0,"template":"","meta":{"_acf_changed":false,"content-type":"","_monsterinsights_skip_tracking":false,"_monsterinsights_sitenote_active":false,"_monsterinsights_sitenote_note":"","_monsterinsights_sitenote_category":0},"class_list":["post-44312","noticia-proyecto","type-noticia-proyecto","status-publish","has-post-thumbnail","hentry"],"acf":[],"yoast_head":"<!-- This site is optimized with the Yoast SEO plugin v27.4 - https:\/\/yoast.com\/product\/yoast-seo-wordpress\/ -->\n<title>ECOSPHEREWINES obt\u00e9m os primeiros progressos em campo nas quatro zonas experimentais - Interreg Sudoe<\/title>\n<meta name=\"robots\" content=\"index, follow, max-snippet:-1, max-image-preview:large, max-video-preview:-1\" \/>\n<link rel=\"canonical\" href=\"https:\/\/interreg-sudoe.eu\/pt-pt\/noticia-proyecto\/ecospherewines-obtem-os-primeiros-progressos-em-campo-nas-quatro-zonas-experimentais\/\" \/>\n<meta property=\"og:locale\" content=\"pt_PT\" \/>\n<meta property=\"og:type\" content=\"article\" \/>\n<meta property=\"og:title\" content=\"ECOSPHEREWINES obt\u00e9m os primeiros progressos em campo nas quatro zonas experimentais - Interreg Sudoe\" \/>\n<meta property=\"og:description\" content=\"O projeto internacional ECOSPHEREWINES realizou sua segunda assembleia geral de forma virtual no \u00faltimo m\u00eas de dezembro. Durante a reuni\u00e3o do cons\u00f3rcio, foram apresentados avan\u00e7os significativos em cada uma das \u00e1reas t\u00e9cnicas do projeto. O ECOSPHEREWINES continua seguindo seu plano de trabalho, alcan\u00e7ando avan\u00e7os nos dois pilotos do projeto: o piloto do Noroeste Peninsular e [&hellip;]\" \/>\n<meta property=\"og:url\" content=\"https:\/\/interreg-sudoe.eu\/pt-pt\/noticia-proyecto\/ecospherewines-obtem-os-primeiros-progressos-em-campo-nas-quatro-zonas-experimentais\/\" \/>\n<meta property=\"og:site_name\" content=\"Interreg Sudoe\" \/>\n<meta property=\"article:publisher\" content=\"https:\/\/www.facebook.com\/interregsudoe\" \/>\n<meta property=\"article:modified_time\" content=\"2026-02-16T14:49:48+00:00\" \/>\n<meta property=\"og:image\" content=\"https:\/\/interreg-sudoe.eu\/wp-content\/uploads\/2025\/01\/GA-online-1.png\" \/>\n\t<meta property=\"og:image:width\" content=\"495\" \/>\n\t<meta property=\"og:image:height\" content=\"330\" \/>\n\t<meta property=\"og:image:type\" content=\"image\/png\" \/>\n<meta name=\"twitter:card\" content=\"summary_large_image\" \/>\n<meta name=\"twitter:site\" content=\"@Sudoe5\" \/>\n<meta name=\"twitter:label1\" content=\"Tempo estimado de leitura\" \/>\n\t<meta name=\"twitter:data1\" content=\"3 minutos\" \/>\n<script type=\"application\/ld+json\" class=\"yoast-schema-graph\">{\"@context\":\"https:\\\/\\\/schema.org\",\"@graph\":[{\"@type\":\"WebPage\",\"@id\":\"https:\\\/\\\/interreg-sudoe.eu\\\/pt-pt\\\/noticia-proyecto\\\/ecospherewines-obtem-os-primeiros-progressos-em-campo-nas-quatro-zonas-experimentais\\\/\",\"url\":\"https:\\\/\\\/interreg-sudoe.eu\\\/pt-pt\\\/noticia-proyecto\\\/ecospherewines-obtem-os-primeiros-progressos-em-campo-nas-quatro-zonas-experimentais\\\/\",\"name\":\"ECOSPHEREWINES obt\u00e9m os primeiros progressos em campo nas quatro zonas experimentais - Interreg Sudoe\",\"isPartOf\":{\"@id\":\"https:\\\/\\\/interreg-sudoe.eu\\\/pt-pt\\\/#website\"},\"primaryImageOfPage\":{\"@id\":\"https:\\\/\\\/interreg-sudoe.eu\\\/pt-pt\\\/noticia-proyecto\\\/ecospherewines-obtem-os-primeiros-progressos-em-campo-nas-quatro-zonas-experimentais\\\/#primaryimage\"},\"image\":{\"@id\":\"https:\\\/\\\/interreg-sudoe.eu\\\/pt-pt\\\/noticia-proyecto\\\/ecospherewines-obtem-os-primeiros-progressos-em-campo-nas-quatro-zonas-experimentais\\\/#primaryimage\"},\"thumbnailUrl\":\"https:\\\/\\\/interreg-sudoe.eu\\\/wp-content\\\/uploads\\\/2025\\\/01\\\/GA-online-1.png\",\"datePublished\":\"2025-01-20T11:23:11+00:00\",\"dateModified\":\"2026-02-16T14:49:48+00:00\",\"breadcrumb\":{\"@id\":\"https:\\\/\\\/interreg-sudoe.eu\\\/pt-pt\\\/noticia-proyecto\\\/ecospherewines-obtem-os-primeiros-progressos-em-campo-nas-quatro-zonas-experimentais\\\/#breadcrumb\"},\"inLanguage\":\"pt-PT\",\"potentialAction\":[{\"@type\":\"ReadAction\",\"target\":[\"https:\\\/\\\/interreg-sudoe.eu\\\/pt-pt\\\/noticia-proyecto\\\/ecospherewines-obtem-os-primeiros-progressos-em-campo-nas-quatro-zonas-experimentais\\\/\"]}]},{\"@type\":\"ImageObject\",\"inLanguage\":\"pt-PT\",\"@id\":\"https:\\\/\\\/interreg-sudoe.eu\\\/pt-pt\\\/noticia-proyecto\\\/ecospherewines-obtem-os-primeiros-progressos-em-campo-nas-quatro-zonas-experimentais\\\/#primaryimage\",\"url\":\"https:\\\/\\\/interreg-sudoe.eu\\\/wp-content\\\/uploads\\\/2025\\\/01\\\/GA-online-1.png\",\"contentUrl\":\"https:\\\/\\\/interreg-sudoe.eu\\\/wp-content\\\/uploads\\\/2025\\\/01\\\/GA-online-1.png\",\"width\":495,\"height\":330},{\"@type\":\"BreadcrumbList\",\"@id\":\"https:\\\/\\\/interreg-sudoe.eu\\\/pt-pt\\\/noticia-proyecto\\\/ecospherewines-obtem-os-primeiros-progressos-em-campo-nas-quatro-zonas-experimentais\\\/#breadcrumb\",\"itemListElement\":[{\"@type\":\"ListItem\",\"position\":1,\"name\":\"Home\",\"item\":\"https:\\\/\\\/interreg-sudoe.eu\\\/pt-pt\\\/\"},{\"@type\":\"ListItem\",\"position\":2,\"name\":\"ECOSPHEREWINES obt\u00e9m os primeiros progressos em campo nas quatro zonas experimentais\"}]},{\"@type\":\"WebSite\",\"@id\":\"https:\\\/\\\/interreg-sudoe.eu\\\/pt-pt\\\/#website\",\"url\":\"https:\\\/\\\/interreg-sudoe.eu\\\/pt-pt\\\/\",\"name\":\"Interreg Sudoe\",\"description\":\"Interreg Sudoe\",\"publisher\":{\"@id\":\"https:\\\/\\\/interreg-sudoe.eu\\\/pt-pt\\\/#organization\"},\"alternateName\":\"Interreg Sudoe\",\"potentialAction\":[{\"@type\":\"SearchAction\",\"target\":{\"@type\":\"EntryPoint\",\"urlTemplate\":\"https:\\\/\\\/interreg-sudoe.eu\\\/pt-pt\\\/?s={search_term_string}\"},\"query-input\":{\"@type\":\"PropertyValueSpecification\",\"valueRequired\":true,\"valueName\":\"search_term_string\"}}],\"inLanguage\":\"pt-PT\"},{\"@type\":\"Organization\",\"@id\":\"https:\\\/\\\/interreg-sudoe.eu\\\/pt-pt\\\/#organization\",\"name\":\"Interreg Sudoe\",\"alternateName\":\"Interreg Sudoe\",\"url\":\"https:\\\/\\\/interreg-sudoe.eu\\\/pt-pt\\\/\",\"logo\":{\"@type\":\"ImageObject\",\"inLanguage\":\"pt-PT\",\"@id\":\"https:\\\/\\\/interreg-sudoe.eu\\\/pt-pt\\\/#\\\/schema\\\/logo\\\/image\\\/\",\"url\":\"https:\\\/\\\/interreg-sudoe.eu\\\/wp-content\\\/uploads\\\/2024\\\/03\\\/logo-interreg.png\",\"contentUrl\":\"https:\\\/\\\/interreg-sudoe.eu\\\/wp-content\\\/uploads\\\/2024\\\/03\\\/logo-interreg.png\",\"width\":1200,\"height\":675,\"caption\":\"Interreg Sudoe\"},\"image\":{\"@id\":\"https:\\\/\\\/interreg-sudoe.eu\\\/pt-pt\\\/#\\\/schema\\\/logo\\\/image\\\/\"},\"sameAs\":[\"https:\\\/\\\/www.facebook.com\\\/interregsudoe\",\"https:\\\/\\\/x.com\\\/Sudoe5\",\"https:\\\/\\\/www.youtube.com\\\/channel\\\/UCeGx2edoB32beRc9dbKA2vw\",\"https:\\\/\\\/www.linkedin.com\\\/company\\\/interreg-sudoe-programme\\\/\",\"https:\\\/\\\/www.flickr.com\\\/photos\\\/148704685@N06\\\/\"]}]}<\/script>\n<!-- \/ Yoast SEO plugin. -->","yoast_head_json":{"title":"ECOSPHEREWINES obt\u00e9m os primeiros progressos em campo nas quatro zonas experimentais - Interreg Sudoe","robots":{"index":"index","follow":"follow","max-snippet":"max-snippet:-1","max-image-preview":"max-image-preview:large","max-video-preview":"max-video-preview:-1"},"canonical":"https:\/\/interreg-sudoe.eu\/pt-pt\/noticia-proyecto\/ecospherewines-obtem-os-primeiros-progressos-em-campo-nas-quatro-zonas-experimentais\/","og_locale":"pt_PT","og_type":"article","og_title":"ECOSPHEREWINES obt\u00e9m os primeiros progressos em campo nas quatro zonas experimentais - Interreg Sudoe","og_description":"O projeto internacional ECOSPHEREWINES realizou sua segunda assembleia geral de forma virtual no \u00faltimo m\u00eas de dezembro. Durante a reuni\u00e3o do cons\u00f3rcio, foram apresentados avan\u00e7os significativos em cada uma das \u00e1reas t\u00e9cnicas do projeto. O ECOSPHEREWINES continua seguindo seu plano de trabalho, alcan\u00e7ando avan\u00e7os nos dois pilotos do projeto: o piloto do Noroeste Peninsular e [&hellip;]","og_url":"https:\/\/interreg-sudoe.eu\/pt-pt\/noticia-proyecto\/ecospherewines-obtem-os-primeiros-progressos-em-campo-nas-quatro-zonas-experimentais\/","og_site_name":"Interreg Sudoe","article_publisher":"https:\/\/www.facebook.com\/interregsudoe","article_modified_time":"2026-02-16T14:49:48+00:00","og_image":[{"width":495,"height":330,"url":"https:\/\/interreg-sudoe.eu\/wp-content\/uploads\/2025\/01\/GA-online-1.png","type":"image\/png"}],"twitter_card":"summary_large_image","twitter_site":"@Sudoe5","twitter_misc":{"Tempo estimado de leitura":"3 minutos"},"schema":{"@context":"https:\/\/schema.org","@graph":[{"@type":"WebPage","@id":"https:\/\/interreg-sudoe.eu\/pt-pt\/noticia-proyecto\/ecospherewines-obtem-os-primeiros-progressos-em-campo-nas-quatro-zonas-experimentais\/","url":"https:\/\/interreg-sudoe.eu\/pt-pt\/noticia-proyecto\/ecospherewines-obtem-os-primeiros-progressos-em-campo-nas-quatro-zonas-experimentais\/","name":"ECOSPHEREWINES obt\u00e9m os primeiros progressos em campo nas quatro zonas experimentais - Interreg Sudoe","isPartOf":{"@id":"https:\/\/interreg-sudoe.eu\/pt-pt\/#website"},"primaryImageOfPage":{"@id":"https:\/\/interreg-sudoe.eu\/pt-pt\/noticia-proyecto\/ecospherewines-obtem-os-primeiros-progressos-em-campo-nas-quatro-zonas-experimentais\/#primaryimage"},"image":{"@id":"https:\/\/interreg-sudoe.eu\/pt-pt\/noticia-proyecto\/ecospherewines-obtem-os-primeiros-progressos-em-campo-nas-quatro-zonas-experimentais\/#primaryimage"},"thumbnailUrl":"https:\/\/interreg-sudoe.eu\/wp-content\/uploads\/2025\/01\/GA-online-1.png","datePublished":"2025-01-20T11:23:11+00:00","dateModified":"2026-02-16T14:49:48+00:00","breadcrumb":{"@id":"https:\/\/interreg-sudoe.eu\/pt-pt\/noticia-proyecto\/ecospherewines-obtem-os-primeiros-progressos-em-campo-nas-quatro-zonas-experimentais\/#breadcrumb"},"inLanguage":"pt-PT","potentialAction":[{"@type":"ReadAction","target":["https:\/\/interreg-sudoe.eu\/pt-pt\/noticia-proyecto\/ecospherewines-obtem-os-primeiros-progressos-em-campo-nas-quatro-zonas-experimentais\/"]}]},{"@type":"ImageObject","inLanguage":"pt-PT","@id":"https:\/\/interreg-sudoe.eu\/pt-pt\/noticia-proyecto\/ecospherewines-obtem-os-primeiros-progressos-em-campo-nas-quatro-zonas-experimentais\/#primaryimage","url":"https:\/\/interreg-sudoe.eu\/wp-content\/uploads\/2025\/01\/GA-online-1.png","contentUrl":"https:\/\/interreg-sudoe.eu\/wp-content\/uploads\/2025\/01\/GA-online-1.png","width":495,"height":330},{"@type":"BreadcrumbList","@id":"https:\/\/interreg-sudoe.eu\/pt-pt\/noticia-proyecto\/ecospherewines-obtem-os-primeiros-progressos-em-campo-nas-quatro-zonas-experimentais\/#breadcrumb","itemListElement":[{"@type":"ListItem","position":1,"name":"Home","item":"https:\/\/interreg-sudoe.eu\/pt-pt\/"},{"@type":"ListItem","position":2,"name":"ECOSPHEREWINES obt\u00e9m os primeiros progressos em campo nas quatro zonas experimentais"}]},{"@type":"WebSite","@id":"https:\/\/interreg-sudoe.eu\/pt-pt\/#website","url":"https:\/\/interreg-sudoe.eu\/pt-pt\/","name":"Interreg Sudoe","description":"Interreg Sudoe","publisher":{"@id":"https:\/\/interreg-sudoe.eu\/pt-pt\/#organization"},"alternateName":"Interreg Sudoe","potentialAction":[{"@type":"SearchAction","target":{"@type":"EntryPoint","urlTemplate":"https:\/\/interreg-sudoe.eu\/pt-pt\/?s={search_term_string}"},"query-input":{"@type":"PropertyValueSpecification","valueRequired":true,"valueName":"search_term_string"}}],"inLanguage":"pt-PT"},{"@type":"Organization","@id":"https:\/\/interreg-sudoe.eu\/pt-pt\/#organization","name":"Interreg Sudoe","alternateName":"Interreg Sudoe","url":"https:\/\/interreg-sudoe.eu\/pt-pt\/","logo":{"@type":"ImageObject","inLanguage":"pt-PT","@id":"https:\/\/interreg-sudoe.eu\/pt-pt\/#\/schema\/logo\/image\/","url":"https:\/\/interreg-sudoe.eu\/wp-content\/uploads\/2024\/03\/logo-interreg.png","contentUrl":"https:\/\/interreg-sudoe.eu\/wp-content\/uploads\/2024\/03\/logo-interreg.png","width":1200,"height":675,"caption":"Interreg Sudoe"},"image":{"@id":"https:\/\/interreg-sudoe.eu\/pt-pt\/#\/schema\/logo\/image\/"},"sameAs":["https:\/\/www.facebook.com\/interregsudoe","https:\/\/x.com\/Sudoe5","https:\/\/www.youtube.com\/channel\/UCeGx2edoB32beRc9dbKA2vw","https:\/\/www.linkedin.com\/company\/interreg-sudoe-programme\/","https:\/\/www.flickr.com\/photos\/148704685@N06\/"]}]}},"_links":{"self":[{"href":"https:\/\/interreg-sudoe.eu\/pt-pt\/wp-json\/wp\/v2\/noticia-proyecto\/44312","targetHints":{"allow":["GET"]}}],"collection":[{"href":"https:\/\/interreg-sudoe.eu\/pt-pt\/wp-json\/wp\/v2\/noticia-proyecto"}],"about":[{"href":"https:\/\/interreg-sudoe.eu\/pt-pt\/wp-json\/wp\/v2\/types\/noticia-proyecto"}],"author":[{"embeddable":true,"href":"https:\/\/interreg-sudoe.eu\/pt-pt\/wp-json\/wp\/v2\/users\/4965"}],"wp:featuredmedia":[{"embeddable":true,"href":"https:\/\/interreg-sudoe.eu\/pt-pt\/wp-json\/wp\/v2\/media\/44308"}],"wp:attachment":[{"href":"https:\/\/interreg-sudoe.eu\/pt-pt\/wp-json\/wp\/v2\/media?parent=44312"}],"curies":[{"name":"wp","href":"https:\/\/api.w.org\/{rel}","templated":true}]}}