{"id":45203,"date":"2025-03-05T14:54:34","date_gmt":"2025-03-05T13:54:34","guid":{"rendered":"https:\/\/interreg-sudoe.eu\/noticia-proyecto\/donde-estamos-ahora\/"},"modified":"2025-03-06T11:09:09","modified_gmt":"2025-03-06T10:09:09","slug":"donde-estamos-ahora","status":"publish","type":"noticia-proyecto","link":"https:\/\/interreg-sudoe.eu\/pt-pt\/noticia-proyecto\/donde-estamos-ahora\/","title":{"rendered":"ONDE ESTAMOS AGORA?"},"content":{"rendered":"<p>O projeto STOP IATRO visa <strong>sensibilizar e formar os profissionais de sa\u00fade para melhor prevenir os riscos de abuso de medicamentos<\/strong>.<\/p>\n<p>Destina-se igualmente ao p\u00fablico em geral, em particular aos idosos que vivem em casa, que beneficiam de sess\u00f5es de sensibiliza\u00e7\u00e3o e informa\u00e7\u00e3o sobre a utiliza\u00e7\u00e3o adequada dos medicamentos.<\/p>\n<p>Com base nas recomenda\u00e7\u00f5es da Organiza\u00e7\u00e3o Mundial de Sa\u00fade, o STOP IATRO implementa estrat\u00e9gias de colabora\u00e7\u00e3o para melhorar os cuidados prestados aos pacientes idosos e limitar as complica\u00e7\u00f5es associadas aos cuidados.<\/p>\n<p>A iatrog\u00e9nese, ou seja, as consequ\u00eancias nefastas dos cuidados m\u00e9dicos para os pacientes, \u00e9 ainda muito pouco conhecida e representa um importante problema de sa\u00fade p\u00fablica.<br \/>\nOs idosos s\u00e3o particularmente vulner\u00e1veis \u00e0s reac\u00e7\u00f5es adversas aos medicamentos, que podem levar \u00e0 perda de independ\u00eancia.<\/p>\n<p>Desde setembro de 2024, o projeto STOP IATRO tem continuado a avan\u00e7ar com a sua miss\u00e3o de sensibiliza\u00e7\u00e3o para os danos relacionados com os medicamentos.<br \/>\nGra\u00e7as ao envolvimento dos seus parceiros e profissionais de sa\u00fade, foram lan\u00e7adas v\u00e1rias iniciativas importantes para melhorar a preven\u00e7\u00e3o de reac\u00e7\u00f5es adversas a medicamentos em pessoas idosas.<\/p>\n<p>&nbsp;<\/p>\n<ul>\n<li><strong>AC\u00c7\u00d5ES REALIZADAS<\/strong><\/li>\n<\/ul>\n<p>&nbsp;<\/p>\n<p><strong>Workshops de intelig\u00eancia colectiva no Oeste de Fran\u00e7a<\/strong><\/p>\n<p>Foram organizados v\u00e1rios workshops em diferentes estabelecimentos de sa\u00fade para promover a colabora\u00e7\u00e3o interprofissional. Estes interc\u00e2mbios permitiram identificar estrat\u00e9gias de preven\u00e7\u00e3o eficazes.<\/p>\n<p>&#8212;&#8212;&#8212;&#8211;<br \/>\n<strong>Atelier de colabora\u00e7\u00e3o para preparar 2025<\/strong><\/p>\n<p>Em novembro, realizou-se uma reuni\u00e3o-chave na farm\u00e1cia do CHU Purpan em Toulouse. O objetivo era fazer o balan\u00e7o das ac\u00e7\u00f5es realizadas e definir as prioridades para os pr\u00f3ximos dois anos.<\/p>\n<p>&#8212;&#8212;&#8212;&#8211;<br \/>\n<strong>Um relat\u00f3rio de sensibiliza\u00e7\u00e3o para um novo p\u00fablico<\/strong><\/p>\n<p>Este relat\u00f3rio foi uma oportunidade para explicar a abordagem do projeto e sensibilizar um novo p\u00fablico. Atrav\u00e9s de trocas enriquecedoras e de testemunhos inspiradores, a abordagem e a vis\u00e3o do projeto foram transmitidas :<\/p>\n<p><strong><img fetchpriority=\"high\" decoding=\"async\" class=\"size-medium wp-image-45147 aligncenter\" src=\"https:\/\/interreg-sudoe.eu\/wp-content\/uploads\/2025\/03\/4-1-300x169.png\" alt=\"\" width=\"300\" height=\"169\" srcset=\"https:\/\/interreg-sudoe.eu\/wp-content\/uploads\/2025\/03\/4-1-300x169.png 300w, https:\/\/interreg-sudoe.eu\/wp-content\/uploads\/2025\/03\/4-1-1024x576.png 1024w, https:\/\/interreg-sudoe.eu\/wp-content\/uploads\/2025\/03\/4-1-768x432.png 768w, https:\/\/interreg-sudoe.eu\/wp-content\/uploads\/2025\/03\/4-1-1536x864.png 1536w, https:\/\/interreg-sudoe.eu\/wp-content\/uploads\/2025\/03\/4-1.png 1920w\" sizes=\"(max-width: 300px) 100vw, 300px\" \/><\/strong><\/p>\n<p>Gostaria de ver este relat\u00f3rio?<br \/>\n<a href=\"https:\/\/vimeo.com\/1051887537\/33ce1a9958\">https:\/\/vimeo.com\/1051887537\/33ce1a9958<\/a><\/p>\n<p>&#8212;&#8212;&#8212;&#8211;<\/p>\n<p><strong>Forma\u00e7\u00e3o<\/strong><\/p>\n<p>Duas sess\u00f5es de forma\u00e7\u00e3o sobre a preven\u00e7\u00e3o da iatrog\u00e9nese nos idosos est\u00e3o j\u00e1 previstas para 2025:<\/p>\n<p>SESS\u00c3O 1 : Preven\u00e7\u00e3o das iatrogenias ligadas \u00e0 hospitaliza\u00e7\u00e3o dos idosos no Hospital de Garonne.<\/p>\n<p>SESS\u00c3O 2: Preven\u00e7\u00e3o das iatrogenias associadas aos medicamentos e otimiza\u00e7\u00e3o terap\u00eautica (Formatos: e-learning e semin\u00e1rio presencial)<\/p>\n<p>Estes cursos t\u00eam v\u00e1rios objectivos:<br \/>\n&#8211; Criar uma din\u00e2mica de grupo entre os formandos e iniciar um processo de reflex\u00e3o sobre a preven\u00e7\u00e3o das depend\u00eancias iatrog\u00e9nicas evit\u00e1veis.<br \/>\n&#8211; Clarificar os conceitos de decl\u00ednio funcional, depend\u00eancia iatrog\u00e9nica e depend\u00eancia evit\u00e1vel.<br \/>\n&#8211; Ajudar a p\u00f4r em pr\u00e1tica as recomenda\u00e7\u00f5es da HAS sobre a preven\u00e7\u00e3o da depend\u00eancia iatrog\u00e9nica.<br \/>\n&#8211; Identificar as situa\u00e7\u00f5es de alto risco Elaborar um plano de a\u00e7\u00e3o<\/p>\n<p>&#8212;&#8212;&#8212;&#8211;<br \/>\n<strong>Reuni\u00e3o de avalia\u00e7\u00e3o com o programa Interreg Sudoe<\/strong><\/p>\n<p>Realizou-se uma primeira reuni\u00e3o de avalia\u00e7\u00e3o com o secretariado conjunto. As discuss\u00f5es confirmaram a necessidade de refor\u00e7ar a colabora\u00e7\u00e3o entre os profissionais e de prevenir as perturba\u00e7\u00f5es iatrog\u00e9nicas, a fim de limitar os riscos associados \u00e0 medica\u00e7\u00e3o.<br \/>\nA pr\u00f3xima reuni\u00e3o de co-pilotagem entre os parceiros ter\u00e1 lugar nos dias 25 e 26 de setembro de 2025, em Toulouse. Esta reuni\u00e3o permitir\u00e1 fazer o ponto da situa\u00e7\u00e3o do projeto e planear a fase final das ac\u00e7\u00f5es do STOP IATRO.<\/p>\n<p><strong><img decoding=\"async\" class=\"size-medium wp-image-45149 aligncenter\" src=\"https:\/\/interreg-sudoe.eu\/wp-content\/uploads\/2025\/03\/6-1-300x169.png\" alt=\"\" width=\"300\" height=\"169\" srcset=\"https:\/\/interreg-sudoe.eu\/wp-content\/uploads\/2025\/03\/6-1-300x169.png 300w, https:\/\/interreg-sudoe.eu\/wp-content\/uploads\/2025\/03\/6-1-1024x576.png 1024w, https:\/\/interreg-sudoe.eu\/wp-content\/uploads\/2025\/03\/6-1-768x432.png 768w, https:\/\/interreg-sudoe.eu\/wp-content\/uploads\/2025\/03\/6-1.png 1173w\" sizes=\"(max-width: 300px) 100vw, 300px\" \/><\/strong><\/p>\n<p>Gostaria de ouvir este programa?<br \/>\n<a href=\"https:\/\/www.rtp.pt\/play\/p2936\/e827788\/90-segundos-ciencia\">https:\/\/www.rtp.pt\/play\/p2936\/e827788\/90-segundos-ciencia<\/a><\/p>\n<p><em>STOP IATRO foi cofinanciado com 1.301.219,70 euros pelo Fundo Europeu de Desenvolvimento Regional (FEDER) no \u00e2mbito do programa Interreg SUDOE.<\/em><\/p>\n","protected":false},"excerpt":{"rendered":"<p>O projeto STOP IATRO visa sensibilizar e formar os profissionais de sa\u00fade para melhor prevenir os riscos de abuso de medicamentos. Destina-se igualmente ao p\u00fablico em geral, em particular aos idosos que vivem em casa, que beneficiam de sess\u00f5es de sensibiliza\u00e7\u00e3o e informa\u00e7\u00e3o sobre a utiliza\u00e7\u00e3o adequada dos medicamentos. Com base nas recomenda\u00e7\u00f5es da Organiza\u00e7\u00e3o [&hellip;]<\/p>\n","protected":false},"author":6570,"featured_media":45148,"parent":0,"template":"","meta":{"_acf_changed":false,"content-type":"","_monsterinsights_skip_tracking":false,"_monsterinsights_sitenote_active":false,"_monsterinsights_sitenote_note":"","_monsterinsights_sitenote_category":0},"class_list":["post-45203","noticia-proyecto","type-noticia-proyecto","status-publish","has-post-thumbnail","hentry"],"acf":[],"yoast_head":"<!-- This site is optimized with the Yoast SEO plugin v27.4 - https:\/\/yoast.com\/product\/yoast-seo-wordpress\/ -->\n<title>ONDE ESTAMOS AGORA? - Interreg Sudoe<\/title>\n<meta name=\"robots\" content=\"index, follow, max-snippet:-1, max-image-preview:large, max-video-preview:-1\" \/>\n<link rel=\"canonical\" href=\"https:\/\/interreg-sudoe.eu\/pt-pt\/noticia-proyecto\/donde-estamos-ahora\/\" \/>\n<meta property=\"og:locale\" content=\"pt_PT\" \/>\n<meta property=\"og:type\" content=\"article\" \/>\n<meta property=\"og:title\" content=\"ONDE ESTAMOS AGORA? - Interreg Sudoe\" \/>\n<meta property=\"og:description\" content=\"O projeto STOP IATRO visa sensibilizar e formar os profissionais de sa\u00fade para melhor prevenir os riscos de abuso de medicamentos. Destina-se igualmente ao p\u00fablico em geral, em particular aos idosos que vivem em casa, que beneficiam de sess\u00f5es de sensibiliza\u00e7\u00e3o e informa\u00e7\u00e3o sobre a utiliza\u00e7\u00e3o adequada dos medicamentos. Com base nas recomenda\u00e7\u00f5es da Organiza\u00e7\u00e3o [&hellip;]\" \/>\n<meta property=\"og:url\" content=\"https:\/\/interreg-sudoe.eu\/pt-pt\/noticia-proyecto\/donde-estamos-ahora\/\" \/>\n<meta property=\"og:site_name\" content=\"Interreg Sudoe\" \/>\n<meta property=\"article:publisher\" content=\"https:\/\/www.facebook.com\/interregsudoe\" \/>\n<meta property=\"article:modified_time\" content=\"2025-03-06T10:09:09+00:00\" \/>\n<meta property=\"og:image\" content=\"https:\/\/interreg-sudoe.eu\/wp-content\/uploads\/2025\/03\/5-1-1024x576.png\" \/>\n\t<meta property=\"og:image:width\" content=\"1024\" \/>\n\t<meta property=\"og:image:height\" content=\"576\" \/>\n\t<meta property=\"og:image:type\" content=\"image\/png\" \/>\n<meta name=\"twitter:card\" content=\"summary_large_image\" \/>\n<meta name=\"twitter:site\" content=\"@Sudoe5\" \/>\n<meta name=\"twitter:label1\" content=\"Tempo estimado de leitura\" \/>\n\t<meta name=\"twitter:data1\" content=\"3 minutos\" \/>\n<script type=\"application\/ld+json\" class=\"yoast-schema-graph\">{\"@context\":\"https:\\\/\\\/schema.org\",\"@graph\":[{\"@type\":\"WebPage\",\"@id\":\"https:\\\/\\\/interreg-sudoe.eu\\\/pt-pt\\\/noticia-proyecto\\\/donde-estamos-ahora\\\/\",\"url\":\"https:\\\/\\\/interreg-sudoe.eu\\\/pt-pt\\\/noticia-proyecto\\\/donde-estamos-ahora\\\/\",\"name\":\"ONDE ESTAMOS AGORA? - Interreg Sudoe\",\"isPartOf\":{\"@id\":\"https:\\\/\\\/interreg-sudoe.eu\\\/pt-pt\\\/#website\"},\"primaryImageOfPage\":{\"@id\":\"https:\\\/\\\/interreg-sudoe.eu\\\/pt-pt\\\/noticia-proyecto\\\/donde-estamos-ahora\\\/#primaryimage\"},\"image\":{\"@id\":\"https:\\\/\\\/interreg-sudoe.eu\\\/pt-pt\\\/noticia-proyecto\\\/donde-estamos-ahora\\\/#primaryimage\"},\"thumbnailUrl\":\"https:\\\/\\\/interreg-sudoe.eu\\\/wp-content\\\/uploads\\\/2025\\\/03\\\/5-1.png\",\"datePublished\":\"2025-03-05T13:54:34+00:00\",\"dateModified\":\"2025-03-06T10:09:09+00:00\",\"breadcrumb\":{\"@id\":\"https:\\\/\\\/interreg-sudoe.eu\\\/pt-pt\\\/noticia-proyecto\\\/donde-estamos-ahora\\\/#breadcrumb\"},\"inLanguage\":\"pt-PT\",\"potentialAction\":[{\"@type\":\"ReadAction\",\"target\":[\"https:\\\/\\\/interreg-sudoe.eu\\\/pt-pt\\\/noticia-proyecto\\\/donde-estamos-ahora\\\/\"]}]},{\"@type\":\"ImageObject\",\"inLanguage\":\"pt-PT\",\"@id\":\"https:\\\/\\\/interreg-sudoe.eu\\\/pt-pt\\\/noticia-proyecto\\\/donde-estamos-ahora\\\/#primaryimage\",\"url\":\"https:\\\/\\\/interreg-sudoe.eu\\\/wp-content\\\/uploads\\\/2025\\\/03\\\/5-1.png\",\"contentUrl\":\"https:\\\/\\\/interreg-sudoe.eu\\\/wp-content\\\/uploads\\\/2025\\\/03\\\/5-1.png\",\"width\":1920,\"height\":1080},{\"@type\":\"BreadcrumbList\",\"@id\":\"https:\\\/\\\/interreg-sudoe.eu\\\/pt-pt\\\/noticia-proyecto\\\/donde-estamos-ahora\\\/#breadcrumb\",\"itemListElement\":[{\"@type\":\"ListItem\",\"position\":1,\"name\":\"Home\",\"item\":\"https:\\\/\\\/interreg-sudoe.eu\\\/pt-pt\\\/\"},{\"@type\":\"ListItem\",\"position\":2,\"name\":\"ONDE ESTAMOS AGORA?\"}]},{\"@type\":\"WebSite\",\"@id\":\"https:\\\/\\\/interreg-sudoe.eu\\\/pt-pt\\\/#website\",\"url\":\"https:\\\/\\\/interreg-sudoe.eu\\\/pt-pt\\\/\",\"name\":\"Interreg Sudoe\",\"description\":\"Interreg Sudoe\",\"publisher\":{\"@id\":\"https:\\\/\\\/interreg-sudoe.eu\\\/pt-pt\\\/#organization\"},\"alternateName\":\"Interreg Sudoe\",\"potentialAction\":[{\"@type\":\"SearchAction\",\"target\":{\"@type\":\"EntryPoint\",\"urlTemplate\":\"https:\\\/\\\/interreg-sudoe.eu\\\/pt-pt\\\/?s={search_term_string}\"},\"query-input\":{\"@type\":\"PropertyValueSpecification\",\"valueRequired\":true,\"valueName\":\"search_term_string\"}}],\"inLanguage\":\"pt-PT\"},{\"@type\":\"Organization\",\"@id\":\"https:\\\/\\\/interreg-sudoe.eu\\\/pt-pt\\\/#organization\",\"name\":\"Interreg Sudoe\",\"alternateName\":\"Interreg Sudoe\",\"url\":\"https:\\\/\\\/interreg-sudoe.eu\\\/pt-pt\\\/\",\"logo\":{\"@type\":\"ImageObject\",\"inLanguage\":\"pt-PT\",\"@id\":\"https:\\\/\\\/interreg-sudoe.eu\\\/pt-pt\\\/#\\\/schema\\\/logo\\\/image\\\/\",\"url\":\"https:\\\/\\\/interreg-sudoe.eu\\\/wp-content\\\/uploads\\\/2024\\\/03\\\/logo-interreg.png\",\"contentUrl\":\"https:\\\/\\\/interreg-sudoe.eu\\\/wp-content\\\/uploads\\\/2024\\\/03\\\/logo-interreg.png\",\"width\":1200,\"height\":675,\"caption\":\"Interreg Sudoe\"},\"image\":{\"@id\":\"https:\\\/\\\/interreg-sudoe.eu\\\/pt-pt\\\/#\\\/schema\\\/logo\\\/image\\\/\"},\"sameAs\":[\"https:\\\/\\\/www.facebook.com\\\/interregsudoe\",\"https:\\\/\\\/x.com\\\/Sudoe5\",\"https:\\\/\\\/www.youtube.com\\\/channel\\\/UCeGx2edoB32beRc9dbKA2vw\",\"https:\\\/\\\/www.linkedin.com\\\/company\\\/interreg-sudoe-programme\\\/\",\"https:\\\/\\\/www.flickr.com\\\/photos\\\/148704685@N06\\\/\"]}]}<\/script>\n<!-- \/ Yoast SEO plugin. -->","yoast_head_json":{"title":"ONDE ESTAMOS AGORA? - Interreg Sudoe","robots":{"index":"index","follow":"follow","max-snippet":"max-snippet:-1","max-image-preview":"max-image-preview:large","max-video-preview":"max-video-preview:-1"},"canonical":"https:\/\/interreg-sudoe.eu\/pt-pt\/noticia-proyecto\/donde-estamos-ahora\/","og_locale":"pt_PT","og_type":"article","og_title":"ONDE ESTAMOS AGORA? - Interreg Sudoe","og_description":"O projeto STOP IATRO visa sensibilizar e formar os profissionais de sa\u00fade para melhor prevenir os riscos de abuso de medicamentos. Destina-se igualmente ao p\u00fablico em geral, em particular aos idosos que vivem em casa, que beneficiam de sess\u00f5es de sensibiliza\u00e7\u00e3o e informa\u00e7\u00e3o sobre a utiliza\u00e7\u00e3o adequada dos medicamentos. Com base nas recomenda\u00e7\u00f5es da Organiza\u00e7\u00e3o [&hellip;]","og_url":"https:\/\/interreg-sudoe.eu\/pt-pt\/noticia-proyecto\/donde-estamos-ahora\/","og_site_name":"Interreg Sudoe","article_publisher":"https:\/\/www.facebook.com\/interregsudoe","article_modified_time":"2025-03-06T10:09:09+00:00","og_image":[{"width":1024,"height":576,"url":"https:\/\/interreg-sudoe.eu\/wp-content\/uploads\/2025\/03\/5-1-1024x576.png","type":"image\/png"}],"twitter_card":"summary_large_image","twitter_site":"@Sudoe5","twitter_misc":{"Tempo estimado de leitura":"3 minutos"},"schema":{"@context":"https:\/\/schema.org","@graph":[{"@type":"WebPage","@id":"https:\/\/interreg-sudoe.eu\/pt-pt\/noticia-proyecto\/donde-estamos-ahora\/","url":"https:\/\/interreg-sudoe.eu\/pt-pt\/noticia-proyecto\/donde-estamos-ahora\/","name":"ONDE ESTAMOS AGORA? - Interreg Sudoe","isPartOf":{"@id":"https:\/\/interreg-sudoe.eu\/pt-pt\/#website"},"primaryImageOfPage":{"@id":"https:\/\/interreg-sudoe.eu\/pt-pt\/noticia-proyecto\/donde-estamos-ahora\/#primaryimage"},"image":{"@id":"https:\/\/interreg-sudoe.eu\/pt-pt\/noticia-proyecto\/donde-estamos-ahora\/#primaryimage"},"thumbnailUrl":"https:\/\/interreg-sudoe.eu\/wp-content\/uploads\/2025\/03\/5-1.png","datePublished":"2025-03-05T13:54:34+00:00","dateModified":"2025-03-06T10:09:09+00:00","breadcrumb":{"@id":"https:\/\/interreg-sudoe.eu\/pt-pt\/noticia-proyecto\/donde-estamos-ahora\/#breadcrumb"},"inLanguage":"pt-PT","potentialAction":[{"@type":"ReadAction","target":["https:\/\/interreg-sudoe.eu\/pt-pt\/noticia-proyecto\/donde-estamos-ahora\/"]}]},{"@type":"ImageObject","inLanguage":"pt-PT","@id":"https:\/\/interreg-sudoe.eu\/pt-pt\/noticia-proyecto\/donde-estamos-ahora\/#primaryimage","url":"https:\/\/interreg-sudoe.eu\/wp-content\/uploads\/2025\/03\/5-1.png","contentUrl":"https:\/\/interreg-sudoe.eu\/wp-content\/uploads\/2025\/03\/5-1.png","width":1920,"height":1080},{"@type":"BreadcrumbList","@id":"https:\/\/interreg-sudoe.eu\/pt-pt\/noticia-proyecto\/donde-estamos-ahora\/#breadcrumb","itemListElement":[{"@type":"ListItem","position":1,"name":"Home","item":"https:\/\/interreg-sudoe.eu\/pt-pt\/"},{"@type":"ListItem","position":2,"name":"ONDE ESTAMOS AGORA?"}]},{"@type":"WebSite","@id":"https:\/\/interreg-sudoe.eu\/pt-pt\/#website","url":"https:\/\/interreg-sudoe.eu\/pt-pt\/","name":"Interreg Sudoe","description":"Interreg Sudoe","publisher":{"@id":"https:\/\/interreg-sudoe.eu\/pt-pt\/#organization"},"alternateName":"Interreg Sudoe","potentialAction":[{"@type":"SearchAction","target":{"@type":"EntryPoint","urlTemplate":"https:\/\/interreg-sudoe.eu\/pt-pt\/?s={search_term_string}"},"query-input":{"@type":"PropertyValueSpecification","valueRequired":true,"valueName":"search_term_string"}}],"inLanguage":"pt-PT"},{"@type":"Organization","@id":"https:\/\/interreg-sudoe.eu\/pt-pt\/#organization","name":"Interreg Sudoe","alternateName":"Interreg Sudoe","url":"https:\/\/interreg-sudoe.eu\/pt-pt\/","logo":{"@type":"ImageObject","inLanguage":"pt-PT","@id":"https:\/\/interreg-sudoe.eu\/pt-pt\/#\/schema\/logo\/image\/","url":"https:\/\/interreg-sudoe.eu\/wp-content\/uploads\/2024\/03\/logo-interreg.png","contentUrl":"https:\/\/interreg-sudoe.eu\/wp-content\/uploads\/2024\/03\/logo-interreg.png","width":1200,"height":675,"caption":"Interreg Sudoe"},"image":{"@id":"https:\/\/interreg-sudoe.eu\/pt-pt\/#\/schema\/logo\/image\/"},"sameAs":["https:\/\/www.facebook.com\/interregsudoe","https:\/\/x.com\/Sudoe5","https:\/\/www.youtube.com\/channel\/UCeGx2edoB32beRc9dbKA2vw","https:\/\/www.linkedin.com\/company\/interreg-sudoe-programme\/","https:\/\/www.flickr.com\/photos\/148704685@N06\/"]}]}},"_links":{"self":[{"href":"https:\/\/interreg-sudoe.eu\/pt-pt\/wp-json\/wp\/v2\/noticia-proyecto\/45203","targetHints":{"allow":["GET"]}}],"collection":[{"href":"https:\/\/interreg-sudoe.eu\/pt-pt\/wp-json\/wp\/v2\/noticia-proyecto"}],"about":[{"href":"https:\/\/interreg-sudoe.eu\/pt-pt\/wp-json\/wp\/v2\/types\/noticia-proyecto"}],"author":[{"embeddable":true,"href":"https:\/\/interreg-sudoe.eu\/pt-pt\/wp-json\/wp\/v2\/users\/6570"}],"wp:featuredmedia":[{"embeddable":true,"href":"https:\/\/interreg-sudoe.eu\/pt-pt\/wp-json\/wp\/v2\/media\/45148"}],"wp:attachment":[{"href":"https:\/\/interreg-sudoe.eu\/pt-pt\/wp-json\/wp\/v2\/media?parent=45203"}],"curies":[{"name":"wp","href":"https:\/\/api.w.org\/{rel}","templated":true}]}}