{"id":45739,"date":"2025-03-31T14:33:06","date_gmt":"2025-03-31T12:33:06","guid":{"rendered":"https:\/\/interreg-sudoe.eu\/?post_type=noticia-proyecto&#038;p=45739"},"modified":"2025-03-31T14:37:46","modified_gmt":"2025-03-31T12:37:46","slug":"projeto-target-realiza-segunda-reuniao-em-granollers-para-abordar-a-escassez-de-agua","status":"publish","type":"noticia-proyecto","link":"https:\/\/interreg-sudoe.eu\/pt-pt\/noticia-proyecto\/projeto-target-realiza-segunda-reuniao-em-granollers-para-abordar-a-escassez-de-agua\/","title":{"rendered":"Projeto TARGET Realiza Segunda Reuni\u00e3o em Granollers para Abordar a Escassez de \u00c1gua"},"content":{"rendered":"<p data-sourcepos=\"21:1-21:435\">O projeto TARGET \u2013 Estrat\u00e9gia Territorial para a Escassez de \u00c1gua, cofinanciado pelo Programa Interreg Sudoe atrav\u00e9s do Fundo Europeu de Desenvolvimento Regional (FEDER), realizou sua segunda reuni\u00e3o de projeto nos dias 25 e 26 de mar\u00e7o em Granollers (Barcelona, Espanha). O evento, organizado pelo Ajuntament de Granollers, ocorreu na hist\u00f3rica Roca Umbert, uma antiga f\u00e1brica t\u00eaxtil agora transformada em um vibrante espa\u00e7o cultural.<\/p>\n<p data-sourcepos=\"23:1-23:1512\">A reuni\u00e3o provou ser uma troca de ideias e avan\u00e7os excepcionalmente frut\u00edfera. Al\u00e9m dos parceiros do projeto, representantes das organiza\u00e7\u00f5es envolvidas no projeto TARGET, o Consorci Bes\u00f2s Tordera e a Ag\u00eancia Portuguesa do Ambiente, bem como agentes externos do projeto I-ReWater &#8211; outro projeto Interreg Sudoe -, a \u00c1rea Metropolitana de Barcelona, o Instituto de Pesquisa e Tecnologia Agroalimentar da Catalunha, a cidade de Sant Cugat del Vall\u00e9s e consultores de gest\u00e3o de \u00e1gua da Marcel Gomez Consultoria Ambiental e GEP &#8211; Ib\u00e9rica, reuniram-se para uma s\u00e9rie de apresenta\u00e7\u00f5es e mesas redondas colaborativas sobre &#8220;Lidando com a seca: perspectivas e discuss\u00e3o&#8221;. As mesas redondas permitiram que os participantes escolhessem t\u00f3picos espec\u00edficos de interesse, promovendo trocas de informa\u00e7\u00f5es din\u00e2micas e direcionadas. Notavelmente, os participantes compartilharam insights sobre o progresso das a\u00e7\u00f5es demonstrativas na Espanha, Portugal e Fran\u00e7a, enriquecendo o conhecimento coletivo e acelerando a dissemina\u00e7\u00e3o de descobertas importantes. Um destaque da reuni\u00e3o foi uma visita ao belo Parque Can Cabanyes, localizado ao lado da esta\u00e7\u00e3o de tratamento de \u00e1guas residuais de Granollers. Este espa\u00e7o natural serve n\u00e3o apenas como \u00e1rea de lazer, mas tamb\u00e9m como uma Solu\u00e7\u00e3o Baseada na Natureza para o tratamento de \u00e1gua. Atrav\u00e9s de m\u00e9todos inovadores, a \u00e1gua recuperada da esta\u00e7\u00e3o \u00e9 reutilizada para limpeza e irriga\u00e7\u00e3o por gotejamento, demonstrando o potencial de solu\u00e7\u00f5es ecol\u00f3gicas no combate \u00e0 escassez de \u00e1gua.<\/p>\n<p data-sourcepos=\"25:1-25:454\">O grupo tamb\u00e9m visitou um sistema de tratamento de \u00e1guas cinzentas instalado em um edif\u00edcio em Sant Cugat del Vall\u00e9s. O sistema filtra a \u00e1gua dos chuveiros, utilizando filtros de 0,005 mm, e pode armazenar at\u00e9 3.000 litros de \u00e1gua, que \u00e9 ent\u00e3o redistribu\u00edda para os banheiros privados de cada apartamento. Esta aplica\u00e7\u00e3o pr\u00e1tica da reciclagem de \u00e1gua exemplifica as abordagens inovadoras que podem contribuir para enfrentar o desafio da escassez de \u00e1gua.<\/p>\n<p data-sourcepos=\"27:1-27:598\">Como parte fundamental da reuni\u00e3o do TARGET, os membros do projeto abordaram colaborativamente tr\u00eas aspectos fundamentais da estrat\u00e9gia em que a equipe tem trabalhado: governan\u00e7a da \u00e1gua, cartografia da \u00e1gua e percep\u00e7\u00e3o e aceita\u00e7\u00e3o social. Essas sess\u00f5es serviram como plataforma para a troca de pesquisa e insights estrat\u00e9gicos, promovendo a sinergia dentro de uma equipe multidisciplinar e internacional. Os participantes participaram de discuss\u00f5es sobre os avan\u00e7os recentes em seus respectivos campos e exploraram iniciativas colaborativas destinadas a mitigar a crise global de escassez de \u00e1gua.<\/p>\n<p data-sourcepos=\"29:1-29:169\">O projeto TARGET continua a dar passos significativos na promo\u00e7\u00e3o de solu\u00e7\u00f5es sustent\u00e1veis e no fomento da coopera\u00e7\u00e3o transfronteiri\u00e7a na luta contra a escassez de \u00e1gua!<\/p>\n<p data-sourcepos=\"15:1-15:185\"><a href=\"https:\/\/www.youtube.com\/watch?v=AHGty-z6obU&amp;ab_channel=TARGETInterregSudoe\"><img fetchpriority=\"high\" decoding=\"async\" class=\"aligncenter size-large wp-image-45735\" src=\"https:\/\/interreg-sudoe.eu\/wp-content\/uploads\/2025\/03\/Portada-YT-1024x509.jpg\" alt=\"\" width=\"800\" height=\"398\" srcset=\"https:\/\/interreg-sudoe.eu\/wp-content\/uploads\/2025\/03\/Portada-YT-1024x509.jpg 1024w, https:\/\/interreg-sudoe.eu\/wp-content\/uploads\/2025\/03\/Portada-YT-300x149.jpg 300w, https:\/\/interreg-sudoe.eu\/wp-content\/uploads\/2025\/03\/Portada-YT-768x382.jpg 768w, https:\/\/interreg-sudoe.eu\/wp-content\/uploads\/2025\/03\/Portada-YT-1536x763.jpg 1536w, https:\/\/interreg-sudoe.eu\/wp-content\/uploads\/2025\/03\/Portada-YT.jpg 1920w\" sizes=\"(max-width: 800px) 100vw, 800px\" \/><\/a><\/p>\n<p data-sourcepos=\"29:1-29:169\">\n","protected":false},"excerpt":{"rendered":"<p>O projeto TARGET \u2013 Estrat\u00e9gia Territorial para a Escassez de \u00c1gua, cofinanciado pelo Programa Interreg Sudoe atrav\u00e9s do Fundo Europeu de Desenvolvimento Regional (FEDER), realizou sua segunda reuni\u00e3o de projeto nos dias 25 e 26 de mar\u00e7o em Granollers (Barcelona, Espanha). O evento, organizado pelo Ajuntament de Granollers, ocorreu na hist\u00f3rica Roca Umbert, uma antiga [&hellip;]<\/p>\n","protected":false},"author":5125,"featured_media":45736,"parent":0,"template":"","meta":{"_acf_changed":false,"content-type":"","_monsterinsights_skip_tracking":false,"_monsterinsights_sitenote_active":false,"_monsterinsights_sitenote_note":"","_monsterinsights_sitenote_category":0},"class_list":["post-45739","noticia-proyecto","type-noticia-proyecto","status-publish","has-post-thumbnail","hentry"],"acf":[],"yoast_head":"<!-- This site is optimized with the Yoast SEO plugin v27.4 - https:\/\/yoast.com\/product\/yoast-seo-wordpress\/ -->\n<title>Projeto TARGET Realiza Segunda Reuni\u00e3o em Granollers para Abordar a Escassez de \u00c1gua - Interreg Sudoe<\/title>\n<meta name=\"robots\" content=\"index, follow, max-snippet:-1, max-image-preview:large, max-video-preview:-1\" \/>\n<link rel=\"canonical\" href=\"https:\/\/interreg-sudoe.eu\/pt-pt\/noticia-proyecto\/projeto-target-realiza-segunda-reuniao-em-granollers-para-abordar-a-escassez-de-agua\/\" \/>\n<meta property=\"og:locale\" content=\"pt_PT\" \/>\n<meta property=\"og:type\" content=\"article\" \/>\n<meta property=\"og:title\" content=\"Projeto TARGET Realiza Segunda Reuni\u00e3o em Granollers para Abordar a Escassez de \u00c1gua - Interreg Sudoe\" \/>\n<meta property=\"og:description\" content=\"O projeto TARGET \u2013 Estrat\u00e9gia Territorial para a Escassez de \u00c1gua, cofinanciado pelo Programa Interreg Sudoe atrav\u00e9s do Fundo Europeu de Desenvolvimento Regional (FEDER), realizou sua segunda reuni\u00e3o de projeto nos dias 25 e 26 de mar\u00e7o em Granollers (Barcelona, Espanha). O evento, organizado pelo Ajuntament de Granollers, ocorreu na hist\u00f3rica Roca Umbert, uma antiga [&hellip;]\" \/>\n<meta property=\"og:url\" content=\"https:\/\/interreg-sudoe.eu\/pt-pt\/noticia-proyecto\/projeto-target-realiza-segunda-reuniao-em-granollers-para-abordar-a-escassez-de-agua\/\" \/>\n<meta property=\"og:site_name\" content=\"Interreg Sudoe\" \/>\n<meta property=\"article:publisher\" content=\"https:\/\/www.facebook.com\/interregsudoe\" \/>\n<meta property=\"article:modified_time\" content=\"2025-03-31T12:37:46+00:00\" \/>\n<meta property=\"og:image\" content=\"https:\/\/interreg-sudoe.eu\/wp-content\/uploads\/2025\/03\/1743150740720.jpg\" \/>\n\t<meta property=\"og:image:width\" content=\"1200\" \/>\n\t<meta property=\"og:image:height\" content=\"1600\" \/>\n\t<meta property=\"og:image:type\" content=\"image\/jpeg\" \/>\n<meta name=\"twitter:card\" content=\"summary_large_image\" \/>\n<meta name=\"twitter:site\" content=\"@Sudoe5\" \/>\n<meta name=\"twitter:label1\" content=\"Tempo estimado de leitura\" \/>\n\t<meta name=\"twitter:data1\" content=\"3 minutos\" \/>\n<script type=\"application\/ld+json\" class=\"yoast-schema-graph\">{\"@context\":\"https:\\\/\\\/schema.org\",\"@graph\":[{\"@type\":\"WebPage\",\"@id\":\"https:\\\/\\\/interreg-sudoe.eu\\\/pt-pt\\\/noticia-proyecto\\\/projeto-target-realiza-segunda-reuniao-em-granollers-para-abordar-a-escassez-de-agua\\\/\",\"url\":\"https:\\\/\\\/interreg-sudoe.eu\\\/pt-pt\\\/noticia-proyecto\\\/projeto-target-realiza-segunda-reuniao-em-granollers-para-abordar-a-escassez-de-agua\\\/\",\"name\":\"Projeto TARGET Realiza Segunda Reuni\u00e3o em Granollers para Abordar a Escassez de \u00c1gua - Interreg Sudoe\",\"isPartOf\":{\"@id\":\"https:\\\/\\\/interreg-sudoe.eu\\\/pt-pt\\\/#website\"},\"primaryImageOfPage\":{\"@id\":\"https:\\\/\\\/interreg-sudoe.eu\\\/pt-pt\\\/noticia-proyecto\\\/projeto-target-realiza-segunda-reuniao-em-granollers-para-abordar-a-escassez-de-agua\\\/#primaryimage\"},\"image\":{\"@id\":\"https:\\\/\\\/interreg-sudoe.eu\\\/pt-pt\\\/noticia-proyecto\\\/projeto-target-realiza-segunda-reuniao-em-granollers-para-abordar-a-escassez-de-agua\\\/#primaryimage\"},\"thumbnailUrl\":\"https:\\\/\\\/interreg-sudoe.eu\\\/wp-content\\\/uploads\\\/2025\\\/03\\\/1743150740720.jpg\",\"datePublished\":\"2025-03-31T12:33:06+00:00\",\"dateModified\":\"2025-03-31T12:37:46+00:00\",\"breadcrumb\":{\"@id\":\"https:\\\/\\\/interreg-sudoe.eu\\\/pt-pt\\\/noticia-proyecto\\\/projeto-target-realiza-segunda-reuniao-em-granollers-para-abordar-a-escassez-de-agua\\\/#breadcrumb\"},\"inLanguage\":\"pt-PT\",\"potentialAction\":[{\"@type\":\"ReadAction\",\"target\":[\"https:\\\/\\\/interreg-sudoe.eu\\\/pt-pt\\\/noticia-proyecto\\\/projeto-target-realiza-segunda-reuniao-em-granollers-para-abordar-a-escassez-de-agua\\\/\"]}]},{\"@type\":\"ImageObject\",\"inLanguage\":\"pt-PT\",\"@id\":\"https:\\\/\\\/interreg-sudoe.eu\\\/pt-pt\\\/noticia-proyecto\\\/projeto-target-realiza-segunda-reuniao-em-granollers-para-abordar-a-escassez-de-agua\\\/#primaryimage\",\"url\":\"https:\\\/\\\/interreg-sudoe.eu\\\/wp-content\\\/uploads\\\/2025\\\/03\\\/1743150740720.jpg\",\"contentUrl\":\"https:\\\/\\\/interreg-sudoe.eu\\\/wp-content\\\/uploads\\\/2025\\\/03\\\/1743150740720.jpg\",\"width\":1200,\"height\":1600},{\"@type\":\"BreadcrumbList\",\"@id\":\"https:\\\/\\\/interreg-sudoe.eu\\\/pt-pt\\\/noticia-proyecto\\\/projeto-target-realiza-segunda-reuniao-em-granollers-para-abordar-a-escassez-de-agua\\\/#breadcrumb\",\"itemListElement\":[{\"@type\":\"ListItem\",\"position\":1,\"name\":\"Home\",\"item\":\"https:\\\/\\\/interreg-sudoe.eu\\\/pt-pt\\\/\"},{\"@type\":\"ListItem\",\"position\":2,\"name\":\"Projeto TARGET Realiza Segunda Reuni\u00e3o em Granollers para Abordar a Escassez de \u00c1gua\"}]},{\"@type\":\"WebSite\",\"@id\":\"https:\\\/\\\/interreg-sudoe.eu\\\/pt-pt\\\/#website\",\"url\":\"https:\\\/\\\/interreg-sudoe.eu\\\/pt-pt\\\/\",\"name\":\"Interreg Sudoe\",\"description\":\"Interreg Sudoe\",\"publisher\":{\"@id\":\"https:\\\/\\\/interreg-sudoe.eu\\\/pt-pt\\\/#organization\"},\"alternateName\":\"Interreg Sudoe\",\"potentialAction\":[{\"@type\":\"SearchAction\",\"target\":{\"@type\":\"EntryPoint\",\"urlTemplate\":\"https:\\\/\\\/interreg-sudoe.eu\\\/pt-pt\\\/?s={search_term_string}\"},\"query-input\":{\"@type\":\"PropertyValueSpecification\",\"valueRequired\":true,\"valueName\":\"search_term_string\"}}],\"inLanguage\":\"pt-PT\"},{\"@type\":\"Organization\",\"@id\":\"https:\\\/\\\/interreg-sudoe.eu\\\/pt-pt\\\/#organization\",\"name\":\"Interreg Sudoe\",\"alternateName\":\"Interreg Sudoe\",\"url\":\"https:\\\/\\\/interreg-sudoe.eu\\\/pt-pt\\\/\",\"logo\":{\"@type\":\"ImageObject\",\"inLanguage\":\"pt-PT\",\"@id\":\"https:\\\/\\\/interreg-sudoe.eu\\\/pt-pt\\\/#\\\/schema\\\/logo\\\/image\\\/\",\"url\":\"https:\\\/\\\/interreg-sudoe.eu\\\/wp-content\\\/uploads\\\/2024\\\/03\\\/logo-interreg.png\",\"contentUrl\":\"https:\\\/\\\/interreg-sudoe.eu\\\/wp-content\\\/uploads\\\/2024\\\/03\\\/logo-interreg.png\",\"width\":1200,\"height\":675,\"caption\":\"Interreg Sudoe\"},\"image\":{\"@id\":\"https:\\\/\\\/interreg-sudoe.eu\\\/pt-pt\\\/#\\\/schema\\\/logo\\\/image\\\/\"},\"sameAs\":[\"https:\\\/\\\/www.facebook.com\\\/interregsudoe\",\"https:\\\/\\\/x.com\\\/Sudoe5\",\"https:\\\/\\\/www.youtube.com\\\/channel\\\/UCeGx2edoB32beRc9dbKA2vw\",\"https:\\\/\\\/www.linkedin.com\\\/company\\\/interreg-sudoe-programme\\\/\",\"https:\\\/\\\/www.flickr.com\\\/photos\\\/148704685@N06\\\/\"]}]}<\/script>\n<!-- \/ Yoast SEO plugin. -->","yoast_head_json":{"title":"Projeto TARGET Realiza Segunda Reuni\u00e3o em Granollers para Abordar a Escassez de \u00c1gua - Interreg Sudoe","robots":{"index":"index","follow":"follow","max-snippet":"max-snippet:-1","max-image-preview":"max-image-preview:large","max-video-preview":"max-video-preview:-1"},"canonical":"https:\/\/interreg-sudoe.eu\/pt-pt\/noticia-proyecto\/projeto-target-realiza-segunda-reuniao-em-granollers-para-abordar-a-escassez-de-agua\/","og_locale":"pt_PT","og_type":"article","og_title":"Projeto TARGET Realiza Segunda Reuni\u00e3o em Granollers para Abordar a Escassez de \u00c1gua - Interreg Sudoe","og_description":"O projeto TARGET \u2013 Estrat\u00e9gia Territorial para a Escassez de \u00c1gua, cofinanciado pelo Programa Interreg Sudoe atrav\u00e9s do Fundo Europeu de Desenvolvimento Regional (FEDER), realizou sua segunda reuni\u00e3o de projeto nos dias 25 e 26 de mar\u00e7o em Granollers (Barcelona, Espanha). O evento, organizado pelo Ajuntament de Granollers, ocorreu na hist\u00f3rica Roca Umbert, uma antiga [&hellip;]","og_url":"https:\/\/interreg-sudoe.eu\/pt-pt\/noticia-proyecto\/projeto-target-realiza-segunda-reuniao-em-granollers-para-abordar-a-escassez-de-agua\/","og_site_name":"Interreg Sudoe","article_publisher":"https:\/\/www.facebook.com\/interregsudoe","article_modified_time":"2025-03-31T12:37:46+00:00","og_image":[{"width":1200,"height":1600,"url":"https:\/\/interreg-sudoe.eu\/wp-content\/uploads\/2025\/03\/1743150740720.jpg","type":"image\/jpeg"}],"twitter_card":"summary_large_image","twitter_site":"@Sudoe5","twitter_misc":{"Tempo estimado de leitura":"3 minutos"},"schema":{"@context":"https:\/\/schema.org","@graph":[{"@type":"WebPage","@id":"https:\/\/interreg-sudoe.eu\/pt-pt\/noticia-proyecto\/projeto-target-realiza-segunda-reuniao-em-granollers-para-abordar-a-escassez-de-agua\/","url":"https:\/\/interreg-sudoe.eu\/pt-pt\/noticia-proyecto\/projeto-target-realiza-segunda-reuniao-em-granollers-para-abordar-a-escassez-de-agua\/","name":"Projeto TARGET Realiza Segunda Reuni\u00e3o em Granollers para Abordar a Escassez de \u00c1gua - Interreg Sudoe","isPartOf":{"@id":"https:\/\/interreg-sudoe.eu\/pt-pt\/#website"},"primaryImageOfPage":{"@id":"https:\/\/interreg-sudoe.eu\/pt-pt\/noticia-proyecto\/projeto-target-realiza-segunda-reuniao-em-granollers-para-abordar-a-escassez-de-agua\/#primaryimage"},"image":{"@id":"https:\/\/interreg-sudoe.eu\/pt-pt\/noticia-proyecto\/projeto-target-realiza-segunda-reuniao-em-granollers-para-abordar-a-escassez-de-agua\/#primaryimage"},"thumbnailUrl":"https:\/\/interreg-sudoe.eu\/wp-content\/uploads\/2025\/03\/1743150740720.jpg","datePublished":"2025-03-31T12:33:06+00:00","dateModified":"2025-03-31T12:37:46+00:00","breadcrumb":{"@id":"https:\/\/interreg-sudoe.eu\/pt-pt\/noticia-proyecto\/projeto-target-realiza-segunda-reuniao-em-granollers-para-abordar-a-escassez-de-agua\/#breadcrumb"},"inLanguage":"pt-PT","potentialAction":[{"@type":"ReadAction","target":["https:\/\/interreg-sudoe.eu\/pt-pt\/noticia-proyecto\/projeto-target-realiza-segunda-reuniao-em-granollers-para-abordar-a-escassez-de-agua\/"]}]},{"@type":"ImageObject","inLanguage":"pt-PT","@id":"https:\/\/interreg-sudoe.eu\/pt-pt\/noticia-proyecto\/projeto-target-realiza-segunda-reuniao-em-granollers-para-abordar-a-escassez-de-agua\/#primaryimage","url":"https:\/\/interreg-sudoe.eu\/wp-content\/uploads\/2025\/03\/1743150740720.jpg","contentUrl":"https:\/\/interreg-sudoe.eu\/wp-content\/uploads\/2025\/03\/1743150740720.jpg","width":1200,"height":1600},{"@type":"BreadcrumbList","@id":"https:\/\/interreg-sudoe.eu\/pt-pt\/noticia-proyecto\/projeto-target-realiza-segunda-reuniao-em-granollers-para-abordar-a-escassez-de-agua\/#breadcrumb","itemListElement":[{"@type":"ListItem","position":1,"name":"Home","item":"https:\/\/interreg-sudoe.eu\/pt-pt\/"},{"@type":"ListItem","position":2,"name":"Projeto TARGET Realiza Segunda Reuni\u00e3o em Granollers para Abordar a Escassez de \u00c1gua"}]},{"@type":"WebSite","@id":"https:\/\/interreg-sudoe.eu\/pt-pt\/#website","url":"https:\/\/interreg-sudoe.eu\/pt-pt\/","name":"Interreg Sudoe","description":"Interreg Sudoe","publisher":{"@id":"https:\/\/interreg-sudoe.eu\/pt-pt\/#organization"},"alternateName":"Interreg Sudoe","potentialAction":[{"@type":"SearchAction","target":{"@type":"EntryPoint","urlTemplate":"https:\/\/interreg-sudoe.eu\/pt-pt\/?s={search_term_string}"},"query-input":{"@type":"PropertyValueSpecification","valueRequired":true,"valueName":"search_term_string"}}],"inLanguage":"pt-PT"},{"@type":"Organization","@id":"https:\/\/interreg-sudoe.eu\/pt-pt\/#organization","name":"Interreg Sudoe","alternateName":"Interreg Sudoe","url":"https:\/\/interreg-sudoe.eu\/pt-pt\/","logo":{"@type":"ImageObject","inLanguage":"pt-PT","@id":"https:\/\/interreg-sudoe.eu\/pt-pt\/#\/schema\/logo\/image\/","url":"https:\/\/interreg-sudoe.eu\/wp-content\/uploads\/2024\/03\/logo-interreg.png","contentUrl":"https:\/\/interreg-sudoe.eu\/wp-content\/uploads\/2024\/03\/logo-interreg.png","width":1200,"height":675,"caption":"Interreg Sudoe"},"image":{"@id":"https:\/\/interreg-sudoe.eu\/pt-pt\/#\/schema\/logo\/image\/"},"sameAs":["https:\/\/www.facebook.com\/interregsudoe","https:\/\/x.com\/Sudoe5","https:\/\/www.youtube.com\/channel\/UCeGx2edoB32beRc9dbKA2vw","https:\/\/www.linkedin.com\/company\/interreg-sudoe-programme\/","https:\/\/www.flickr.com\/photos\/148704685@N06\/"]}]}},"_links":{"self":[{"href":"https:\/\/interreg-sudoe.eu\/pt-pt\/wp-json\/wp\/v2\/noticia-proyecto\/45739","targetHints":{"allow":["GET"]}}],"collection":[{"href":"https:\/\/interreg-sudoe.eu\/pt-pt\/wp-json\/wp\/v2\/noticia-proyecto"}],"about":[{"href":"https:\/\/interreg-sudoe.eu\/pt-pt\/wp-json\/wp\/v2\/types\/noticia-proyecto"}],"author":[{"embeddable":true,"href":"https:\/\/interreg-sudoe.eu\/pt-pt\/wp-json\/wp\/v2\/users\/5125"}],"wp:featuredmedia":[{"embeddable":true,"href":"https:\/\/interreg-sudoe.eu\/pt-pt\/wp-json\/wp\/v2\/media\/45736"}],"wp:attachment":[{"href":"https:\/\/interreg-sudoe.eu\/pt-pt\/wp-json\/wp\/v2\/media?parent=45739"}],"curies":[{"name":"wp","href":"https:\/\/api.w.org\/{rel}","templated":true}]}}