{"id":45842,"date":"2025-03-31T15:58:07","date_gmt":"2025-03-31T13:58:07","guid":{"rendered":"https:\/\/interreg-sudoe.eu\/?post_type=noticia-proyecto&#038;p=45842"},"modified":"2026-02-16T15:43:31","modified_gmt":"2026-02-16T14:43:31","slug":"los-socios-del-proyecto-sharedh2-sudoe-se-reunieron-en-la-ciudad-de-leiria-portugal","status":"publish","type":"noticia-proyecto","link":"https:\/\/interreg-sudoe.eu\/pt-pt\/noticia-proyecto\/los-socios-del-proyecto-sharedh2-sudoe-se-reunieron-en-la-ciudad-de-leiria-portugal\/","title":{"rendered":"Osparceiros do projeto SHAREDH2-SUDOE reunidos na cidade de Leiria, em Portugal"},"content":{"rendered":"<p><img fetchpriority=\"high\" decoding=\"async\" class=\"alignnone size-medium wp-image-45745\" src=\"https:\/\/interreg-sudoe.eu\/wp-content\/uploads\/2025\/03\/SHAREDH2-SUDOE_3Reuniao_Foto_Grupo-300x189.png\" alt=\"\" width=\"300\" height=\"189\" srcset=\"https:\/\/interreg-sudoe.eu\/wp-content\/uploads\/2025\/03\/SHAREDH2-SUDOE_3Reuniao_Foto_Grupo-300x189.png 300w, https:\/\/interreg-sudoe.eu\/wp-content\/uploads\/2025\/03\/SHAREDH2-SUDOE_3Reuniao_Foto_Grupo-768x485.png 768w, https:\/\/interreg-sudoe.eu\/wp-content\/uploads\/2025\/03\/SHAREDH2-SUDOE_3Reuniao_Foto_Grupo.png 822w\" sizes=\"(max-width: 300px) 100vw, 300px\" \/><img decoding=\"async\" class=\"alignnone size-medium wp-image-45744\" src=\"https:\/\/interreg-sudoe.eu\/wp-content\/uploads\/2025\/03\/20250327_112005-225x300.jpg\" alt=\"\" width=\"225\" height=\"300\" srcset=\"https:\/\/interreg-sudoe.eu\/wp-content\/uploads\/2025\/03\/20250327_112005-225x300.jpg 225w, https:\/\/interreg-sudoe.eu\/wp-content\/uploads\/2025\/03\/20250327_112005-768x1024.jpg 768w, https:\/\/interreg-sudoe.eu\/wp-content\/uploads\/2025\/03\/20250327_112005-1152x1536.jpg 1152w, https:\/\/interreg-sudoe.eu\/wp-content\/uploads\/2025\/03\/20250327_112005-1536x2048.jpg 1536w, https:\/\/interreg-sudoe.eu\/wp-content\/uploads\/2025\/03\/20250327_112005-scaled.jpg 1920w\" sizes=\"(max-width: 225px) 100vw, 225px\" \/> <img decoding=\"async\" class=\"alignnone size-medium wp-image-45743\" src=\"https:\/\/interreg-sudoe.eu\/wp-content\/uploads\/2025\/03\/20250327_111832-300x225.jpg\" alt=\"\" width=\"300\" height=\"225\" srcset=\"https:\/\/interreg-sudoe.eu\/wp-content\/uploads\/2025\/03\/20250327_111832-300x225.jpg 300w, https:\/\/interreg-sudoe.eu\/wp-content\/uploads\/2025\/03\/20250327_111832-1024x768.jpg 1024w, https:\/\/interreg-sudoe.eu\/wp-content\/uploads\/2025\/03\/20250327_111832-768x576.jpg 768w, https:\/\/interreg-sudoe.eu\/wp-content\/uploads\/2025\/03\/20250327_111832-1536x1152.jpg 1536w, https:\/\/interreg-sudoe.eu\/wp-content\/uploads\/2025\/03\/20250327_111832-2048x1536.jpg 2048w\" sizes=\"(max-width: 300px) 100vw, 300px\" \/><\/p>\n<p>Nos dias 26 e 27 de mar\u00e7o, estiveram reunidos na cidade de Leiria, os diversos parceiros do projeto SHAREDH2-SUDOE, para participar na 3.\u00aa reuni\u00e3o de coordena\u00e7\u00e3o, nomeadamente parceiros espanh\u00f3is, franceses e portugueses.<\/p>\n<p>Estando as atividades do primeiro Grupo de Trabalhos (GT) praticamente terminadas, nesta 3.\u00aa reuni\u00e3o, realizada no dia 26 de mar\u00e7o, foram apresentadas as atividades em curso do segundo GT \u201cIntegra\u00e7\u00e3o da produ\u00e7\u00e3o e armazenamento de hidrog\u00e9nio verde\u201d, nomeadamente os trabalhos desenvolvidos para a implementa\u00e7\u00e3o de uma plataforma que ir\u00e1 permitir prever a produ\u00e7\u00e3o e armazenamento de hidrog\u00e9nio verde em comunidades de energia renov\u00e1vel. Diretamente relacionada com esta primeira atividade do segundo GT, foi tamb\u00e9m apresentado o plano de trabalho da segunda atividade \u201cModelos de integra\u00e7\u00e3o do hidrog\u00e9nio verde em comunidades de energia renov\u00e1vel\u201d.<\/p>\n<p>Para al\u00e9m das quest\u00f5es administrativas e financeiras abordadas tamb\u00e9m nesta reuni\u00e3o, foram ainda apresentados os pr\u00f3ximos passos para a implementa\u00e7\u00e3o das tr\u00eas a\u00e7\u00f5es-piloto a desenvolver no \u00e2mbito do SHARDEH2-SUDOE, nomeadamente a A\u00e7\u00e3o-piloto 1 \u2013 Implementa\u00e7\u00e3o de uma comunidade de energia renov\u00e1vel em Bembibre (Espanha), a A\u00e7\u00e3o-piloto 2 \u2013 Armazenamento de hidrog\u00e9nio verde e promo\u00e7\u00e3o da mobilidade sustent\u00e1vel (Fran\u00e7a) e A\u00e7\u00e3o-piloto 3 \u2013 Integra\u00e7\u00e3o do hidrog\u00e9nio verde no setor dos transportes (Portugal).<\/p>\n<p>Ainda no \u00e2mbito da 3.\u00aa reuni\u00e3o de parceiros, na manh\u00e3 do dia 27 de mar\u00e7o, foi organizada uma visita t\u00e9cnica \u00e0 empresa PRF \u2013 G\u00e1s, Tecnologia e Constru\u00e7\u00e3o. Sendo esta uma empresa l\u00edder no setor do G\u00e1s Natural e Hidrog\u00e9nio, durante a visita foram apresentados e debatidos casos pr\u00e1ticos de utiliza\u00e7\u00e3o do hidrog\u00e9nio em contexto real, tendo tido, os parceiros do projeto, a oportunidade de ver <em>in loco<\/em>, a produ\u00e7\u00e3o de equipamentos para utiliza\u00e7\u00e3o de hidrog\u00e9nio, nomeadamente esta\u00e7\u00f5es de abastecimento de hidrog\u00e9nio, entre as quais se destaca a esta\u00e7\u00e3o m\u00f3vel de abastecimento de hidrog\u00e9nio (<em>PHRS &#8211; Portable Hydrogen Refueling Station<\/em>).<\/p>\n","protected":false},"excerpt":{"rendered":"<p>Osparceiros do projeto SHAREDH2-SUDOE reunidos na cidade de Leiria, em Portugal.<\/p>\n","protected":false},"author":4913,"featured_media":45745,"parent":0,"template":"","meta":{"_acf_changed":false,"content-type":"","_monsterinsights_skip_tracking":false,"_monsterinsights_sitenote_active":false,"_monsterinsights_sitenote_note":"","_monsterinsights_sitenote_category":0},"class_list":["post-45842","noticia-proyecto","type-noticia-proyecto","status-publish","has-post-thumbnail","hentry"],"acf":[],"yoast_head":"<!-- This site is optimized with the Yoast SEO plugin v27.4 - https:\/\/yoast.com\/product\/yoast-seo-wordpress\/ -->\n<title>Osparceiros do projeto SHAREDH2-SUDOE reunidos na cidade de Leiria, em Portugal - Interreg Sudoe<\/title>\n<meta name=\"robots\" content=\"index, follow, max-snippet:-1, max-image-preview:large, max-video-preview:-1\" \/>\n<link rel=\"canonical\" href=\"https:\/\/interreg-sudoe.eu\/pt-pt\/noticia-proyecto\/los-socios-del-proyecto-sharedh2-sudoe-se-reunieron-en-la-ciudad-de-leiria-portugal\/\" \/>\n<meta property=\"og:locale\" content=\"pt_PT\" \/>\n<meta property=\"og:type\" content=\"article\" \/>\n<meta property=\"og:title\" content=\"Osparceiros do projeto SHAREDH2-SUDOE reunidos na cidade de Leiria, em Portugal - Interreg Sudoe\" \/>\n<meta property=\"og:description\" content=\"Osparceiros do projeto SHAREDH2-SUDOE reunidos na cidade de Leiria, em Portugal.\" \/>\n<meta property=\"og:url\" content=\"https:\/\/interreg-sudoe.eu\/pt-pt\/noticia-proyecto\/los-socios-del-proyecto-sharedh2-sudoe-se-reunieron-en-la-ciudad-de-leiria-portugal\/\" \/>\n<meta property=\"og:site_name\" content=\"Interreg Sudoe\" \/>\n<meta property=\"article:publisher\" content=\"https:\/\/www.facebook.com\/interregsudoe\" \/>\n<meta property=\"article:modified_time\" content=\"2026-02-16T14:43:31+00:00\" \/>\n<meta property=\"og:image\" content=\"https:\/\/interreg-sudoe.eu\/wp-content\/uploads\/2025\/03\/SHAREDH2-SUDOE_3Reuniao_Foto_Grupo.png\" \/>\n\t<meta property=\"og:image:width\" content=\"822\" \/>\n\t<meta property=\"og:image:height\" content=\"519\" \/>\n\t<meta property=\"og:image:type\" content=\"image\/png\" \/>\n<meta name=\"twitter:card\" content=\"summary_large_image\" \/>\n<meta name=\"twitter:site\" content=\"@Sudoe5\" \/>\n<meta name=\"twitter:label1\" content=\"Tempo estimado de leitura\" \/>\n\t<meta name=\"twitter:data1\" content=\"2 minutos\" \/>\n<script type=\"application\/ld+json\" class=\"yoast-schema-graph\">{\"@context\":\"https:\\\/\\\/schema.org\",\"@graph\":[{\"@type\":\"WebPage\",\"@id\":\"https:\\\/\\\/interreg-sudoe.eu\\\/pt-pt\\\/noticia-proyecto\\\/los-socios-del-proyecto-sharedh2-sudoe-se-reunieron-en-la-ciudad-de-leiria-portugal\\\/\",\"url\":\"https:\\\/\\\/interreg-sudoe.eu\\\/pt-pt\\\/noticia-proyecto\\\/los-socios-del-proyecto-sharedh2-sudoe-se-reunieron-en-la-ciudad-de-leiria-portugal\\\/\",\"name\":\"Osparceiros do projeto SHAREDH2-SUDOE reunidos na cidade de Leiria, em Portugal - Interreg Sudoe\",\"isPartOf\":{\"@id\":\"https:\\\/\\\/interreg-sudoe.eu\\\/pt-pt\\\/#website\"},\"primaryImageOfPage\":{\"@id\":\"https:\\\/\\\/interreg-sudoe.eu\\\/pt-pt\\\/noticia-proyecto\\\/los-socios-del-proyecto-sharedh2-sudoe-se-reunieron-en-la-ciudad-de-leiria-portugal\\\/#primaryimage\"},\"image\":{\"@id\":\"https:\\\/\\\/interreg-sudoe.eu\\\/pt-pt\\\/noticia-proyecto\\\/los-socios-del-proyecto-sharedh2-sudoe-se-reunieron-en-la-ciudad-de-leiria-portugal\\\/#primaryimage\"},\"thumbnailUrl\":\"https:\\\/\\\/interreg-sudoe.eu\\\/wp-content\\\/uploads\\\/2025\\\/03\\\/SHAREDH2-SUDOE_3Reuniao_Foto_Grupo.png\",\"datePublished\":\"2025-03-31T13:58:07+00:00\",\"dateModified\":\"2026-02-16T14:43:31+00:00\",\"breadcrumb\":{\"@id\":\"https:\\\/\\\/interreg-sudoe.eu\\\/pt-pt\\\/noticia-proyecto\\\/los-socios-del-proyecto-sharedh2-sudoe-se-reunieron-en-la-ciudad-de-leiria-portugal\\\/#breadcrumb\"},\"inLanguage\":\"pt-PT\",\"potentialAction\":[{\"@type\":\"ReadAction\",\"target\":[\"https:\\\/\\\/interreg-sudoe.eu\\\/pt-pt\\\/noticia-proyecto\\\/los-socios-del-proyecto-sharedh2-sudoe-se-reunieron-en-la-ciudad-de-leiria-portugal\\\/\"]}]},{\"@type\":\"ImageObject\",\"inLanguage\":\"pt-PT\",\"@id\":\"https:\\\/\\\/interreg-sudoe.eu\\\/pt-pt\\\/noticia-proyecto\\\/los-socios-del-proyecto-sharedh2-sudoe-se-reunieron-en-la-ciudad-de-leiria-portugal\\\/#primaryimage\",\"url\":\"https:\\\/\\\/interreg-sudoe.eu\\\/wp-content\\\/uploads\\\/2025\\\/03\\\/SHAREDH2-SUDOE_3Reuniao_Foto_Grupo.png\",\"contentUrl\":\"https:\\\/\\\/interreg-sudoe.eu\\\/wp-content\\\/uploads\\\/2025\\\/03\\\/SHAREDH2-SUDOE_3Reuniao_Foto_Grupo.png\",\"width\":822,\"height\":519},{\"@type\":\"BreadcrumbList\",\"@id\":\"https:\\\/\\\/interreg-sudoe.eu\\\/pt-pt\\\/noticia-proyecto\\\/los-socios-del-proyecto-sharedh2-sudoe-se-reunieron-en-la-ciudad-de-leiria-portugal\\\/#breadcrumb\",\"itemListElement\":[{\"@type\":\"ListItem\",\"position\":1,\"name\":\"Home\",\"item\":\"https:\\\/\\\/interreg-sudoe.eu\\\/pt-pt\\\/\"},{\"@type\":\"ListItem\",\"position\":2,\"name\":\"Osparceiros do projeto SHAREDH2-SUDOE reunidos na cidade de Leiria, em Portugal\"}]},{\"@type\":\"WebSite\",\"@id\":\"https:\\\/\\\/interreg-sudoe.eu\\\/pt-pt\\\/#website\",\"url\":\"https:\\\/\\\/interreg-sudoe.eu\\\/pt-pt\\\/\",\"name\":\"Interreg Sudoe\",\"description\":\"Interreg Sudoe\",\"publisher\":{\"@id\":\"https:\\\/\\\/interreg-sudoe.eu\\\/pt-pt\\\/#organization\"},\"alternateName\":\"Interreg Sudoe\",\"potentialAction\":[{\"@type\":\"SearchAction\",\"target\":{\"@type\":\"EntryPoint\",\"urlTemplate\":\"https:\\\/\\\/interreg-sudoe.eu\\\/pt-pt\\\/?s={search_term_string}\"},\"query-input\":{\"@type\":\"PropertyValueSpecification\",\"valueRequired\":true,\"valueName\":\"search_term_string\"}}],\"inLanguage\":\"pt-PT\"},{\"@type\":\"Organization\",\"@id\":\"https:\\\/\\\/interreg-sudoe.eu\\\/pt-pt\\\/#organization\",\"name\":\"Interreg Sudoe\",\"alternateName\":\"Interreg Sudoe\",\"url\":\"https:\\\/\\\/interreg-sudoe.eu\\\/pt-pt\\\/\",\"logo\":{\"@type\":\"ImageObject\",\"inLanguage\":\"pt-PT\",\"@id\":\"https:\\\/\\\/interreg-sudoe.eu\\\/pt-pt\\\/#\\\/schema\\\/logo\\\/image\\\/\",\"url\":\"https:\\\/\\\/interreg-sudoe.eu\\\/wp-content\\\/uploads\\\/2024\\\/03\\\/logo-interreg.png\",\"contentUrl\":\"https:\\\/\\\/interreg-sudoe.eu\\\/wp-content\\\/uploads\\\/2024\\\/03\\\/logo-interreg.png\",\"width\":1200,\"height\":675,\"caption\":\"Interreg Sudoe\"},\"image\":{\"@id\":\"https:\\\/\\\/interreg-sudoe.eu\\\/pt-pt\\\/#\\\/schema\\\/logo\\\/image\\\/\"},\"sameAs\":[\"https:\\\/\\\/www.facebook.com\\\/interregsudoe\",\"https:\\\/\\\/x.com\\\/Sudoe5\",\"https:\\\/\\\/www.youtube.com\\\/channel\\\/UCeGx2edoB32beRc9dbKA2vw\",\"https:\\\/\\\/www.linkedin.com\\\/company\\\/interreg-sudoe-programme\\\/\",\"https:\\\/\\\/www.flickr.com\\\/photos\\\/148704685@N06\\\/\"]}]}<\/script>\n<!-- \/ Yoast SEO plugin. -->","yoast_head_json":{"title":"Osparceiros do projeto SHAREDH2-SUDOE reunidos na cidade de Leiria, em Portugal - Interreg Sudoe","robots":{"index":"index","follow":"follow","max-snippet":"max-snippet:-1","max-image-preview":"max-image-preview:large","max-video-preview":"max-video-preview:-1"},"canonical":"https:\/\/interreg-sudoe.eu\/pt-pt\/noticia-proyecto\/los-socios-del-proyecto-sharedh2-sudoe-se-reunieron-en-la-ciudad-de-leiria-portugal\/","og_locale":"pt_PT","og_type":"article","og_title":"Osparceiros do projeto SHAREDH2-SUDOE reunidos na cidade de Leiria, em Portugal - Interreg Sudoe","og_description":"Osparceiros do projeto SHAREDH2-SUDOE reunidos na cidade de Leiria, em Portugal.","og_url":"https:\/\/interreg-sudoe.eu\/pt-pt\/noticia-proyecto\/los-socios-del-proyecto-sharedh2-sudoe-se-reunieron-en-la-ciudad-de-leiria-portugal\/","og_site_name":"Interreg Sudoe","article_publisher":"https:\/\/www.facebook.com\/interregsudoe","article_modified_time":"2026-02-16T14:43:31+00:00","og_image":[{"width":822,"height":519,"url":"https:\/\/interreg-sudoe.eu\/wp-content\/uploads\/2025\/03\/SHAREDH2-SUDOE_3Reuniao_Foto_Grupo.png","type":"image\/png"}],"twitter_card":"summary_large_image","twitter_site":"@Sudoe5","twitter_misc":{"Tempo estimado de leitura":"2 minutos"},"schema":{"@context":"https:\/\/schema.org","@graph":[{"@type":"WebPage","@id":"https:\/\/interreg-sudoe.eu\/pt-pt\/noticia-proyecto\/los-socios-del-proyecto-sharedh2-sudoe-se-reunieron-en-la-ciudad-de-leiria-portugal\/","url":"https:\/\/interreg-sudoe.eu\/pt-pt\/noticia-proyecto\/los-socios-del-proyecto-sharedh2-sudoe-se-reunieron-en-la-ciudad-de-leiria-portugal\/","name":"Osparceiros do projeto SHAREDH2-SUDOE reunidos na cidade de Leiria, em Portugal - Interreg Sudoe","isPartOf":{"@id":"https:\/\/interreg-sudoe.eu\/pt-pt\/#website"},"primaryImageOfPage":{"@id":"https:\/\/interreg-sudoe.eu\/pt-pt\/noticia-proyecto\/los-socios-del-proyecto-sharedh2-sudoe-se-reunieron-en-la-ciudad-de-leiria-portugal\/#primaryimage"},"image":{"@id":"https:\/\/interreg-sudoe.eu\/pt-pt\/noticia-proyecto\/los-socios-del-proyecto-sharedh2-sudoe-se-reunieron-en-la-ciudad-de-leiria-portugal\/#primaryimage"},"thumbnailUrl":"https:\/\/interreg-sudoe.eu\/wp-content\/uploads\/2025\/03\/SHAREDH2-SUDOE_3Reuniao_Foto_Grupo.png","datePublished":"2025-03-31T13:58:07+00:00","dateModified":"2026-02-16T14:43:31+00:00","breadcrumb":{"@id":"https:\/\/interreg-sudoe.eu\/pt-pt\/noticia-proyecto\/los-socios-del-proyecto-sharedh2-sudoe-se-reunieron-en-la-ciudad-de-leiria-portugal\/#breadcrumb"},"inLanguage":"pt-PT","potentialAction":[{"@type":"ReadAction","target":["https:\/\/interreg-sudoe.eu\/pt-pt\/noticia-proyecto\/los-socios-del-proyecto-sharedh2-sudoe-se-reunieron-en-la-ciudad-de-leiria-portugal\/"]}]},{"@type":"ImageObject","inLanguage":"pt-PT","@id":"https:\/\/interreg-sudoe.eu\/pt-pt\/noticia-proyecto\/los-socios-del-proyecto-sharedh2-sudoe-se-reunieron-en-la-ciudad-de-leiria-portugal\/#primaryimage","url":"https:\/\/interreg-sudoe.eu\/wp-content\/uploads\/2025\/03\/SHAREDH2-SUDOE_3Reuniao_Foto_Grupo.png","contentUrl":"https:\/\/interreg-sudoe.eu\/wp-content\/uploads\/2025\/03\/SHAREDH2-SUDOE_3Reuniao_Foto_Grupo.png","width":822,"height":519},{"@type":"BreadcrumbList","@id":"https:\/\/interreg-sudoe.eu\/pt-pt\/noticia-proyecto\/los-socios-del-proyecto-sharedh2-sudoe-se-reunieron-en-la-ciudad-de-leiria-portugal\/#breadcrumb","itemListElement":[{"@type":"ListItem","position":1,"name":"Home","item":"https:\/\/interreg-sudoe.eu\/pt-pt\/"},{"@type":"ListItem","position":2,"name":"Osparceiros do projeto SHAREDH2-SUDOE reunidos na cidade de Leiria, em Portugal"}]},{"@type":"WebSite","@id":"https:\/\/interreg-sudoe.eu\/pt-pt\/#website","url":"https:\/\/interreg-sudoe.eu\/pt-pt\/","name":"Interreg Sudoe","description":"Interreg Sudoe","publisher":{"@id":"https:\/\/interreg-sudoe.eu\/pt-pt\/#organization"},"alternateName":"Interreg Sudoe","potentialAction":[{"@type":"SearchAction","target":{"@type":"EntryPoint","urlTemplate":"https:\/\/interreg-sudoe.eu\/pt-pt\/?s={search_term_string}"},"query-input":{"@type":"PropertyValueSpecification","valueRequired":true,"valueName":"search_term_string"}}],"inLanguage":"pt-PT"},{"@type":"Organization","@id":"https:\/\/interreg-sudoe.eu\/pt-pt\/#organization","name":"Interreg Sudoe","alternateName":"Interreg Sudoe","url":"https:\/\/interreg-sudoe.eu\/pt-pt\/","logo":{"@type":"ImageObject","inLanguage":"pt-PT","@id":"https:\/\/interreg-sudoe.eu\/pt-pt\/#\/schema\/logo\/image\/","url":"https:\/\/interreg-sudoe.eu\/wp-content\/uploads\/2024\/03\/logo-interreg.png","contentUrl":"https:\/\/interreg-sudoe.eu\/wp-content\/uploads\/2024\/03\/logo-interreg.png","width":1200,"height":675,"caption":"Interreg Sudoe"},"image":{"@id":"https:\/\/interreg-sudoe.eu\/pt-pt\/#\/schema\/logo\/image\/"},"sameAs":["https:\/\/www.facebook.com\/interregsudoe","https:\/\/x.com\/Sudoe5","https:\/\/www.youtube.com\/channel\/UCeGx2edoB32beRc9dbKA2vw","https:\/\/www.linkedin.com\/company\/interreg-sudoe-programme\/","https:\/\/www.flickr.com\/photos\/148704685@N06\/"]}]}},"_links":{"self":[{"href":"https:\/\/interreg-sudoe.eu\/pt-pt\/wp-json\/wp\/v2\/noticia-proyecto\/45842","targetHints":{"allow":["GET"]}}],"collection":[{"href":"https:\/\/interreg-sudoe.eu\/pt-pt\/wp-json\/wp\/v2\/noticia-proyecto"}],"about":[{"href":"https:\/\/interreg-sudoe.eu\/pt-pt\/wp-json\/wp\/v2\/types\/noticia-proyecto"}],"author":[{"embeddable":true,"href":"https:\/\/interreg-sudoe.eu\/pt-pt\/wp-json\/wp\/v2\/users\/4913"}],"wp:featuredmedia":[{"embeddable":true,"href":"https:\/\/interreg-sudoe.eu\/pt-pt\/wp-json\/wp\/v2\/media\/45745"}],"wp:attachment":[{"href":"https:\/\/interreg-sudoe.eu\/pt-pt\/wp-json\/wp\/v2\/media?parent=45842"}],"curies":[{"name":"wp","href":"https:\/\/api.w.org\/{rel}","templated":true}]}}