{"id":46445,"date":"2025-04-15T13:40:07","date_gmt":"2025-04-15T11:40:07","guid":{"rendered":"https:\/\/interreg-sudoe.eu\/?post_type=noticia-proyecto&#038;p=46445"},"modified":"2026-02-16T15:49:34","modified_gmt":"2026-02-16T14:49:34","slug":"garazi-e-estia-implementam-o-projeto-piloto-revital-em-franca","status":"publish","type":"noticia-proyecto","link":"https:\/\/interreg-sudoe.eu\/pt-pt\/noticia-proyecto\/garazi-e-estia-implementam-o-projeto-piloto-revital-em-franca\/","title":{"rendered":"EPS Garazi e ESTIA implementam o projeto-piloto REVITAL em Fran\u00e7a"},"content":{"rendered":"<p>L&#8217;\u00c9tablissement Public de Sant\u00e9 de Garazi (EPS Garazi) e L&#8217;Ecole d&#8217;ing\u00e9nieurs ESTIA t\u00eam vindo a pilotar o projeto REVITAL na sua \u00e1rea de a\u00e7\u00e3o em Fran\u00e7a desde janeiro de 2025. Os seguintes dispositivos tecnol\u00f3gicos foram implementados nos cant\u00f5es de Baigorry-Garazi e Iholdi-Oztibarre, no Pa\u00eds Basco franc\u00eas, em colabora\u00e7\u00e3o entre as duas entidades:<\/p>\r\n<ul>\r\n<li><strong>Hank<\/strong> exoskeleton para o treino da marcha.<\/li>\r\n<li><strong>Belk<\/strong> exoskeleton para a reabilita\u00e7\u00e3o do joelho.<\/li>\r\n<li><strong>Helk<\/strong> exoskeleton para a redu\u00e7\u00e3o das perturba\u00e7\u00f5es m\u00fasculo-esquel\u00e9ticas nos profissionais.<\/li>\r\n<li><strong>Vitalstim Plus<\/strong>: eletroterapia para dist\u00farbios da degluti\u00e7\u00e3o.<\/li>\r\n<li>Plataforma <strong>MediMoov<\/strong>: jogos de v\u00eddeo para trabalhar as fun\u00e7\u00f5es cognitivas, a mobilidade e o equil\u00edbrio.<\/li>\r\n<li>Assinaturas anuais de <strong>C\u00e9r\u00e9bro<\/strong> e <strong>Fonctionsexecutives.com<\/strong>: aplica\u00e7\u00f5es para a reabilita\u00e7\u00e3o da linguagem e das fun\u00e7\u00f5es cognitivas, respetivamente.<\/li>\r\n<\/ul>\r\n<h3>42 pessoas que beneficiam da tecnologia<\/h3>\r\n<p>Para a popula\u00e7\u00e3o em geral e para os profissionais, o projeto REVITAL oferece uma oportunidade de beneficiar de novos meios tecnol\u00f3gicos de reabilita\u00e7\u00e3o e estimula\u00e7\u00e3o. Assim, o nosso projeto-piloto em Fran\u00e7a visa criar novas formas de colabora\u00e7\u00e3o entre os servi\u00e7os hospitalares e extra-hospitalares.<\/p>\r\n<p>V\u00e1rios profissionais est\u00e3o a utilizar estas ferramentas: fisioterapeutas, terapeutas da fala, psicomotricistas, psic\u00f3logos, terapeutas ocupacionais, animadores de lares de idosos e auxiliares de enfermagem.<\/p>\r\n<p>Estes profissionais trabalham na EPS Garazi e\/ou em profiss\u00f5es liberais. Ap\u00f3s uma importante campanha de comunica\u00e7\u00e3o, os <strong>profissionais da EPS Garazi<\/strong> e os <strong>reabilitadores liberais<\/strong> interessados em participar no projeto foram formados na utiliza\u00e7\u00e3o destes instrumentos. A modalidade pr\u00e1tica desta colabora\u00e7\u00e3o foi definida durante este per\u00edodo de forma\u00e7\u00e3o.<\/p>\r\n<p>At\u00e9 \u00e0 data, 42 pessoas puderam beneficiar destes dispositivos tecnol\u00f3gicos no <a href=\"https:\/\/www.eps-garazi.fr\/\" target=\"_blank\" rel=\"noopener\">EPS Garazi<\/a> (hospital e resid\u00eancias) durante as sess\u00f5es de reabilita\u00e7\u00e3o com os terapeutas da fala e os fisioterapeutas em ambulat\u00f3rio.<\/p>\r\n<h3>Pr\u00f3xima reuni\u00e3o do cons\u00f3rcio REVITAL em Garazi<\/h3>\r\n<p>O projeto REVITAL baseia-se na coopera\u00e7\u00e3o transfronteiri\u00e7a das entidades que nele participam. Esta coopera\u00e7\u00e3o pode ser materializada novamente nos dias <strong>27 e 28 de maio<\/strong>, quando se realizar\u00e1 uma reuni\u00e3o na EPS Garazi, que contar\u00e1 tamb\u00e9m com a presen\u00e7a dos membros espanh\u00f3is e portugueses do cons\u00f3rcio. Estas reuni\u00f5es s\u00e3o momentos importantes para o projeto REVITAL, pois permitem-nos discutir as dificuldades encontradas e os progressos realizados nos casos-piloto nos 3 pa\u00edses.<\/p>\r\n<p>Este trabalho de coopera\u00e7\u00e3o permite-nos partilhar as nossas experi\u00eancias e contribui para a continuidade do REVITAL e para a realiza\u00e7\u00e3o dos seus objectivos. O caso-piloto em Fran\u00e7a estar\u00e1 ativo at\u00e9 dezembro de 2025 e continuaremos a divulgar informa\u00e7\u00f5es sobre o REVITAL, a fim de alargar o acesso de outras pessoas a estas tecnologias.<\/p>\r\n<p><\/p>\r\n<p>\r\n\r\n<\/p>\r\n<figure class=\"wp-block-gallery has-nested-images columns-default is-cropped wp-block-gallery-1 is-layout-flex wp-block-gallery-is-layout-flex\">\r\n<figure class=\"wp-block-image size-large\"><img decoding=\"async\" data-id=\"7811\" class=\"wp-image-7811\" src=\"https:\/\/clustersivi.org\/wp-content\/uploads\/2025\/04\/Vitalstim-1024x768.jpg\" alt=\"\" \/><\/figure>\r\n\r\n\r\n\r\n<figure class=\"wp-block-image size-large\"><img decoding=\"async\" data-id=\"7812\" class=\"wp-image-7812\" src=\"https:\/\/clustersivi.org\/wp-content\/uploads\/2025\/04\/pilotaje-revital-en-francia-1024x768.jpg\" alt=\"\" \/><\/figure>\r\n\r\n\r\n\r\n<figure class=\"wp-block-image size-large\"><img decoding=\"async\" data-id=\"7813\" class=\"wp-image-7813\" src=\"https:\/\/clustersivi.org\/wp-content\/uploads\/2025\/04\/P2066688-1024x768.jpg\" alt=\"\" \/><\/figure>\r\n\r\n\r\n\r\n<figure class=\"wp-block-image size-large\"><img decoding=\"async\" data-id=\"7814\" class=\"wp-image-7814\" src=\"https:\/\/clustersivi.org\/wp-content\/uploads\/2025\/04\/IMG_6859-768x1024.jpg\" alt=\"\" \/><\/figure>\r\n<\/figure>\r\n<p><\/p>","protected":false},"excerpt":{"rendered":"<p>At\u00e9 \u00e0 data, 42 pessoas puderam beneficiar destes dispositivos tecnol\u00f3gicos no EPS Garazi (hospital e resid\u00eancias) durante as sess\u00f5es de reabilita\u00e7\u00e3o com terapeutas da fala e fisioterapeutas em ambulat\u00f3rio.<\/p>\n","protected":false},"author":6552,"featured_media":46437,"parent":0,"template":"","meta":{"_acf_changed":false,"content-type":"","_monsterinsights_skip_tracking":false,"_monsterinsights_sitenote_active":false,"_monsterinsights_sitenote_note":"","_monsterinsights_sitenote_category":0},"class_list":["post-46445","noticia-proyecto","type-noticia-proyecto","status-publish","has-post-thumbnail","hentry"],"acf":[],"yoast_head":"<!-- This site is optimized with the Yoast SEO plugin v27.4 - https:\/\/yoast.com\/product\/yoast-seo-wordpress\/ -->\n<title>EPS Garazi e ESTIA implementam o projeto-piloto REVITAL em Fran\u00e7a - Interreg Sudoe<\/title>\n<meta name=\"robots\" content=\"index, follow, max-snippet:-1, max-image-preview:large, max-video-preview:-1\" \/>\n<link rel=\"canonical\" href=\"https:\/\/interreg-sudoe.eu\/pt-pt\/noticia-proyecto\/garazi-e-estia-implementam-o-projeto-piloto-revital-em-franca\/\" \/>\n<meta property=\"og:locale\" content=\"pt_PT\" \/>\n<meta property=\"og:type\" content=\"article\" \/>\n<meta property=\"og:title\" content=\"EPS Garazi e ESTIA implementam o projeto-piloto REVITAL em Fran\u00e7a - Interreg Sudoe\" \/>\n<meta property=\"og:description\" content=\"At\u00e9 \u00e0 data, 42 pessoas puderam beneficiar destes dispositivos tecnol\u00f3gicos no EPS Garazi (hospital e resid\u00eancias) durante as sess\u00f5es de reabilita\u00e7\u00e3o com terapeutas da fala e fisioterapeutas em ambulat\u00f3rio.\" \/>\n<meta property=\"og:url\" content=\"https:\/\/interreg-sudoe.eu\/pt-pt\/noticia-proyecto\/garazi-e-estia-implementam-o-projeto-piloto-revital-em-franca\/\" \/>\n<meta property=\"og:site_name\" content=\"Interreg Sudoe\" \/>\n<meta property=\"article:publisher\" content=\"https:\/\/www.facebook.com\/interregsudoe\" \/>\n<meta property=\"article:modified_time\" content=\"2026-02-16T14:49:34+00:00\" \/>\n<meta property=\"og:image\" content=\"https:\/\/interreg-sudoe.eu\/wp-content\/uploads\/2025\/04\/pilotaje-revital-en-francia-scaled-e1744716944392.jpg\" \/>\n\t<meta property=\"og:image:width\" content=\"1200\" \/>\n\t<meta property=\"og:image:height\" content=\"900\" \/>\n\t<meta property=\"og:image:type\" content=\"image\/jpeg\" \/>\n<meta name=\"twitter:card\" content=\"summary_large_image\" \/>\n<meta name=\"twitter:site\" content=\"@Sudoe5\" \/>\n<meta name=\"twitter:label1\" content=\"Tempo estimado de leitura\" \/>\n\t<meta name=\"twitter:data1\" content=\"2 minutos\" \/>\n<script type=\"application\/ld+json\" class=\"yoast-schema-graph\">{\"@context\":\"https:\\\/\\\/schema.org\",\"@graph\":[{\"@type\":\"WebPage\",\"@id\":\"https:\\\/\\\/interreg-sudoe.eu\\\/pt-pt\\\/noticia-proyecto\\\/garazi-e-estia-implementam-o-projeto-piloto-revital-em-franca\\\/\",\"url\":\"https:\\\/\\\/interreg-sudoe.eu\\\/pt-pt\\\/noticia-proyecto\\\/garazi-e-estia-implementam-o-projeto-piloto-revital-em-franca\\\/\",\"name\":\"EPS Garazi e ESTIA implementam o projeto-piloto REVITAL em Fran\u00e7a - Interreg Sudoe\",\"isPartOf\":{\"@id\":\"https:\\\/\\\/interreg-sudoe.eu\\\/pt-pt\\\/#website\"},\"primaryImageOfPage\":{\"@id\":\"https:\\\/\\\/interreg-sudoe.eu\\\/pt-pt\\\/noticia-proyecto\\\/garazi-e-estia-implementam-o-projeto-piloto-revital-em-franca\\\/#primaryimage\"},\"image\":{\"@id\":\"https:\\\/\\\/interreg-sudoe.eu\\\/pt-pt\\\/noticia-proyecto\\\/garazi-e-estia-implementam-o-projeto-piloto-revital-em-franca\\\/#primaryimage\"},\"thumbnailUrl\":\"https:\\\/\\\/interreg-sudoe.eu\\\/wp-content\\\/uploads\\\/2025\\\/04\\\/pilotaje-revital-en-francia-scaled-e1744716944392.jpg\",\"datePublished\":\"2025-04-15T11:40:07+00:00\",\"dateModified\":\"2026-02-16T14:49:34+00:00\",\"breadcrumb\":{\"@id\":\"https:\\\/\\\/interreg-sudoe.eu\\\/pt-pt\\\/noticia-proyecto\\\/garazi-e-estia-implementam-o-projeto-piloto-revital-em-franca\\\/#breadcrumb\"},\"inLanguage\":\"pt-PT\",\"potentialAction\":[{\"@type\":\"ReadAction\",\"target\":[\"https:\\\/\\\/interreg-sudoe.eu\\\/pt-pt\\\/noticia-proyecto\\\/garazi-e-estia-implementam-o-projeto-piloto-revital-em-franca\\\/\"]}]},{\"@type\":\"ImageObject\",\"inLanguage\":\"pt-PT\",\"@id\":\"https:\\\/\\\/interreg-sudoe.eu\\\/pt-pt\\\/noticia-proyecto\\\/garazi-e-estia-implementam-o-projeto-piloto-revital-em-franca\\\/#primaryimage\",\"url\":\"https:\\\/\\\/interreg-sudoe.eu\\\/wp-content\\\/uploads\\\/2025\\\/04\\\/pilotaje-revital-en-francia-scaled-e1744716944392.jpg\",\"contentUrl\":\"https:\\\/\\\/interreg-sudoe.eu\\\/wp-content\\\/uploads\\\/2025\\\/04\\\/pilotaje-revital-en-francia-scaled-e1744716944392.jpg\",\"width\":1200,\"height\":900,\"caption\":\"Garazi y ESTIA implantan el pilotaje de REVITAL en Francia\"},{\"@type\":\"BreadcrumbList\",\"@id\":\"https:\\\/\\\/interreg-sudoe.eu\\\/pt-pt\\\/noticia-proyecto\\\/garazi-e-estia-implementam-o-projeto-piloto-revital-em-franca\\\/#breadcrumb\",\"itemListElement\":[{\"@type\":\"ListItem\",\"position\":1,\"name\":\"Home\",\"item\":\"https:\\\/\\\/interreg-sudoe.eu\\\/pt-pt\\\/\"},{\"@type\":\"ListItem\",\"position\":2,\"name\":\"EPS Garazi e ESTIA implementam o projeto-piloto REVITAL em Fran\u00e7a\"}]},{\"@type\":\"WebSite\",\"@id\":\"https:\\\/\\\/interreg-sudoe.eu\\\/pt-pt\\\/#website\",\"url\":\"https:\\\/\\\/interreg-sudoe.eu\\\/pt-pt\\\/\",\"name\":\"Interreg Sudoe\",\"description\":\"Interreg Sudoe\",\"publisher\":{\"@id\":\"https:\\\/\\\/interreg-sudoe.eu\\\/pt-pt\\\/#organization\"},\"alternateName\":\"Interreg Sudoe\",\"potentialAction\":[{\"@type\":\"SearchAction\",\"target\":{\"@type\":\"EntryPoint\",\"urlTemplate\":\"https:\\\/\\\/interreg-sudoe.eu\\\/pt-pt\\\/?s={search_term_string}\"},\"query-input\":{\"@type\":\"PropertyValueSpecification\",\"valueRequired\":true,\"valueName\":\"search_term_string\"}}],\"inLanguage\":\"pt-PT\"},{\"@type\":\"Organization\",\"@id\":\"https:\\\/\\\/interreg-sudoe.eu\\\/pt-pt\\\/#organization\",\"name\":\"Interreg Sudoe\",\"alternateName\":\"Interreg Sudoe\",\"url\":\"https:\\\/\\\/interreg-sudoe.eu\\\/pt-pt\\\/\",\"logo\":{\"@type\":\"ImageObject\",\"inLanguage\":\"pt-PT\",\"@id\":\"https:\\\/\\\/interreg-sudoe.eu\\\/pt-pt\\\/#\\\/schema\\\/logo\\\/image\\\/\",\"url\":\"https:\\\/\\\/interreg-sudoe.eu\\\/wp-content\\\/uploads\\\/2024\\\/03\\\/logo-interreg.png\",\"contentUrl\":\"https:\\\/\\\/interreg-sudoe.eu\\\/wp-content\\\/uploads\\\/2024\\\/03\\\/logo-interreg.png\",\"width\":1200,\"height\":675,\"caption\":\"Interreg Sudoe\"},\"image\":{\"@id\":\"https:\\\/\\\/interreg-sudoe.eu\\\/pt-pt\\\/#\\\/schema\\\/logo\\\/image\\\/\"},\"sameAs\":[\"https:\\\/\\\/www.facebook.com\\\/interregsudoe\",\"https:\\\/\\\/x.com\\\/Sudoe5\",\"https:\\\/\\\/www.youtube.com\\\/channel\\\/UCeGx2edoB32beRc9dbKA2vw\",\"https:\\\/\\\/www.linkedin.com\\\/company\\\/interreg-sudoe-programme\\\/\",\"https:\\\/\\\/www.flickr.com\\\/photos\\\/148704685@N06\\\/\"]}]}<\/script>\n<!-- \/ Yoast SEO plugin. -->","yoast_head_json":{"title":"EPS Garazi e ESTIA implementam o projeto-piloto REVITAL em Fran\u00e7a - Interreg Sudoe","robots":{"index":"index","follow":"follow","max-snippet":"max-snippet:-1","max-image-preview":"max-image-preview:large","max-video-preview":"max-video-preview:-1"},"canonical":"https:\/\/interreg-sudoe.eu\/pt-pt\/noticia-proyecto\/garazi-e-estia-implementam-o-projeto-piloto-revital-em-franca\/","og_locale":"pt_PT","og_type":"article","og_title":"EPS Garazi e ESTIA implementam o projeto-piloto REVITAL em Fran\u00e7a - Interreg Sudoe","og_description":"At\u00e9 \u00e0 data, 42 pessoas puderam beneficiar destes dispositivos tecnol\u00f3gicos no EPS Garazi (hospital e resid\u00eancias) durante as sess\u00f5es de reabilita\u00e7\u00e3o com terapeutas da fala e fisioterapeutas em ambulat\u00f3rio.","og_url":"https:\/\/interreg-sudoe.eu\/pt-pt\/noticia-proyecto\/garazi-e-estia-implementam-o-projeto-piloto-revital-em-franca\/","og_site_name":"Interreg Sudoe","article_publisher":"https:\/\/www.facebook.com\/interregsudoe","article_modified_time":"2026-02-16T14:49:34+00:00","og_image":[{"width":1200,"height":900,"url":"https:\/\/interreg-sudoe.eu\/wp-content\/uploads\/2025\/04\/pilotaje-revital-en-francia-scaled-e1744716944392.jpg","type":"image\/jpeg"}],"twitter_card":"summary_large_image","twitter_site":"@Sudoe5","twitter_misc":{"Tempo estimado de leitura":"2 minutos"},"schema":{"@context":"https:\/\/schema.org","@graph":[{"@type":"WebPage","@id":"https:\/\/interreg-sudoe.eu\/pt-pt\/noticia-proyecto\/garazi-e-estia-implementam-o-projeto-piloto-revital-em-franca\/","url":"https:\/\/interreg-sudoe.eu\/pt-pt\/noticia-proyecto\/garazi-e-estia-implementam-o-projeto-piloto-revital-em-franca\/","name":"EPS Garazi e ESTIA implementam o projeto-piloto REVITAL em Fran\u00e7a - Interreg Sudoe","isPartOf":{"@id":"https:\/\/interreg-sudoe.eu\/pt-pt\/#website"},"primaryImageOfPage":{"@id":"https:\/\/interreg-sudoe.eu\/pt-pt\/noticia-proyecto\/garazi-e-estia-implementam-o-projeto-piloto-revital-em-franca\/#primaryimage"},"image":{"@id":"https:\/\/interreg-sudoe.eu\/pt-pt\/noticia-proyecto\/garazi-e-estia-implementam-o-projeto-piloto-revital-em-franca\/#primaryimage"},"thumbnailUrl":"https:\/\/interreg-sudoe.eu\/wp-content\/uploads\/2025\/04\/pilotaje-revital-en-francia-scaled-e1744716944392.jpg","datePublished":"2025-04-15T11:40:07+00:00","dateModified":"2026-02-16T14:49:34+00:00","breadcrumb":{"@id":"https:\/\/interreg-sudoe.eu\/pt-pt\/noticia-proyecto\/garazi-e-estia-implementam-o-projeto-piloto-revital-em-franca\/#breadcrumb"},"inLanguage":"pt-PT","potentialAction":[{"@type":"ReadAction","target":["https:\/\/interreg-sudoe.eu\/pt-pt\/noticia-proyecto\/garazi-e-estia-implementam-o-projeto-piloto-revital-em-franca\/"]}]},{"@type":"ImageObject","inLanguage":"pt-PT","@id":"https:\/\/interreg-sudoe.eu\/pt-pt\/noticia-proyecto\/garazi-e-estia-implementam-o-projeto-piloto-revital-em-franca\/#primaryimage","url":"https:\/\/interreg-sudoe.eu\/wp-content\/uploads\/2025\/04\/pilotaje-revital-en-francia-scaled-e1744716944392.jpg","contentUrl":"https:\/\/interreg-sudoe.eu\/wp-content\/uploads\/2025\/04\/pilotaje-revital-en-francia-scaled-e1744716944392.jpg","width":1200,"height":900,"caption":"Garazi y ESTIA implantan el pilotaje de REVITAL en Francia"},{"@type":"BreadcrumbList","@id":"https:\/\/interreg-sudoe.eu\/pt-pt\/noticia-proyecto\/garazi-e-estia-implementam-o-projeto-piloto-revital-em-franca\/#breadcrumb","itemListElement":[{"@type":"ListItem","position":1,"name":"Home","item":"https:\/\/interreg-sudoe.eu\/pt-pt\/"},{"@type":"ListItem","position":2,"name":"EPS Garazi e ESTIA implementam o projeto-piloto REVITAL em Fran\u00e7a"}]},{"@type":"WebSite","@id":"https:\/\/interreg-sudoe.eu\/pt-pt\/#website","url":"https:\/\/interreg-sudoe.eu\/pt-pt\/","name":"Interreg Sudoe","description":"Interreg Sudoe","publisher":{"@id":"https:\/\/interreg-sudoe.eu\/pt-pt\/#organization"},"alternateName":"Interreg Sudoe","potentialAction":[{"@type":"SearchAction","target":{"@type":"EntryPoint","urlTemplate":"https:\/\/interreg-sudoe.eu\/pt-pt\/?s={search_term_string}"},"query-input":{"@type":"PropertyValueSpecification","valueRequired":true,"valueName":"search_term_string"}}],"inLanguage":"pt-PT"},{"@type":"Organization","@id":"https:\/\/interreg-sudoe.eu\/pt-pt\/#organization","name":"Interreg Sudoe","alternateName":"Interreg Sudoe","url":"https:\/\/interreg-sudoe.eu\/pt-pt\/","logo":{"@type":"ImageObject","inLanguage":"pt-PT","@id":"https:\/\/interreg-sudoe.eu\/pt-pt\/#\/schema\/logo\/image\/","url":"https:\/\/interreg-sudoe.eu\/wp-content\/uploads\/2024\/03\/logo-interreg.png","contentUrl":"https:\/\/interreg-sudoe.eu\/wp-content\/uploads\/2024\/03\/logo-interreg.png","width":1200,"height":675,"caption":"Interreg Sudoe"},"image":{"@id":"https:\/\/interreg-sudoe.eu\/pt-pt\/#\/schema\/logo\/image\/"},"sameAs":["https:\/\/www.facebook.com\/interregsudoe","https:\/\/x.com\/Sudoe5","https:\/\/www.youtube.com\/channel\/UCeGx2edoB32beRc9dbKA2vw","https:\/\/www.linkedin.com\/company\/interreg-sudoe-programme\/","https:\/\/www.flickr.com\/photos\/148704685@N06\/"]}]}},"_links":{"self":[{"href":"https:\/\/interreg-sudoe.eu\/pt-pt\/wp-json\/wp\/v2\/noticia-proyecto\/46445","targetHints":{"allow":["GET"]}}],"collection":[{"href":"https:\/\/interreg-sudoe.eu\/pt-pt\/wp-json\/wp\/v2\/noticia-proyecto"}],"about":[{"href":"https:\/\/interreg-sudoe.eu\/pt-pt\/wp-json\/wp\/v2\/types\/noticia-proyecto"}],"author":[{"embeddable":true,"href":"https:\/\/interreg-sudoe.eu\/pt-pt\/wp-json\/wp\/v2\/users\/6552"}],"wp:featuredmedia":[{"embeddable":true,"href":"https:\/\/interreg-sudoe.eu\/pt-pt\/wp-json\/wp\/v2\/media\/46437"}],"wp:attachment":[{"href":"https:\/\/interreg-sudoe.eu\/pt-pt\/wp-json\/wp\/v2\/media?parent=46445"}],"curies":[{"name":"wp","href":"https:\/\/api.w.org\/{rel}","templated":true}]}}