{"id":46597,"date":"2025-05-02T09:01:56","date_gmt":"2025-05-02T07:01:56","guid":{"rendered":"https:\/\/interreg-sudoe.eu\/?post_type=noticia-proyecto&#038;p=46597"},"modified":"2026-02-16T15:20:07","modified_gmt":"2026-02-16T14:20:07","slug":"o-projeto-scaira-lanca-a-sua-segunda-open-call","status":"publish","type":"noticia-proyecto","link":"https:\/\/interreg-sudoe.eu\/pt-pt\/noticia-proyecto\/o-projeto-scaira-lanca-a-sua-segunda-open-call\/","title":{"rendered":"O projeto SCAIRA lan\u00e7a a sua segunda open call!"},"content":{"rendered":"<h2 class=\"wp-block-heading\">Se tens uma ideia inovadora e disruptiva e queres avan\u00e7ar com ela, ou precisas dos melhores conselhos (jur\u00eddicos, t\u00e9cnicos e de neg\u00f3cio) para avan\u00e7ares com o teu projeto ou faz\u00ea-lo crescer, <a href=\"https:\/\/scaira.grantplatform.com\/\" target=\"_blank\" rel=\"noopener\">inscreve-te j\u00e1<\/a> na nossa plataforma.<\/h2>\n<h2><span data-olk-copy-source=\"MessageBody\">Tens at\u00e9 \u00e0s 16h do dia 6 de julho!<\/span><\/h2>\n<p>O projeto europeu SCAIRA abre a <strong>segunda convocat\u00f3ria para candidaturas<\/strong> do programa de acelera\u00e7\u00e3o de start-ups, com o objetivo de continuar a prestar os melhores servi\u00e7os de apoio a todos os empreendedores e a projetos inovadores sediados em Fran\u00e7a, Portugal e Espanha que queiram levar as suas ideias ao pr\u00f3ximo n\u00edvel. Utiliza <a href=\"https:\/\/scaira.grantplatform.com\/\" target=\"_blank\" rel=\"noopener\">esta plataforma<\/a> para concluir o processo de candidatura. Tens at\u00e9 \u00e0s 16h do dia 6 de julho!<\/p>\n<h3><strong>Pronto para descolar<\/strong><strong>?<\/strong><\/h3>\n<p>O SCAIRA oferece um <strong>programa de acelera\u00e7\u00e3o transnacional de seis meses<\/strong>, com um m\u00ednimo de cinco servi\u00e7os escolhidos de um portef\u00f3lio de catorze tem\u00e1ticas agrupadas em tr\u00eas blocos: jur\u00eddico e administrativo, aconselhamento t\u00e9cnico e acesso a servi\u00e7os de mercado. Paralelamente, est\u00e1 previsto um <strong>apoio individualizado<\/strong> para garantir o alinhamento com as necessidades identificadas.<\/p>\n<p>Em resumo, o projeto oferece:<\/p>\n<ul>\n<li>Mentoria por <strong>l\u00edderes da ind\u00fastria<\/strong> para apoiar cada etapa do crescimento;<\/li>\n<li>Acesso a investidores e <strong>oportunidades de financiamento<\/strong> (p\u00fablicas e privadas) para impulsionar a expans\u00e3o do neg\u00f3cio;<\/li>\n<li><strong>Workshops personalizados<\/strong> focados no desenvolvimento de produto, marketing e estrat\u00e9gias de crescimento;<\/li>\n<li><strong>Eventos de networking<\/strong> com atores-chave do ecossistema empreendedor.<\/li>\n<\/ul>\n<h3><strong>A quem se destina?<\/strong><\/h3>\n<p>O programa foi especialmente <strong>concebido para startups<\/strong>, empreendedores e estudantes sediados no espa\u00e7o Interreg SUDOE (Fran\u00e7a \u2013 Occit\u00e2nia e Nova Aquit\u00e2nia, Portugal e Espanha), que estejam a desenvolver produtos e\/ou servi\u00e7os inovadores com potencial de aplica\u00e7\u00e3o nos setores autom\u00f3vel e\/ou aeroespacial, caracterizados pela sua transversalidade. O SCAIRA visa promover projetos em <strong>fase inicial ou de crescimento<\/strong>, que proponham solu\u00e7\u00f5es aplic\u00e1veis a \u00e1reas como tecnologia, rob\u00f3tica, log\u00edstica, sustentabilidade, simbiose industrial, transi\u00e7\u00e3o digital, entre outras.<\/p>\n<h3>Os desafios<\/h3>\n<p><span data-olk-copy-source=\"MessageBody\">Informa\u00e7\u00e3o importante: Para completares a candidatura atrav\u00e9s da plataforma do projeto, deves demonstrar que partilhas do esp\u00edrito do SCAIRA. Para esta segunda convocat\u00f3ria, os parceiros industriais da iniciativa europeia \u2014 <\/span><a id=\"OWAcc4944af-6ed4-c3b0-dc2a-f2600175cff4\" class=\"x_OWAAutoLink x_elementToProof\" title=\"https:\/\/www.airbus.com\/en\/airbus-atlantic\" href=\"https:\/\/www.airbus.com\/en\/airbus-atlantic\" data-auth=\"NotApplicable\" data-linkindex=\"3\">Airbus Atlantic<\/a>,<a id=\"OWAb81a035a-189e-da09-ee20-103eb50daf9b\" class=\"x_OWAAutoLink x_elementToProof\" title=\"https:\/\/www.renault.es\/?CAMPAIGN=es-es-r-l-def-brand-all_products-na-go-classic-marca_variaciones-omd202412996482&amp;ORIGIN=paid_search&amp;&amp;&amp;ppc_keyword=renault%20group&amp;gad_source=1&amp;gbraid=0AAAAADjALD5B7cu3somXxPKjPUS14accp&amp;gclid=Cj0KCQjw_JzABhC2ARIsAPe3ynpFhDxsnO7Lx0WMurfNPY1sjmtdtoRD0EHwCZ9lvfcnoaP4J_xsIggaAvTiEALw_wcB&amp;gclsrc=aw.ds\" href=\"https:\/\/www.renault.es\/?CAMPAIGN=es-es-r-l-def-brand-all_products-na-go-classic-marca_variaciones-omd202412996482&amp;ORIGIN=paid_search&amp;&amp;&amp;ppc_keyword=renault%20group&amp;gad_source=1&amp;gbraid=0AAAAADjALD5B7cu3somXxPKjPUS14accp&amp;gclid=Cj0KCQjw_JzABhC2ARIsAPe3ynpFhDxsnO7Lx0WMurfNPY1sjmtdtoRD0EHwCZ9lvfcnoaP4J_xsIggaAvTiEALw_wcB&amp;gclsrc=aw.ds\" data-auth=\"NotApplicable\" data-linkindex=\"4\">\u00a0Renault Group<\/a>\u00a0e <a href=\"https:\/\/www.soltena.fr\/\" target=\"_blank\" rel=\"noopener\">Soltena<\/a>, bem como a entidade associada <a id=\"OWA3f418879-55be-db50-d520-98b8d62a00c0\" class=\"x_OWAAutoLink x_elementToProof\" title=\"https:\/\/www.horse.cars\/about-horse\/locations\/aveiro-portugal\/\" href=\"https:\/\/www.horse.cars\/about-horse\/locations\/aveiro-portugal\/\" data-auth=\"NotApplicable\" data-linkindex=\"5\">HORSE Aveiro<\/a>\u00a0\u2014 prop\u00f5em desafios te\u00f3ricos pensados para testar os conceitos subjacentes ao seu projeto, desde a efici\u00eancia energ\u00e9tica \u00e0 integra\u00e7\u00e3o de novos materiais e sistemas inteligentes. L\u00ea\u00a0cada desafio com aten\u00e7\u00e3o e, se tiveres d\u00favidas, n\u00e3o hesites em contactar-nos!<\/p>\n<p><strong>Airbus Atlantic<\/strong><\/p>\n<p>\ud83c\udfaf<a href=\"https:\/\/drive.google.com\/file\/d\/1pHIrLlOOjY7SlW8heG9U6_S4Wq4iyRWU\/view?usp=drive_link\" target=\"_blank\" rel=\"noopener\">Desafio n.\u00ba 1 \u2013 Circularidade dos sistemas de produ\u00e7\u00e3o no setor aeron\u00e1utico.<\/a><br \/>\n\ud83c\udfaf<a href=\"https:\/\/drive.google.com\/file\/d\/1GWK_Ja0JHTXRqiiOefCGDma-1QDZDbIg\/view?usp=sharing\" target=\"_blank\" rel=\"noopener\">Desafio n.\u00ba 2 &#8211; Implementa\u00e7\u00e3o de cadeias de abastecimento sustent\u00e1veis atrav\u00e9s de parcerias intersetoriais.<\/a><\/p>\n<p><strong>Renault Group<\/strong><\/p>\n<p>\ud83c\udfaf<a href=\"https:\/\/drive.google.com\/file\/d\/10gH2sqXHdfMEzxnkx8WzNvJHRi2LWG1e\/view?usp=drive_link\">Desafio n.\u00ba 3 \u2013 Tecnologias Digitais Avan\u00e7adas para Intelig\u00eancia Ambiental e Otimiza\u00e7\u00e3o Operacional.<\/a><\/p>\n<p><strong>HORSE Aveiro<\/strong><\/p>\n<p>\ud83c\udfaf<a href=\"https:\/\/drive.google.com\/file\/d\/1wEc0evfAU_o52es9Wt2isaJ8jmqV56-K\/view?usp=drive_link\">Desafio n.\u00ba 4 &#8211; Mobilidade sustent\u00e1vel e transportes net-zero, eletrifica\u00e7\u00e3o e armazenamento de energia Inova\u00e7\u00f5es para solu\u00e7\u00f5es de mobilidade sustent\u00e1vel.\u00a0<\/a><\/p>\n<p><strong>SCAIRA Consortium (with Soltena as expert sponsor in sustainable transition)<\/strong><\/p>\n<p>\ud83c\udfaf<a href=\"https:\/\/drive.google.com\/file\/d\/14f2XRTWroSBt17UxjrNREIFlWoutaQxi\/view?usp=drive_link\">Desafio n.\u00ba 5 &#8211; Economia circular nas ind\u00fastrias aeroespacial e autom\u00f3vel.<\/a><\/p>\n<p>\u27a1\ufe0f Clica <a href=\"https:\/\/drive.google.com\/file\/d\/1ZvqVQLMiMAksAOM3OZPjcRx-Tq7uP_WL\/view?usp=drive_link\" target=\"_blank\" rel=\"noopener\">aqui<\/a> para saber mais sobre as<em> Instru\u00e7\u00f5es para os candidatos ao concurso p\u00fablico<\/em>.<\/p>\n<h3><strong>SCAIRA Info Day: 2nd open call<\/strong><\/h3>\n<p>No <strong>dia 14 de maio, das 10h30 \u00e0s 11h30<\/strong>, realizar-se-\u00e1 o <a href=\"https:\/\/scaira.clickmeeting.com\/scaira-info-day-all-about-the-2nd-open-call-\" target=\"_blank\" rel=\"noopener\">webinar <strong>&#8220;SCAIRA Info Day: 2nd Open Call&#8221;<\/strong><\/a>, um momento dedicado a apresentar em detalhe as novidades da nova convocat\u00f3ria e a esclarecer d\u00favidas sobre o programa de acelera\u00e7\u00e3o. Durante esta sess\u00e3o online, dinamizada pelos parceiros do projeto SCAIRA, conhecer\u00e1s os objetivos do programa, os desafios tecnol\u00f3gicos, o calend\u00e1rio de atividades e as condi\u00e7\u00f5es de participa\u00e7\u00e3o. Al\u00e9m disso, poder\u00e1s colocar quest\u00f5es em <strong>franc\u00eas, portugu\u00eas ou espanhol<\/strong>, e interagir com outros empreendedores ap\u00f3s a sess\u00e3o.<\/p>\n<h3 class=\"wp-block-heading\">Sobre o SCAIRA<\/h3>\n<p>O\u00a0<a href=\"https:\/\/interreg-sudoe.eu\/pt-pt\/proyecto-interreg\/scaira\/\">projeto SCAIRA<\/a>, cofinanciado pelo programa de desenvolvimento regional Interreg SUDOE 2021-2027 com um financiamento de 1.865.807,42 euros, tem como principal objetivo aconselhar empreendedores do sul da Europa na cria\u00e7\u00e3o e acelera\u00e7\u00e3o de start-ups nos sectores aeroespacial e autom\u00f3vel. A iniciativa ir\u00e1 decorrer at\u00e9 ao final de 2026 e \u00e9 impulsionada por um cons\u00f3rcio colaborativo de doze entidades de Fran\u00e7a, Portugal e Espanha, com comprovada experi\u00eancia na gest\u00e3o de projetos europeus e no dom\u00ednio da transi\u00e7\u00e3o industrial e especializa\u00e7\u00e3o inteligente.<\/p>\n<p>&nbsp;<\/p>\n<p><iframe title=\"\ud83d\ude80SCAIRA: Discover our European start-up acceleration programme!\" width=\"800\" height=\"450\" src=\"https:\/\/www.youtube.com\/embed\/0TYNZ7R_81c?feature=oembed\" frameborder=\"0\" allow=\"accelerometer; autoplay; clipboard-write; encrypted-media; gyroscope; picture-in-picture; web-share\" referrerpolicy=\"strict-origin-when-cross-origin\" allowfullscreen><\/iframe><\/p>\n<h3 class=\"wp-block-heading\">Parceiros<\/h3>\n<ul class=\"wp-block-list\">\n<li>Aerospace Valley (Fran\u00e7a).<\/li>\n<li>Renault Spain (Espanha).<\/li>\n<li>Airbus Atlantic (Fran\u00e7a).<\/li>\n<li>Corporaci\u00f3n Tecnol\u00f3gica de Andaluc\u00eda (Espanha).<\/li>\n<li>Cl\u00faster de la ind\u00fastria de l\u2019automoci\u00f3 de Catalunya (Espanha).<\/li>\n<li>FUNDECYT-PCTEX (Espanha).<\/li>\n<li>HIESE (Portugal).<\/li>\n<li>IMT Mines Al\u00e8s (Fran\u00e7a).<\/li>\n<li>Soltena (Fran\u00e7a).<\/li>\n<li>MOBINOV (Portugal).<\/li>\n<li>CEEIM (Espanha).<\/li>\n<li>Communaut\u00e9 d\u2019agglom\u00e9ration Rochefort Oc\u00e9an (Fran\u00e7a).<\/li>\n<\/ul>\n<h3 class=\"wp-block-heading\">Siga-nos!<\/h3>\n<p>\ud83d\udc49\u00a0<a href=\"https:\/\/twitter.com\/Interreg_SCAIRA\" target=\"_blank\" rel=\"noopener\">@Interreg_SCAIRA<\/a><br \/>\n\ud83d\udc49\u00a0<a href=\"https:\/\/www.linkedin.com\/company\/scaira-interreg-sudoe\/\" target=\"_blank\" rel=\"noopener\">SCAIRA \u2013 Interreg SUDOE<\/a><br \/>\n\ud83d\udc49\u00a0<a href=\"https:\/\/youtube.com\/@interreg_scaira?feature=shared\" target=\"_blank\" rel=\"noopener\">SCAIRA-Interreg-SUDOE<\/a><br \/>\n<a href=\"https:\/\/interreg-sudoe.us10.list-manage.com\/subscribe?u=60ffcf8525d3ee06a7d7af108&amp;id=08efbe2159\" target=\"_blank\" rel=\"noopener\">\ud83d\udc49SCAIRA Newsletter<\/a><\/p>\n","protected":false},"excerpt":{"rendered":"<p>Se tens uma ideia inovadora e disruptiva e queres avan\u00e7ar com ela, ou precisas dos melhores conselhos (jur\u00eddicos, t\u00e9cnicos e de neg\u00f3cio) para avan\u00e7ares com o teu projeto ou faz\u00ea-lo crescer, inscreve-te j\u00e1 na nossa plataforma. Tens at\u00e9 \u00e0s 16h do dia 6 de julho! O projeto europeu SCAIRA abre a segunda convocat\u00f3ria para candidaturas [&hellip;]<\/p>\n","protected":false},"author":5002,"featured_media":46737,"parent":0,"template":"","meta":{"_acf_changed":false,"content-type":"","_monsterinsights_skip_tracking":false,"_monsterinsights_sitenote_active":false,"_monsterinsights_sitenote_note":"","_monsterinsights_sitenote_category":0},"class_list":["post-46597","noticia-proyecto","type-noticia-proyecto","status-publish","has-post-thumbnail","hentry"],"acf":[],"yoast_head":"<!-- This site is optimized with the Yoast SEO plugin v27.2 - https:\/\/yoast.com\/product\/yoast-seo-wordpress\/ -->\n<title>O projeto SCAIRA lan\u00e7a a sua segunda open call! - Interreg Sudoe<\/title>\n<meta name=\"robots\" content=\"index, follow, max-snippet:-1, max-image-preview:large, max-video-preview:-1\" \/>\n<link rel=\"canonical\" href=\"https:\/\/interreg-sudoe.eu\/pt-pt\/noticia-proyecto\/o-projeto-scaira-lanca-a-sua-segunda-open-call\/\" \/>\n<meta property=\"og:locale\" content=\"pt_PT\" \/>\n<meta property=\"og:type\" content=\"article\" \/>\n<meta property=\"og:title\" content=\"O projeto SCAIRA lan\u00e7a a sua segunda open call! - Interreg Sudoe\" \/>\n<meta property=\"og:description\" content=\"Se tens uma ideia inovadora e disruptiva e queres avan\u00e7ar com ela, ou precisas dos melhores conselhos (jur\u00eddicos, t\u00e9cnicos e de neg\u00f3cio) para avan\u00e7ares com o teu projeto ou faz\u00ea-lo crescer, inscreve-te j\u00e1 na nossa plataforma. Tens at\u00e9 \u00e0s 16h do dia 6 de julho! O projeto europeu SCAIRA abre a segunda convocat\u00f3ria para candidaturas [&hellip;]\" \/>\n<meta property=\"og:url\" content=\"https:\/\/interreg-sudoe.eu\/pt-pt\/noticia-proyecto\/o-projeto-scaira-lanca-a-sua-segunda-open-call\/\" \/>\n<meta property=\"og:site_name\" content=\"Interreg Sudoe\" \/>\n<meta property=\"article:publisher\" content=\"https:\/\/www.facebook.com\/interregsudoe\" \/>\n<meta property=\"article:modified_time\" content=\"2026-02-16T14:20:07+00:00\" \/>\n<meta property=\"og:image\" content=\"https:\/\/interreg-sudoe.eu\/wp-content\/uploads\/2025\/04\/SCAIRA_2nd_OC_header.png\" \/>\n\t<meta property=\"og:image:width\" content=\"1920\" \/>\n\t<meta property=\"og:image:height\" content=\"1076\" \/>\n\t<meta property=\"og:image:type\" content=\"image\/png\" \/>\n<meta name=\"twitter:card\" content=\"summary_large_image\" \/>\n<meta name=\"twitter:site\" content=\"@Sudoe5\" \/>\n<meta name=\"twitter:label1\" content=\"Tempo estimado de leitura\" \/>\n\t<meta name=\"twitter:data1\" content=\"4 minutos\" \/>\n<script type=\"application\/ld+json\" class=\"yoast-schema-graph\">{\"@context\":\"https:\/\/schema.org\",\"@graph\":[{\"@type\":\"WebPage\",\"@id\":\"https:\/\/interreg-sudoe.eu\/pt-pt\/noticia-proyecto\/o-projeto-scaira-lanca-a-sua-segunda-open-call\/\",\"url\":\"https:\/\/interreg-sudoe.eu\/pt-pt\/noticia-proyecto\/o-projeto-scaira-lanca-a-sua-segunda-open-call\/\",\"name\":\"O projeto SCAIRA lan\u00e7a a sua segunda open call! - Interreg Sudoe\",\"isPartOf\":{\"@id\":\"https:\/\/interreg-sudoe.eu\/pt-pt\/#website\"},\"primaryImageOfPage\":{\"@id\":\"https:\/\/interreg-sudoe.eu\/pt-pt\/noticia-proyecto\/o-projeto-scaira-lanca-a-sua-segunda-open-call\/#primaryimage\"},\"image\":{\"@id\":\"https:\/\/interreg-sudoe.eu\/pt-pt\/noticia-proyecto\/o-projeto-scaira-lanca-a-sua-segunda-open-call\/#primaryimage\"},\"thumbnailUrl\":\"https:\/\/interreg-sudoe.eu\/wp-content\/uploads\/2025\/04\/SCAIRA_2nd_OC_header.png\",\"datePublished\":\"2025-05-02T07:01:56+00:00\",\"dateModified\":\"2026-02-16T14:20:07+00:00\",\"breadcrumb\":{\"@id\":\"https:\/\/interreg-sudoe.eu\/pt-pt\/noticia-proyecto\/o-projeto-scaira-lanca-a-sua-segunda-open-call\/#breadcrumb\"},\"inLanguage\":\"pt-PT\",\"potentialAction\":[{\"@type\":\"ReadAction\",\"target\":[\"https:\/\/interreg-sudoe.eu\/pt-pt\/noticia-proyecto\/o-projeto-scaira-lanca-a-sua-segunda-open-call\/\"]}]},{\"@type\":\"ImageObject\",\"inLanguage\":\"pt-PT\",\"@id\":\"https:\/\/interreg-sudoe.eu\/pt-pt\/noticia-proyecto\/o-projeto-scaira-lanca-a-sua-segunda-open-call\/#primaryimage\",\"url\":\"https:\/\/interreg-sudoe.eu\/wp-content\/uploads\/2025\/04\/SCAIRA_2nd_OC_header.png\",\"contentUrl\":\"https:\/\/interreg-sudoe.eu\/wp-content\/uploads\/2025\/04\/SCAIRA_2nd_OC_header.png\",\"width\":1920,\"height\":1076,\"caption\":\"SCAIRA_2nd_OC_header.\"},{\"@type\":\"BreadcrumbList\",\"@id\":\"https:\/\/interreg-sudoe.eu\/pt-pt\/noticia-proyecto\/o-projeto-scaira-lanca-a-sua-segunda-open-call\/#breadcrumb\",\"itemListElement\":[{\"@type\":\"ListItem\",\"position\":1,\"name\":\"Home\",\"item\":\"https:\/\/interreg-sudoe.eu\/pt-pt\/\"},{\"@type\":\"ListItem\",\"position\":2,\"name\":\"O projeto SCAIRA lan\u00e7a a sua segunda open call!\"}]},{\"@type\":\"WebSite\",\"@id\":\"https:\/\/interreg-sudoe.eu\/pt-pt\/#website\",\"url\":\"https:\/\/interreg-sudoe.eu\/pt-pt\/\",\"name\":\"Interreg Sudoe\",\"description\":\"Interreg Sudoe\",\"publisher\":{\"@id\":\"https:\/\/interreg-sudoe.eu\/pt-pt\/#organization\"},\"alternateName\":\"Interreg Sudoe\",\"potentialAction\":[{\"@type\":\"SearchAction\",\"target\":{\"@type\":\"EntryPoint\",\"urlTemplate\":\"https:\/\/interreg-sudoe.eu\/pt-pt\/?s={search_term_string}\"},\"query-input\":{\"@type\":\"PropertyValueSpecification\",\"valueRequired\":true,\"valueName\":\"search_term_string\"}}],\"inLanguage\":\"pt-PT\"},{\"@type\":\"Organization\",\"@id\":\"https:\/\/interreg-sudoe.eu\/pt-pt\/#organization\",\"name\":\"Interreg Sudoe\",\"alternateName\":\"Interreg Sudoe\",\"url\":\"https:\/\/interreg-sudoe.eu\/pt-pt\/\",\"logo\":{\"@type\":\"ImageObject\",\"inLanguage\":\"pt-PT\",\"@id\":\"https:\/\/interreg-sudoe.eu\/pt-pt\/#\/schema\/logo\/image\/\",\"url\":\"https:\/\/interreg-sudoe.eu\/wp-content\/uploads\/2024\/03\/logo-interreg.png\",\"contentUrl\":\"https:\/\/interreg-sudoe.eu\/wp-content\/uploads\/2024\/03\/logo-interreg.png\",\"width\":1200,\"height\":675,\"caption\":\"Interreg Sudoe\"},\"image\":{\"@id\":\"https:\/\/interreg-sudoe.eu\/pt-pt\/#\/schema\/logo\/image\/\"},\"sameAs\":[\"https:\/\/www.facebook.com\/interregsudoe\",\"https:\/\/x.com\/Sudoe5\",\"https:\/\/www.youtube.com\/channel\/UCeGx2edoB32beRc9dbKA2vw\",\"https:\/\/www.linkedin.com\/company\/interreg-sudoe-programme\/\",\"https:\/\/www.flickr.com\/photos\/148704685@N06\/\"]}]}<\/script>\n<!-- \/ Yoast SEO plugin. -->","yoast_head_json":{"title":"O projeto SCAIRA lan\u00e7a a sua segunda open call! - Interreg Sudoe","robots":{"index":"index","follow":"follow","max-snippet":"max-snippet:-1","max-image-preview":"max-image-preview:large","max-video-preview":"max-video-preview:-1"},"canonical":"https:\/\/interreg-sudoe.eu\/pt-pt\/noticia-proyecto\/o-projeto-scaira-lanca-a-sua-segunda-open-call\/","og_locale":"pt_PT","og_type":"article","og_title":"O projeto SCAIRA lan\u00e7a a sua segunda open call! - Interreg Sudoe","og_description":"Se tens uma ideia inovadora e disruptiva e queres avan\u00e7ar com ela, ou precisas dos melhores conselhos (jur\u00eddicos, t\u00e9cnicos e de neg\u00f3cio) para avan\u00e7ares com o teu projeto ou faz\u00ea-lo crescer, inscreve-te j\u00e1 na nossa plataforma. Tens at\u00e9 \u00e0s 16h do dia 6 de julho! O projeto europeu SCAIRA abre a segunda convocat\u00f3ria para candidaturas [&hellip;]","og_url":"https:\/\/interreg-sudoe.eu\/pt-pt\/noticia-proyecto\/o-projeto-scaira-lanca-a-sua-segunda-open-call\/","og_site_name":"Interreg Sudoe","article_publisher":"https:\/\/www.facebook.com\/interregsudoe","article_modified_time":"2026-02-16T14:20:07+00:00","og_image":[{"width":1920,"height":1076,"url":"https:\/\/interreg-sudoe.eu\/wp-content\/uploads\/2025\/04\/SCAIRA_2nd_OC_header.png","type":"image\/png"}],"twitter_card":"summary_large_image","twitter_site":"@Sudoe5","twitter_misc":{"Tempo estimado de leitura":"4 minutos"},"schema":{"@context":"https:\/\/schema.org","@graph":[{"@type":"WebPage","@id":"https:\/\/interreg-sudoe.eu\/pt-pt\/noticia-proyecto\/o-projeto-scaira-lanca-a-sua-segunda-open-call\/","url":"https:\/\/interreg-sudoe.eu\/pt-pt\/noticia-proyecto\/o-projeto-scaira-lanca-a-sua-segunda-open-call\/","name":"O projeto SCAIRA lan\u00e7a a sua segunda open call! - Interreg Sudoe","isPartOf":{"@id":"https:\/\/interreg-sudoe.eu\/pt-pt\/#website"},"primaryImageOfPage":{"@id":"https:\/\/interreg-sudoe.eu\/pt-pt\/noticia-proyecto\/o-projeto-scaira-lanca-a-sua-segunda-open-call\/#primaryimage"},"image":{"@id":"https:\/\/interreg-sudoe.eu\/pt-pt\/noticia-proyecto\/o-projeto-scaira-lanca-a-sua-segunda-open-call\/#primaryimage"},"thumbnailUrl":"https:\/\/interreg-sudoe.eu\/wp-content\/uploads\/2025\/04\/SCAIRA_2nd_OC_header.png","datePublished":"2025-05-02T07:01:56+00:00","dateModified":"2026-02-16T14:20:07+00:00","breadcrumb":{"@id":"https:\/\/interreg-sudoe.eu\/pt-pt\/noticia-proyecto\/o-projeto-scaira-lanca-a-sua-segunda-open-call\/#breadcrumb"},"inLanguage":"pt-PT","potentialAction":[{"@type":"ReadAction","target":["https:\/\/interreg-sudoe.eu\/pt-pt\/noticia-proyecto\/o-projeto-scaira-lanca-a-sua-segunda-open-call\/"]}]},{"@type":"ImageObject","inLanguage":"pt-PT","@id":"https:\/\/interreg-sudoe.eu\/pt-pt\/noticia-proyecto\/o-projeto-scaira-lanca-a-sua-segunda-open-call\/#primaryimage","url":"https:\/\/interreg-sudoe.eu\/wp-content\/uploads\/2025\/04\/SCAIRA_2nd_OC_header.png","contentUrl":"https:\/\/interreg-sudoe.eu\/wp-content\/uploads\/2025\/04\/SCAIRA_2nd_OC_header.png","width":1920,"height":1076,"caption":"SCAIRA_2nd_OC_header."},{"@type":"BreadcrumbList","@id":"https:\/\/interreg-sudoe.eu\/pt-pt\/noticia-proyecto\/o-projeto-scaira-lanca-a-sua-segunda-open-call\/#breadcrumb","itemListElement":[{"@type":"ListItem","position":1,"name":"Home","item":"https:\/\/interreg-sudoe.eu\/pt-pt\/"},{"@type":"ListItem","position":2,"name":"O projeto SCAIRA lan\u00e7a a sua segunda open call!"}]},{"@type":"WebSite","@id":"https:\/\/interreg-sudoe.eu\/pt-pt\/#website","url":"https:\/\/interreg-sudoe.eu\/pt-pt\/","name":"Interreg Sudoe","description":"Interreg Sudoe","publisher":{"@id":"https:\/\/interreg-sudoe.eu\/pt-pt\/#organization"},"alternateName":"Interreg Sudoe","potentialAction":[{"@type":"SearchAction","target":{"@type":"EntryPoint","urlTemplate":"https:\/\/interreg-sudoe.eu\/pt-pt\/?s={search_term_string}"},"query-input":{"@type":"PropertyValueSpecification","valueRequired":true,"valueName":"search_term_string"}}],"inLanguage":"pt-PT"},{"@type":"Organization","@id":"https:\/\/interreg-sudoe.eu\/pt-pt\/#organization","name":"Interreg Sudoe","alternateName":"Interreg Sudoe","url":"https:\/\/interreg-sudoe.eu\/pt-pt\/","logo":{"@type":"ImageObject","inLanguage":"pt-PT","@id":"https:\/\/interreg-sudoe.eu\/pt-pt\/#\/schema\/logo\/image\/","url":"https:\/\/interreg-sudoe.eu\/wp-content\/uploads\/2024\/03\/logo-interreg.png","contentUrl":"https:\/\/interreg-sudoe.eu\/wp-content\/uploads\/2024\/03\/logo-interreg.png","width":1200,"height":675,"caption":"Interreg Sudoe"},"image":{"@id":"https:\/\/interreg-sudoe.eu\/pt-pt\/#\/schema\/logo\/image\/"},"sameAs":["https:\/\/www.facebook.com\/interregsudoe","https:\/\/x.com\/Sudoe5","https:\/\/www.youtube.com\/channel\/UCeGx2edoB32beRc9dbKA2vw","https:\/\/www.linkedin.com\/company\/interreg-sudoe-programme\/","https:\/\/www.flickr.com\/photos\/148704685@N06\/"]}]}},"_links":{"self":[{"href":"https:\/\/interreg-sudoe.eu\/pt-pt\/wp-json\/wp\/v2\/noticia-proyecto\/46597","targetHints":{"allow":["GET"]}}],"collection":[{"href":"https:\/\/interreg-sudoe.eu\/pt-pt\/wp-json\/wp\/v2\/noticia-proyecto"}],"about":[{"href":"https:\/\/interreg-sudoe.eu\/pt-pt\/wp-json\/wp\/v2\/types\/noticia-proyecto"}],"author":[{"embeddable":true,"href":"https:\/\/interreg-sudoe.eu\/pt-pt\/wp-json\/wp\/v2\/users\/5002"}],"wp:featuredmedia":[{"embeddable":true,"href":"https:\/\/interreg-sudoe.eu\/pt-pt\/wp-json\/wp\/v2\/media\/46737"}],"wp:attachment":[{"href":"https:\/\/interreg-sudoe.eu\/pt-pt\/wp-json\/wp\/v2\/media?parent=46597"}],"curies":[{"name":"wp","href":"https:\/\/api.w.org\/{rel}","templated":true}]}}