{"id":48506,"date":"2025-06-06T09:35:37","date_gmt":"2025-06-06T07:35:37","guid":{"rendered":"https:\/\/interreg-sudoe.eu\/noticia-proyecto\/el-proyecto-thermecowat-presentado-en-la-1a-conferencia-de-la-red-de-investigacion-e-innovacion-geotermica-de-portugal-y-espana\/"},"modified":"2026-02-16T12:08:23","modified_gmt":"2026-02-16T11:08:23","slug":"el-proyecto-thermecowat-presentado-en-la-1a-conferencia-de-la-red-de-investigacion-e-innovacion-geotermica-de-portugal-y-espana","status":"publish","type":"noticia-proyecto","link":"https:\/\/interreg-sudoe.eu\/pt-pt\/noticia-proyecto\/el-proyecto-thermecowat-presentado-en-la-1a-conferencia-de-la-red-de-investigacion-e-innovacion-geotermica-de-portugal-y-espana\/","title":{"rendered":"Projeto ThermEcoWat apresentado na 1\u00aa Confer\u00eancia da Rede de Investiga\u00e7\u00e3o e Inova\u00e7\u00e3o Geot\u00e9rmica de Portugal e Espanha, pelo LNEG"},"content":{"rendered":"<h4><span style=\"color: #99cc00;\">O projeto ThermEcoWat destaca a import\u00e2ncia de estudar os ecossistemas t\u00e9rmais e a sua vulnerabilidade \u00e0s altera\u00e7\u00f5es clim\u00e1ticas numa perspetiva multidisciplinar.<\/span><\/h4>\n<p><img fetchpriority=\"high\" decoding=\"async\" class=\"alignnone wp-image-48509 alignright\" src=\"https:\/\/interreg-sudoe.eu\/wp-content\/uploads\/2025\/06\/poster-lneg-r-206x300.jpg\" alt=\"\" width=\"249\" height=\"363\" srcset=\"https:\/\/interreg-sudoe.eu\/wp-content\/uploads\/2025\/06\/poster-lneg-r-206x300.jpg 206w, https:\/\/interreg-sudoe.eu\/wp-content\/uploads\/2025\/06\/poster-lneg-r.jpg 275w\" sizes=\"(max-width: 249px) 100vw, 249px\" \/><\/p>\n<p>De 2 a 6 de junho, realizou-se em Benasque, Espanha, o <strong>1st Geothermal Research and Innovation Network<\/strong> of Portugal and Spain (<strong>Geo-RIN<\/strong>) Conference. O grupo <a href=\"https:\/\/benasque.org\/2025georin\/\">Geo-RIN<\/a> visa colocar em contacto diferentes <em>stakeholders<\/em> dos pa\u00edses ib\u00e9ricos ligados \u00e0 geotermia.<\/p>\n<p>O <strong>LNEG<\/strong> e a equipa portuguesa GT1 do projeto <strong>ThermEcoWat<\/strong> apresentaram um poster focado na prote\u00e7\u00e3o dos <strong>recursos hidrominerais e geot\u00e9rmicos<\/strong> com base numa abordagem preliminar \u00e0 prospe\u00e7\u00e3o geof\u00edsica no projeto-piloto ThermEcoWat em S. Pedro do Sul.<\/p>\n<p>O poster abordava a prote\u00e7\u00e3o do <strong>recurso hidromineral e geot\u00e9rmico<\/strong> de S. Pedro do Sul foi abordado no \u00e2mbito do projeto ThermEcoWat com o reprocessamento de antigos levantamentos geof\u00edsicos de prospe\u00e7\u00e3o de resistividade el\u00e9trica, espectrometria de radia\u00e7\u00e3o gama e gravimetria realizados na d\u00e9cada de 1990 e a aquisi\u00e7\u00e3o de novos dados geof\u00edsicos de espectrometria de radia\u00e7\u00e3o gama,\u00a0 <span data-olk-copy-source=\"MessageBody\">gravimetria e perfis de reflex\u00e3o s\u00edsmica<\/span>\u00a0localizados onde se espera que a falha condutora do fluido termomineral esteja localizada.<\/p>\n<p>Esta abordagem cient\u00edfica \u00e9 de grande import\u00e2ncia para a prote\u00e7\u00e3o do recurso, uma vez que os dados, estudados em conjunto com a hidroqu\u00edmica a realizar no \u00e2mbito do projeto, podem indicar uma zona de recarga distinta do sistema da zona aceite. Esta \u00faltima zona serviu de base para a delimita\u00e7\u00e3o da zona de prote\u00e7\u00e3o alargada do recurso.<\/p>\n<p>Aumentar o conhecimento cient\u00edfico para proteger o recurso \u00e9 o lema!!<\/p>\n<p>Ramalho, E. C., Ferreira-Gomes, L., Carvalho, J., Marques, F., Morais, I., Pereira, A. P., Sampaio, J., Franc\u00e9s, A., Represas P. (2025). Prote\u00e7\u00e3o dos recursos hidrominerais e geot\u00e9rmicos: abordagem preliminar \u00e0 prospe\u00e7\u00e3o geof\u00edsica no \u00e2mbito do projeto ThermEcoWat em S. Pedro do Sul.\u00a0 1st Geo-RIN Conference, Benasque, Espanha, 2-6 de junho de 2025.<\/p>\n","protected":false},"excerpt":{"rendered":"<p>De 2 a 6 de junho, realizou-se em Benasque, Espanha, o 1st Geothermal Research and Innovation Network of Portugal and Spain (Geo-RIN) Conference. O grupo Geo-RIN visa colocar em contacto diferentes stakeholders dos pa\u00edses ib\u00e9ricos ligados \u00e0 geotermia.<\/p>\n","protected":false},"author":6514,"featured_media":48513,"parent":0,"template":"","meta":{"_acf_changed":false,"content-type":"","_monsterinsights_skip_tracking":false,"_monsterinsights_sitenote_active":false,"_monsterinsights_sitenote_note":"","_monsterinsights_sitenote_category":0},"class_list":["post-48506","noticia-proyecto","type-noticia-proyecto","status-publish","has-post-thumbnail","hentry"],"acf":[],"yoast_head":"<!-- This site is optimized with the Yoast SEO plugin v27.2 - https:\/\/yoast.com\/product\/yoast-seo-wordpress\/ -->\n<title>Projeto ThermEcoWat apresentado na 1\u00aa Confer\u00eancia da Rede de Investiga\u00e7\u00e3o e Inova\u00e7\u00e3o Geot\u00e9rmica de Portugal e Espanha, pelo LNEG - Interreg Sudoe<\/title>\n<meta name=\"robots\" content=\"index, follow, max-snippet:-1, max-image-preview:large, max-video-preview:-1\" \/>\n<link rel=\"canonical\" href=\"https:\/\/interreg-sudoe.eu\/pt-pt\/noticia-proyecto\/el-proyecto-thermecowat-presentado-en-la-1a-conferencia-de-la-red-de-investigacion-e-innovacion-geotermica-de-portugal-y-espana\/\" \/>\n<meta property=\"og:locale\" content=\"pt_PT\" \/>\n<meta property=\"og:type\" content=\"article\" \/>\n<meta property=\"og:title\" content=\"Projeto ThermEcoWat apresentado na 1\u00aa Confer\u00eancia da Rede de Investiga\u00e7\u00e3o e Inova\u00e7\u00e3o Geot\u00e9rmica de Portugal e Espanha, pelo LNEG - Interreg Sudoe\" \/>\n<meta property=\"og:description\" content=\"De 2 a 6 de junho, realizou-se em Benasque, Espanha, o 1st Geothermal Research and Innovation Network of Portugal and Spain (Geo-RIN) Conference. O grupo Geo-RIN visa colocar em contacto diferentes stakeholders dos pa\u00edses ib\u00e9ricos ligados \u00e0 geotermia.\" \/>\n<meta property=\"og:url\" content=\"https:\/\/interreg-sudoe.eu\/pt-pt\/noticia-proyecto\/el-proyecto-thermecowat-presentado-en-la-1a-conferencia-de-la-red-de-investigacion-e-innovacion-geotermica-de-portugal-y-espana\/\" \/>\n<meta property=\"og:site_name\" content=\"Interreg Sudoe\" \/>\n<meta property=\"article:publisher\" content=\"https:\/\/www.facebook.com\/interregsudoe\" \/>\n<meta property=\"article:modified_time\" content=\"2026-02-16T11:08:23+00:00\" \/>\n<meta property=\"og:image\" content=\"https:\/\/interreg-sudoe.eu\/wp-content\/uploads\/2025\/06\/2025georin_large.jpg\" \/>\n\t<meta property=\"og:image:width\" content=\"144\" \/>\n\t<meta property=\"og:image:height\" content=\"144\" \/>\n\t<meta property=\"og:image:type\" content=\"image\/jpeg\" \/>\n<meta name=\"twitter:card\" content=\"summary_large_image\" \/>\n<meta name=\"twitter:site\" content=\"@Sudoe5\" \/>\n<meta name=\"twitter:label1\" content=\"Tempo estimado de leitura\" \/>\n\t<meta name=\"twitter:data1\" content=\"2 minutos\" \/>\n<script type=\"application\/ld+json\" class=\"yoast-schema-graph\">{\"@context\":\"https:\/\/schema.org\",\"@graph\":[{\"@type\":\"WebPage\",\"@id\":\"https:\/\/interreg-sudoe.eu\/pt-pt\/noticia-proyecto\/el-proyecto-thermecowat-presentado-en-la-1a-conferencia-de-la-red-de-investigacion-e-innovacion-geotermica-de-portugal-y-espana\/\",\"url\":\"https:\/\/interreg-sudoe.eu\/pt-pt\/noticia-proyecto\/el-proyecto-thermecowat-presentado-en-la-1a-conferencia-de-la-red-de-investigacion-e-innovacion-geotermica-de-portugal-y-espana\/\",\"name\":\"Projeto ThermEcoWat apresentado na 1\u00aa Confer\u00eancia da Rede de Investiga\u00e7\u00e3o e Inova\u00e7\u00e3o Geot\u00e9rmica de Portugal e Espanha, pelo LNEG - Interreg Sudoe\",\"isPartOf\":{\"@id\":\"https:\/\/interreg-sudoe.eu\/pt-pt\/#website\"},\"primaryImageOfPage\":{\"@id\":\"https:\/\/interreg-sudoe.eu\/pt-pt\/noticia-proyecto\/el-proyecto-thermecowat-presentado-en-la-1a-conferencia-de-la-red-de-investigacion-e-innovacion-geotermica-de-portugal-y-espana\/#primaryimage\"},\"image\":{\"@id\":\"https:\/\/interreg-sudoe.eu\/pt-pt\/noticia-proyecto\/el-proyecto-thermecowat-presentado-en-la-1a-conferencia-de-la-red-de-investigacion-e-innovacion-geotermica-de-portugal-y-espana\/#primaryimage\"},\"thumbnailUrl\":\"https:\/\/interreg-sudoe.eu\/wp-content\/uploads\/2025\/06\/2025georin_large.jpg\",\"datePublished\":\"2025-06-06T07:35:37+00:00\",\"dateModified\":\"2026-02-16T11:08:23+00:00\",\"breadcrumb\":{\"@id\":\"https:\/\/interreg-sudoe.eu\/pt-pt\/noticia-proyecto\/el-proyecto-thermecowat-presentado-en-la-1a-conferencia-de-la-red-de-investigacion-e-innovacion-geotermica-de-portugal-y-espana\/#breadcrumb\"},\"inLanguage\":\"pt-PT\",\"potentialAction\":[{\"@type\":\"ReadAction\",\"target\":[\"https:\/\/interreg-sudoe.eu\/pt-pt\/noticia-proyecto\/el-proyecto-thermecowat-presentado-en-la-1a-conferencia-de-la-red-de-investigacion-e-innovacion-geotermica-de-portugal-y-espana\/\"]}]},{\"@type\":\"ImageObject\",\"inLanguage\":\"pt-PT\",\"@id\":\"https:\/\/interreg-sudoe.eu\/pt-pt\/noticia-proyecto\/el-proyecto-thermecowat-presentado-en-la-1a-conferencia-de-la-red-de-investigacion-e-innovacion-geotermica-de-portugal-y-espana\/#primaryimage\",\"url\":\"https:\/\/interreg-sudoe.eu\/wp-content\/uploads\/2025\/06\/2025georin_large.jpg\",\"contentUrl\":\"https:\/\/interreg-sudoe.eu\/wp-content\/uploads\/2025\/06\/2025georin_large.jpg\",\"width\":144,\"height\":144},{\"@type\":\"BreadcrumbList\",\"@id\":\"https:\/\/interreg-sudoe.eu\/pt-pt\/noticia-proyecto\/el-proyecto-thermecowat-presentado-en-la-1a-conferencia-de-la-red-de-investigacion-e-innovacion-geotermica-de-portugal-y-espana\/#breadcrumb\",\"itemListElement\":[{\"@type\":\"ListItem\",\"position\":1,\"name\":\"Home\",\"item\":\"https:\/\/interreg-sudoe.eu\/pt-pt\/\"},{\"@type\":\"ListItem\",\"position\":2,\"name\":\"Projeto ThermEcoWat apresentado na 1\u00aa Confer\u00eancia da Rede de Investiga\u00e7\u00e3o e Inova\u00e7\u00e3o Geot\u00e9rmica de Portugal e Espanha, pelo LNEG\"}]},{\"@type\":\"WebSite\",\"@id\":\"https:\/\/interreg-sudoe.eu\/pt-pt\/#website\",\"url\":\"https:\/\/interreg-sudoe.eu\/pt-pt\/\",\"name\":\"Interreg Sudoe\",\"description\":\"Interreg Sudoe\",\"publisher\":{\"@id\":\"https:\/\/interreg-sudoe.eu\/pt-pt\/#organization\"},\"alternateName\":\"Interreg Sudoe\",\"potentialAction\":[{\"@type\":\"SearchAction\",\"target\":{\"@type\":\"EntryPoint\",\"urlTemplate\":\"https:\/\/interreg-sudoe.eu\/pt-pt\/?s={search_term_string}\"},\"query-input\":{\"@type\":\"PropertyValueSpecification\",\"valueRequired\":true,\"valueName\":\"search_term_string\"}}],\"inLanguage\":\"pt-PT\"},{\"@type\":\"Organization\",\"@id\":\"https:\/\/interreg-sudoe.eu\/pt-pt\/#organization\",\"name\":\"Interreg Sudoe\",\"alternateName\":\"Interreg Sudoe\",\"url\":\"https:\/\/interreg-sudoe.eu\/pt-pt\/\",\"logo\":{\"@type\":\"ImageObject\",\"inLanguage\":\"pt-PT\",\"@id\":\"https:\/\/interreg-sudoe.eu\/pt-pt\/#\/schema\/logo\/image\/\",\"url\":\"https:\/\/interreg-sudoe.eu\/wp-content\/uploads\/2024\/03\/logo-interreg.png\",\"contentUrl\":\"https:\/\/interreg-sudoe.eu\/wp-content\/uploads\/2024\/03\/logo-interreg.png\",\"width\":1200,\"height\":675,\"caption\":\"Interreg Sudoe\"},\"image\":{\"@id\":\"https:\/\/interreg-sudoe.eu\/pt-pt\/#\/schema\/logo\/image\/\"},\"sameAs\":[\"https:\/\/www.facebook.com\/interregsudoe\",\"https:\/\/x.com\/Sudoe5\",\"https:\/\/www.youtube.com\/channel\/UCeGx2edoB32beRc9dbKA2vw\",\"https:\/\/www.linkedin.com\/company\/interreg-sudoe-programme\/\",\"https:\/\/www.flickr.com\/photos\/148704685@N06\/\"]}]}<\/script>\n<!-- \/ Yoast SEO plugin. -->","yoast_head_json":{"title":"Projeto ThermEcoWat apresentado na 1\u00aa Confer\u00eancia da Rede de Investiga\u00e7\u00e3o e Inova\u00e7\u00e3o Geot\u00e9rmica de Portugal e Espanha, pelo LNEG - Interreg Sudoe","robots":{"index":"index","follow":"follow","max-snippet":"max-snippet:-1","max-image-preview":"max-image-preview:large","max-video-preview":"max-video-preview:-1"},"canonical":"https:\/\/interreg-sudoe.eu\/pt-pt\/noticia-proyecto\/el-proyecto-thermecowat-presentado-en-la-1a-conferencia-de-la-red-de-investigacion-e-innovacion-geotermica-de-portugal-y-espana\/","og_locale":"pt_PT","og_type":"article","og_title":"Projeto ThermEcoWat apresentado na 1\u00aa Confer\u00eancia da Rede de Investiga\u00e7\u00e3o e Inova\u00e7\u00e3o Geot\u00e9rmica de Portugal e Espanha, pelo LNEG - Interreg Sudoe","og_description":"De 2 a 6 de junho, realizou-se em Benasque, Espanha, o 1st Geothermal Research and Innovation Network of Portugal and Spain (Geo-RIN) Conference. O grupo Geo-RIN visa colocar em contacto diferentes stakeholders dos pa\u00edses ib\u00e9ricos ligados \u00e0 geotermia.","og_url":"https:\/\/interreg-sudoe.eu\/pt-pt\/noticia-proyecto\/el-proyecto-thermecowat-presentado-en-la-1a-conferencia-de-la-red-de-investigacion-e-innovacion-geotermica-de-portugal-y-espana\/","og_site_name":"Interreg Sudoe","article_publisher":"https:\/\/www.facebook.com\/interregsudoe","article_modified_time":"2026-02-16T11:08:23+00:00","og_image":[{"width":144,"height":144,"url":"https:\/\/interreg-sudoe.eu\/wp-content\/uploads\/2025\/06\/2025georin_large.jpg","type":"image\/jpeg"}],"twitter_card":"summary_large_image","twitter_site":"@Sudoe5","twitter_misc":{"Tempo estimado de leitura":"2 minutos"},"schema":{"@context":"https:\/\/schema.org","@graph":[{"@type":"WebPage","@id":"https:\/\/interreg-sudoe.eu\/pt-pt\/noticia-proyecto\/el-proyecto-thermecowat-presentado-en-la-1a-conferencia-de-la-red-de-investigacion-e-innovacion-geotermica-de-portugal-y-espana\/","url":"https:\/\/interreg-sudoe.eu\/pt-pt\/noticia-proyecto\/el-proyecto-thermecowat-presentado-en-la-1a-conferencia-de-la-red-de-investigacion-e-innovacion-geotermica-de-portugal-y-espana\/","name":"Projeto ThermEcoWat apresentado na 1\u00aa Confer\u00eancia da Rede de Investiga\u00e7\u00e3o e Inova\u00e7\u00e3o Geot\u00e9rmica de Portugal e Espanha, pelo LNEG - Interreg Sudoe","isPartOf":{"@id":"https:\/\/interreg-sudoe.eu\/pt-pt\/#website"},"primaryImageOfPage":{"@id":"https:\/\/interreg-sudoe.eu\/pt-pt\/noticia-proyecto\/el-proyecto-thermecowat-presentado-en-la-1a-conferencia-de-la-red-de-investigacion-e-innovacion-geotermica-de-portugal-y-espana\/#primaryimage"},"image":{"@id":"https:\/\/interreg-sudoe.eu\/pt-pt\/noticia-proyecto\/el-proyecto-thermecowat-presentado-en-la-1a-conferencia-de-la-red-de-investigacion-e-innovacion-geotermica-de-portugal-y-espana\/#primaryimage"},"thumbnailUrl":"https:\/\/interreg-sudoe.eu\/wp-content\/uploads\/2025\/06\/2025georin_large.jpg","datePublished":"2025-06-06T07:35:37+00:00","dateModified":"2026-02-16T11:08:23+00:00","breadcrumb":{"@id":"https:\/\/interreg-sudoe.eu\/pt-pt\/noticia-proyecto\/el-proyecto-thermecowat-presentado-en-la-1a-conferencia-de-la-red-de-investigacion-e-innovacion-geotermica-de-portugal-y-espana\/#breadcrumb"},"inLanguage":"pt-PT","potentialAction":[{"@type":"ReadAction","target":["https:\/\/interreg-sudoe.eu\/pt-pt\/noticia-proyecto\/el-proyecto-thermecowat-presentado-en-la-1a-conferencia-de-la-red-de-investigacion-e-innovacion-geotermica-de-portugal-y-espana\/"]}]},{"@type":"ImageObject","inLanguage":"pt-PT","@id":"https:\/\/interreg-sudoe.eu\/pt-pt\/noticia-proyecto\/el-proyecto-thermecowat-presentado-en-la-1a-conferencia-de-la-red-de-investigacion-e-innovacion-geotermica-de-portugal-y-espana\/#primaryimage","url":"https:\/\/interreg-sudoe.eu\/wp-content\/uploads\/2025\/06\/2025georin_large.jpg","contentUrl":"https:\/\/interreg-sudoe.eu\/wp-content\/uploads\/2025\/06\/2025georin_large.jpg","width":144,"height":144},{"@type":"BreadcrumbList","@id":"https:\/\/interreg-sudoe.eu\/pt-pt\/noticia-proyecto\/el-proyecto-thermecowat-presentado-en-la-1a-conferencia-de-la-red-de-investigacion-e-innovacion-geotermica-de-portugal-y-espana\/#breadcrumb","itemListElement":[{"@type":"ListItem","position":1,"name":"Home","item":"https:\/\/interreg-sudoe.eu\/pt-pt\/"},{"@type":"ListItem","position":2,"name":"Projeto ThermEcoWat apresentado na 1\u00aa Confer\u00eancia da Rede de Investiga\u00e7\u00e3o e Inova\u00e7\u00e3o Geot\u00e9rmica de Portugal e Espanha, pelo LNEG"}]},{"@type":"WebSite","@id":"https:\/\/interreg-sudoe.eu\/pt-pt\/#website","url":"https:\/\/interreg-sudoe.eu\/pt-pt\/","name":"Interreg Sudoe","description":"Interreg Sudoe","publisher":{"@id":"https:\/\/interreg-sudoe.eu\/pt-pt\/#organization"},"alternateName":"Interreg Sudoe","potentialAction":[{"@type":"SearchAction","target":{"@type":"EntryPoint","urlTemplate":"https:\/\/interreg-sudoe.eu\/pt-pt\/?s={search_term_string}"},"query-input":{"@type":"PropertyValueSpecification","valueRequired":true,"valueName":"search_term_string"}}],"inLanguage":"pt-PT"},{"@type":"Organization","@id":"https:\/\/interreg-sudoe.eu\/pt-pt\/#organization","name":"Interreg Sudoe","alternateName":"Interreg Sudoe","url":"https:\/\/interreg-sudoe.eu\/pt-pt\/","logo":{"@type":"ImageObject","inLanguage":"pt-PT","@id":"https:\/\/interreg-sudoe.eu\/pt-pt\/#\/schema\/logo\/image\/","url":"https:\/\/interreg-sudoe.eu\/wp-content\/uploads\/2024\/03\/logo-interreg.png","contentUrl":"https:\/\/interreg-sudoe.eu\/wp-content\/uploads\/2024\/03\/logo-interreg.png","width":1200,"height":675,"caption":"Interreg Sudoe"},"image":{"@id":"https:\/\/interreg-sudoe.eu\/pt-pt\/#\/schema\/logo\/image\/"},"sameAs":["https:\/\/www.facebook.com\/interregsudoe","https:\/\/x.com\/Sudoe5","https:\/\/www.youtube.com\/channel\/UCeGx2edoB32beRc9dbKA2vw","https:\/\/www.linkedin.com\/company\/interreg-sudoe-programme\/","https:\/\/www.flickr.com\/photos\/148704685@N06\/"]}]}},"_links":{"self":[{"href":"https:\/\/interreg-sudoe.eu\/pt-pt\/wp-json\/wp\/v2\/noticia-proyecto\/48506","targetHints":{"allow":["GET"]}}],"collection":[{"href":"https:\/\/interreg-sudoe.eu\/pt-pt\/wp-json\/wp\/v2\/noticia-proyecto"}],"about":[{"href":"https:\/\/interreg-sudoe.eu\/pt-pt\/wp-json\/wp\/v2\/types\/noticia-proyecto"}],"author":[{"embeddable":true,"href":"https:\/\/interreg-sudoe.eu\/pt-pt\/wp-json\/wp\/v2\/users\/6514"}],"wp:featuredmedia":[{"embeddable":true,"href":"https:\/\/interreg-sudoe.eu\/pt-pt\/wp-json\/wp\/v2\/media\/48513"}],"wp:attachment":[{"href":"https:\/\/interreg-sudoe.eu\/pt-pt\/wp-json\/wp\/v2\/media?parent=48506"}],"curies":[{"name":"wp","href":"https:\/\/api.w.org\/{rel}","templated":true}]}}