{"id":49263,"date":"2024-10-24T17:21:00","date_gmt":"2024-10-24T15:21:00","guid":{"rendered":"https:\/\/interreg-sudoe.eu\/noticia-proyecto\/el-consorcio-de-i-rewater-celebra-en-montpellier-su-segunda-reunion-presencial-y-asiste-a-la-conferencia-sectorial-reuse-euromed\/"},"modified":"2026-02-16T12:12:17","modified_gmt":"2026-02-16T11:12:17","slug":"el-consorcio-de-i-rewater-celebra-en-montpellier-su-segunda-reunion-presencial-y-asiste-a-la-conferencia-sectorial-reuse-euromed","status":"publish","type":"noticia-proyecto","link":"https:\/\/interreg-sudoe.eu\/pt-pt\/noticia-proyecto\/el-consorcio-de-i-rewater-celebra-en-montpellier-su-segunda-reunion-presencial-y-asiste-a-la-conferencia-sectorial-reuse-euromed\/","title":{"rendered":"O cons\u00f3rcio I-ReWater celebra em Montpellier a sua segunda reuni\u00e3o presencial e participa na confer\u00eancia setorial REUSE EUROMED"},"content":{"rendered":"<p>Entre 27 e 28 de outubro, os 16 parceiros do cons\u00f3rcio I-ReWater viajar\u00e3o para Montpellier (regi\u00e3o da Occit\u00e2nia, Fran\u00e7a) para se reunirem pessoalmente pela segunda vez desde o <i>kick off<\/i> em fevereiro em Lugo (Galiza, Espanha). A entidade anfitri\u00e3 ser\u00e1 o INRAE (Instituto Nacional de Investiga\u00e7\u00e3o em Agricultura, Alimenta\u00e7\u00e3o e Ambiente).<\/p>\n<p>Em seguida, entre ter\u00e7a-feira, 29, e quinta-feira, 31, a equipa participar\u00e1 na <a href=\"https:\/\/server.matchmaking-studio.com\/fr\/REUSEEuroMed2024\/home.html#mms\">REUSE EUROMED 2024 (Confer\u00eancia Euromediterr\u00e2nica sobre Reutiliza\u00e7\u00e3o de \u00c1guas Residuais)<\/a>, coorganizada pela Eau, Agriculture et Territoires (ex-AFEID), a R\u00e9seau REUSE d\u2019INRAE e a Chaire partenariale EACC : Eau, Agriculture et Changement climatique.<\/p>\n<p>Neste f\u00f3rum ser\u00e3o tamb\u00e9m apresentados os resultados do estudo de An\u00e1lise do Ciclo de Vida do Piloto Vinha em La Rioja, gerido pelo Instituto de Ci\u00eancias da Vinha e do Vinho &#8211; ICVV.<\/p>\n<p>&nbsp;<\/p>\n<p><strong>Qual \u00e9 o objetivo do I-ReWater?<\/strong><\/p>\n<p>O principal objetivo do I-ReWater \u00e9 melhorar a gest\u00e3o dos recursos h\u00eddricos na agricultura, integrando o uso de \u00e1gua urbana regenerada em 15 culturas irrigadas (l\u00fapulo, oliveira, vinha, amendoeira e hort\u00edcolas), contemplando aspetos ambientais que garantam o seu bom uso devido \u00e0 atual crise clim\u00e1tica.<\/p>\n<p>Toda a \u00e1gua regenerada provir\u00e1 de ETAR, adegas, ind\u00fastrias alimentares ou instala\u00e7\u00f5es dos parceiros que, previamente, tenham recebido os tratamentos sanit\u00e1rios obrigat\u00f3rios e superado as an\u00e1lises para uso na agricultura e posterior consumo humano. Uma vez no campo, a \u00e1gua \u00e9 armazenada em dep\u00f3sitos ou lagoas perto dos pilotos.<\/p>\n<p>&nbsp;<\/p>\n<p>O cons\u00f3rcio I-ReWater \u00e9 composto por:<\/p>\n<p><strong>Parceiros de Espanha:<\/strong><\/p>\n<ul>\n<li>Escola Polit\u00e9cnica Superior de Enxe\u00f1er\u00eda do Campus Terra, Universidade de Santiago de Compostela \u2013 USC (l\u00edder)<\/li>\n<li>Ag\u00eancia de Meio Ambiente e \u00c1gua da Andaluzia (AMAYA)<\/li>\n<li>\u00c1rea Metropolitana de Barcelona (AMB)<\/li>\n<li>Funda\u00e7\u00e3o Juana de Vega<\/li>\n<li>Gestagua<\/li>\n<li>Instituto de Ci\u00eancias da Vinha e do Vinho (ICVV)<\/li>\n<li>IRTA (Instituto de Investiga\u00e7\u00e3o e Tecnologia Agroalimentar)<\/li>\n<li>Gabinete do Regante do Departamento de A\u00e7\u00e3o Clim\u00e1tica e Agenda Rural (OdR) da Generalitat de Catalunya<\/li>\n<li>Universidade de C\u00f3rdoba (UCO). Escola T\u00e9cnica Superior de Engenharia Agr\u00edcola e Florestal. Departamento de Agronomia<\/li>\n<\/ul>\n<p>&nbsp;<\/p>\n<p><b>Parceiros de Portugal:<\/b><\/p>\n<ul>\n<li>\u00c1guas do Norte, S.A.<\/li>\n<li>Instituto Nacional de Investiga\u00e7\u00e3o Agr\u00e1ria e Veterin\u00e1ria, IP (INIAV, IP)<\/li>\n<li>Instituto Polit\u00e9cnico de Bragan\u00e7a<\/li>\n<li>Universidade de Tr\u00e1s-os-Montes e Alto Douro. Escola de Ci\u00eancias Agr\u00e1rias de Veterin\u00e1rias. Departamento de Agronomia<\/li>\n<\/ul>\n<p>&nbsp;<\/p>\n<p><b>Parceiros de Fran\u00e7a:<\/b><\/p>\n<ul>\n<li>HOPEN \u2013 Terre de houblon<\/li>\n<li>INRAE (Instituto Nacional de Investiga\u00e7\u00e3o para a Agricultura, Alimenta\u00e7\u00e3o e Ambiente)<\/li>\n<\/ul>\n<p>&nbsp;<\/p>\n<p><b>Parceiro de Andorra:<\/b><\/p>\n<ul>\n<li>Govern d&#8217;Andorra<\/li>\n<\/ul>\n<p>&nbsp;<\/p>\n<p>O I-ReWater foi aprovado durante a primeira convocat\u00f3ria do Programa Interreg Sudoe 2021-2027 e conta com um or\u00e7amento de mais de 2,2 milh\u00f5es de euros, financiado em 75% pelo Fundo FEDER.<\/p>\n","protected":false},"excerpt":{"rendered":"<p>Ser\u00e1 entre 27 e 31 de outubro<\/p>\n","protected":false},"author":4973,"featured_media":41313,"parent":0,"template":"","meta":{"_acf_changed":false,"content-type":"","_monsterinsights_skip_tracking":false,"_monsterinsights_sitenote_active":false,"_monsterinsights_sitenote_note":"","_monsterinsights_sitenote_category":0},"class_list":["post-49263","noticia-proyecto","type-noticia-proyecto","status-publish","has-post-thumbnail","hentry"],"acf":[],"yoast_head":"<!-- This site is optimized with the Yoast SEO plugin v27.2 - https:\/\/yoast.com\/product\/yoast-seo-wordpress\/ -->\n<title>O cons\u00f3rcio I-ReWater celebra em Montpellier a sua segunda reuni\u00e3o presencial e participa na confer\u00eancia setorial REUSE EUROMED - Interreg Sudoe<\/title>\n<meta name=\"robots\" content=\"index, follow, max-snippet:-1, max-image-preview:large, max-video-preview:-1\" \/>\n<link rel=\"canonical\" href=\"https:\/\/interreg-sudoe.eu\/pt-pt\/noticia-proyecto\/el-consorcio-de-i-rewater-celebra-en-montpellier-su-segunda-reunion-presencial-y-asiste-a-la-conferencia-sectorial-reuse-euromed\/\" \/>\n<meta property=\"og:locale\" content=\"pt_PT\" \/>\n<meta property=\"og:type\" content=\"article\" \/>\n<meta property=\"og:title\" content=\"O cons\u00f3rcio I-ReWater celebra em Montpellier a sua segunda reuni\u00e3o presencial e participa na confer\u00eancia setorial REUSE EUROMED - Interreg Sudoe\" \/>\n<meta property=\"og:description\" content=\"Ser\u00e1 entre 27 e 31 de outubro\" \/>\n<meta property=\"og:url\" content=\"https:\/\/interreg-sudoe.eu\/pt-pt\/noticia-proyecto\/el-consorcio-de-i-rewater-celebra-en-montpellier-su-segunda-reunion-presencial-y-asiste-a-la-conferencia-sectorial-reuse-euromed\/\" \/>\n<meta property=\"og:site_name\" content=\"Interreg Sudoe\" \/>\n<meta property=\"article:publisher\" content=\"https:\/\/www.facebook.com\/interregsudoe\" \/>\n<meta property=\"article:modified_time\" content=\"2026-02-16T11:12:17+00:00\" \/>\n<meta property=\"og:image\" content=\"https:\/\/interreg-sudoe.eu\/wp-content\/uploads\/2024\/10\/I-ReWater_Rollup_mockup.png\" \/>\n\t<meta property=\"og:image:width\" content=\"1084\" \/>\n\t<meta property=\"og:image:height\" content=\"1200\" \/>\n\t<meta property=\"og:image:type\" content=\"image\/png\" \/>\n<meta name=\"twitter:card\" content=\"summary_large_image\" \/>\n<meta name=\"twitter:site\" content=\"@Sudoe5\" \/>\n<meta name=\"twitter:label1\" content=\"Tempo estimado de leitura\" \/>\n\t<meta name=\"twitter:data1\" content=\"2 minutos\" \/>\n<script type=\"application\/ld+json\" class=\"yoast-schema-graph\">{\"@context\":\"https:\/\/schema.org\",\"@graph\":[{\"@type\":\"WebPage\",\"@id\":\"https:\/\/interreg-sudoe.eu\/pt-pt\/noticia-proyecto\/el-consorcio-de-i-rewater-celebra-en-montpellier-su-segunda-reunion-presencial-y-asiste-a-la-conferencia-sectorial-reuse-euromed\/\",\"url\":\"https:\/\/interreg-sudoe.eu\/pt-pt\/noticia-proyecto\/el-consorcio-de-i-rewater-celebra-en-montpellier-su-segunda-reunion-presencial-y-asiste-a-la-conferencia-sectorial-reuse-euromed\/\",\"name\":\"O cons\u00f3rcio I-ReWater celebra em Montpellier a sua segunda reuni\u00e3o presencial e participa na confer\u00eancia setorial REUSE EUROMED - Interreg Sudoe\",\"isPartOf\":{\"@id\":\"https:\/\/interreg-sudoe.eu\/pt-pt\/#website\"},\"primaryImageOfPage\":{\"@id\":\"https:\/\/interreg-sudoe.eu\/pt-pt\/noticia-proyecto\/el-consorcio-de-i-rewater-celebra-en-montpellier-su-segunda-reunion-presencial-y-asiste-a-la-conferencia-sectorial-reuse-euromed\/#primaryimage\"},\"image\":{\"@id\":\"https:\/\/interreg-sudoe.eu\/pt-pt\/noticia-proyecto\/el-consorcio-de-i-rewater-celebra-en-montpellier-su-segunda-reunion-presencial-y-asiste-a-la-conferencia-sectorial-reuse-euromed\/#primaryimage\"},\"thumbnailUrl\":\"https:\/\/interreg-sudoe.eu\/wp-content\/uploads\/2024\/10\/I-ReWater_Rollup_mockup.png\",\"datePublished\":\"2024-10-24T15:21:00+00:00\",\"dateModified\":\"2026-02-16T11:12:17+00:00\",\"breadcrumb\":{\"@id\":\"https:\/\/interreg-sudoe.eu\/pt-pt\/noticia-proyecto\/el-consorcio-de-i-rewater-celebra-en-montpellier-su-segunda-reunion-presencial-y-asiste-a-la-conferencia-sectorial-reuse-euromed\/#breadcrumb\"},\"inLanguage\":\"pt-PT\",\"potentialAction\":[{\"@type\":\"ReadAction\",\"target\":[\"https:\/\/interreg-sudoe.eu\/pt-pt\/noticia-proyecto\/el-consorcio-de-i-rewater-celebra-en-montpellier-su-segunda-reunion-presencial-y-asiste-a-la-conferencia-sectorial-reuse-euromed\/\"]}]},{\"@type\":\"ImageObject\",\"inLanguage\":\"pt-PT\",\"@id\":\"https:\/\/interreg-sudoe.eu\/pt-pt\/noticia-proyecto\/el-consorcio-de-i-rewater-celebra-en-montpellier-su-segunda-reunion-presencial-y-asiste-a-la-conferencia-sectorial-reuse-euromed\/#primaryimage\",\"url\":\"https:\/\/interreg-sudoe.eu\/wp-content\/uploads\/2024\/10\/I-ReWater_Rollup_mockup.png\",\"contentUrl\":\"https:\/\/interreg-sudoe.eu\/wp-content\/uploads\/2024\/10\/I-ReWater_Rollup_mockup.png\",\"width\":1084,\"height\":1200,\"caption\":\"mockup I-ReWater\"},{\"@type\":\"BreadcrumbList\",\"@id\":\"https:\/\/interreg-sudoe.eu\/pt-pt\/noticia-proyecto\/el-consorcio-de-i-rewater-celebra-en-montpellier-su-segunda-reunion-presencial-y-asiste-a-la-conferencia-sectorial-reuse-euromed\/#breadcrumb\",\"itemListElement\":[{\"@type\":\"ListItem\",\"position\":1,\"name\":\"Home\",\"item\":\"https:\/\/interreg-sudoe.eu\/pt-pt\/\"},{\"@type\":\"ListItem\",\"position\":2,\"name\":\"O cons\u00f3rcio I-ReWater celebra em Montpellier a sua segunda reuni\u00e3o presencial e participa na confer\u00eancia setorial REUSE EUROMED\"}]},{\"@type\":\"WebSite\",\"@id\":\"https:\/\/interreg-sudoe.eu\/pt-pt\/#website\",\"url\":\"https:\/\/interreg-sudoe.eu\/pt-pt\/\",\"name\":\"Interreg Sudoe\",\"description\":\"Interreg Sudoe\",\"publisher\":{\"@id\":\"https:\/\/interreg-sudoe.eu\/pt-pt\/#organization\"},\"alternateName\":\"Interreg Sudoe\",\"potentialAction\":[{\"@type\":\"SearchAction\",\"target\":{\"@type\":\"EntryPoint\",\"urlTemplate\":\"https:\/\/interreg-sudoe.eu\/pt-pt\/?s={search_term_string}\"},\"query-input\":{\"@type\":\"PropertyValueSpecification\",\"valueRequired\":true,\"valueName\":\"search_term_string\"}}],\"inLanguage\":\"pt-PT\"},{\"@type\":\"Organization\",\"@id\":\"https:\/\/interreg-sudoe.eu\/pt-pt\/#organization\",\"name\":\"Interreg Sudoe\",\"alternateName\":\"Interreg Sudoe\",\"url\":\"https:\/\/interreg-sudoe.eu\/pt-pt\/\",\"logo\":{\"@type\":\"ImageObject\",\"inLanguage\":\"pt-PT\",\"@id\":\"https:\/\/interreg-sudoe.eu\/pt-pt\/#\/schema\/logo\/image\/\",\"url\":\"https:\/\/interreg-sudoe.eu\/wp-content\/uploads\/2024\/03\/logo-interreg.png\",\"contentUrl\":\"https:\/\/interreg-sudoe.eu\/wp-content\/uploads\/2024\/03\/logo-interreg.png\",\"width\":1200,\"height\":675,\"caption\":\"Interreg Sudoe\"},\"image\":{\"@id\":\"https:\/\/interreg-sudoe.eu\/pt-pt\/#\/schema\/logo\/image\/\"},\"sameAs\":[\"https:\/\/www.facebook.com\/interregsudoe\",\"https:\/\/x.com\/Sudoe5\",\"https:\/\/www.youtube.com\/channel\/UCeGx2edoB32beRc9dbKA2vw\",\"https:\/\/www.linkedin.com\/company\/interreg-sudoe-programme\/\",\"https:\/\/www.flickr.com\/photos\/148704685@N06\/\"]}]}<\/script>\n<!-- \/ Yoast SEO plugin. -->","yoast_head_json":{"title":"O cons\u00f3rcio I-ReWater celebra em Montpellier a sua segunda reuni\u00e3o presencial e participa na confer\u00eancia setorial REUSE EUROMED - Interreg Sudoe","robots":{"index":"index","follow":"follow","max-snippet":"max-snippet:-1","max-image-preview":"max-image-preview:large","max-video-preview":"max-video-preview:-1"},"canonical":"https:\/\/interreg-sudoe.eu\/pt-pt\/noticia-proyecto\/el-consorcio-de-i-rewater-celebra-en-montpellier-su-segunda-reunion-presencial-y-asiste-a-la-conferencia-sectorial-reuse-euromed\/","og_locale":"pt_PT","og_type":"article","og_title":"O cons\u00f3rcio I-ReWater celebra em Montpellier a sua segunda reuni\u00e3o presencial e participa na confer\u00eancia setorial REUSE EUROMED - Interreg Sudoe","og_description":"Ser\u00e1 entre 27 e 31 de outubro","og_url":"https:\/\/interreg-sudoe.eu\/pt-pt\/noticia-proyecto\/el-consorcio-de-i-rewater-celebra-en-montpellier-su-segunda-reunion-presencial-y-asiste-a-la-conferencia-sectorial-reuse-euromed\/","og_site_name":"Interreg Sudoe","article_publisher":"https:\/\/www.facebook.com\/interregsudoe","article_modified_time":"2026-02-16T11:12:17+00:00","og_image":[{"width":1084,"height":1200,"url":"https:\/\/interreg-sudoe.eu\/wp-content\/uploads\/2024\/10\/I-ReWater_Rollup_mockup.png","type":"image\/png"}],"twitter_card":"summary_large_image","twitter_site":"@Sudoe5","twitter_misc":{"Tempo estimado de leitura":"2 minutos"},"schema":{"@context":"https:\/\/schema.org","@graph":[{"@type":"WebPage","@id":"https:\/\/interreg-sudoe.eu\/pt-pt\/noticia-proyecto\/el-consorcio-de-i-rewater-celebra-en-montpellier-su-segunda-reunion-presencial-y-asiste-a-la-conferencia-sectorial-reuse-euromed\/","url":"https:\/\/interreg-sudoe.eu\/pt-pt\/noticia-proyecto\/el-consorcio-de-i-rewater-celebra-en-montpellier-su-segunda-reunion-presencial-y-asiste-a-la-conferencia-sectorial-reuse-euromed\/","name":"O cons\u00f3rcio I-ReWater celebra em Montpellier a sua segunda reuni\u00e3o presencial e participa na confer\u00eancia setorial REUSE EUROMED - Interreg Sudoe","isPartOf":{"@id":"https:\/\/interreg-sudoe.eu\/pt-pt\/#website"},"primaryImageOfPage":{"@id":"https:\/\/interreg-sudoe.eu\/pt-pt\/noticia-proyecto\/el-consorcio-de-i-rewater-celebra-en-montpellier-su-segunda-reunion-presencial-y-asiste-a-la-conferencia-sectorial-reuse-euromed\/#primaryimage"},"image":{"@id":"https:\/\/interreg-sudoe.eu\/pt-pt\/noticia-proyecto\/el-consorcio-de-i-rewater-celebra-en-montpellier-su-segunda-reunion-presencial-y-asiste-a-la-conferencia-sectorial-reuse-euromed\/#primaryimage"},"thumbnailUrl":"https:\/\/interreg-sudoe.eu\/wp-content\/uploads\/2024\/10\/I-ReWater_Rollup_mockup.png","datePublished":"2024-10-24T15:21:00+00:00","dateModified":"2026-02-16T11:12:17+00:00","breadcrumb":{"@id":"https:\/\/interreg-sudoe.eu\/pt-pt\/noticia-proyecto\/el-consorcio-de-i-rewater-celebra-en-montpellier-su-segunda-reunion-presencial-y-asiste-a-la-conferencia-sectorial-reuse-euromed\/#breadcrumb"},"inLanguage":"pt-PT","potentialAction":[{"@type":"ReadAction","target":["https:\/\/interreg-sudoe.eu\/pt-pt\/noticia-proyecto\/el-consorcio-de-i-rewater-celebra-en-montpellier-su-segunda-reunion-presencial-y-asiste-a-la-conferencia-sectorial-reuse-euromed\/"]}]},{"@type":"ImageObject","inLanguage":"pt-PT","@id":"https:\/\/interreg-sudoe.eu\/pt-pt\/noticia-proyecto\/el-consorcio-de-i-rewater-celebra-en-montpellier-su-segunda-reunion-presencial-y-asiste-a-la-conferencia-sectorial-reuse-euromed\/#primaryimage","url":"https:\/\/interreg-sudoe.eu\/wp-content\/uploads\/2024\/10\/I-ReWater_Rollup_mockup.png","contentUrl":"https:\/\/interreg-sudoe.eu\/wp-content\/uploads\/2024\/10\/I-ReWater_Rollup_mockup.png","width":1084,"height":1200,"caption":"mockup I-ReWater"},{"@type":"BreadcrumbList","@id":"https:\/\/interreg-sudoe.eu\/pt-pt\/noticia-proyecto\/el-consorcio-de-i-rewater-celebra-en-montpellier-su-segunda-reunion-presencial-y-asiste-a-la-conferencia-sectorial-reuse-euromed\/#breadcrumb","itemListElement":[{"@type":"ListItem","position":1,"name":"Home","item":"https:\/\/interreg-sudoe.eu\/pt-pt\/"},{"@type":"ListItem","position":2,"name":"O cons\u00f3rcio I-ReWater celebra em Montpellier a sua segunda reuni\u00e3o presencial e participa na confer\u00eancia setorial REUSE EUROMED"}]},{"@type":"WebSite","@id":"https:\/\/interreg-sudoe.eu\/pt-pt\/#website","url":"https:\/\/interreg-sudoe.eu\/pt-pt\/","name":"Interreg Sudoe","description":"Interreg Sudoe","publisher":{"@id":"https:\/\/interreg-sudoe.eu\/pt-pt\/#organization"},"alternateName":"Interreg Sudoe","potentialAction":[{"@type":"SearchAction","target":{"@type":"EntryPoint","urlTemplate":"https:\/\/interreg-sudoe.eu\/pt-pt\/?s={search_term_string}"},"query-input":{"@type":"PropertyValueSpecification","valueRequired":true,"valueName":"search_term_string"}}],"inLanguage":"pt-PT"},{"@type":"Organization","@id":"https:\/\/interreg-sudoe.eu\/pt-pt\/#organization","name":"Interreg Sudoe","alternateName":"Interreg Sudoe","url":"https:\/\/interreg-sudoe.eu\/pt-pt\/","logo":{"@type":"ImageObject","inLanguage":"pt-PT","@id":"https:\/\/interreg-sudoe.eu\/pt-pt\/#\/schema\/logo\/image\/","url":"https:\/\/interreg-sudoe.eu\/wp-content\/uploads\/2024\/03\/logo-interreg.png","contentUrl":"https:\/\/interreg-sudoe.eu\/wp-content\/uploads\/2024\/03\/logo-interreg.png","width":1200,"height":675,"caption":"Interreg Sudoe"},"image":{"@id":"https:\/\/interreg-sudoe.eu\/pt-pt\/#\/schema\/logo\/image\/"},"sameAs":["https:\/\/www.facebook.com\/interregsudoe","https:\/\/x.com\/Sudoe5","https:\/\/www.youtube.com\/channel\/UCeGx2edoB32beRc9dbKA2vw","https:\/\/www.linkedin.com\/company\/interreg-sudoe-programme\/","https:\/\/www.flickr.com\/photos\/148704685@N06\/"]}]}},"_links":{"self":[{"href":"https:\/\/interreg-sudoe.eu\/pt-pt\/wp-json\/wp\/v2\/noticia-proyecto\/49263","targetHints":{"allow":["GET"]}}],"collection":[{"href":"https:\/\/interreg-sudoe.eu\/pt-pt\/wp-json\/wp\/v2\/noticia-proyecto"}],"about":[{"href":"https:\/\/interreg-sudoe.eu\/pt-pt\/wp-json\/wp\/v2\/types\/noticia-proyecto"}],"author":[{"embeddable":true,"href":"https:\/\/interreg-sudoe.eu\/pt-pt\/wp-json\/wp\/v2\/users\/4973"}],"wp:featuredmedia":[{"embeddable":true,"href":"https:\/\/interreg-sudoe.eu\/pt-pt\/wp-json\/wp\/v2\/media\/41313"}],"wp:attachment":[{"href":"https:\/\/interreg-sudoe.eu\/pt-pt\/wp-json\/wp\/v2\/media?parent=49263"}],"curies":[{"name":"wp","href":"https:\/\/api.w.org\/{rel}","templated":true}]}}