{"id":53174,"date":"2025-10-10T12:02:10","date_gmt":"2025-10-10T10:02:10","guid":{"rendered":"https:\/\/interreg-sudoe.eu\/noticia-proyecto\/visita-de-capacitacion-a-titania-no-te-pierdas-el-video-de-la-visita\/"},"modified":"2025-10-10T12:23:24","modified_gmt":"2025-10-10T10:23:24","slug":"visita-de-capacitacion-a-titania-no-te-pierdas-el-video-de-la-visita","status":"publish","type":"noticia-proyecto","link":"https:\/\/interreg-sudoe.eu\/pt-pt\/noticia-proyecto\/visita-de-capacitacion-a-titania-no-te-pierdas-el-video-de-la-visita\/","title":{"rendered":"Visita de capacita\u00e7\u00e3o \u00e0 TITANIA (N\u00e3o perca o V\u00cdDEO da visita!)"},"content":{"rendered":"<p><iframe title=\"TITANIA CAPACITATION VIDEO PT\" width=\"800\" height=\"450\" src=\"https:\/\/www.youtube.com\/embed\/uTgjK77CktI?feature=oembed\" frameborder=\"0\" allow=\"accelerometer; autoplay; clipboard-write; encrypted-media; gyroscope; picture-in-picture; web-share\" referrerpolicy=\"strict-origin-when-cross-origin\" allowfullscreen><\/iframe><\/p>\n<p>O projeto\u00a0<a href=\"https:\/\/interreg-sudoe.eu\/pt-pt\/proyecto-interreg\/resinsurf\/\">RESINSURF<\/a> continua a avan\u00e7ar no seu objetivo de garantir a transfer\u00eancia de tecnologias de revestimento mais sustent\u00e1veis para a ind\u00fastria. Desta vez, realizou-se uma visita de capacita\u00e7\u00e3o \u00e0s instala\u00e7\u00f5es da <a href=\"https:\/\/titania.aero\/\">TITANIA<\/a>, com a participa\u00e7\u00e3o da <a href=\"https:\/\/www.smallmatek.pt\/\">Smallmatek<\/a>, da <a href=\"https:\/\/www.ciceco.ua.pt\/\">Universidade de Aveiro<\/a>, da <a href=\"https:\/\/www.uca.es\/\">Universidade de C\u00e1dis<\/a> e da <a href=\"https:\/\/surfaceengineering.cidetec.es\/\">CIDETEC Surface Engineering<\/a>.<\/p>\n<p><img fetchpriority=\"high\" decoding=\"async\" class=\"wp-image-53166 alignleft\" src=\"https:\/\/interreg-sudoe.eu\/wp-content\/uploads\/2025\/10\/TrainingPPT2-300x130.jpg\" alt=\"\" width=\"487\" height=\"211\" srcset=\"https:\/\/interreg-sudoe.eu\/wp-content\/uploads\/2025\/10\/TrainingPPT2-300x130.jpg 300w, https:\/\/interreg-sudoe.eu\/wp-content\/uploads\/2025\/10\/TrainingPPT2-1024x445.jpg 1024w, https:\/\/interreg-sudoe.eu\/wp-content\/uploads\/2025\/10\/TrainingPPT2-768x334.jpg 768w, https:\/\/interreg-sudoe.eu\/wp-content\/uploads\/2025\/10\/TrainingPPT2-1536x667.jpg 1536w, https:\/\/interreg-sudoe.eu\/wp-content\/uploads\/2025\/10\/TrainingPPT2.jpg 1980w\" sizes=\"(max-width: 487px) 100vw, 487px\" \/><\/p>\n<p>A atividade enquadra-se no <a href=\"https:\/\/interreg-sudoe.eu\/pt-pt\/piloto-proyecto-27\/piloto-2-tratamento-de-superficies-de-aluminio-sem-cr\/\">Piloto 2<\/a> do projeto RESINSURF, centrado no desenvolvimento de um tratamento superficial de alum\u00ednio livre de cr\u00f3mio. Este piloto enfrenta o desafio de substituir compostos de cr\u00f3mio hexavalente tradicionalmente utilizados por alternativas mais seguras e sustent\u00e1veis, mantendo ou at\u00e9 melhorando o desempenho anticorrosivo dos revestimentos anafor\u00e9ticos.<\/p>\n<p>Durante a jornada, trabalhou-se de forma estreita com a equipa t\u00e9cnica da TITANIA na <strong>incorpora\u00e7\u00e3o de inibidores de corros\u00e3o<\/strong> nas suas formula\u00e7\u00f5es, bem como em etapas pr\u00e9vias no tratamento superficial do alum\u00ednio. Estes aditivos ir\u00e3o dotar os revestimentos anafor\u00e9ticos de melhores propriedades anticorrosivas, <strong>aumentando a sua durabilidade e reduzindo o impacto ambiental do processo<\/strong>.<\/p>\n<p><img decoding=\"async\" class=\"wp-image-53169 alignright\" src=\"https:\/\/interreg-sudoe.eu\/wp-content\/uploads\/2025\/10\/IMG20251002094554-e1760088665327-300x174.jpg\" alt=\"\" width=\"476\" height=\"276\" srcset=\"https:\/\/interreg-sudoe.eu\/wp-content\/uploads\/2025\/10\/IMG20251002094554-e1760088665327-300x174.jpg 300w, https:\/\/interreg-sudoe.eu\/wp-content\/uploads\/2025\/10\/IMG20251002094554-e1760088665327-1024x594.jpg 1024w, https:\/\/interreg-sudoe.eu\/wp-content\/uploads\/2025\/10\/IMG20251002094554-e1760088665327-768x445.jpg 768w, https:\/\/interreg-sudoe.eu\/wp-content\/uploads\/2025\/10\/IMG20251002094554-e1760088665327-1536x890.jpg 1536w, https:\/\/interreg-sudoe.eu\/wp-content\/uploads\/2025\/10\/IMG20251002094554-e1760088665327.jpg 1713w\" sizes=\"(max-width: 476px) 100vw, 476px\" \/><\/p>\n<p>Para al\u00e9m dos resultados t\u00e9cnicos, a atividade evidenciou a <strong>import\u00e2ncia da colabora\u00e7\u00e3o entre entidades com diferentes \u00e1reas de especializa\u00e7\u00e3o<\/strong>. A integra\u00e7\u00e3o de novos aditivos exige conhecimentos complementares em qu\u00edmica, engenharia de superf\u00edcies e valida\u00e7\u00e3o industrial \u2014 um desafio que o cons\u00f3rcio enfrenta atrav\u00e9s de uma coopera\u00e7\u00e3o estreita e din\u00e2mica.<\/p>\n<p>O <strong>RESINSURF<\/strong> faz parte do<strong> programa Interreg Sudoe<\/strong>, que promove a <strong>inova\u00e7\u00e3o sustent\u00e1vel<\/strong> no sudoeste da Europa. Gra\u00e7as ao seu apoio e \u00e0 flexibilidade no financiamento de atividades transnacionais, o programa estimula a <strong>intera\u00e7\u00e3o internacional<\/strong> entre centros de investiga\u00e7\u00e3o, universidades e empresas, fortalecendo a <strong>transfer\u00eancia tecnol\u00f3gica rumo a uma ind\u00fastria europeia mais verde e competitiva<\/strong>.<\/p>\n","protected":false},"excerpt":{"rendered":"<p>No \u00e2mbito do projeto RESINSURF, a Smallmatek, a Universidade de Aveiro, a Universidade de C\u00e1dis e a CIDETEC Surface Engineering realizaram uma visita de capacita\u00e7\u00e3o \u00e0s instala\u00e7\u00f5es da TITANIA. A atividade, integrada no Piloto 2, centrou-se no desenvolvimento de tratamentos de alum\u00ednio livres de cr\u00f3mio, com a incorpora\u00e7\u00e3o de inibidores de corros\u00e3o em revestimentos anafor\u00e9ticos para aumentar a sua durabilidade e sustentabilidade, refor\u00e7ando a coopera\u00e7\u00e3o t\u00e9cnica rumo a uma ind\u00fastria mais verde.<\/p>\n","protected":false},"author":4905,"featured_media":0,"parent":0,"template":"","meta":{"_acf_changed":false,"content-type":"","_monsterinsights_skip_tracking":false,"_monsterinsights_sitenote_active":false,"_monsterinsights_sitenote_note":"","_monsterinsights_sitenote_category":0},"class_list":["post-53174","noticia-proyecto","type-noticia-proyecto","status-publish","hentry"],"acf":[],"yoast_head":"<!-- This site is optimized with the Yoast SEO plugin v27.4 - https:\/\/yoast.com\/product\/yoast-seo-wordpress\/ -->\n<title>Visita de capacita\u00e7\u00e3o \u00e0 TITANIA (N\u00e3o perca o V\u00cdDEO da visita!) - Interreg Sudoe<\/title>\n<meta name=\"robots\" content=\"index, follow, max-snippet:-1, max-image-preview:large, max-video-preview:-1\" \/>\n<link rel=\"canonical\" href=\"https:\/\/interreg-sudoe.eu\/pt-pt\/noticia-proyecto\/visita-de-capacitacion-a-titania-no-te-pierdas-el-video-de-la-visita\/\" \/>\n<meta property=\"og:locale\" content=\"pt_PT\" \/>\n<meta property=\"og:type\" content=\"article\" \/>\n<meta property=\"og:title\" content=\"Visita de capacita\u00e7\u00e3o \u00e0 TITANIA (N\u00e3o perca o V\u00cdDEO da visita!) - Interreg Sudoe\" \/>\n<meta property=\"og:description\" content=\"No \u00e2mbito do projeto RESINSURF, a Smallmatek, a Universidade de Aveiro, a Universidade de C\u00e1dis e a CIDETEC Surface Engineering realizaram uma visita de capacita\u00e7\u00e3o \u00e0s instala\u00e7\u00f5es da TITANIA. A atividade, integrada no Piloto 2, centrou-se no desenvolvimento de tratamentos de alum\u00ednio livres de cr\u00f3mio, com a incorpora\u00e7\u00e3o de inibidores de corros\u00e3o em revestimentos anafor\u00e9ticos para aumentar a sua durabilidade e sustentabilidade, refor\u00e7ando a coopera\u00e7\u00e3o t\u00e9cnica rumo a uma ind\u00fastria mais verde.\" \/>\n<meta property=\"og:url\" content=\"https:\/\/interreg-sudoe.eu\/pt-pt\/noticia-proyecto\/visita-de-capacitacion-a-titania-no-te-pierdas-el-video-de-la-visita\/\" \/>\n<meta property=\"og:site_name\" content=\"Interreg Sudoe\" \/>\n<meta property=\"article:publisher\" content=\"https:\/\/www.facebook.com\/interregsudoe\" \/>\n<meta property=\"article:modified_time\" content=\"2025-10-10T10:23:24+00:00\" \/>\n<meta property=\"og:image\" content=\"https:\/\/interreg-sudoe.eu\/wp-content\/uploads\/2025\/10\/TrainingPPT2.jpg\" \/>\n\t<meta property=\"og:image:width\" content=\"1980\" \/>\n\t<meta property=\"og:image:height\" content=\"860\" \/>\n\t<meta property=\"og:image:type\" content=\"image\/jpeg\" \/>\n<meta name=\"twitter:card\" content=\"summary_large_image\" \/>\n<meta name=\"twitter:site\" content=\"@Sudoe5\" \/>\n<meta name=\"twitter:label1\" content=\"Tempo estimado de leitura\" \/>\n\t<meta name=\"twitter:data1\" content=\"2 minutos\" \/>\n<script type=\"application\/ld+json\" class=\"yoast-schema-graph\">{\"@context\":\"https:\\\/\\\/schema.org\",\"@graph\":[{\"@type\":\"WebPage\",\"@id\":\"https:\\\/\\\/interreg-sudoe.eu\\\/pt-pt\\\/noticia-proyecto\\\/visita-de-capacitacion-a-titania-no-te-pierdas-el-video-de-la-visita\\\/\",\"url\":\"https:\\\/\\\/interreg-sudoe.eu\\\/pt-pt\\\/noticia-proyecto\\\/visita-de-capacitacion-a-titania-no-te-pierdas-el-video-de-la-visita\\\/\",\"name\":\"Visita de capacita\u00e7\u00e3o \u00e0 TITANIA (N\u00e3o perca o V\u00cdDEO da visita!) - Interreg Sudoe\",\"isPartOf\":{\"@id\":\"https:\\\/\\\/interreg-sudoe.eu\\\/pt-pt\\\/#website\"},\"primaryImageOfPage\":{\"@id\":\"https:\\\/\\\/interreg-sudoe.eu\\\/pt-pt\\\/noticia-proyecto\\\/visita-de-capacitacion-a-titania-no-te-pierdas-el-video-de-la-visita\\\/#primaryimage\"},\"image\":{\"@id\":\"https:\\\/\\\/interreg-sudoe.eu\\\/pt-pt\\\/noticia-proyecto\\\/visita-de-capacitacion-a-titania-no-te-pierdas-el-video-de-la-visita\\\/#primaryimage\"},\"thumbnailUrl\":\"https:\\\/\\\/interreg-sudoe.eu\\\/wp-content\\\/uploads\\\/2025\\\/10\\\/TrainingPPT2-300x130.jpg\",\"datePublished\":\"2025-10-10T10:02:10+00:00\",\"dateModified\":\"2025-10-10T10:23:24+00:00\",\"breadcrumb\":{\"@id\":\"https:\\\/\\\/interreg-sudoe.eu\\\/pt-pt\\\/noticia-proyecto\\\/visita-de-capacitacion-a-titania-no-te-pierdas-el-video-de-la-visita\\\/#breadcrumb\"},\"inLanguage\":\"pt-PT\",\"potentialAction\":[{\"@type\":\"ReadAction\",\"target\":[\"https:\\\/\\\/interreg-sudoe.eu\\\/pt-pt\\\/noticia-proyecto\\\/visita-de-capacitacion-a-titania-no-te-pierdas-el-video-de-la-visita\\\/\"]}]},{\"@type\":\"ImageObject\",\"inLanguage\":\"pt-PT\",\"@id\":\"https:\\\/\\\/interreg-sudoe.eu\\\/pt-pt\\\/noticia-proyecto\\\/visita-de-capacitacion-a-titania-no-te-pierdas-el-video-de-la-visita\\\/#primaryimage\",\"url\":\"https:\\\/\\\/interreg-sudoe.eu\\\/wp-content\\\/uploads\\\/2025\\\/10\\\/TrainingPPT2-300x130.jpg\",\"contentUrl\":\"https:\\\/\\\/interreg-sudoe.eu\\\/wp-content\\\/uploads\\\/2025\\\/10\\\/TrainingPPT2-300x130.jpg\"},{\"@type\":\"BreadcrumbList\",\"@id\":\"https:\\\/\\\/interreg-sudoe.eu\\\/pt-pt\\\/noticia-proyecto\\\/visita-de-capacitacion-a-titania-no-te-pierdas-el-video-de-la-visita\\\/#breadcrumb\",\"itemListElement\":[{\"@type\":\"ListItem\",\"position\":1,\"name\":\"Home\",\"item\":\"https:\\\/\\\/interreg-sudoe.eu\\\/pt-pt\\\/\"},{\"@type\":\"ListItem\",\"position\":2,\"name\":\"Visita de capacita\u00e7\u00e3o \u00e0 TITANIA (N\u00e3o perca o V\u00cdDEO da visita!)\"}]},{\"@type\":\"WebSite\",\"@id\":\"https:\\\/\\\/interreg-sudoe.eu\\\/pt-pt\\\/#website\",\"url\":\"https:\\\/\\\/interreg-sudoe.eu\\\/pt-pt\\\/\",\"name\":\"Interreg Sudoe\",\"description\":\"Interreg Sudoe\",\"publisher\":{\"@id\":\"https:\\\/\\\/interreg-sudoe.eu\\\/pt-pt\\\/#organization\"},\"alternateName\":\"Interreg Sudoe\",\"potentialAction\":[{\"@type\":\"SearchAction\",\"target\":{\"@type\":\"EntryPoint\",\"urlTemplate\":\"https:\\\/\\\/interreg-sudoe.eu\\\/pt-pt\\\/?s={search_term_string}\"},\"query-input\":{\"@type\":\"PropertyValueSpecification\",\"valueRequired\":true,\"valueName\":\"search_term_string\"}}],\"inLanguage\":\"pt-PT\"},{\"@type\":\"Organization\",\"@id\":\"https:\\\/\\\/interreg-sudoe.eu\\\/pt-pt\\\/#organization\",\"name\":\"Interreg Sudoe\",\"alternateName\":\"Interreg Sudoe\",\"url\":\"https:\\\/\\\/interreg-sudoe.eu\\\/pt-pt\\\/\",\"logo\":{\"@type\":\"ImageObject\",\"inLanguage\":\"pt-PT\",\"@id\":\"https:\\\/\\\/interreg-sudoe.eu\\\/pt-pt\\\/#\\\/schema\\\/logo\\\/image\\\/\",\"url\":\"https:\\\/\\\/interreg-sudoe.eu\\\/wp-content\\\/uploads\\\/2024\\\/03\\\/logo-interreg.png\",\"contentUrl\":\"https:\\\/\\\/interreg-sudoe.eu\\\/wp-content\\\/uploads\\\/2024\\\/03\\\/logo-interreg.png\",\"width\":1200,\"height\":675,\"caption\":\"Interreg Sudoe\"},\"image\":{\"@id\":\"https:\\\/\\\/interreg-sudoe.eu\\\/pt-pt\\\/#\\\/schema\\\/logo\\\/image\\\/\"},\"sameAs\":[\"https:\\\/\\\/www.facebook.com\\\/interregsudoe\",\"https:\\\/\\\/x.com\\\/Sudoe5\",\"https:\\\/\\\/www.youtube.com\\\/channel\\\/UCeGx2edoB32beRc9dbKA2vw\",\"https:\\\/\\\/www.linkedin.com\\\/company\\\/interreg-sudoe-programme\\\/\",\"https:\\\/\\\/www.flickr.com\\\/photos\\\/148704685@N06\\\/\"]}]}<\/script>\n<!-- \/ Yoast SEO plugin. -->","yoast_head_json":{"title":"Visita de capacita\u00e7\u00e3o \u00e0 TITANIA (N\u00e3o perca o V\u00cdDEO da visita!) - Interreg Sudoe","robots":{"index":"index","follow":"follow","max-snippet":"max-snippet:-1","max-image-preview":"max-image-preview:large","max-video-preview":"max-video-preview:-1"},"canonical":"https:\/\/interreg-sudoe.eu\/pt-pt\/noticia-proyecto\/visita-de-capacitacion-a-titania-no-te-pierdas-el-video-de-la-visita\/","og_locale":"pt_PT","og_type":"article","og_title":"Visita de capacita\u00e7\u00e3o \u00e0 TITANIA (N\u00e3o perca o V\u00cdDEO da visita!) - Interreg Sudoe","og_description":"No \u00e2mbito do projeto RESINSURF, a Smallmatek, a Universidade de Aveiro, a Universidade de C\u00e1dis e a CIDETEC Surface Engineering realizaram uma visita de capacita\u00e7\u00e3o \u00e0s instala\u00e7\u00f5es da TITANIA. A atividade, integrada no Piloto 2, centrou-se no desenvolvimento de tratamentos de alum\u00ednio livres de cr\u00f3mio, com a incorpora\u00e7\u00e3o de inibidores de corros\u00e3o em revestimentos anafor\u00e9ticos para aumentar a sua durabilidade e sustentabilidade, refor\u00e7ando a coopera\u00e7\u00e3o t\u00e9cnica rumo a uma ind\u00fastria mais verde.","og_url":"https:\/\/interreg-sudoe.eu\/pt-pt\/noticia-proyecto\/visita-de-capacitacion-a-titania-no-te-pierdas-el-video-de-la-visita\/","og_site_name":"Interreg Sudoe","article_publisher":"https:\/\/www.facebook.com\/interregsudoe","article_modified_time":"2025-10-10T10:23:24+00:00","og_image":[{"width":1980,"height":860,"url":"https:\/\/interreg-sudoe.eu\/wp-content\/uploads\/2025\/10\/TrainingPPT2.jpg","type":"image\/jpeg"}],"twitter_card":"summary_large_image","twitter_site":"@Sudoe5","twitter_misc":{"Tempo estimado de leitura":"2 minutos"},"schema":{"@context":"https:\/\/schema.org","@graph":[{"@type":"WebPage","@id":"https:\/\/interreg-sudoe.eu\/pt-pt\/noticia-proyecto\/visita-de-capacitacion-a-titania-no-te-pierdas-el-video-de-la-visita\/","url":"https:\/\/interreg-sudoe.eu\/pt-pt\/noticia-proyecto\/visita-de-capacitacion-a-titania-no-te-pierdas-el-video-de-la-visita\/","name":"Visita de capacita\u00e7\u00e3o \u00e0 TITANIA (N\u00e3o perca o V\u00cdDEO da visita!) - Interreg Sudoe","isPartOf":{"@id":"https:\/\/interreg-sudoe.eu\/pt-pt\/#website"},"primaryImageOfPage":{"@id":"https:\/\/interreg-sudoe.eu\/pt-pt\/noticia-proyecto\/visita-de-capacitacion-a-titania-no-te-pierdas-el-video-de-la-visita\/#primaryimage"},"image":{"@id":"https:\/\/interreg-sudoe.eu\/pt-pt\/noticia-proyecto\/visita-de-capacitacion-a-titania-no-te-pierdas-el-video-de-la-visita\/#primaryimage"},"thumbnailUrl":"https:\/\/interreg-sudoe.eu\/wp-content\/uploads\/2025\/10\/TrainingPPT2-300x130.jpg","datePublished":"2025-10-10T10:02:10+00:00","dateModified":"2025-10-10T10:23:24+00:00","breadcrumb":{"@id":"https:\/\/interreg-sudoe.eu\/pt-pt\/noticia-proyecto\/visita-de-capacitacion-a-titania-no-te-pierdas-el-video-de-la-visita\/#breadcrumb"},"inLanguage":"pt-PT","potentialAction":[{"@type":"ReadAction","target":["https:\/\/interreg-sudoe.eu\/pt-pt\/noticia-proyecto\/visita-de-capacitacion-a-titania-no-te-pierdas-el-video-de-la-visita\/"]}]},{"@type":"ImageObject","inLanguage":"pt-PT","@id":"https:\/\/interreg-sudoe.eu\/pt-pt\/noticia-proyecto\/visita-de-capacitacion-a-titania-no-te-pierdas-el-video-de-la-visita\/#primaryimage","url":"https:\/\/interreg-sudoe.eu\/wp-content\/uploads\/2025\/10\/TrainingPPT2-300x130.jpg","contentUrl":"https:\/\/interreg-sudoe.eu\/wp-content\/uploads\/2025\/10\/TrainingPPT2-300x130.jpg"},{"@type":"BreadcrumbList","@id":"https:\/\/interreg-sudoe.eu\/pt-pt\/noticia-proyecto\/visita-de-capacitacion-a-titania-no-te-pierdas-el-video-de-la-visita\/#breadcrumb","itemListElement":[{"@type":"ListItem","position":1,"name":"Home","item":"https:\/\/interreg-sudoe.eu\/pt-pt\/"},{"@type":"ListItem","position":2,"name":"Visita de capacita\u00e7\u00e3o \u00e0 TITANIA (N\u00e3o perca o V\u00cdDEO da visita!)"}]},{"@type":"WebSite","@id":"https:\/\/interreg-sudoe.eu\/pt-pt\/#website","url":"https:\/\/interreg-sudoe.eu\/pt-pt\/","name":"Interreg Sudoe","description":"Interreg Sudoe","publisher":{"@id":"https:\/\/interreg-sudoe.eu\/pt-pt\/#organization"},"alternateName":"Interreg Sudoe","potentialAction":[{"@type":"SearchAction","target":{"@type":"EntryPoint","urlTemplate":"https:\/\/interreg-sudoe.eu\/pt-pt\/?s={search_term_string}"},"query-input":{"@type":"PropertyValueSpecification","valueRequired":true,"valueName":"search_term_string"}}],"inLanguage":"pt-PT"},{"@type":"Organization","@id":"https:\/\/interreg-sudoe.eu\/pt-pt\/#organization","name":"Interreg Sudoe","alternateName":"Interreg Sudoe","url":"https:\/\/interreg-sudoe.eu\/pt-pt\/","logo":{"@type":"ImageObject","inLanguage":"pt-PT","@id":"https:\/\/interreg-sudoe.eu\/pt-pt\/#\/schema\/logo\/image\/","url":"https:\/\/interreg-sudoe.eu\/wp-content\/uploads\/2024\/03\/logo-interreg.png","contentUrl":"https:\/\/interreg-sudoe.eu\/wp-content\/uploads\/2024\/03\/logo-interreg.png","width":1200,"height":675,"caption":"Interreg Sudoe"},"image":{"@id":"https:\/\/interreg-sudoe.eu\/pt-pt\/#\/schema\/logo\/image\/"},"sameAs":["https:\/\/www.facebook.com\/interregsudoe","https:\/\/x.com\/Sudoe5","https:\/\/www.youtube.com\/channel\/UCeGx2edoB32beRc9dbKA2vw","https:\/\/www.linkedin.com\/company\/interreg-sudoe-programme\/","https:\/\/www.flickr.com\/photos\/148704685@N06\/"]}]}},"_links":{"self":[{"href":"https:\/\/interreg-sudoe.eu\/pt-pt\/wp-json\/wp\/v2\/noticia-proyecto\/53174","targetHints":{"allow":["GET"]}}],"collection":[{"href":"https:\/\/interreg-sudoe.eu\/pt-pt\/wp-json\/wp\/v2\/noticia-proyecto"}],"about":[{"href":"https:\/\/interreg-sudoe.eu\/pt-pt\/wp-json\/wp\/v2\/types\/noticia-proyecto"}],"author":[{"embeddable":true,"href":"https:\/\/interreg-sudoe.eu\/pt-pt\/wp-json\/wp\/v2\/users\/4905"}],"wp:attachment":[{"href":"https:\/\/interreg-sudoe.eu\/pt-pt\/wp-json\/wp\/v2\/media?parent=53174"}],"curies":[{"name":"wp","href":"https:\/\/api.w.org\/{rel}","templated":true}]}}