{"id":53188,"date":"2025-10-10T13:26:52","date_gmt":"2025-10-10T11:26:52","guid":{"rendered":"https:\/\/interreg-sudoe.eu\/?post_type=noticia-proyecto&#038;p=53188"},"modified":"2026-02-16T12:11:02","modified_gmt":"2026-02-16T11:11:02","slug":"o-projeto-europeu-sharedh2-sudoe-inaugura-a-primeira-estacao-de-producao-de-hidrogenio-verde-para-a-autonomia-energetica-e-o-abastecimento-de-bicicletas-a-hidrogenio","status":"publish","type":"noticia-proyecto","link":"https:\/\/interreg-sudoe.eu\/pt-pt\/noticia-proyecto\/o-projeto-europeu-sharedh2-sudoe-inaugura-a-primeira-estacao-de-producao-de-hidrogenio-verde-para-a-autonomia-energetica-e-o-abastecimento-de-bicicletas-a-hidrogenio\/","title":{"rendered":"O projeto europeu SharedH2 SUDOE inaugura a primeira esta\u00e7\u00e3o de produ\u00e7\u00e3o de hidrog\u00e9nio verde para a autonomia energ\u00e9tica e o abastecimento de bicicletas a hidrog\u00e9nio"},"content":{"rendered":"<ul>\n<li>A <b>esta\u00e7\u00e3o de hidrog\u00e9nio<\/b> da Escola Superior de Tecnologias Industriais Avan\u00e7adas (<b>ESTIA<\/b>), localizada em Bidart (Fran\u00e7a), permite simultaneamente o abastecimento de bicicletas e o armazenamento de energia para a escola<\/li>\n<li>O objetivo da SharedH2 \u00e9 <b>consolidar o hidrog\u00e9nio renov\u00e1vel como uma solu\u00e7\u00e3o vi\u00e1vel de armazenamento de energia<\/b> em comunidades de autoconsumo, especialmente em zonas rurais<\/li>\n<li>Este \u00e9 o primeiro de tr\u00eas projetos-piloto de <b>coopera\u00e7\u00e3o transnacional entre Espanha, Fran\u00e7a e Portugal<\/b>, com a participa\u00e7\u00e3o de 10 parceiros especialistas na mat\u00e9ria.<\/li>\n<\/ul>\n<p><b><span style=\"color: #c16023;\">Bidart (Fran\u00e7a), outubro de 2025<\/span>.<\/b> O projeto europeu <b>SharedH2<\/b> (<b>INTERREG SUDOE<\/b>) deu mais um passo com a apresenta\u00e7\u00e3o em Bidart (Fran\u00e7a) de uma esta\u00e7\u00e3o que produz hidrog\u00e9nio verde para aumentar a autonomia energ\u00e9tica do edif\u00edcio e promover a mobilidade sustent\u00e1vel. Na verdade, esta esta\u00e7\u00e3o tamb\u00e9m permite abastecer uma<b>bicicleta el\u00e9trica alimentada exclusivamente com hidrog\u00e9nio verde<\/b>. A esta\u00e7\u00e3o de hidrog\u00e9nio e a bicicleta fazem parte do trabalho de inova\u00e7\u00e3o e investiga\u00e7\u00e3o liderado pela <b>Escola Superior de Tecnologias Industriais Avan\u00e7adas <\/b>(<b>ESTIA<\/b>), parceira do projeto europeu <b>SharedH2<\/b>, que tem como objetivo consolidar o hidrog\u00e9nio renov\u00e1vel como uma solu\u00e7\u00e3o vi\u00e1vel de armazenamento de energia em comunidades de autoconsumo, especialmente em zonas rurais.<\/p>\n<p>A <b>ESTIA<\/b> \u00e9 a primeira escola francesa a dispor de uma <b>Esta\u00e7\u00e3o de Hidrog\u00e9nio<\/b> para este duplo servi\u00e7o, e a bicicleta foi apresentada no \u00e2mbito de uma visita \u00e0 f\u00e1brica, onde foi verificado o funcionamento e a autonomia do ve\u00edculo, que recebe a energia neste espa\u00e7o onde o hidrog\u00e9nio \u00e9 criado e armazenado. \u00abEsta bicicleta \u00e9 um exemplo das possibilidades que o hidrog\u00e9nio nos abre: um aliado das energias renov\u00e1veis, para armazenar os excedentes de produ\u00e7\u00e3o e utiliz\u00e1-los quando for conveniente\u00bb, explica <b>Idoia Arauzo<\/b>, coordenadora da Unidade de Desenvolvimento e Dinamiza\u00e7\u00e3o (<b>UDD<\/b>) da <b>CTP<\/b> (Comunidade de Trabalho dos Piren\u00e9us), parceira do projeto SharedH2 (INTERREG SUDOE), que financia parte do projeto.<\/p>\n<p><span style=\"color: #c16023;\"><b>Recarga em dois minutos e autonomia de 150 quil\u00f3metros<\/b><\/span><\/p>\n<p>A visita \u00e0 sede da <b>ESTIA<\/b> reuniu investigadores, entidades regionais do sudoeste europeu e representantes da empresa <b>H2GREMM<\/b>, que faz parte da iniciativa. Um dos momentos mais marcantes foi o <b>arranque ao vivo da esta\u00e7\u00e3o de hidrog\u00e9nio<\/b>, dirigido por <b>Sylvain Baudoin<\/b>, engenheiro de investiga\u00e7\u00e3o da ESTIA e da H2GREMM, e a <b>demonstra\u00e7\u00e3o pr\u00e1tica de uma bicicleta movida a hidrog\u00e9nio<\/b> desenvolvida pela empresa francesa <b>Pragma Industries<\/b>. Este ve\u00edculo, pioneiro no seu g\u00e9nero, utiliza uma <b>pilha de combust\u00edvel<\/b> que transforma o hidrog\u00e9nio em eletricidade, oferecendo uma mobilidade limpa, eficiente e sem emiss\u00f5es. A bicicleta tem <b>uma autonomia de 150 km<\/b>, <b>recarga ultrarr\u00e1pida em 2 minutos<\/b> e <b>aus\u00eancia de l\u00edtio<\/b>, consolidando-se como uma alternativa sustent\u00e1vel na mobilidade urbana.<\/p>\n<p><img fetchpriority=\"high\" decoding=\"async\" class=\"aligncenter  wp-image-53185\" src=\"https:\/\/interreg-sudoe.eu\/wp-content\/uploads\/2025\/10\/IMG_2692-2-1024x768.jpg\" alt=\"\" width=\"357\" height=\"268\" srcset=\"https:\/\/interreg-sudoe.eu\/wp-content\/uploads\/2025\/10\/IMG_2692-2-1024x768.jpg 1024w, https:\/\/interreg-sudoe.eu\/wp-content\/uploads\/2025\/10\/IMG_2692-2-300x225.jpg 300w, https:\/\/interreg-sudoe.eu\/wp-content\/uploads\/2025\/10\/IMG_2692-2-768x576.jpg 768w, https:\/\/interreg-sudoe.eu\/wp-content\/uploads\/2025\/10\/IMG_2692-2-1536x1152.jpg 1536w, https:\/\/interreg-sudoe.eu\/wp-content\/uploads\/2025\/10\/IMG_2692-2.jpg 1980w\" sizes=\"(max-width: 357px) 100vw, 357px\" \/><\/p>\n<p>A Esta\u00e7\u00e3o de Hidrog\u00e9nio da ESTIA e a sua bicicleta fazem parte dos tr\u00eas casos-piloto que est\u00e3o a ser implementados em Fran\u00e7a, Espanha e Portugal no \u00e2mbito do projeto SharedH2. Em Espanha, a C\u00e2mara Municipal de Bembibre e a empresa Capital Energy, parceiros do projeto, criar\u00e3o uma comunidade energ\u00e9tica num parque industrial, incluindo as empresas presentes, que produzir\u00e1 H2 a partir de energia fotovoltaica, com uma central de gera\u00e7\u00e3o de H2 e equipamentos para o seu armazenamento para distribui\u00e7\u00e3o na rede do parque.<\/p>\n<p><b>Em Portugal, est\u00e1 a ser trabalhado no projeto-piloto liderado pela AREANATejo<\/b> (Ag\u00eancia Regional de Energia e Ambiente do Norte Alentejano e Tejo) em colabora\u00e7\u00e3o com o <b>Instituto Polit\u00e9cnico de Portalegre<\/b>. O seu objetivo \u00e9 <b>integrar o hidrog\u00e9nio verde no setor dos transportes p\u00fablicos<\/b>, aproveitando o <b>excedente de energia solar<\/b> gerada por pain\u00e9is fotovoltaicos instalados em edif\u00edcios municipais das localidades do <b>Alto Alentejo e Leiria<\/b>.<\/p>\n<p>Com estes avan\u00e7os, o SharedH2 consolida a sua miss\u00e3o de promover solu\u00e7\u00f5es inovadoras para a gera\u00e7\u00e3o e utiliza\u00e7\u00e3o de hidrog\u00e9nio verde no sudoeste europeu, demonstrando que a coopera\u00e7\u00e3o transnacional entre centros de investiga\u00e7\u00e3o, empresas e entidades locais \u00e9 fundamental para acelerar a transi\u00e7\u00e3o para uma mobilidade descarbonizada.<\/p>\n<p>Desde o seu in\u00edcio, em <b>1 de janeiro de 2024<\/b>, a SharedH2-SUDOE convocou f\u00f3runs de inova\u00e7\u00e3o e reuni\u00f5es de trabalho para promover a coopera\u00e7\u00e3o entre os seus parceiros. Entre os seus principais objetivos est\u00e1 a elabora\u00e7\u00e3o de um <b>roteiro para a economia europeia<\/b> baseada em energias renov\u00e1veis, com especial \u00eanfase no hidrog\u00e9nio renov\u00e1vel. A iniciativa envolve tamb\u00e9m atores-chave do setor energ\u00e9tico, como autoridades locais, empresas, consumidores, institui\u00e7\u00f5es educativas e comunidades energ\u00e9ticas. O projeto conta com um or\u00e7amento de 1,6 milh\u00f5es de euros at\u00e9 2026 e com um cofinanciamento de 75% do fundo FEDER atrav\u00e9s do programa INTERREG SUDOE 2021-2027.<\/p>\n","protected":false},"excerpt":{"rendered":"<p>A esta\u00e7\u00e3o de hidrog\u00e9nio da Escola Superior de Tecnologias Industriais Avan\u00e7adas (ESTIA), localizada em Bidart (Fran\u00e7a), permite simultaneamente o abastecimento de bicicletas e o armazenamento de energia para a escola O objetivo da SharedH2 \u00e9 consolidar o hidrog\u00e9nio renov\u00e1vel como uma solu\u00e7\u00e3o vi\u00e1vel de armazenamento de energia em comunidades de autoconsumo, especialmente em zonas rurais [&hellip;]<\/p>\n","protected":false},"author":4913,"featured_media":53186,"parent":0,"template":"","meta":{"_acf_changed":false,"content-type":"","_monsterinsights_skip_tracking":false,"_monsterinsights_sitenote_active":false,"_monsterinsights_sitenote_note":"","_monsterinsights_sitenote_category":0},"class_list":["post-53188","noticia-proyecto","type-noticia-proyecto","status-publish","has-post-thumbnail","hentry"],"acf":[],"yoast_head":"<!-- This site is optimized with the Yoast SEO plugin v27.4 - https:\/\/yoast.com\/product\/yoast-seo-wordpress\/ -->\n<title>O projeto europeu SharedH2 SUDOE inaugura a primeira esta\u00e7\u00e3o de produ\u00e7\u00e3o de hidrog\u00e9nio verde para a autonomia energ\u00e9tica e o abastecimento de bicicletas a hidrog\u00e9nio - Interreg Sudoe<\/title>\n<meta name=\"robots\" content=\"index, follow, max-snippet:-1, max-image-preview:large, max-video-preview:-1\" \/>\n<link rel=\"canonical\" href=\"https:\/\/interreg-sudoe.eu\/pt-pt\/noticia-proyecto\/o-projeto-europeu-sharedh2-sudoe-inaugura-a-primeira-estacao-de-producao-de-hidrogenio-verde-para-a-autonomia-energetica-e-o-abastecimento-de-bicicletas-a-hidrogenio\/\" \/>\n<meta property=\"og:locale\" content=\"pt_PT\" \/>\n<meta property=\"og:type\" content=\"article\" \/>\n<meta property=\"og:title\" content=\"O projeto europeu SharedH2 SUDOE inaugura a primeira esta\u00e7\u00e3o de produ\u00e7\u00e3o de hidrog\u00e9nio verde para a autonomia energ\u00e9tica e o abastecimento de bicicletas a hidrog\u00e9nio - Interreg Sudoe\" \/>\n<meta property=\"og:description\" content=\"A esta\u00e7\u00e3o de hidrog\u00e9nio da Escola Superior de Tecnologias Industriais Avan\u00e7adas (ESTIA), localizada em Bidart (Fran\u00e7a), permite simultaneamente o abastecimento de bicicletas e o armazenamento de energia para a escola O objetivo da SharedH2 \u00e9 consolidar o hidrog\u00e9nio renov\u00e1vel como uma solu\u00e7\u00e3o vi\u00e1vel de armazenamento de energia em comunidades de autoconsumo, especialmente em zonas rurais [&hellip;]\" \/>\n<meta property=\"og:url\" content=\"https:\/\/interreg-sudoe.eu\/pt-pt\/noticia-proyecto\/o-projeto-europeu-sharedh2-sudoe-inaugura-a-primeira-estacao-de-producao-de-hidrogenio-verde-para-a-autonomia-energetica-e-o-abastecimento-de-bicicletas-a-hidrogenio\/\" \/>\n<meta property=\"og:site_name\" content=\"Interreg Sudoe\" \/>\n<meta property=\"article:publisher\" content=\"https:\/\/www.facebook.com\/interregsudoe\" \/>\n<meta property=\"article:modified_time\" content=\"2026-02-16T11:11:02+00:00\" \/>\n<meta property=\"og:image\" content=\"https:\/\/interreg-sudoe.eu\/wp-content\/uploads\/2025\/10\/IMG_2695.jpg\" \/>\n\t<meta property=\"og:image:width\" content=\"1980\" \/>\n\t<meta property=\"og:image:height\" content=\"1485\" \/>\n\t<meta property=\"og:image:type\" content=\"image\/jpeg\" \/>\n<meta name=\"twitter:card\" content=\"summary_large_image\" \/>\n<meta name=\"twitter:site\" content=\"@Sudoe5\" \/>\n<meta name=\"twitter:label1\" content=\"Tempo estimado de leitura\" \/>\n\t<meta name=\"twitter:data1\" content=\"4 minutos\" \/>\n<script type=\"application\/ld+json\" class=\"yoast-schema-graph\">{\"@context\":\"https:\\\/\\\/schema.org\",\"@graph\":[{\"@type\":\"WebPage\",\"@id\":\"https:\\\/\\\/interreg-sudoe.eu\\\/pt-pt\\\/noticia-proyecto\\\/o-projeto-europeu-sharedh2-sudoe-inaugura-a-primeira-estacao-de-producao-de-hidrogenio-verde-para-a-autonomia-energetica-e-o-abastecimento-de-bicicletas-a-hidrogenio\\\/\",\"url\":\"https:\\\/\\\/interreg-sudoe.eu\\\/pt-pt\\\/noticia-proyecto\\\/o-projeto-europeu-sharedh2-sudoe-inaugura-a-primeira-estacao-de-producao-de-hidrogenio-verde-para-a-autonomia-energetica-e-o-abastecimento-de-bicicletas-a-hidrogenio\\\/\",\"name\":\"O projeto europeu SharedH2 SUDOE inaugura a primeira esta\u00e7\u00e3o de produ\u00e7\u00e3o de hidrog\u00e9nio verde para a autonomia energ\u00e9tica e o abastecimento de bicicletas a hidrog\u00e9nio - Interreg Sudoe\",\"isPartOf\":{\"@id\":\"https:\\\/\\\/interreg-sudoe.eu\\\/pt-pt\\\/#website\"},\"primaryImageOfPage\":{\"@id\":\"https:\\\/\\\/interreg-sudoe.eu\\\/pt-pt\\\/noticia-proyecto\\\/o-projeto-europeu-sharedh2-sudoe-inaugura-a-primeira-estacao-de-producao-de-hidrogenio-verde-para-a-autonomia-energetica-e-o-abastecimento-de-bicicletas-a-hidrogenio\\\/#primaryimage\"},\"image\":{\"@id\":\"https:\\\/\\\/interreg-sudoe.eu\\\/pt-pt\\\/noticia-proyecto\\\/o-projeto-europeu-sharedh2-sudoe-inaugura-a-primeira-estacao-de-producao-de-hidrogenio-verde-para-a-autonomia-energetica-e-o-abastecimento-de-bicicletas-a-hidrogenio\\\/#primaryimage\"},\"thumbnailUrl\":\"https:\\\/\\\/interreg-sudoe.eu\\\/wp-content\\\/uploads\\\/2025\\\/10\\\/IMG_2695.jpg\",\"datePublished\":\"2025-10-10T11:26:52+00:00\",\"dateModified\":\"2026-02-16T11:11:02+00:00\",\"breadcrumb\":{\"@id\":\"https:\\\/\\\/interreg-sudoe.eu\\\/pt-pt\\\/noticia-proyecto\\\/o-projeto-europeu-sharedh2-sudoe-inaugura-a-primeira-estacao-de-producao-de-hidrogenio-verde-para-a-autonomia-energetica-e-o-abastecimento-de-bicicletas-a-hidrogenio\\\/#breadcrumb\"},\"inLanguage\":\"pt-PT\",\"potentialAction\":[{\"@type\":\"ReadAction\",\"target\":[\"https:\\\/\\\/interreg-sudoe.eu\\\/pt-pt\\\/noticia-proyecto\\\/o-projeto-europeu-sharedh2-sudoe-inaugura-a-primeira-estacao-de-producao-de-hidrogenio-verde-para-a-autonomia-energetica-e-o-abastecimento-de-bicicletas-a-hidrogenio\\\/\"]}]},{\"@type\":\"ImageObject\",\"inLanguage\":\"pt-PT\",\"@id\":\"https:\\\/\\\/interreg-sudoe.eu\\\/pt-pt\\\/noticia-proyecto\\\/o-projeto-europeu-sharedh2-sudoe-inaugura-a-primeira-estacao-de-producao-de-hidrogenio-verde-para-a-autonomia-energetica-e-o-abastecimento-de-bicicletas-a-hidrogenio\\\/#primaryimage\",\"url\":\"https:\\\/\\\/interreg-sudoe.eu\\\/wp-content\\\/uploads\\\/2025\\\/10\\\/IMG_2695.jpg\",\"contentUrl\":\"https:\\\/\\\/interreg-sudoe.eu\\\/wp-content\\\/uploads\\\/2025\\\/10\\\/IMG_2695.jpg\",\"width\":1980,\"height\":1485},{\"@type\":\"BreadcrumbList\",\"@id\":\"https:\\\/\\\/interreg-sudoe.eu\\\/pt-pt\\\/noticia-proyecto\\\/o-projeto-europeu-sharedh2-sudoe-inaugura-a-primeira-estacao-de-producao-de-hidrogenio-verde-para-a-autonomia-energetica-e-o-abastecimento-de-bicicletas-a-hidrogenio\\\/#breadcrumb\",\"itemListElement\":[{\"@type\":\"ListItem\",\"position\":1,\"name\":\"Home\",\"item\":\"https:\\\/\\\/interreg-sudoe.eu\\\/pt-pt\\\/\"},{\"@type\":\"ListItem\",\"position\":2,\"name\":\"O projeto europeu SharedH2 SUDOE inaugura a primeira esta\u00e7\u00e3o de produ\u00e7\u00e3o de hidrog\u00e9nio verde para a autonomia energ\u00e9tica e o abastecimento de bicicletas a hidrog\u00e9nio\"}]},{\"@type\":\"WebSite\",\"@id\":\"https:\\\/\\\/interreg-sudoe.eu\\\/pt-pt\\\/#website\",\"url\":\"https:\\\/\\\/interreg-sudoe.eu\\\/pt-pt\\\/\",\"name\":\"Interreg Sudoe\",\"description\":\"Interreg Sudoe\",\"publisher\":{\"@id\":\"https:\\\/\\\/interreg-sudoe.eu\\\/pt-pt\\\/#organization\"},\"alternateName\":\"Interreg Sudoe\",\"potentialAction\":[{\"@type\":\"SearchAction\",\"target\":{\"@type\":\"EntryPoint\",\"urlTemplate\":\"https:\\\/\\\/interreg-sudoe.eu\\\/pt-pt\\\/?s={search_term_string}\"},\"query-input\":{\"@type\":\"PropertyValueSpecification\",\"valueRequired\":true,\"valueName\":\"search_term_string\"}}],\"inLanguage\":\"pt-PT\"},{\"@type\":\"Organization\",\"@id\":\"https:\\\/\\\/interreg-sudoe.eu\\\/pt-pt\\\/#organization\",\"name\":\"Interreg Sudoe\",\"alternateName\":\"Interreg Sudoe\",\"url\":\"https:\\\/\\\/interreg-sudoe.eu\\\/pt-pt\\\/\",\"logo\":{\"@type\":\"ImageObject\",\"inLanguage\":\"pt-PT\",\"@id\":\"https:\\\/\\\/interreg-sudoe.eu\\\/pt-pt\\\/#\\\/schema\\\/logo\\\/image\\\/\",\"url\":\"https:\\\/\\\/interreg-sudoe.eu\\\/wp-content\\\/uploads\\\/2024\\\/03\\\/logo-interreg.png\",\"contentUrl\":\"https:\\\/\\\/interreg-sudoe.eu\\\/wp-content\\\/uploads\\\/2024\\\/03\\\/logo-interreg.png\",\"width\":1200,\"height\":675,\"caption\":\"Interreg Sudoe\"},\"image\":{\"@id\":\"https:\\\/\\\/interreg-sudoe.eu\\\/pt-pt\\\/#\\\/schema\\\/logo\\\/image\\\/\"},\"sameAs\":[\"https:\\\/\\\/www.facebook.com\\\/interregsudoe\",\"https:\\\/\\\/x.com\\\/Sudoe5\",\"https:\\\/\\\/www.youtube.com\\\/channel\\\/UCeGx2edoB32beRc9dbKA2vw\",\"https:\\\/\\\/www.linkedin.com\\\/company\\\/interreg-sudoe-programme\\\/\",\"https:\\\/\\\/www.flickr.com\\\/photos\\\/148704685@N06\\\/\"]}]}<\/script>\n<!-- \/ Yoast SEO plugin. -->","yoast_head_json":{"title":"O projeto europeu SharedH2 SUDOE inaugura a primeira esta\u00e7\u00e3o de produ\u00e7\u00e3o de hidrog\u00e9nio verde para a autonomia energ\u00e9tica e o abastecimento de bicicletas a hidrog\u00e9nio - Interreg Sudoe","robots":{"index":"index","follow":"follow","max-snippet":"max-snippet:-1","max-image-preview":"max-image-preview:large","max-video-preview":"max-video-preview:-1"},"canonical":"https:\/\/interreg-sudoe.eu\/pt-pt\/noticia-proyecto\/o-projeto-europeu-sharedh2-sudoe-inaugura-a-primeira-estacao-de-producao-de-hidrogenio-verde-para-a-autonomia-energetica-e-o-abastecimento-de-bicicletas-a-hidrogenio\/","og_locale":"pt_PT","og_type":"article","og_title":"O projeto europeu SharedH2 SUDOE inaugura a primeira esta\u00e7\u00e3o de produ\u00e7\u00e3o de hidrog\u00e9nio verde para a autonomia energ\u00e9tica e o abastecimento de bicicletas a hidrog\u00e9nio - Interreg Sudoe","og_description":"A esta\u00e7\u00e3o de hidrog\u00e9nio da Escola Superior de Tecnologias Industriais Avan\u00e7adas (ESTIA), localizada em Bidart (Fran\u00e7a), permite simultaneamente o abastecimento de bicicletas e o armazenamento de energia para a escola O objetivo da SharedH2 \u00e9 consolidar o hidrog\u00e9nio renov\u00e1vel como uma solu\u00e7\u00e3o vi\u00e1vel de armazenamento de energia em comunidades de autoconsumo, especialmente em zonas rurais [&hellip;]","og_url":"https:\/\/interreg-sudoe.eu\/pt-pt\/noticia-proyecto\/o-projeto-europeu-sharedh2-sudoe-inaugura-a-primeira-estacao-de-producao-de-hidrogenio-verde-para-a-autonomia-energetica-e-o-abastecimento-de-bicicletas-a-hidrogenio\/","og_site_name":"Interreg Sudoe","article_publisher":"https:\/\/www.facebook.com\/interregsudoe","article_modified_time":"2026-02-16T11:11:02+00:00","og_image":[{"width":1980,"height":1485,"url":"https:\/\/interreg-sudoe.eu\/wp-content\/uploads\/2025\/10\/IMG_2695.jpg","type":"image\/jpeg"}],"twitter_card":"summary_large_image","twitter_site":"@Sudoe5","twitter_misc":{"Tempo estimado de leitura":"4 minutos"},"schema":{"@context":"https:\/\/schema.org","@graph":[{"@type":"WebPage","@id":"https:\/\/interreg-sudoe.eu\/pt-pt\/noticia-proyecto\/o-projeto-europeu-sharedh2-sudoe-inaugura-a-primeira-estacao-de-producao-de-hidrogenio-verde-para-a-autonomia-energetica-e-o-abastecimento-de-bicicletas-a-hidrogenio\/","url":"https:\/\/interreg-sudoe.eu\/pt-pt\/noticia-proyecto\/o-projeto-europeu-sharedh2-sudoe-inaugura-a-primeira-estacao-de-producao-de-hidrogenio-verde-para-a-autonomia-energetica-e-o-abastecimento-de-bicicletas-a-hidrogenio\/","name":"O projeto europeu SharedH2 SUDOE inaugura a primeira esta\u00e7\u00e3o de produ\u00e7\u00e3o de hidrog\u00e9nio verde para a autonomia energ\u00e9tica e o abastecimento de bicicletas a hidrog\u00e9nio - Interreg Sudoe","isPartOf":{"@id":"https:\/\/interreg-sudoe.eu\/pt-pt\/#website"},"primaryImageOfPage":{"@id":"https:\/\/interreg-sudoe.eu\/pt-pt\/noticia-proyecto\/o-projeto-europeu-sharedh2-sudoe-inaugura-a-primeira-estacao-de-producao-de-hidrogenio-verde-para-a-autonomia-energetica-e-o-abastecimento-de-bicicletas-a-hidrogenio\/#primaryimage"},"image":{"@id":"https:\/\/interreg-sudoe.eu\/pt-pt\/noticia-proyecto\/o-projeto-europeu-sharedh2-sudoe-inaugura-a-primeira-estacao-de-producao-de-hidrogenio-verde-para-a-autonomia-energetica-e-o-abastecimento-de-bicicletas-a-hidrogenio\/#primaryimage"},"thumbnailUrl":"https:\/\/interreg-sudoe.eu\/wp-content\/uploads\/2025\/10\/IMG_2695.jpg","datePublished":"2025-10-10T11:26:52+00:00","dateModified":"2026-02-16T11:11:02+00:00","breadcrumb":{"@id":"https:\/\/interreg-sudoe.eu\/pt-pt\/noticia-proyecto\/o-projeto-europeu-sharedh2-sudoe-inaugura-a-primeira-estacao-de-producao-de-hidrogenio-verde-para-a-autonomia-energetica-e-o-abastecimento-de-bicicletas-a-hidrogenio\/#breadcrumb"},"inLanguage":"pt-PT","potentialAction":[{"@type":"ReadAction","target":["https:\/\/interreg-sudoe.eu\/pt-pt\/noticia-proyecto\/o-projeto-europeu-sharedh2-sudoe-inaugura-a-primeira-estacao-de-producao-de-hidrogenio-verde-para-a-autonomia-energetica-e-o-abastecimento-de-bicicletas-a-hidrogenio\/"]}]},{"@type":"ImageObject","inLanguage":"pt-PT","@id":"https:\/\/interreg-sudoe.eu\/pt-pt\/noticia-proyecto\/o-projeto-europeu-sharedh2-sudoe-inaugura-a-primeira-estacao-de-producao-de-hidrogenio-verde-para-a-autonomia-energetica-e-o-abastecimento-de-bicicletas-a-hidrogenio\/#primaryimage","url":"https:\/\/interreg-sudoe.eu\/wp-content\/uploads\/2025\/10\/IMG_2695.jpg","contentUrl":"https:\/\/interreg-sudoe.eu\/wp-content\/uploads\/2025\/10\/IMG_2695.jpg","width":1980,"height":1485},{"@type":"BreadcrumbList","@id":"https:\/\/interreg-sudoe.eu\/pt-pt\/noticia-proyecto\/o-projeto-europeu-sharedh2-sudoe-inaugura-a-primeira-estacao-de-producao-de-hidrogenio-verde-para-a-autonomia-energetica-e-o-abastecimento-de-bicicletas-a-hidrogenio\/#breadcrumb","itemListElement":[{"@type":"ListItem","position":1,"name":"Home","item":"https:\/\/interreg-sudoe.eu\/pt-pt\/"},{"@type":"ListItem","position":2,"name":"O projeto europeu SharedH2 SUDOE inaugura a primeira esta\u00e7\u00e3o de produ\u00e7\u00e3o de hidrog\u00e9nio verde para a autonomia energ\u00e9tica e o abastecimento de bicicletas a hidrog\u00e9nio"}]},{"@type":"WebSite","@id":"https:\/\/interreg-sudoe.eu\/pt-pt\/#website","url":"https:\/\/interreg-sudoe.eu\/pt-pt\/","name":"Interreg Sudoe","description":"Interreg Sudoe","publisher":{"@id":"https:\/\/interreg-sudoe.eu\/pt-pt\/#organization"},"alternateName":"Interreg Sudoe","potentialAction":[{"@type":"SearchAction","target":{"@type":"EntryPoint","urlTemplate":"https:\/\/interreg-sudoe.eu\/pt-pt\/?s={search_term_string}"},"query-input":{"@type":"PropertyValueSpecification","valueRequired":true,"valueName":"search_term_string"}}],"inLanguage":"pt-PT"},{"@type":"Organization","@id":"https:\/\/interreg-sudoe.eu\/pt-pt\/#organization","name":"Interreg Sudoe","alternateName":"Interreg Sudoe","url":"https:\/\/interreg-sudoe.eu\/pt-pt\/","logo":{"@type":"ImageObject","inLanguage":"pt-PT","@id":"https:\/\/interreg-sudoe.eu\/pt-pt\/#\/schema\/logo\/image\/","url":"https:\/\/interreg-sudoe.eu\/wp-content\/uploads\/2024\/03\/logo-interreg.png","contentUrl":"https:\/\/interreg-sudoe.eu\/wp-content\/uploads\/2024\/03\/logo-interreg.png","width":1200,"height":675,"caption":"Interreg Sudoe"},"image":{"@id":"https:\/\/interreg-sudoe.eu\/pt-pt\/#\/schema\/logo\/image\/"},"sameAs":["https:\/\/www.facebook.com\/interregsudoe","https:\/\/x.com\/Sudoe5","https:\/\/www.youtube.com\/channel\/UCeGx2edoB32beRc9dbKA2vw","https:\/\/www.linkedin.com\/company\/interreg-sudoe-programme\/","https:\/\/www.flickr.com\/photos\/148704685@N06\/"]}]}},"_links":{"self":[{"href":"https:\/\/interreg-sudoe.eu\/pt-pt\/wp-json\/wp\/v2\/noticia-proyecto\/53188","targetHints":{"allow":["GET"]}}],"collection":[{"href":"https:\/\/interreg-sudoe.eu\/pt-pt\/wp-json\/wp\/v2\/noticia-proyecto"}],"about":[{"href":"https:\/\/interreg-sudoe.eu\/pt-pt\/wp-json\/wp\/v2\/types\/noticia-proyecto"}],"author":[{"embeddable":true,"href":"https:\/\/interreg-sudoe.eu\/pt-pt\/wp-json\/wp\/v2\/users\/4913"}],"wp:featuredmedia":[{"embeddable":true,"href":"https:\/\/interreg-sudoe.eu\/pt-pt\/wp-json\/wp\/v2\/media\/53186"}],"wp:attachment":[{"href":"https:\/\/interreg-sudoe.eu\/pt-pt\/wp-json\/wp\/v2\/media?parent=53188"}],"curies":[{"name":"wp","href":"https:\/\/api.w.org\/{rel}","templated":true}]}}