{"id":59923,"date":"2026-02-02T13:17:55","date_gmt":"2026-02-02T12:17:55","guid":{"rendered":"https:\/\/interreg-sudoe.eu\/?post_type=noticia-proyecto&#038;p=59923"},"modified":"2026-04-08T17:49:13","modified_gmt":"2026-04-08T15:49:13","slug":"ruralsilverhubs-e-apresentado-em-valencia-num-evento-europeu-de-inovacao-empreendedorismo-e-desenvolvimento-rural","status":"publish","type":"noticia-proyecto","link":"https:\/\/interreg-sudoe.eu\/pt-pt\/noticia-proyecto\/ruralsilverhubs-e-apresentado-em-valencia-num-evento-europeu-de-inovacao-empreendedorismo-e-desenvolvimento-rural\/","title":{"rendered":"RuralSilverHubS \u00e9 apresentado em Val\u00eancia num evento europeu de inova\u00e7\u00e3o, empreendedorismo e desenvolvimento rural"},"content":{"rendered":"<p>Na <strong>segunda-feira, 2 de fevereiro<\/strong>, o projeto europeu <strong>Interreg Sudoe RuralSilverHubS<\/strong> foi apresentado em Val\u00eancia no \u00e2mbito do evento <strong>\u201cTradi\u00e7\u00e3o, Inova\u00e7\u00e3o e Futuro | Projetos europeus para a cultura, o turismo, a economia circular e o desenvolvimento rural\u201d<\/strong>, realizado no <strong>Sabadell HUB Empresa<\/strong>. O encontro reuniu <strong>mais de 60 participantes<\/strong> provenientes de diferentes institui\u00e7\u00f5es e entidades de interesse, incluindo representantes institucionais, entidades europeias, projetos financiados pela Uni\u00e3o Europeia, empresas, empreendedores e agentes-chave do ecossistema valenciano.<\/p>\n<p>A apresenta\u00e7\u00e3o do RuralSilverHubS decorreu no \u00e2mbito de uma jornada concebida como um <strong>espa\u00e7o estrat\u00e9gico para stakeholders<\/strong>, orientado para dar visibilidade a projetos europeus concretos e para gerar oportunidades de <strong>networking, coopera\u00e7\u00e3o e empreendedorismo<\/strong>, especialmente em \u00e1reas como o desenvolvimento rural, a inova\u00e7\u00e3o social, o turismo sustent\u00e1vel e a economia circular.<\/p>\n<p>Durante o evento foram apresentados a abordagem e os objetivos do <strong>RuralSilverHubS<\/strong>, um projeto financiado pelo programa <strong>Interreg Sudoe<\/strong> que atua no enfrentamento dos desafios do <strong>envelhecimento da popula\u00e7\u00e3o e da despovoa\u00e7\u00e3o rural<\/strong>, promovendo a <em>silver economy<\/em>, o empreendedorismo e a cria\u00e7\u00e3o de novos servi\u00e7os inovadores destinados a melhorar a qualidade de vida das pessoas idosas em zonas rurais.<\/p>\n<p>A jornada combinou uma sess\u00e3o institucional e t\u00e9cnica com mesas de boas pr\u00e1ticas, apresenta\u00e7\u00f5es de projetos europeus e espa\u00e7os participativos, facilitando o <strong>interc\u00e2mbio de experi\u00eancias entre projetos Interreg, LIFE, Erasmus+ e outras iniciativas europeias<\/strong>, bem como o contacto direto com entidades p\u00fablicas, privadas e sociais tanto da <strong>Comunidade Valenciana<\/strong> como do contexto europeu, incluindo Bruxelas.<\/p>\n<p>O evento contou com a participa\u00e7\u00e3o de <strong>Silvia L\u00f3pez Prieto<\/strong>, diretora do <strong>Valencia Sabadell HUB Empresa<\/strong>; <strong>Lodewijk R. M. Cuypers<\/strong>, c\u00f4nsul honor\u00e1rio da B\u00e9lgica em Val\u00eancia; <strong>St\u00e9phane Soriano<\/strong>, diretor-geral de Diversidade da Generalitat Valenciana; e <strong>Patrick Struelens<\/strong>, <em>project leader<\/em> da <strong>Visit Brussels<\/strong>. Participaram igualmente <strong>Juanma Revuelta<\/strong>, <strong>Adri\u00e1n Noheda<\/strong> e <strong>Juan Viesca<\/strong>, em representa\u00e7\u00e3o da <strong>Funda\u00e7\u00e3o Finnova<\/strong>, sendo a apresenta\u00e7\u00e3o espec\u00edfica do projeto <strong>RuralSilverHubS<\/strong> realizada por <strong>Lola Bord\u00e1s<\/strong>.<\/p>\n<p>Al\u00e9m disso, o evento funcionou como uma <strong>plataforma de liga\u00e7\u00e3o entre projetos europeus e atores locais<\/strong>, favorecendo a cria\u00e7\u00e3o de sinergias, a identifica\u00e7\u00e3o de oportunidades de financiamento europeu e o impulso de iniciativas empreendedoras alinhadas com as prioridades da Uni\u00e3o Europeia em mat\u00e9ria de sustentabilidade, inova\u00e7\u00e3o e coes\u00e3o territorial.<\/p>\n<p>A apresenta\u00e7\u00e3o do RuralSilverHubS em Val\u00eancia refor\u00e7a o compromisso do projeto com a <strong>divulga\u00e7\u00e3o, o envolvimento dos stakeholders e a cria\u00e7\u00e3o de redes europeias<\/strong>, posicionando a cidade como um ponto de refer\u00eancia para o di\u00e1logo e a coopera\u00e7\u00e3o em torno do futuro das zonas rurais e do empreendedorismo associado \u00e0 <em>silver economy<\/em>.<\/p>\n<p><strong>Sobre o RuralSilverHubS<\/strong><\/p>\n<p>O <strong>RuralSilverHubS<\/strong> \u00e9 um projeto europeu de coopera\u00e7\u00e3o cofinanciado pelo <strong>Fundo Europeu de Desenvolvimento Regional (FEDER)<\/strong> atrav\u00e9s do programa <strong>Interreg Sudoe<\/strong>. Com uma dura\u00e7\u00e3o de <strong>30 meses (2025\u20132027)<\/strong> e um or\u00e7amento aproximado de <strong>1,3 milh\u00f5es de euros<\/strong>, o projeto re\u00fane parceiros de Espanha, Fran\u00e7a e Portugal com o objetivo de melhorar a qualidade de vida das pessoas idosas em zonas rurais. Atrav\u00e9s da inova\u00e7\u00e3o social, da cocria\u00e7\u00e3o e do impulso da <em>silver economy<\/em>, o RuralSilverHubS promove novos modelos de empreendedorismo, servi\u00e7os inovadores e ecossistemas colaborativos que contribuem para a constru\u00e7\u00e3o de territ\u00f3rios rurais mais <strong>inclusivos, resilientes e sustent\u00e1veis<\/strong> no espa\u00e7o SUDOE.<\/p>\n<p>&nbsp;<\/p>\n<p>&nbsp;<\/p>\n","protected":false},"excerpt":{"rendered":"<p>Na segunda-feira, 2 de fevereiro, o projeto europeu Interreg Sudoe RuralSilverHubS foi apresentado em Val\u00eancia no \u00e2mbito do evento \u201cTradi\u00e7\u00e3o, Inova\u00e7\u00e3o e Futuro | Projetos europeus para a cultura, o turismo, a economia circular e o desenvolvimento rural\u201d, realizado no Sabadell HUB Empresa. O encontro reuniu mais de 60 participantes provenientes de diferentes institui\u00e7\u00f5es e [&hellip;]<\/p>\n","protected":false},"author":6663,"featured_media":0,"parent":0,"template":"","meta":{"_acf_changed":false,"content-type":"","_monsterinsights_skip_tracking":false,"_monsterinsights_sitenote_active":false,"_monsterinsights_sitenote_note":"","_monsterinsights_sitenote_category":0},"class_list":["post-59923","noticia-proyecto","type-noticia-proyecto","status-publish","hentry"],"acf":[],"yoast_head":"<!-- This site is optimized with the Yoast SEO plugin v27.4 - https:\/\/yoast.com\/product\/yoast-seo-wordpress\/ -->\n<title>RuralSilverHubS \u00e9 apresentado em Val\u00eancia num evento europeu de inova\u00e7\u00e3o, empreendedorismo e desenvolvimento rural - Interreg Sudoe<\/title>\n<meta name=\"robots\" content=\"index, follow, max-snippet:-1, max-image-preview:large, max-video-preview:-1\" \/>\n<link rel=\"canonical\" href=\"https:\/\/interreg-sudoe.eu\/pt-pt\/noticia-proyecto\/ruralsilverhubs-e-apresentado-em-valencia-num-evento-europeu-de-inovacao-empreendedorismo-e-desenvolvimento-rural\/\" \/>\n<meta property=\"og:locale\" content=\"pt_PT\" \/>\n<meta property=\"og:type\" content=\"article\" \/>\n<meta property=\"og:title\" content=\"RuralSilverHubS \u00e9 apresentado em Val\u00eancia num evento europeu de inova\u00e7\u00e3o, empreendedorismo e desenvolvimento rural - Interreg Sudoe\" \/>\n<meta property=\"og:description\" content=\"Na segunda-feira, 2 de fevereiro, o projeto europeu Interreg Sudoe RuralSilverHubS foi apresentado em Val\u00eancia no \u00e2mbito do evento \u201cTradi\u00e7\u00e3o, Inova\u00e7\u00e3o e Futuro | Projetos europeus para a cultura, o turismo, a economia circular e o desenvolvimento rural\u201d, realizado no Sabadell HUB Empresa. O encontro reuniu mais de 60 participantes provenientes de diferentes institui\u00e7\u00f5es e [&hellip;]\" \/>\n<meta property=\"og:url\" content=\"https:\/\/interreg-sudoe.eu\/pt-pt\/noticia-proyecto\/ruralsilverhubs-e-apresentado-em-valencia-num-evento-europeu-de-inovacao-empreendedorismo-e-desenvolvimento-rural\/\" \/>\n<meta property=\"og:site_name\" content=\"Interreg Sudoe\" \/>\n<meta property=\"article:publisher\" content=\"https:\/\/www.facebook.com\/interregsudoe\" \/>\n<meta property=\"article:modified_time\" content=\"2026-04-08T15:49:13+00:00\" \/>\n<meta property=\"og:image\" content=\"https:\/\/interreg-sudoe.eu\/wp-content\/uploads\/2024\/03\/download.png\" \/>\n\t<meta property=\"og:image:width\" content=\"344\" \/>\n\t<meta property=\"og:image:height\" content=\"147\" \/>\n\t<meta property=\"og:image:type\" content=\"image\/png\" \/>\n<meta name=\"twitter:card\" content=\"summary_large_image\" \/>\n<meta name=\"twitter:site\" content=\"@Sudoe5\" \/>\n<meta name=\"twitter:label1\" content=\"Tempo estimado de leitura\" \/>\n\t<meta name=\"twitter:data1\" content=\"3 minutos\" \/>\n<script type=\"application\/ld+json\" class=\"yoast-schema-graph\">{\"@context\":\"https:\\\/\\\/schema.org\",\"@graph\":[{\"@type\":\"WebPage\",\"@id\":\"https:\\\/\\\/interreg-sudoe.eu\\\/pt-pt\\\/noticia-proyecto\\\/ruralsilverhubs-e-apresentado-em-valencia-num-evento-europeu-de-inovacao-empreendedorismo-e-desenvolvimento-rural\\\/\",\"url\":\"https:\\\/\\\/interreg-sudoe.eu\\\/pt-pt\\\/noticia-proyecto\\\/ruralsilverhubs-e-apresentado-em-valencia-num-evento-europeu-de-inovacao-empreendedorismo-e-desenvolvimento-rural\\\/\",\"name\":\"RuralSilverHubS \u00e9 apresentado em Val\u00eancia num evento europeu de inova\u00e7\u00e3o, empreendedorismo e desenvolvimento rural - Interreg Sudoe\",\"isPartOf\":{\"@id\":\"https:\\\/\\\/interreg-sudoe.eu\\\/pt-pt\\\/#website\"},\"datePublished\":\"2026-02-02T12:17:55+00:00\",\"dateModified\":\"2026-04-08T15:49:13+00:00\",\"breadcrumb\":{\"@id\":\"https:\\\/\\\/interreg-sudoe.eu\\\/pt-pt\\\/noticia-proyecto\\\/ruralsilverhubs-e-apresentado-em-valencia-num-evento-europeu-de-inovacao-empreendedorismo-e-desenvolvimento-rural\\\/#breadcrumb\"},\"inLanguage\":\"pt-PT\",\"potentialAction\":[{\"@type\":\"ReadAction\",\"target\":[\"https:\\\/\\\/interreg-sudoe.eu\\\/pt-pt\\\/noticia-proyecto\\\/ruralsilverhubs-e-apresentado-em-valencia-num-evento-europeu-de-inovacao-empreendedorismo-e-desenvolvimento-rural\\\/\"]}]},{\"@type\":\"BreadcrumbList\",\"@id\":\"https:\\\/\\\/interreg-sudoe.eu\\\/pt-pt\\\/noticia-proyecto\\\/ruralsilverhubs-e-apresentado-em-valencia-num-evento-europeu-de-inovacao-empreendedorismo-e-desenvolvimento-rural\\\/#breadcrumb\",\"itemListElement\":[{\"@type\":\"ListItem\",\"position\":1,\"name\":\"Home\",\"item\":\"https:\\\/\\\/interreg-sudoe.eu\\\/pt-pt\\\/\"},{\"@type\":\"ListItem\",\"position\":2,\"name\":\"RuralSilverHubS \u00e9 apresentado em Val\u00eancia num evento europeu de inova\u00e7\u00e3o, empreendedorismo e desenvolvimento rural\"}]},{\"@type\":\"WebSite\",\"@id\":\"https:\\\/\\\/interreg-sudoe.eu\\\/pt-pt\\\/#website\",\"url\":\"https:\\\/\\\/interreg-sudoe.eu\\\/pt-pt\\\/\",\"name\":\"Interreg Sudoe\",\"description\":\"Interreg Sudoe\",\"publisher\":{\"@id\":\"https:\\\/\\\/interreg-sudoe.eu\\\/pt-pt\\\/#organization\"},\"alternateName\":\"Interreg Sudoe\",\"potentialAction\":[{\"@type\":\"SearchAction\",\"target\":{\"@type\":\"EntryPoint\",\"urlTemplate\":\"https:\\\/\\\/interreg-sudoe.eu\\\/pt-pt\\\/?s={search_term_string}\"},\"query-input\":{\"@type\":\"PropertyValueSpecification\",\"valueRequired\":true,\"valueName\":\"search_term_string\"}}],\"inLanguage\":\"pt-PT\"},{\"@type\":\"Organization\",\"@id\":\"https:\\\/\\\/interreg-sudoe.eu\\\/pt-pt\\\/#organization\",\"name\":\"Interreg Sudoe\",\"alternateName\":\"Interreg Sudoe\",\"url\":\"https:\\\/\\\/interreg-sudoe.eu\\\/pt-pt\\\/\",\"logo\":{\"@type\":\"ImageObject\",\"inLanguage\":\"pt-PT\",\"@id\":\"https:\\\/\\\/interreg-sudoe.eu\\\/pt-pt\\\/#\\\/schema\\\/logo\\\/image\\\/\",\"url\":\"https:\\\/\\\/interreg-sudoe.eu\\\/wp-content\\\/uploads\\\/2024\\\/03\\\/logo-interreg.png\",\"contentUrl\":\"https:\\\/\\\/interreg-sudoe.eu\\\/wp-content\\\/uploads\\\/2024\\\/03\\\/logo-interreg.png\",\"width\":1200,\"height\":675,\"caption\":\"Interreg Sudoe\"},\"image\":{\"@id\":\"https:\\\/\\\/interreg-sudoe.eu\\\/pt-pt\\\/#\\\/schema\\\/logo\\\/image\\\/\"},\"sameAs\":[\"https:\\\/\\\/www.facebook.com\\\/interregsudoe\",\"https:\\\/\\\/x.com\\\/Sudoe5\",\"https:\\\/\\\/www.youtube.com\\\/channel\\\/UCeGx2edoB32beRc9dbKA2vw\",\"https:\\\/\\\/www.linkedin.com\\\/company\\\/interreg-sudoe-programme\\\/\",\"https:\\\/\\\/www.flickr.com\\\/photos\\\/148704685@N06\\\/\"]}]}<\/script>\n<!-- \/ Yoast SEO plugin. -->","yoast_head_json":{"title":"RuralSilverHubS \u00e9 apresentado em Val\u00eancia num evento europeu de inova\u00e7\u00e3o, empreendedorismo e desenvolvimento rural - Interreg Sudoe","robots":{"index":"index","follow":"follow","max-snippet":"max-snippet:-1","max-image-preview":"max-image-preview:large","max-video-preview":"max-video-preview:-1"},"canonical":"https:\/\/interreg-sudoe.eu\/pt-pt\/noticia-proyecto\/ruralsilverhubs-e-apresentado-em-valencia-num-evento-europeu-de-inovacao-empreendedorismo-e-desenvolvimento-rural\/","og_locale":"pt_PT","og_type":"article","og_title":"RuralSilverHubS \u00e9 apresentado em Val\u00eancia num evento europeu de inova\u00e7\u00e3o, empreendedorismo e desenvolvimento rural - Interreg Sudoe","og_description":"Na segunda-feira, 2 de fevereiro, o projeto europeu Interreg Sudoe RuralSilverHubS foi apresentado em Val\u00eancia no \u00e2mbito do evento \u201cTradi\u00e7\u00e3o, Inova\u00e7\u00e3o e Futuro | Projetos europeus para a cultura, o turismo, a economia circular e o desenvolvimento rural\u201d, realizado no Sabadell HUB Empresa. O encontro reuniu mais de 60 participantes provenientes de diferentes institui\u00e7\u00f5es e [&hellip;]","og_url":"https:\/\/interreg-sudoe.eu\/pt-pt\/noticia-proyecto\/ruralsilverhubs-e-apresentado-em-valencia-num-evento-europeu-de-inovacao-empreendedorismo-e-desenvolvimento-rural\/","og_site_name":"Interreg Sudoe","article_publisher":"https:\/\/www.facebook.com\/interregsudoe","article_modified_time":"2026-04-08T15:49:13+00:00","og_image":[{"width":344,"height":147,"url":"https:\/\/interreg-sudoe.eu\/wp-content\/uploads\/2024\/03\/download.png","type":"image\/png"}],"twitter_card":"summary_large_image","twitter_site":"@Sudoe5","twitter_misc":{"Tempo estimado de leitura":"3 minutos"},"schema":{"@context":"https:\/\/schema.org","@graph":[{"@type":"WebPage","@id":"https:\/\/interreg-sudoe.eu\/pt-pt\/noticia-proyecto\/ruralsilverhubs-e-apresentado-em-valencia-num-evento-europeu-de-inovacao-empreendedorismo-e-desenvolvimento-rural\/","url":"https:\/\/interreg-sudoe.eu\/pt-pt\/noticia-proyecto\/ruralsilverhubs-e-apresentado-em-valencia-num-evento-europeu-de-inovacao-empreendedorismo-e-desenvolvimento-rural\/","name":"RuralSilverHubS \u00e9 apresentado em Val\u00eancia num evento europeu de inova\u00e7\u00e3o, empreendedorismo e desenvolvimento rural - Interreg Sudoe","isPartOf":{"@id":"https:\/\/interreg-sudoe.eu\/pt-pt\/#website"},"datePublished":"2026-02-02T12:17:55+00:00","dateModified":"2026-04-08T15:49:13+00:00","breadcrumb":{"@id":"https:\/\/interreg-sudoe.eu\/pt-pt\/noticia-proyecto\/ruralsilverhubs-e-apresentado-em-valencia-num-evento-europeu-de-inovacao-empreendedorismo-e-desenvolvimento-rural\/#breadcrumb"},"inLanguage":"pt-PT","potentialAction":[{"@type":"ReadAction","target":["https:\/\/interreg-sudoe.eu\/pt-pt\/noticia-proyecto\/ruralsilverhubs-e-apresentado-em-valencia-num-evento-europeu-de-inovacao-empreendedorismo-e-desenvolvimento-rural\/"]}]},{"@type":"BreadcrumbList","@id":"https:\/\/interreg-sudoe.eu\/pt-pt\/noticia-proyecto\/ruralsilverhubs-e-apresentado-em-valencia-num-evento-europeu-de-inovacao-empreendedorismo-e-desenvolvimento-rural\/#breadcrumb","itemListElement":[{"@type":"ListItem","position":1,"name":"Home","item":"https:\/\/interreg-sudoe.eu\/pt-pt\/"},{"@type":"ListItem","position":2,"name":"RuralSilverHubS \u00e9 apresentado em Val\u00eancia num evento europeu de inova\u00e7\u00e3o, empreendedorismo e desenvolvimento rural"}]},{"@type":"WebSite","@id":"https:\/\/interreg-sudoe.eu\/pt-pt\/#website","url":"https:\/\/interreg-sudoe.eu\/pt-pt\/","name":"Interreg Sudoe","description":"Interreg Sudoe","publisher":{"@id":"https:\/\/interreg-sudoe.eu\/pt-pt\/#organization"},"alternateName":"Interreg Sudoe","potentialAction":[{"@type":"SearchAction","target":{"@type":"EntryPoint","urlTemplate":"https:\/\/interreg-sudoe.eu\/pt-pt\/?s={search_term_string}"},"query-input":{"@type":"PropertyValueSpecification","valueRequired":true,"valueName":"search_term_string"}}],"inLanguage":"pt-PT"},{"@type":"Organization","@id":"https:\/\/interreg-sudoe.eu\/pt-pt\/#organization","name":"Interreg Sudoe","alternateName":"Interreg Sudoe","url":"https:\/\/interreg-sudoe.eu\/pt-pt\/","logo":{"@type":"ImageObject","inLanguage":"pt-PT","@id":"https:\/\/interreg-sudoe.eu\/pt-pt\/#\/schema\/logo\/image\/","url":"https:\/\/interreg-sudoe.eu\/wp-content\/uploads\/2024\/03\/logo-interreg.png","contentUrl":"https:\/\/interreg-sudoe.eu\/wp-content\/uploads\/2024\/03\/logo-interreg.png","width":1200,"height":675,"caption":"Interreg Sudoe"},"image":{"@id":"https:\/\/interreg-sudoe.eu\/pt-pt\/#\/schema\/logo\/image\/"},"sameAs":["https:\/\/www.facebook.com\/interregsudoe","https:\/\/x.com\/Sudoe5","https:\/\/www.youtube.com\/channel\/UCeGx2edoB32beRc9dbKA2vw","https:\/\/www.linkedin.com\/company\/interreg-sudoe-programme\/","https:\/\/www.flickr.com\/photos\/148704685@N06\/"]}]}},"_links":{"self":[{"href":"https:\/\/interreg-sudoe.eu\/pt-pt\/wp-json\/wp\/v2\/noticia-proyecto\/59923","targetHints":{"allow":["GET"]}}],"collection":[{"href":"https:\/\/interreg-sudoe.eu\/pt-pt\/wp-json\/wp\/v2\/noticia-proyecto"}],"about":[{"href":"https:\/\/interreg-sudoe.eu\/pt-pt\/wp-json\/wp\/v2\/types\/noticia-proyecto"}],"author":[{"embeddable":true,"href":"https:\/\/interreg-sudoe.eu\/pt-pt\/wp-json\/wp\/v2\/users\/6663"}],"wp:attachment":[{"href":"https:\/\/interreg-sudoe.eu\/pt-pt\/wp-json\/wp\/v2\/media?parent=59923"}],"curies":[{"name":"wp","href":"https:\/\/api.w.org\/{rel}","templated":true}]}}