{"id":61139,"date":"2026-02-17T15:43:07","date_gmt":"2026-02-17T14:43:07","guid":{"rendered":"https:\/\/interreg-sudoe.eu\/?post_type=noticia-proyecto&#038;p=61139"},"modified":"2026-02-17T23:21:08","modified_gmt":"2026-02-17T22:21:08","slug":"terceira-newsletter-do-target-fevereiro-2026","status":"publish","type":"noticia-proyecto","link":"https:\/\/interreg-sudoe.eu\/pt-pt\/noticia-proyecto\/terceira-newsletter-do-target-fevereiro-2026\/","title":{"rendered":"Terceira newsletter do TARGET! &#8212; Fevereiro 2026"},"content":{"rendered":"<h2>Progresso T\u00e9cnico<\/h2>\n<h3><b data-path-to-node=\"0\" data-index-in-node=\"18\">Tra\u00e7ar o caminho a seguir<\/b><\/h3>\n<p>Nos \u00faltimos seis meses (agosto de 2025 \u2013 janeiro de 2026), a equipa da <strong>ECOFILAE<\/strong> dedicou-se ao mapeamento de territ\u00f3rios estrat\u00e9gicos. Este trabalho crucial permite identificar precisamente as zonas onde a estrat\u00e9gia TARGET poder\u00e1 ser replicada com sucesso no futuro.<\/p>\n<figure id=\"attachment_61114\" aria-describedby=\"caption-attachment-61114\" style=\"width: 598px\" class=\"wp-caption aligncenter\"><img fetchpriority=\"high\" decoding=\"async\" class=\"wp-image-61114 size-full\" src=\"https:\/\/interreg-sudoe.eu\/wp-content\/uploads\/2026\/02\/mapaecopfilae.jpg\" alt=\"\" width=\"598\" height=\"418\" srcset=\"https:\/\/interreg-sudoe.eu\/wp-content\/uploads\/2026\/02\/mapaecopfilae.jpg 598w, https:\/\/interreg-sudoe.eu\/wp-content\/uploads\/2026\/02\/mapaecopfilae-300x210.jpg 300w\" sizes=\"(max-width: 598px) 100vw, 598px\" \/><figcaption id=\"caption-attachment-61114\" class=\"wp-caption-text\"><em>Territ\u00f3rios estrat\u00e9gicos no SUDOE para a replica\u00e7\u00e3o da estrat\u00e9gia TARGET. <\/em>Source: Kreis, M., Declercq, R. (2025). <em>Identification et \u00e9tude des territoires de transfert de la Strat\u00e9gie TARGET sur le SUDOE. <\/em><em>Report E3.1 of TARGET Sudoe<\/em> Project S1\/2.5\/F0041. Montpellier: ECOFILAE.<\/figcaption><\/figure>\n<p data-path-to-node=\"0\"><b data-path-to-node=\"0\" data-index-in-node=\"0\">Qual \u00e9 o pr\u00f3ximo passo?<\/b> Agora que o mapeamento est\u00e1 conclu\u00eddo, a <strong>ECOFILAE<\/strong> aguarda os resultados dos workshops de janeiro realizados pela <strong>EPIDOR<\/strong> e pelo <strong>CEREMA<\/strong>. Durante estas sess\u00f5es, as partes interessadas hierarquizaram os principais desafios e elaboraram cen\u00e1rios espec\u00edficos para a regi\u00e3o de Dordogne e para a Comunidade de Aglomera\u00e7\u00e3o do Grande P\u00e9rigueux.<\/p>\n<p data-path-to-node=\"1\">Assim que estes cen\u00e1rios estiverem finalizados, a <strong>ECOFILAE<\/strong> intervir\u00e1 novamente para a an\u00e1lise de dados. Ser\u00e3o realizadas an\u00e1lises multicrit\u00e9rio e estudos de custo-benef\u00edcio para garantir que as solu\u00e7\u00f5es propostas sejam n\u00e3o s\u00f3 eficazes, mas tamb\u00e9m economicamente vi\u00e1veis.<\/p>\n<h3>Foco em Dordogne: A abordagem colaborativa dos parceiros franceses do TARGET<\/h3>\n<p data-path-to-node=\"4\">No \u00e2mbito do teste da estrat\u00e9gia TARGET na bacia do Dordogne, liderado pela <strong>EPIDOR<\/strong>, a equipa do <strong>CEREMA<\/strong> colocou a t\u00f3nica no funcionamento concreto da concerta\u00e7\u00e3o.<\/p>\n<p data-path-to-node=\"5\">Para lan\u00e7ar o processo, recorreram a uma consultora (<strong><i data-path-to-node=\"4\" data-index-in-node=\"53\">\u00c9cologie Urbaine et Citoyenne<\/i><\/strong>) para entrevistar os principais intervenientes na gest\u00e3o da \u00e1gua em toda a bacia. Esta investiga\u00e7\u00e3o permitiu produzir um &#8220;mapeamento&#8221; detalhado dos atores locais, identificando precisamente a posi\u00e7\u00e3o dos diferentes grupos relativamente \u00e0 utiliza\u00e7\u00e3o de fontes de \u00e1gua n\u00e3o convencionais.<\/p>\n<p data-path-to-node=\"6\">Ap\u00f3s esta investiga\u00e7\u00e3o inicial, a equipa organizou dois workshops em P\u00e9rigueux, gra\u00e7as ao apoio do <b data-path-to-node=\"5\" data-index-in-node=\"99\">GRAND P\u00c9RIGUEUX<\/b>:<\/p>\n<ul>\n<li>\n<figure id=\"attachment_61115\" aria-describedby=\"caption-attachment-61115\" style=\"width: 300px\" class=\"wp-caption alignright\"><img decoding=\"async\" class=\"wp-image-61115 size-medium\" src=\"https:\/\/interreg-sudoe.eu\/wp-content\/uploads\/2026\/02\/Imagen3-300x225.jpg\" alt=\"\" width=\"300\" height=\"225\" srcset=\"https:\/\/interreg-sudoe.eu\/wp-content\/uploads\/2026\/02\/Imagen3-300x225.jpg 300w, https:\/\/interreg-sudoe.eu\/wp-content\/uploads\/2026\/02\/Imagen3-768x576.jpg 768w, https:\/\/interreg-sudoe.eu\/wp-content\/uploads\/2026\/02\/Imagen3.jpg 996w\" sizes=\"(max-width: 300px) 100vw, 300px\" \/><figcaption id=\"caption-attachment-61115\" class=\"wp-caption-text\">R\u00e9union \u00e0 P\u00e9rigueux, janvier 2026.<\/figcaption><\/figure>\n<p><b data-path-to-node=\"0,0,0\" data-index-in-node=\"0\">15 de janeiro de 2026:<\/b> A primeira sess\u00e3o visou colmatar a lacuna entre os dados t\u00e9cnicos (produzidos pela <strong>EPIDOR<\/strong>, <strong>ECOFILAE<\/strong> e <strong>CEREMA<\/strong>) e a realidade local. Atrav\u00e9s de uma abordagem l\u00fadica, o <strong>CEREMA<\/strong>, a <strong>EPIDOR<\/strong> e a <strong>EUC<\/strong> ajudaram os participantes a identificar e a hierarquizar os principais desafios do territ\u00f3rio, destacando tanto as oportunidades como os obst\u00e1culos relacionados com a gest\u00e3o da escassez de \u00e1gua.<\/li>\n<li>\n<p data-path-to-node=\"2\"><b data-path-to-node=\"0,1,0\" data-index-in-node=\"0\">29 de janeiro de 2026:<\/b> O segundo workshop foi focado no futuro. O objetivo foi incentivar as partes interessadas a contribuir ativamente para a estrat\u00e9gia e a preparar as a\u00e7\u00f5es concretas que se seguem.<\/p>\n<\/li>\n<\/ul>\n<p data-path-to-node=\"0\">IConv\u00e9m referir que a unidade de participa\u00e7\u00e3o do CEREMA observou os dois eventos para avaliar o pr\u00f3prio processo de concerta\u00e7\u00e3o.<br \/>\n<strong>E se algu\u00e9m n\u00e3o pudesse estar presente?<\/strong> Para aqueles que n\u00e3o conseguiram assistir \u00e0s sess\u00f5es presenciais, foi agendado um \u00faltimo workshop online no dia 5 de fevereiro. Isto permitiu garantir que cada voz tivesse a oportunidade de ser ouvida na elabora\u00e7\u00e3o da estrat\u00e9gia!<\/p>\n<h3 data-path-to-node=\"1\">Testar a estrat\u00e9gia TARGET noutros territ\u00f3rios<\/h3>\n<p data-path-to-node=\"1\"><strong>Ser\u00e1 a estrat\u00e9gia TARGET suficientemente flex\u00edvel para funcionar noutras regi\u00f5es?<\/strong><\/p>\n<p data-path-to-node=\"1\">Para responder a esta quest\u00e3o, a equipa da <strong>EPIDOR<\/strong> e do <strong>CEREMA<\/strong> elaborou um guia de entrevista espec\u00edfico, concebido para sondar outros territ\u00f3rios identificados pelo trabalho de mapeamento da <strong>ECOFILAE<\/strong> em toda a zona SUDOE. O objetivo \u00e9 verificar se as solu\u00e7\u00f5es propostas pelo TARGET podem ser replicadas noutros locais e compreender como diferentes comunidades percecionam a reutiliza\u00e7\u00e3o da \u00e1gua.<\/p>\n<p data-path-to-node=\"1\">A abordagem TARGET est\u00e1 a ser comparada nos tr\u00eas pa\u00edses com iniciativas que j\u00e1 se encontram operacionais.<\/p>\n<p data-path-to-node=\"1\">Em Fran\u00e7a, foram selecionadas duas regi\u00f5es, com o <strong>CEREMA<\/strong> e a <strong>EPIDOR<\/strong> a conduzirem as entrevistas. Paralelamente, em Espanha, a <strong>UCM<\/strong> e a <strong>AMAyA<\/strong> realizar\u00e3o as entrevistas em 15 regi\u00f5es, enquanto em Portugal a <strong>FCT<\/strong> <strong>NOVA<\/strong> trabalhar\u00e1 em cinco regi\u00f5es, tais como zonas focadas na produ\u00e7\u00e3o de moluscos (conquilhicultura), para ver como a estrat\u00e9gia se comporta em novos contextos.<\/p>\n<p data-path-to-node=\"1\">Ao entrevistar uma grande variedade de partes interessadas, desde autoridades de bacias hidrogr\u00e1ficas a sindicatos de \u00e1gua locais e associa\u00e7\u00f5es, a equipa TARGET espera recolher coment\u00e1rios valiosos sobre a possibilidade de estes territ\u00f3rios poderem adotar elementos da estrat\u00e9gia no futuro.<\/p>\n<h3 data-path-to-node=\"1\">Ligar Espanha, Portugal e Fran\u00e7a<\/h3>\n<p data-path-to-node=\"1\">Estes \u00faltimos meses foram muito intensos para a <strong>AMAyA<\/strong>. Entre setembro de 2025 e janeiro de 2026, a equipa liderou uma an\u00e1lise exaustiva da governa\u00e7\u00e3o da \u00e1gua em Fran\u00e7a, Espanha e Portugal. Este trabalho envolveu uma coordena\u00e7\u00e3o estreita com os parceiros dos tr\u00eas pa\u00edses para produzir um relat\u00f3rio completo sobre a forma como a \u00e1gua \u00e9 gerida em per\u00edodos de escassez.<\/p>\n<p data-path-to-node=\"1\">A <strong>AMAyA<\/strong> tamb\u00e9m trabalhou ativamente com a <strong>UCM<\/strong> (Universidade Complutense de Madrid) para selecionar territ\u00f3rios espanh\u00f3is espec\u00edficos onde a estrat\u00e9gia TARGET pode ser aplicada. Juntos, identificaram os atores locais e acompanharam estudos sobre a aceitabilidade social da utiliza\u00e7\u00e3o de fontes de \u00e1gua n\u00e3o convencionais.<\/p>\n<p data-path-to-node=\"1\"><strong>Marque na agenda: Madrid 2026!<\/strong> Olhando para o futuro, a <strong>AMAyA<\/strong> e a <strong>UCM<\/strong> preparam um grande evento de dissemina\u00e7\u00e3o. Est\u00e3o atualmente a coordenar-se com os organizadores do <strong>Congresso Internacional Reuse Euro-Med<\/strong>, que ter\u00e1 lugar em <strong>San Fernando de Henares (Madrid)<\/strong> de <strong>17 a 19 de junho de 2026<\/strong>. A <strong>AMAyA<\/strong> dinamizar\u00e1 um semin\u00e1rio especial dentro do congresso para partilhar as conclus\u00f5es do projeto. Se desejar participar, pode inscrever-se aqui!: <a href=\"https:\/\/server.matchmaking-studio.com\/en\/REUSE_EuroMed_Madrid_2026\/home.html\">https:\/\/server.matchmaking-studio.com\/en\/REUSE_EuroMed_Madrid_2026\/home.html<\/a><\/p>\n<h3 data-path-to-node=\"3\">Expandir a Infraestrutura Verde<\/h3>\n<p data-path-to-node=\"3\"><strong>Granollers<\/strong> est\u00e1 a avan\u00e7ar com melhorias significativas tanto na sua estrat\u00e9gia como na sua paisagem.<\/p>\n<figure id=\"attachment_61116\" aria-describedby=\"caption-attachment-61116\" style=\"width: 300px\" class=\"wp-caption alignright\"><img decoding=\"async\" class=\"wp-image-61116 size-medium\" src=\"https:\/\/interreg-sudoe.eu\/wp-content\/uploads\/2026\/02\/Imagen4-1-300x225.jpg\" alt=\"\" width=\"300\" height=\"225\" srcset=\"https:\/\/interreg-sudoe.eu\/wp-content\/uploads\/2026\/02\/Imagen4-1-300x225.jpg 300w, https:\/\/interreg-sudoe.eu\/wp-content\/uploads\/2026\/02\/Imagen4-1.jpg 658w\" sizes=\"(max-width: 300px) 100vw, 300px\" \/><figcaption id=\"caption-attachment-61116\" class=\"wp-caption-text\"><em>Reuni\u00e3o em Granollers relativa ao teste piloto<\/em><\/figcaption><\/figure>\n<p data-path-to-node=\"0\">No que diz respeito ao planeamento, a equipa adjudicou recentemente dois contratos fundamentais a especialistas externos. O primeiro apoiar\u00e1 o teste piloto local da estrat\u00e9gia TARGET, enquanto o segundo se foca na otimiza\u00e7\u00e3o da rede REUT existente, visando encontrar novas solu\u00e7\u00f5es para melhorar a infraestrutura. Os planos de trabalho j\u00e1 est\u00e3o em fase de finaliza\u00e7\u00e3o com estes parceiros.<\/p>\n<p data-path-to-node=\"1\">No terreno, est\u00e3o a ocorrer mudan\u00e7as f\u00edsicas entusiasmantes. Em dezembro de 2025, teve in\u00edcio a constru\u00e7\u00e3o da extens\u00e3o da zona h\u00famida de Can Cabanyes. Situado logo a norte do local atual, em terrenos anteriormente ocupados pela ind\u00fastria, este projeto est\u00e1 a transformar a zona.<\/p>\n<p data-path-to-node=\"2\">Uma vez operacional em 2027, esta segunda zona h\u00famida n\u00e3o s\u00f3 impulsionar\u00e1 a biodiversidade local, como tamb\u00e9m ter\u00e1 o potencial de aumentar a capacidade de produ\u00e7\u00e3o de \u00e1gua reciclada.<\/p>\n<figure id=\"attachment_61117\" aria-describedby=\"caption-attachment-61117\" style=\"width: 800px\" class=\"wp-caption aligncenter\"><img loading=\"lazy\" decoding=\"async\" class=\"wp-image-61117 size-large\" src=\"https:\/\/interreg-sudoe.eu\/wp-content\/uploads\/2026\/02\/Imagen5-1024x410.png\" alt=\"\" width=\"800\" height=\"320\" srcset=\"https:\/\/interreg-sudoe.eu\/wp-content\/uploads\/2026\/02\/Imagen5-1024x410.png 1024w, https:\/\/interreg-sudoe.eu\/wp-content\/uploads\/2026\/02\/Imagen5-300x120.png 300w, https:\/\/interreg-sudoe.eu\/wp-content\/uploads\/2026\/02\/Imagen5-768x307.png 768w, https:\/\/interreg-sudoe.eu\/wp-content\/uploads\/2026\/02\/Imagen5-1536x614.png 1536w, https:\/\/interreg-sudoe.eu\/wp-content\/uploads\/2026\/02\/Imagen5.png 1980w\" sizes=\"(max-width: 800px) 100vw, 800px\" \/><figcaption id=\"caption-attachment-61117\" class=\"wp-caption-text\"><em>Expans\u00e3o da segunda zona h\u00famida de Can Cabanyes.<\/em><\/figcaption><\/figure>\n<h3 data-path-to-node=\"0\"><b data-path-to-node=\"0\" data-index-in-node=\"0\">Gest\u00e3o Proativa da Seca<\/b><\/h3>\n<p data-path-to-node=\"1\">Seguindo as recomenda\u00e7\u00f5es da <strong>ERSAR<\/strong> (Entidade Reguladora dos Servi\u00e7os de \u00c1guas e Res\u00edduos) relativas \u00e0 monitoriza\u00e7\u00e3o da seca, a <strong>C\u00e2mara Municipal do Barreiro<\/strong> finalizou, aprovou e implementou um plano de conting\u00eancia para o abastecimento de \u00e1gua. Embora opere atualmente em &#8220;Situa\u00e7\u00e3o Normal&#8221; (C0), o plano foi concebido para ser preditivo, visando antecipar crises para evitar cen\u00e1rios de emerg\u00eancia. Este estabelece uma hierarquia de n\u00edveis de alerta baseada na avalia\u00e7\u00e3o de riscos:<\/p>\n<ul data-path-to-node=\"2\">\n<li>\n<p data-path-to-node=\"2,0,0\"><b data-path-to-node=\"2,0,0\" data-index-in-node=\"0\">C0 (Normal):<\/b> Situa\u00e7\u00e3o atual.<\/p>\n<\/li>\n<li>\n<p data-path-to-node=\"2,1,0\"><b data-path-to-node=\"2,1,0\" data-index-in-node=\"0\">C1 (Pr\u00e9-alerta):<\/b> Indica\u00e7\u00e3o de problemas graves.<\/p>\n<\/li>\n<li>\n<p data-path-to-node=\"2,2,0\"><b data-path-to-node=\"2,2,0\" data-index-in-node=\"0\">C2 (Alerta):<\/b> Possibilidade de ocorr\u00eancia, n\u00e3o imediata, de certos problemas graves, mas com possibilidade de resolu\u00e7\u00e3o provis\u00f3ria pelo sistema.<\/p>\n<\/li>\n<li>\n<p data-path-to-node=\"2,3,0\"><b data-path-to-node=\"2,3,0\" data-index-in-node=\"0\">C3 (Emerg\u00eancia):<\/b> Ocorr\u00eancia de uma situa\u00e7\u00e3o grave sem possibilidade de mitiga\u00e7\u00e3o\/resposta pelo sistema.<\/p>\n<\/li>\n<\/ul>\n<p data-path-to-node=\"3\">Estes n\u00edveis orientam a implementa\u00e7\u00e3o de medidas de conting\u00eancia espec\u00edficas, que v\u00e3o desde resolu\u00e7\u00f5es provis\u00f3rias do sistema at\u00e9 restri\u00e7\u00f5es de consumo em casos graves. O plano serve como uma ferramenta cr\u00edtica de apoio \u00e0 decis\u00e3o para a gest\u00e3o de topo, equilibrando a an\u00e1lise t\u00e9cnica de riscos com a tomada de decis\u00e3o pol\u00edtica. Os protocolos operacionais focam-se na monitoriza\u00e7\u00e3o cont\u00ednua, na gest\u00e3o de perdas e na renova\u00e7\u00e3o de infraestruturas. O plano prepara-se para cen\u00e1rios extremos, como uma falha total do aqu\u00edfero, delineando estrat\u00e9gias de &#8220;consumo essencial&#8221;.<\/p>\n<p data-path-to-node=\"4\">Mais especificamente, o abastecimento da popula\u00e7\u00e3o atrav\u00e9s de cami\u00f5es-cisterna (15 litros\/habitante\/dia, fornecidos por 15 cami\u00f5es-cisterna de 20 m\u00b3 cada, com 4 enchimentos di\u00e1rios) e a garantia de fontes de \u00e1gua alternativas para ativos cr\u00edticos, como o Centro Hospitalar Barreiro-Montijo.<\/p>\n<p data-path-to-node=\"5\">Crucialmente, este plano antecipa a nova diretiva sobre a <strong>Resili\u00eancia das Entidades Cr\u00edticas (REC)<\/strong>. Trata os setores da \u00e1gua e das \u00e1guas residuais como infraestruturas cr\u00edticas, preparando o munic\u00edpio para enfrentar todos os perigos, naturais ou de origem humana, e n\u00e3o apenas a seca. Ao utilizar ferramentas de monitoriza\u00e7\u00e3o baseadas em dados, o <strong>Barreiro<\/strong> assegura que pode responder \u00e0s suas obriga\u00e7\u00f5es legais e, acima de tudo, proteger os seus cidad\u00e3os contra a escassez de \u00e1gua, cumprindo assim um objetivo central do projeto TARGET.<\/p>\n<h3 data-path-to-node=\"6\"><b data-path-to-node=\"6\" data-index-in-node=\"0\">Novas perspetivas sobre seguran\u00e7a ambiental<\/b><\/h3>\n<figure id=\"attachment_61119\" aria-describedby=\"caption-attachment-61119\" style=\"width: 329px\" class=\"wp-caption alignleft\"><img loading=\"lazy\" decoding=\"async\" class=\"wp-image-61119 \" src=\"https:\/\/interreg-sudoe.eu\/wp-content\/uploads\/2026\/02\/Imagen6.jpg\" alt=\"\" width=\"329\" height=\"238\" srcset=\"https:\/\/interreg-sudoe.eu\/wp-content\/uploads\/2026\/02\/Imagen6.jpg 816w, https:\/\/interreg-sudoe.eu\/wp-content\/uploads\/2026\/02\/Imagen6-300x217.jpg 300w, https:\/\/interreg-sudoe.eu\/wp-content\/uploads\/2026\/02\/Imagen6-768x556.jpg 768w\" sizes=\"(max-width: 329px) 100vw, 329px\" \/><figcaption id=\"caption-attachment-61119\" class=\"wp-caption-text\">Raquel Carvalho a apresentar a sua tese.<\/figcaption><\/figure>\n<p data-path-to-node=\"1\">Temos o prazer de anunciar que a nossa colega Raquel Carvalho defendeu com sucesso a sua tese de Mestrado no dia 14 de novembro de 2025, intitulada &#8220;Pesticides occurrence in soil and wastewater \u2013 from literature review to monitoring evidence&#8221;. Desenvolvida no \u00e2mbito do Mestrado em Qu\u00edmica Bioinorg\u00e2nica da NOVA School of Science and Technology (<strong>NOVA FCT<\/strong>), a investiga\u00e7\u00e3o da Raquel colmata a lacuna entre o conhecimento te\u00f3rico e os dados do mundo real, combinando uma revis\u00e3o cr\u00edtica da literatura com evid\u00eancias de monitoriza\u00e7\u00e3o direta. O seu trabalho oferece uma vis\u00e3o mais clara sobre a persist\u00eancia dos pesticidas no nosso ambiente.<\/p>\n<pre data-path-to-node=\"3\"><span style=\"color: #ffffff;\">aaaaaaaaaaaaaaaaaaaaaaaaaaaaaaaaaaaaaaaaaaaaaaaaaaaaaaaaaaaaaaaaaaaaaaaaaaaaaaaa<\/span><\/pre>\n<h2><b data-path-to-node=\"0\" data-index-in-node=\"0\">Reuni\u00e3o Anual<\/b><\/h2>\n<h3 data-path-to-node=\"0\"><b data-path-to-node=\"0\" data-index-in-node=\"14\">Terceira reuni\u00e3o do TARGET em Montpellier, Fran\u00e7a<\/b><\/h3>\n<p>Nos dias <strong>7 e 8 de outubro<\/strong>, a equipa do projeto <strong>TARGET<\/strong> reuniu-se no <strong>Institut Agro Montpellier<\/strong> para a nossa terceira reuni\u00e3o oficial. Organizado com mestria pelo nosso parceiro <strong>ECOFILAE<\/strong>, o evento foi uma oportunidade fant\u00e1stica para partilhar conhecimentos n\u00e3o s\u00f3 dentro da nossa equipa, mas tamb\u00e9m com colegas dos projetos <strong>Interreg Sudoe I-Rewater<\/strong> e <strong>Sollagua<\/strong>.<\/p>\n<figure id=\"attachment_61120\" aria-describedby=\"caption-attachment-61120\" style=\"width: 800px\" class=\"wp-caption aligncenter\"><img loading=\"lazy\" decoding=\"async\" class=\"wp-image-61120 size-large\" src=\"https:\/\/interreg-sudoe.eu\/wp-content\/uploads\/2026\/02\/Imagen7-1024x734.jpg\" alt=\"\" width=\"800\" height=\"573\" srcset=\"https:\/\/interreg-sudoe.eu\/wp-content\/uploads\/2026\/02\/Imagen7-1024x734.jpg 1024w, https:\/\/interreg-sudoe.eu\/wp-content\/uploads\/2026\/02\/Imagen7-300x215.jpg 300w, https:\/\/interreg-sudoe.eu\/wp-content\/uploads\/2026\/02\/Imagen7-768x551.jpg 768w, https:\/\/interreg-sudoe.eu\/wp-content\/uploads\/2026\/02\/Imagen7.jpg 1291w\" sizes=\"(max-width: 800px) 100vw, 800px\" \/><figcaption id=\"caption-attachment-61120\" class=\"wp-caption-text\"><em>Foto de grupo na esta\u00e7\u00e3o de tratamento de \u00e1guas residuais de Narbonne Plage.<\/em><\/figcaption><\/figure>\n<p data-path-to-node=\"1\">No primeiro dia, Lydie Riera (<strong>EPIDOR<\/strong>) abriu o evento com as boas-vindas, seguida de um discurso de abertura de Laurence Burgaud (<strong>Montpellier<\/strong> <strong>M\u00e9diterran\u00e9e M\u00e9tropole<\/strong>) sobre a escolha das estrat\u00e9gias adequadas de gest\u00e3o da \u00e1gua. O dia prosseguiu com workshops e apresenta\u00e7\u00f5es estimulantes. Ouvimos os parceiros do TARGET, Catherine Frank N\u00e9el (<strong>CEREMA<\/strong>), Tony Ortiz (<strong>UPC<\/strong>) e Rui Teixeira (<strong>MBAR<\/strong>), bem como as contribui\u00e7\u00f5es enriquecedoras dos nossos projetos convidados: Nicolas Saurin (I-<strong>ReWater<\/strong>), R\u00e9mi Declerc (<strong>Rur\u2019Eaux<\/strong>) e Magali Gerino (<strong>Sollagua<\/strong>). Estas interven\u00e7\u00f5es suscitaram discuss\u00f5es de grupo construtivas sobre como fazer avan\u00e7ar a nossa miss\u00e3o comum.<\/p>\n<p data-path-to-node=\"2\">Um dos pontos altos foi a nossa visita t\u00e9cnica \u00e0 esta\u00e7\u00e3o de tratamento de \u00e1guas residuais de Narbonne Plage. Guiada por Nicolas Lafont, a equipa explorou solu\u00e7\u00f5es impressionantes no local, nomeadamente a utiliza\u00e7\u00e3o de \u00e1gua reciclada para a irriga\u00e7\u00e3o de vinhedos, um exemplo perfeito de tecnologia inteligente ao servi\u00e7o da \u00e1gua e da prote\u00e7\u00e3o dos ecossistemas locais. O segundo dia foi dedicado a atualiza\u00e7\u00f5es internas sobre o estado de progresso e ao planeamento das pr\u00f3ximas etapas do projeto.<\/p>\n<p data-path-to-node=\"3\">Um grande agradecimento \u00e0 <strong>ECOFILAE<\/strong> por terem sido anfitri\u00f5es formid\u00e1veis, e a todos os nossos parceiros pela sua dedica\u00e7\u00e3o cont\u00ednua: <strong>CEREMA<\/strong>, <strong>EPIDOR<\/strong>, <strong>Le Grand P\u00e9rigueux<\/strong>, <strong>C\u00e2mara Municipal do Barreiro<\/strong>, <strong>FCT NOVA<\/strong>, <strong>UPC<\/strong>, <strong>Granollers<\/strong>, <strong>UCM<\/strong>, <strong>AMAyA<\/strong> e <strong>FSVA\/Kaizen<\/strong>. Juntos, avan\u00e7amos para um futuro mais sustent\u00e1vel!<\/p>\n<p data-path-to-node=\"4\"><strong>Pode ver o v\u00eddeo da reuni\u00e3o de Montpellier clicando aqui em baixo na imagem!<\/strong><\/p>\n<p><a href=\"https:\/\/www.youtube.com\/watch?v=5KsT2urFPuY\"><img loading=\"lazy\" decoding=\"async\" class=\"size-full wp-image-61121 aligncenter\" src=\"https:\/\/interreg-sudoe.eu\/wp-content\/uploads\/2026\/02\/Imagen8.jpg\" alt=\"\" width=\"602\" height=\"339\" srcset=\"https:\/\/interreg-sudoe.eu\/wp-content\/uploads\/2026\/02\/Imagen8.jpg 602w, https:\/\/interreg-sudoe.eu\/wp-content\/uploads\/2026\/02\/Imagen8-300x169.jpg 300w\" sizes=\"(max-width: 602px) 100vw, 602px\" \/><\/a><\/p>\n<h2><b data-path-to-node=\"0\" data-index-in-node=\"0\">Dissemina\u00e7\u00e3o de resultados<\/b><\/h2>\n<h3 data-path-to-node=\"0\"><b data-path-to-node=\"0\" data-index-in-node=\"27\">Passar a palavra<\/b><\/h3>\n<p data-path-to-node=\"0\">Al\u00e9m das suas miss\u00f5es t\u00e9cnicas, a <strong>AMAyA<\/strong> participou ativamente na divulga\u00e7\u00e3o da mensagem do projeto TARGET junto da comunidade em geral. Mantendo uma coordena\u00e7\u00e3o regular com os parceiros atrav\u00e9s de reuni\u00f5es de COPIL \u00e0 dist\u00e2ncia, a equipa esteve tamb\u00e9m no terreno:<\/p>\n<ul data-path-to-node=\"1\">\n<li>\n<p data-path-to-node=\"1,0,0\">No dia 25 de novembro, reuniram-se com t\u00e9cnicos da bacia hidrogr\u00e1fica do Guadalquivir para uma visita t\u00e9cnica e interc\u00e2mbio de conhecimentos.<\/p>\n<\/li>\n<li>\n<p data-path-to-node=\"1,1,0\">No dia 12 de dezembro, deslocaram-se \u00e0 Universidade Pablo de Olavide, em Sevilha, para dar uma confer\u00eancia sobre solu\u00e7\u00f5es baseadas na natureza a estudantes de limnologia.<\/p>\n<\/li>\n<\/ul>\n<p data-path-to-node=\"3\">Com vista a 2026, a equipa submeteu tamb\u00e9m um resumo para o pr\u00f3ximo <strong>Congresso Internacional Reuse Euro-Med<\/strong>, intitulado &#8220;A comparative analysis of water governance in Spain, France and Portugal&#8221; (Isabel Mart\u00edn, M\u00aa Pilar Flores, Catherine Frank-Neel, Nazar\u00e9 Couto, Rui Teixeira, Am\u00e9lie Bresson). Este evento ter\u00e1 lugar em <strong>San Fernando de Henares, Espanha,<\/strong> de <strong>17 a 19 de julho de 2026<\/strong>, onde a <strong>AMAyA<\/strong> espera apresentar os resultados do projeto. Pode inscrever-se aqui!: <a class=\"ng-star-inserted\" target=\"_blank\" rel=\"noopener\">https:\/\/server.matchmaking-studio.com\/en\/REUSE_EuroMed_Madrid_2026\/home.html<\/a><\/p>\n<h3 data-path-to-node=\"4\"><b data-path-to-node=\"4\" data-index-in-node=\"0\">Dois artigos em curso!<\/b><\/h3>\n<p data-path-to-node=\"5\">A <strong>UPC<\/strong> finalizou dois novos artigos de dissemina\u00e7\u00e3o, partilhando as conclus\u00f5es do projeto com a comunidade cient\u00edfica em geral. O primeiro artigo, intitulado &#8220;Innovative Standards for Using Nature-Based Solutions in Water Reuse Projects&#8221;, foi submetido \u00e0 s\u00e9rie <strong><i data-path-to-node=\"5\" data-index-in-node=\"260\">Springer Advances in Biochemical Engineering\/Biotechnology<\/i><\/strong>. O segundo artigo foca-se nas li\u00e7\u00f5es aprendidas localmente. Intitulado &#8220;Hacia sistemas h\u00edbridos de reutilizaci\u00f3n de agua: aprendizajes tras 20 a\u00f1os de operaci\u00f3n en Can Cabanyes (Granollers)&#8221;, explora 20 anos de opera\u00e7\u00e3o no local de Can Cabanyes e foi submetido \u00e0 <strong><i data-path-to-node=\"5\" data-index-in-node=\"582\">REVISTA IDiAgua<\/i><\/strong>.<\/p>\n<h3 data-path-to-node=\"6\"><b data-path-to-node=\"6\" data-index-in-node=\"0\">Dissemina\u00e7\u00e3o na SRA \u2013 Cap\u00edtulo Ib\u00e9rico em \u00c9vora, Portugal<\/b><\/h3>\n<figure id=\"attachment_61125\" aria-describedby=\"caption-attachment-61125\" style=\"width: 254px\" class=\"wp-caption alignright\"><img loading=\"lazy\" decoding=\"async\" class=\"wp-image-61125 size-medium\" src=\"https:\/\/interreg-sudoe.eu\/wp-content\/uploads\/2026\/02\/Imagen9-254x300.jpg\" alt=\"\" width=\"254\" height=\"300\" srcset=\"https:\/\/interreg-sudoe.eu\/wp-content\/uploads\/2026\/02\/Imagen9-254x300.jpg 254w, https:\/\/interreg-sudoe.eu\/wp-content\/uploads\/2026\/02\/Imagen9.jpg 575w\" sizes=\"(max-width: 254px) 100vw, 254px\" \/><figcaption id=\"caption-attachment-61125\" class=\"wp-caption-text\"><em>UCM (Luc\u00eda Poggio e Gabriel S\u00e1nchez) com o seu poster.<\/em><\/figcaption><\/figure>\n<p data-path-to-node=\"0\">Nos dias 18 e 19 de setembro, os nossos colegas da Universidade Complutense de Madrid (<strong>UCM<\/strong>) deslocaram-se a \u00c9vora, em Portugal, para a 6.\u00aa reuni\u00e3o anual da <i data-path-to-node=\"0\" data-index-in-node=\"156\">Society for Risk Analysis Europe<\/i> \u2013 Cap\u00edtulo Ib\u00e9rico.<\/p>\n<p data-path-to-node=\"1\">Temos o orgulho de partilhar que apresentaram a sua investiga\u00e7\u00e3o intitulada &#8220;Perception of Reclaimed Water among Spanish Experts and Laypeople&#8221;. Este estudo explorat\u00f3rio, que compara os pontos de vista dos profissionais da gest\u00e3o da \u00e1gua com os do p\u00fablico em geral, recebeu uma <b data-path-to-node=\"1\" data-index-in-node=\"278\">Men\u00e7\u00e3o Honrosa<\/b> pela sua contribui\u00e7\u00e3o excecional!<\/p>\n<p data-path-to-node=\"2\"><b data-path-to-node=\"2\" data-index-in-node=\"0\">O que descobriram?<\/b> O estudo revelou informa\u00e7\u00f5es cruciais sobre a forma como comunicamos sobre a \u00e1gua:<\/p>\n<ul>\n<li data-path-to-node=\"3,0,0\"><b data-path-to-node=\"3,0,0\" data-index-in-node=\"0\">Lacuna de conhecimento:<\/b> O p\u00fablico em geral perceciona um n\u00edvel de risco mais elevado e possui menos conhecimentos sobre a \u00e1gua reciclada do que os especialistas.<\/li>\n<li data-path-to-node=\"3,1,0\"><b data-path-to-node=\"3,1,0\" data-index-in-node=\"0\">Vi\u00e9s negativo:<\/b> Curiosamente, tanto os especialistas como o p\u00fablico pensam que os outros percecionam a \u00e1gua reciclada de forma negativa.<\/li>\n<li data-path-to-node=\"3,2,0\"><b data-path-to-node=\"3,2,0\" data-index-in-node=\"0\">Esp\u00edrito aberto:<\/b> Apesar das hesita\u00e7\u00f5es, ambos os grupos mostraram um forte interesse em pr\u00e1ticas sustent\u00e1veis, o que sugere uma oportunidade real para um melhor envolvimento p\u00fablico.<\/li>\n<\/ul>\n<p>Este reconhecimento sublinha a import\u00e2ncia de compreender estas perce\u00e7\u00f5es para podermos desenhar melhores estrat\u00e9gias de comunica\u00e7\u00e3o e pol\u00edticas para o futuro. Parab\u00e9ns \u00e0 equipa!<\/p>\n<h2>E agora?<\/h2>\n<p data-path-to-node=\"7\">No pr\u00f3ximo m\u00eas, a equipa do projeto TARGET ir\u00e1 reunir-se para a nossa pr\u00f3xima grande sess\u00e3o de trabalho. Nos dias <b data-path-to-node=\"7\" data-index-in-node=\"114\">25 e 26 de mar\u00e7o<\/b>, os parceiros viajar\u00e3o at\u00e9 ao <b data-path-to-node=\"7\" data-index-in-node=\"161\">Barreiro e a Lisboa<\/b> para dois dias de colabora\u00e7\u00e3o interna, organizados pela C\u00e2mara Municipal do Barreiro e pela FCT NOVA.<\/p>\n<p data-path-to-node=\"8\">A agenda incluir\u00e1:<\/p>\n<ul data-path-to-node=\"9\">\n<li>\n<p data-path-to-node=\"9,0,0\"><b data-path-to-node=\"9,0,0\" data-index-in-node=\"0\">Workshops e semin\u00e1rios:<\/b> A equipa realizar\u00e1 workshops internos para analisar os progressos realizados, bem como um semin\u00e1rio especial com as partes interessadas locais portuguesas para trocar perspetivas regionais.<\/p>\n<\/li>\n<li>\n<p data-path-to-node=\"9,1,0\"><b data-path-to-node=\"9,1,0\" data-index-in-node=\"0\">Visita de campo:<\/b> Para ver a teoria na pr\u00e1tica, o cons\u00f3rcio visitar\u00e1 a ETAR da SIMARSUL durante a tarde para estudar os seus processos de tratamento e reutiliza\u00e7\u00e3o de \u00e1gua.<\/p>\n<\/li>\n<\/ul>\n<p data-path-to-node=\"10\"><strong>Estamos ansiosos por partilhar os resultados desta reuni\u00e3o na nossa pr\u00f3xima newsletter!<\/strong><\/p>\n<figure id=\"attachment_61126\" aria-describedby=\"caption-attachment-61126\" style=\"width: 443px\" class=\"wp-caption aligncenter\"><img loading=\"lazy\" decoding=\"async\" class=\"wp-image-61126 size-full\" src=\"https:\/\/interreg-sudoe.eu\/wp-content\/uploads\/2026\/02\/Imagen10.jpg\" alt=\"\" width=\"443\" height=\"295\" srcset=\"https:\/\/interreg-sudoe.eu\/wp-content\/uploads\/2026\/02\/Imagen10.jpg 443w, https:\/\/interreg-sudoe.eu\/wp-content\/uploads\/2026\/02\/Imagen10-300x200.jpg 300w\" sizes=\"(max-width: 443px) 100vw, 443px\" \/><figcaption id=\"caption-attachment-61126\" class=\"wp-caption-text\">Source: Vitor Oliveira from Torres Vedras, PORTUGAL, CC BY-SA 2.0 &lt;https:\/\/creativecommons.org\/licenses\/by-sa\/2.0&gt;, via Wikimedia Commons<\/figcaption><\/figure>\n","protected":false},"excerpt":{"rendered":"<p>Progresso T\u00e9cnico Tra\u00e7ar o caminho a seguir Nos \u00faltimos seis meses (agosto de 2025 \u2013 janeiro de 2026), a equipa da ECOFILAE dedicou-se ao mapeamento de territ\u00f3rios estrat\u00e9gicos. Este trabalho crucial permite identificar precisamente as zonas onde a estrat\u00e9gia TARGET poder\u00e1 ser replicada com sucesso no futuro. Qual \u00e9 o pr\u00f3ximo passo? Agora que o [&hellip;]<\/p>\n","protected":false},"author":5125,"featured_media":61127,"parent":0,"template":"","meta":{"_acf_changed":false,"content-type":"","_monsterinsights_skip_tracking":false,"_monsterinsights_sitenote_active":false,"_monsterinsights_sitenote_note":"","_monsterinsights_sitenote_category":0},"class_list":["post-61139","noticia-proyecto","type-noticia-proyecto","status-publish","has-post-thumbnail","hentry"],"acf":[],"yoast_head":"<!-- This site is optimized with the Yoast SEO plugin v27.4 - https:\/\/yoast.com\/product\/yoast-seo-wordpress\/ -->\n<title>Terceira newsletter do TARGET! - Fevereiro 2026 - Interreg Sudoe<\/title>\n<meta name=\"robots\" content=\"index, follow, max-snippet:-1, max-image-preview:large, max-video-preview:-1\" \/>\n<link rel=\"canonical\" href=\"https:\/\/interreg-sudoe.eu\/pt-pt\/noticia-proyecto\/terceira-newsletter-do-target-fevereiro-2026\/\" \/>\n<meta property=\"og:locale\" content=\"pt_PT\" \/>\n<meta property=\"og:type\" content=\"article\" \/>\n<meta property=\"og:title\" content=\"Terceira newsletter do TARGET! - Fevereiro 2026 - Interreg Sudoe\" \/>\n<meta property=\"og:description\" content=\"Progresso T\u00e9cnico Tra\u00e7ar o caminho a seguir Nos \u00faltimos seis meses (agosto de 2025 \u2013 janeiro de 2026), a equipa da ECOFILAE dedicou-se ao mapeamento de territ\u00f3rios estrat\u00e9gicos. Este trabalho crucial permite identificar precisamente as zonas onde a estrat\u00e9gia TARGET poder\u00e1 ser replicada com sucesso no futuro. Qual \u00e9 o pr\u00f3ximo passo? Agora que o [&hellip;]\" \/>\n<meta property=\"og:url\" content=\"https:\/\/interreg-sudoe.eu\/pt-pt\/noticia-proyecto\/terceira-newsletter-do-target-fevereiro-2026\/\" \/>\n<meta property=\"og:site_name\" content=\"Interreg Sudoe\" \/>\n<meta property=\"article:publisher\" content=\"https:\/\/www.facebook.com\/interregsudoe\" \/>\n<meta property=\"article:modified_time\" content=\"2026-02-17T22:21:08+00:00\" \/>\n<meta property=\"og:image\" content=\"https:\/\/interreg-sudoe.eu\/wp-content\/uploads\/2026\/02\/portada.jpg\" \/>\n\t<meta property=\"og:image:width\" content=\"610\" \/>\n\t<meta property=\"og:image:height\" content=\"343\" \/>\n\t<meta property=\"og:image:type\" content=\"image\/jpeg\" \/>\n<meta name=\"twitter:card\" content=\"summary_large_image\" \/>\n<meta name=\"twitter:site\" content=\"@Sudoe5\" \/>\n<meta name=\"twitter:label1\" content=\"Tempo estimado de leitura\" \/>\n\t<meta name=\"twitter:data1\" content=\"13 minutos\" \/>\n<script type=\"application\/ld+json\" class=\"yoast-schema-graph\">{\"@context\":\"https:\\\/\\\/schema.org\",\"@graph\":[{\"@type\":\"WebPage\",\"@id\":\"https:\\\/\\\/interreg-sudoe.eu\\\/pt-pt\\\/noticia-proyecto\\\/terceira-newsletter-do-target-fevereiro-2026\\\/\",\"url\":\"https:\\\/\\\/interreg-sudoe.eu\\\/pt-pt\\\/noticia-proyecto\\\/terceira-newsletter-do-target-fevereiro-2026\\\/\",\"name\":\"Terceira newsletter do TARGET! - Fevereiro 2026 - Interreg Sudoe\",\"isPartOf\":{\"@id\":\"https:\\\/\\\/interreg-sudoe.eu\\\/pt-pt\\\/#website\"},\"primaryImageOfPage\":{\"@id\":\"https:\\\/\\\/interreg-sudoe.eu\\\/pt-pt\\\/noticia-proyecto\\\/terceira-newsletter-do-target-fevereiro-2026\\\/#primaryimage\"},\"image\":{\"@id\":\"https:\\\/\\\/interreg-sudoe.eu\\\/pt-pt\\\/noticia-proyecto\\\/terceira-newsletter-do-target-fevereiro-2026\\\/#primaryimage\"},\"thumbnailUrl\":\"https:\\\/\\\/interreg-sudoe.eu\\\/wp-content\\\/uploads\\\/2026\\\/02\\\/portada.jpg\",\"datePublished\":\"2026-02-17T14:43:07+00:00\",\"dateModified\":\"2026-02-17T22:21:08+00:00\",\"breadcrumb\":{\"@id\":\"https:\\\/\\\/interreg-sudoe.eu\\\/pt-pt\\\/noticia-proyecto\\\/terceira-newsletter-do-target-fevereiro-2026\\\/#breadcrumb\"},\"inLanguage\":\"pt-PT\",\"potentialAction\":[{\"@type\":\"ReadAction\",\"target\":[\"https:\\\/\\\/interreg-sudoe.eu\\\/pt-pt\\\/noticia-proyecto\\\/terceira-newsletter-do-target-fevereiro-2026\\\/\"]}]},{\"@type\":\"ImageObject\",\"inLanguage\":\"pt-PT\",\"@id\":\"https:\\\/\\\/interreg-sudoe.eu\\\/pt-pt\\\/noticia-proyecto\\\/terceira-newsletter-do-target-fevereiro-2026\\\/#primaryimage\",\"url\":\"https:\\\/\\\/interreg-sudoe.eu\\\/wp-content\\\/uploads\\\/2026\\\/02\\\/portada.jpg\",\"contentUrl\":\"https:\\\/\\\/interreg-sudoe.eu\\\/wp-content\\\/uploads\\\/2026\\\/02\\\/portada.jpg\",\"width\":610,\"height\":343,\"caption\":\"Narbonne Plage Wastewater Treatment Plant, France\"},{\"@type\":\"BreadcrumbList\",\"@id\":\"https:\\\/\\\/interreg-sudoe.eu\\\/pt-pt\\\/noticia-proyecto\\\/terceira-newsletter-do-target-fevereiro-2026\\\/#breadcrumb\",\"itemListElement\":[{\"@type\":\"ListItem\",\"position\":1,\"name\":\"Home\",\"item\":\"https:\\\/\\\/interreg-sudoe.eu\\\/pt-pt\\\/\"},{\"@type\":\"ListItem\",\"position\":2,\"name\":\"Terceira newsletter do TARGET! &#8212; Fevereiro 2026\"}]},{\"@type\":\"WebSite\",\"@id\":\"https:\\\/\\\/interreg-sudoe.eu\\\/pt-pt\\\/#website\",\"url\":\"https:\\\/\\\/interreg-sudoe.eu\\\/pt-pt\\\/\",\"name\":\"Interreg Sudoe\",\"description\":\"Interreg Sudoe\",\"publisher\":{\"@id\":\"https:\\\/\\\/interreg-sudoe.eu\\\/pt-pt\\\/#organization\"},\"alternateName\":\"Interreg Sudoe\",\"potentialAction\":[{\"@type\":\"SearchAction\",\"target\":{\"@type\":\"EntryPoint\",\"urlTemplate\":\"https:\\\/\\\/interreg-sudoe.eu\\\/pt-pt\\\/?s={search_term_string}\"},\"query-input\":{\"@type\":\"PropertyValueSpecification\",\"valueRequired\":true,\"valueName\":\"search_term_string\"}}],\"inLanguage\":\"pt-PT\"},{\"@type\":\"Organization\",\"@id\":\"https:\\\/\\\/interreg-sudoe.eu\\\/pt-pt\\\/#organization\",\"name\":\"Interreg Sudoe\",\"alternateName\":\"Interreg Sudoe\",\"url\":\"https:\\\/\\\/interreg-sudoe.eu\\\/pt-pt\\\/\",\"logo\":{\"@type\":\"ImageObject\",\"inLanguage\":\"pt-PT\",\"@id\":\"https:\\\/\\\/interreg-sudoe.eu\\\/pt-pt\\\/#\\\/schema\\\/logo\\\/image\\\/\",\"url\":\"https:\\\/\\\/interreg-sudoe.eu\\\/wp-content\\\/uploads\\\/2024\\\/03\\\/logo-interreg.png\",\"contentUrl\":\"https:\\\/\\\/interreg-sudoe.eu\\\/wp-content\\\/uploads\\\/2024\\\/03\\\/logo-interreg.png\",\"width\":1200,\"height\":675,\"caption\":\"Interreg Sudoe\"},\"image\":{\"@id\":\"https:\\\/\\\/interreg-sudoe.eu\\\/pt-pt\\\/#\\\/schema\\\/logo\\\/image\\\/\"},\"sameAs\":[\"https:\\\/\\\/www.facebook.com\\\/interregsudoe\",\"https:\\\/\\\/x.com\\\/Sudoe5\",\"https:\\\/\\\/www.youtube.com\\\/channel\\\/UCeGx2edoB32beRc9dbKA2vw\",\"https:\\\/\\\/www.linkedin.com\\\/company\\\/interreg-sudoe-programme\\\/\",\"https:\\\/\\\/www.flickr.com\\\/photos\\\/148704685@N06\\\/\"]}]}<\/script>\n<!-- \/ Yoast SEO plugin. -->","yoast_head_json":{"title":"Terceira newsletter do TARGET! - Fevereiro 2026 - Interreg Sudoe","robots":{"index":"index","follow":"follow","max-snippet":"max-snippet:-1","max-image-preview":"max-image-preview:large","max-video-preview":"max-video-preview:-1"},"canonical":"https:\/\/interreg-sudoe.eu\/pt-pt\/noticia-proyecto\/terceira-newsletter-do-target-fevereiro-2026\/","og_locale":"pt_PT","og_type":"article","og_title":"Terceira newsletter do TARGET! - Fevereiro 2026 - Interreg Sudoe","og_description":"Progresso T\u00e9cnico Tra\u00e7ar o caminho a seguir Nos \u00faltimos seis meses (agosto de 2025 \u2013 janeiro de 2026), a equipa da ECOFILAE dedicou-se ao mapeamento de territ\u00f3rios estrat\u00e9gicos. Este trabalho crucial permite identificar precisamente as zonas onde a estrat\u00e9gia TARGET poder\u00e1 ser replicada com sucesso no futuro. Qual \u00e9 o pr\u00f3ximo passo? Agora que o [&hellip;]","og_url":"https:\/\/interreg-sudoe.eu\/pt-pt\/noticia-proyecto\/terceira-newsletter-do-target-fevereiro-2026\/","og_site_name":"Interreg Sudoe","article_publisher":"https:\/\/www.facebook.com\/interregsudoe","article_modified_time":"2026-02-17T22:21:08+00:00","og_image":[{"width":610,"height":343,"url":"https:\/\/interreg-sudoe.eu\/wp-content\/uploads\/2026\/02\/portada.jpg","type":"image\/jpeg"}],"twitter_card":"summary_large_image","twitter_site":"@Sudoe5","twitter_misc":{"Tempo estimado de leitura":"13 minutos"},"schema":{"@context":"https:\/\/schema.org","@graph":[{"@type":"WebPage","@id":"https:\/\/interreg-sudoe.eu\/pt-pt\/noticia-proyecto\/terceira-newsletter-do-target-fevereiro-2026\/","url":"https:\/\/interreg-sudoe.eu\/pt-pt\/noticia-proyecto\/terceira-newsletter-do-target-fevereiro-2026\/","name":"Terceira newsletter do TARGET! - Fevereiro 2026 - Interreg Sudoe","isPartOf":{"@id":"https:\/\/interreg-sudoe.eu\/pt-pt\/#website"},"primaryImageOfPage":{"@id":"https:\/\/interreg-sudoe.eu\/pt-pt\/noticia-proyecto\/terceira-newsletter-do-target-fevereiro-2026\/#primaryimage"},"image":{"@id":"https:\/\/interreg-sudoe.eu\/pt-pt\/noticia-proyecto\/terceira-newsletter-do-target-fevereiro-2026\/#primaryimage"},"thumbnailUrl":"https:\/\/interreg-sudoe.eu\/wp-content\/uploads\/2026\/02\/portada.jpg","datePublished":"2026-02-17T14:43:07+00:00","dateModified":"2026-02-17T22:21:08+00:00","breadcrumb":{"@id":"https:\/\/interreg-sudoe.eu\/pt-pt\/noticia-proyecto\/terceira-newsletter-do-target-fevereiro-2026\/#breadcrumb"},"inLanguage":"pt-PT","potentialAction":[{"@type":"ReadAction","target":["https:\/\/interreg-sudoe.eu\/pt-pt\/noticia-proyecto\/terceira-newsletter-do-target-fevereiro-2026\/"]}]},{"@type":"ImageObject","inLanguage":"pt-PT","@id":"https:\/\/interreg-sudoe.eu\/pt-pt\/noticia-proyecto\/terceira-newsletter-do-target-fevereiro-2026\/#primaryimage","url":"https:\/\/interreg-sudoe.eu\/wp-content\/uploads\/2026\/02\/portada.jpg","contentUrl":"https:\/\/interreg-sudoe.eu\/wp-content\/uploads\/2026\/02\/portada.jpg","width":610,"height":343,"caption":"Narbonne Plage Wastewater Treatment Plant, France"},{"@type":"BreadcrumbList","@id":"https:\/\/interreg-sudoe.eu\/pt-pt\/noticia-proyecto\/terceira-newsletter-do-target-fevereiro-2026\/#breadcrumb","itemListElement":[{"@type":"ListItem","position":1,"name":"Home","item":"https:\/\/interreg-sudoe.eu\/pt-pt\/"},{"@type":"ListItem","position":2,"name":"Terceira newsletter do TARGET! &#8212; Fevereiro 2026"}]},{"@type":"WebSite","@id":"https:\/\/interreg-sudoe.eu\/pt-pt\/#website","url":"https:\/\/interreg-sudoe.eu\/pt-pt\/","name":"Interreg Sudoe","description":"Interreg Sudoe","publisher":{"@id":"https:\/\/interreg-sudoe.eu\/pt-pt\/#organization"},"alternateName":"Interreg Sudoe","potentialAction":[{"@type":"SearchAction","target":{"@type":"EntryPoint","urlTemplate":"https:\/\/interreg-sudoe.eu\/pt-pt\/?s={search_term_string}"},"query-input":{"@type":"PropertyValueSpecification","valueRequired":true,"valueName":"search_term_string"}}],"inLanguage":"pt-PT"},{"@type":"Organization","@id":"https:\/\/interreg-sudoe.eu\/pt-pt\/#organization","name":"Interreg Sudoe","alternateName":"Interreg Sudoe","url":"https:\/\/interreg-sudoe.eu\/pt-pt\/","logo":{"@type":"ImageObject","inLanguage":"pt-PT","@id":"https:\/\/interreg-sudoe.eu\/pt-pt\/#\/schema\/logo\/image\/","url":"https:\/\/interreg-sudoe.eu\/wp-content\/uploads\/2024\/03\/logo-interreg.png","contentUrl":"https:\/\/interreg-sudoe.eu\/wp-content\/uploads\/2024\/03\/logo-interreg.png","width":1200,"height":675,"caption":"Interreg Sudoe"},"image":{"@id":"https:\/\/interreg-sudoe.eu\/pt-pt\/#\/schema\/logo\/image\/"},"sameAs":["https:\/\/www.facebook.com\/interregsudoe","https:\/\/x.com\/Sudoe5","https:\/\/www.youtube.com\/channel\/UCeGx2edoB32beRc9dbKA2vw","https:\/\/www.linkedin.com\/company\/interreg-sudoe-programme\/","https:\/\/www.flickr.com\/photos\/148704685@N06\/"]}]}},"_links":{"self":[{"href":"https:\/\/interreg-sudoe.eu\/pt-pt\/wp-json\/wp\/v2\/noticia-proyecto\/61139","targetHints":{"allow":["GET"]}}],"collection":[{"href":"https:\/\/interreg-sudoe.eu\/pt-pt\/wp-json\/wp\/v2\/noticia-proyecto"}],"about":[{"href":"https:\/\/interreg-sudoe.eu\/pt-pt\/wp-json\/wp\/v2\/types\/noticia-proyecto"}],"author":[{"embeddable":true,"href":"https:\/\/interreg-sudoe.eu\/pt-pt\/wp-json\/wp\/v2\/users\/5125"}],"wp:featuredmedia":[{"embeddable":true,"href":"https:\/\/interreg-sudoe.eu\/pt-pt\/wp-json\/wp\/v2\/media\/61127"}],"wp:attachment":[{"href":"https:\/\/interreg-sudoe.eu\/pt-pt\/wp-json\/wp\/v2\/media?parent=61139"}],"curies":[{"name":"wp","href":"https:\/\/api.w.org\/{rel}","templated":true}]}}