{"id":62296,"date":"2026-03-09T13:17:40","date_gmt":"2026-03-09T12:17:40","guid":{"rendered":"https:\/\/interreg-sudoe.eu\/?post_type=noticia-proyecto&#038;p=62296"},"modified":"2026-04-08T16:31:48","modified_gmt":"2026-04-08T14:31:48","slug":"video-eps-garazi-apresenta-a-fase-piloto-do-projeto-revital-na-franca","status":"publish","type":"noticia-proyecto","link":"https:\/\/interreg-sudoe.eu\/pt-pt\/noticia-proyecto\/video-eps-garazi-apresenta-a-fase-piloto-do-projeto-revital-na-franca\/","title":{"rendered":"V\u00cdDEO: EPS Garazi apresenta a fase piloto do Projeto REVITAL na Fran\u00e7a"},"content":{"rendered":"<p>O \u00c9tablissement Public de Sant\u00e9 de Garazi (EPS Garazi), entidade respons\u00e1vel pela implementa\u00e7\u00e3o do projeto REVITAL no territ\u00f3rio do Pa\u00eds Basco, em Fran\u00e7a, divulgou, atrav\u00e9s de um v\u00eddeo emocionante e esclarecedor, os progressos alcan\u00e7ados no seu territ\u00f3rio no \u00e2mbito desta iniciativa inovadora, que procura transformar os processos de reabilita\u00e7\u00e3o em zonas rurais atrav\u00e9s da utiliza\u00e7\u00e3o de tecnologia avan\u00e7ada e de um acompanhamento mais pr\u00f3ximo, humano e conectado.<\/p>\n<p>O projeto REVITAL conta com um cons\u00f3rcio internacional composto por entidades de Espanha, Fran\u00e7a e Portugal, Cl\u00faster Soluciones Innovadoras para la Vida Independiente (SIVI), Gerencia de Servicios Sociales de Castilla y Le\u00f3n, Fundaci\u00f3n San Cebri\u00e1n, GOGOA Mobility Robots, \u00c9cole Sup\u00e9rieure des Technologies Industrielles Avanc\u00e9es (ESTIA), Universidade de Deusto, \u00c9tablissement Public de Sant\u00e9 de Garazi, Associa\u00e7\u00e3o Empresarial da Beira Baixa (AEBB) e o Instituto Polit\u00e9cnico de Castelo Branco (IPCB), que integram o cons\u00f3rcio completo do projeto.<\/p>\n<figure class=\"wp-block-embed is-type-video is-provider-youtube wp-block-embed-youtube wp-embed-aspect-16-9 wp-has-aspect-ratio\">\n<div class=\"wp-block-embed__wrapper\"><iframe title=\"Revital - Garazi\" src=\"https:\/\/www.youtube.com\/embed\/qhvSepLT_qM?feature=oembed\" width=\"1200\" height=\"675\" frameborder=\"0\" allowfullscreen=\"allowfullscreen\" data-mce-fragment=\"1\"><\/iframe><\/div>\n<\/figure>\n<div class=\"wp-block-spacer\" aria-hidden=\"true\"><\/div>\n<div class=\"wp-block-image\">\n<figure class=\"alignright size-large is-resized\">\n<p><figure id=\"attachment_10046\" aria-describedby=\"caption-attachment-10046\" style=\"width: 363px\" class=\"wp-caption alignright\"><img fetchpriority=\"high\" decoding=\"async\" class=\"wp-image-10046\" src=\"https:\/\/clustersivi.org\/wp-content\/uploads\/2026\/03\/IMG_9162-768x1024.jpeg\" sizes=\"(max-width: 768px) 100vw, 768px\" srcset=\"https:\/\/clustersivi.org\/wp-content\/uploads\/2026\/03\/IMG_9162-768x1024.jpeg 768w, https:\/\/clustersivi.org\/wp-content\/uploads\/2026\/03\/IMG_9162-225x300.jpeg 225w, https:\/\/clustersivi.org\/wp-content\/uploads\/2026\/03\/IMG_9162-1152x1536.jpeg 1152w, https:\/\/clustersivi.org\/wp-content\/uploads\/2026\/03\/IMG_9162-1536x2048.jpeg 1536w, https:\/\/clustersivi.org\/wp-content\/uploads\/2026\/03\/IMG_9162-scaled.jpeg 1920w\" alt=\"\" width=\"363\" height=\"484\" \/><figcaption id=\"caption-attachment-10046\" class=\"wp-caption-text\">Reuni\u00e3o realizada a 10 de dezembro de 2025 na sede da ESTIA, em Bidart.<\/figcaption><\/figure><figcaption class=\"wp-element-caption\"><\/figcaption><\/figure>\n<\/div>\n<p><span data-sheets-root=\"1\">O projeto REVITAL est\u00e1 a desenvolver um dos seus casos-piloto no territ\u00f3rio de Garazi, no Pa\u00eds Basco franc\u00eas, atrav\u00e9s da participa\u00e7\u00e3o do EPS Garazi, com o apoio tecnol\u00f3gico da escola de engenharia ESTIA. Neste contexto, no passado dia 10 de dezembro de 2025, realizou-se uma reuni\u00e3o entre representantes de ambas as entidades na sede da ESTIA, localizada em Bidart, com o objetivo de analisar a avalia\u00e7\u00e3o das ferramentas tecnol\u00f3gicas utilizadas no piloto franc\u00eas. Este encontro permitiu rever os progressos do projeto, partilhar experi\u00eancias de utiliza\u00e7\u00e3o em contextos cl\u00ednicos reais e avaliar o impacto das solu\u00e7\u00f5es tecnol\u00f3gicas nos processos de reabilita\u00e7\u00e3o implementados no territ\u00f3rio.<br \/>\n<\/span><\/p>\n<h2 class=\"wp-block-heading\">O piloto do EPS Garazi envolve uma equipa multidisciplinar<\/h2>\n<p>O piloto desenvolvido pelo EPS Garazi contou com a participa\u00e7\u00e3o de 52 pessoas, 13 homens e 39 mulheres, com idades compreendidas entre os 44 e os 94 anos, apresentando uma m\u00e9dia de 77 anos. No total, foram realizadas 418 sess\u00f5es de reabilita\u00e7\u00e3o, das quais 348 individuais e 70 em grupo.<\/p>\n<p>O piloto envolveu uma equipa multidisciplinar composta por fisioterapeutas, terapeutas ocupacionais, psicomotricistas, terapeutas da fala, animadores socioculturais, auxiliares de geriatria em lares de idosos e psic\u00f3logos, trabalhando segundo um modelo de coordena\u00e7\u00e3o entre o EPS Garazi, tanto no hospital como em estruturas residenciais para pessoas idosas, e profissionais liberais do territ\u00f3rio. Esta colabora\u00e7\u00e3o territorial permitiu integrar a inova\u00e7\u00e3o tecnol\u00f3gica na pr\u00e1tica cl\u00ednica di\u00e1ria, favorecendo uma abordagem mais integrada da reabilita\u00e7\u00e3o.<\/p>\n<p>Entre as ferramentas utilizadas no caso-piloto destacam-se solu\u00e7\u00f5es digitais e dispositivos avan\u00e7ados como MediMoov, C\u00e9r\u00e9bro, Fonctionsexecutives.com, VitalStim Plus e v\u00e1rios exoesqueletos, Hank, Belk e Helk, gra\u00e7as ao apoio do parceiro Gogoa Mobility Robots no cons\u00f3rcio.<\/p>\n<p>Segundo explicou Paloma \u00c1lvarez, fisioterapeuta e coordenadora do projeto no EPS Garazi, \u201co projeto REVITAL \u00e9 uma oportunidade para descobrir novos dispositivos modernos e tecnol\u00f3gicos que normalmente n\u00e3o est\u00e3o dispon\u00edveis. O que estes dispositivos acrescentam \u00e0 reabilita\u00e7\u00e3o habitual \u00e9 que a enriquecem, porque permitem diversificar ainda mais os exerc\u00edcios propostos\u201d.<\/p>\n<p>Esta perce\u00e7\u00e3o \u00e9 tamb\u00e9m partilhada pelas pessoas participantes. Uma das pacientes do projeto referiu que \u201ceste car\u00e1cter mais l\u00fadico acrescenta um valor adicional \u00e0s sess\u00f5es e tenho a sensa\u00e7\u00e3o de que foi um dos aspetos que mais evoluiu. \u00c9 um est\u00edmulo importante para a motiva\u00e7\u00e3o na realiza\u00e7\u00e3o dos exerc\u00edcios\u201d.<\/p>\n<h2 class=\"wp-block-heading\"><span data-sheets-root=\"1\">Projeto REVITAL<br \/>\n<\/span><\/h2>\n<p><span data-sheets-root=\"1\">O projeto REVITAL tem como objetivo melhorar a qualidade de vida das pessoas idosas ou com defici\u00eancia e, simultaneamente, gerar emprego qualificado nos setores da sa\u00fade, da tecnologia e dos cuidados comunit\u00e1rios nas zonas rurais.<\/span><\/p>\n<p>A iniciativa procura combater a despovoa\u00e7\u00e3o, melhorar o acesso a cuidados de sa\u00fade especializados e promover novos modelos de telemedicina e telerreabilita\u00e7\u00e3o em regi\u00f5es de baixa densidade populacional do sudoeste da Europa, Espanha, Portugal e Fran\u00e7a.<\/p>\n<p>Para tal, integra tecnologias como exoesqueletos m\u00e9dicos, HANK, BELK e HELK, sistemas de realidade virtual e an\u00e1lise biomec\u00e2nica, bem como solu\u00e7\u00f5es de teleassist\u00eancia e plataformas digitais de reabilita\u00e7\u00e3o.<\/p>\n<p>O projeto REVITAL, Revitaliza\u00e7\u00e3o socioecon\u00f3mica de zonas de baixa densidade populacional atrav\u00e9s da teleassist\u00eancia cl\u00ednica, integra o Programa Interreg VI-B SUDOE 2021-2027.<\/p>\n","protected":false},"excerpt":{"rendered":"<p>O \u00c9tablissement Public de Sant\u00e9 de Garazi (EPS Garazi), entidade respons\u00e1vel pela implementa\u00e7\u00e3o do projeto REVITAL no territ\u00f3rio do Pa\u00eds Basco, em Fran\u00e7a, divulgou, atrav\u00e9s de um v\u00eddeo emocionante e esclarecedor, os progressos alcan\u00e7ados no seu territ\u00f3rio no \u00e2mbito desta iniciativa inovadora, que procura transformar os processos de reabilita\u00e7\u00e3o em zonas rurais atrav\u00e9s da utiliza\u00e7\u00e3o [&hellip;]<\/p>\n","protected":false},"author":6552,"featured_media":62146,"parent":0,"template":"","meta":{"_acf_changed":false,"content-type":"","_monsterinsights_skip_tracking":false,"_monsterinsights_sitenote_active":false,"_monsterinsights_sitenote_note":"","_monsterinsights_sitenote_category":0},"class_list":["post-62296","noticia-proyecto","type-noticia-proyecto","status-publish","has-post-thumbnail","hentry"],"acf":[],"yoast_head":"<!-- This site is optimized with the Yoast SEO plugin v27.4 - https:\/\/yoast.com\/product\/yoast-seo-wordpress\/ -->\n<title>V\u00cdDEO: EPS Garazi apresenta a fase piloto do Projeto REVITAL na Fran\u00e7a - Interreg Sudoe<\/title>\n<meta name=\"robots\" content=\"index, follow, max-snippet:-1, max-image-preview:large, max-video-preview:-1\" \/>\n<link rel=\"canonical\" href=\"https:\/\/interreg-sudoe.eu\/pt-pt\/noticia-proyecto\/video-eps-garazi-apresenta-a-fase-piloto-do-projeto-revital-na-franca\/\" \/>\n<meta property=\"og:locale\" content=\"pt_PT\" \/>\n<meta property=\"og:type\" content=\"article\" \/>\n<meta property=\"og:title\" content=\"V\u00cdDEO: EPS Garazi apresenta a fase piloto do Projeto REVITAL na Fran\u00e7a - Interreg Sudoe\" \/>\n<meta property=\"og:description\" content=\"O \u00c9tablissement Public de Sant\u00e9 de Garazi (EPS Garazi), entidade respons\u00e1vel pela implementa\u00e7\u00e3o do projeto REVITAL no territ\u00f3rio do Pa\u00eds Basco, em Fran\u00e7a, divulgou, atrav\u00e9s de um v\u00eddeo emocionante e esclarecedor, os progressos alcan\u00e7ados no seu territ\u00f3rio no \u00e2mbito desta iniciativa inovadora, que procura transformar os processos de reabilita\u00e7\u00e3o em zonas rurais atrav\u00e9s da utiliza\u00e7\u00e3o [&hellip;]\" \/>\n<meta property=\"og:url\" content=\"https:\/\/interreg-sudoe.eu\/pt-pt\/noticia-proyecto\/video-eps-garazi-apresenta-a-fase-piloto-do-projeto-revital-na-franca\/\" \/>\n<meta property=\"og:site_name\" content=\"Interreg Sudoe\" \/>\n<meta property=\"article:publisher\" content=\"https:\/\/www.facebook.com\/interregsudoe\" \/>\n<meta property=\"article:modified_time\" content=\"2026-04-08T14:31:48+00:00\" \/>\n<meta property=\"og:image\" content=\"https:\/\/interreg-sudoe.eu\/wp-content\/uploads\/2026\/03\/EPS-Garazi.jpg\" \/>\n\t<meta property=\"og:image:width\" content=\"1117\" \/>\n\t<meta property=\"og:image:height\" content=\"628\" \/>\n\t<meta property=\"og:image:type\" content=\"image\/jpeg\" \/>\n<meta name=\"twitter:card\" content=\"summary_large_image\" \/>\n<meta name=\"twitter:site\" content=\"@Sudoe5\" \/>\n<meta name=\"twitter:label1\" content=\"Tempo estimado de leitura\" \/>\n\t<meta name=\"twitter:data1\" content=\"4 minutos\" \/>\n<script type=\"application\/ld+json\" class=\"yoast-schema-graph\">{\"@context\":\"https:\\\/\\\/schema.org\",\"@graph\":[{\"@type\":\"WebPage\",\"@id\":\"https:\\\/\\\/interreg-sudoe.eu\\\/pt-pt\\\/noticia-proyecto\\\/video-eps-garazi-apresenta-a-fase-piloto-do-projeto-revital-na-franca\\\/\",\"url\":\"https:\\\/\\\/interreg-sudoe.eu\\\/pt-pt\\\/noticia-proyecto\\\/video-eps-garazi-apresenta-a-fase-piloto-do-projeto-revital-na-franca\\\/\",\"name\":\"V\u00cdDEO: EPS Garazi apresenta a fase piloto do Projeto REVITAL na Fran\u00e7a - Interreg Sudoe\",\"isPartOf\":{\"@id\":\"https:\\\/\\\/interreg-sudoe.eu\\\/pt-pt\\\/#website\"},\"primaryImageOfPage\":{\"@id\":\"https:\\\/\\\/interreg-sudoe.eu\\\/pt-pt\\\/noticia-proyecto\\\/video-eps-garazi-apresenta-a-fase-piloto-do-projeto-revital-na-franca\\\/#primaryimage\"},\"image\":{\"@id\":\"https:\\\/\\\/interreg-sudoe.eu\\\/pt-pt\\\/noticia-proyecto\\\/video-eps-garazi-apresenta-a-fase-piloto-do-projeto-revital-na-franca\\\/#primaryimage\"},\"thumbnailUrl\":\"https:\\\/\\\/interreg-sudoe.eu\\\/wp-content\\\/uploads\\\/2026\\\/03\\\/EPS-Garazi.jpg\",\"datePublished\":\"2026-03-09T12:17:40+00:00\",\"dateModified\":\"2026-04-08T14:31:48+00:00\",\"breadcrumb\":{\"@id\":\"https:\\\/\\\/interreg-sudoe.eu\\\/pt-pt\\\/noticia-proyecto\\\/video-eps-garazi-apresenta-a-fase-piloto-do-projeto-revital-na-franca\\\/#breadcrumb\"},\"inLanguage\":\"pt-PT\",\"potentialAction\":[{\"@type\":\"ReadAction\",\"target\":[\"https:\\\/\\\/interreg-sudoe.eu\\\/pt-pt\\\/noticia-proyecto\\\/video-eps-garazi-apresenta-a-fase-piloto-do-projeto-revital-na-franca\\\/\"]}]},{\"@type\":\"ImageObject\",\"inLanguage\":\"pt-PT\",\"@id\":\"https:\\\/\\\/interreg-sudoe.eu\\\/pt-pt\\\/noticia-proyecto\\\/video-eps-garazi-apresenta-a-fase-piloto-do-projeto-revital-na-franca\\\/#primaryimage\",\"url\":\"https:\\\/\\\/interreg-sudoe.eu\\\/wp-content\\\/uploads\\\/2026\\\/03\\\/EPS-Garazi.jpg\",\"contentUrl\":\"https:\\\/\\\/interreg-sudoe.eu\\\/wp-content\\\/uploads\\\/2026\\\/03\\\/EPS-Garazi.jpg\",\"width\":1117,\"height\":628,\"caption\":\"V\u00cdDEO: EPS Garazi muestra el pilotaje del Proyecto REVITAL en Francia\"},{\"@type\":\"BreadcrumbList\",\"@id\":\"https:\\\/\\\/interreg-sudoe.eu\\\/pt-pt\\\/noticia-proyecto\\\/video-eps-garazi-apresenta-a-fase-piloto-do-projeto-revital-na-franca\\\/#breadcrumb\",\"itemListElement\":[{\"@type\":\"ListItem\",\"position\":1,\"name\":\"Home\",\"item\":\"https:\\\/\\\/interreg-sudoe.eu\\\/pt-pt\\\/\"},{\"@type\":\"ListItem\",\"position\":2,\"name\":\"V\u00cdDEO: EPS Garazi apresenta a fase piloto do Projeto REVITAL na Fran\u00e7a\"}]},{\"@type\":\"WebSite\",\"@id\":\"https:\\\/\\\/interreg-sudoe.eu\\\/pt-pt\\\/#website\",\"url\":\"https:\\\/\\\/interreg-sudoe.eu\\\/pt-pt\\\/\",\"name\":\"Interreg Sudoe\",\"description\":\"Interreg Sudoe\",\"publisher\":{\"@id\":\"https:\\\/\\\/interreg-sudoe.eu\\\/pt-pt\\\/#organization\"},\"alternateName\":\"Interreg Sudoe\",\"potentialAction\":[{\"@type\":\"SearchAction\",\"target\":{\"@type\":\"EntryPoint\",\"urlTemplate\":\"https:\\\/\\\/interreg-sudoe.eu\\\/pt-pt\\\/?s={search_term_string}\"},\"query-input\":{\"@type\":\"PropertyValueSpecification\",\"valueRequired\":true,\"valueName\":\"search_term_string\"}}],\"inLanguage\":\"pt-PT\"},{\"@type\":\"Organization\",\"@id\":\"https:\\\/\\\/interreg-sudoe.eu\\\/pt-pt\\\/#organization\",\"name\":\"Interreg Sudoe\",\"alternateName\":\"Interreg Sudoe\",\"url\":\"https:\\\/\\\/interreg-sudoe.eu\\\/pt-pt\\\/\",\"logo\":{\"@type\":\"ImageObject\",\"inLanguage\":\"pt-PT\",\"@id\":\"https:\\\/\\\/interreg-sudoe.eu\\\/pt-pt\\\/#\\\/schema\\\/logo\\\/image\\\/\",\"url\":\"https:\\\/\\\/interreg-sudoe.eu\\\/wp-content\\\/uploads\\\/2024\\\/03\\\/logo-interreg.png\",\"contentUrl\":\"https:\\\/\\\/interreg-sudoe.eu\\\/wp-content\\\/uploads\\\/2024\\\/03\\\/logo-interreg.png\",\"width\":1200,\"height\":675,\"caption\":\"Interreg Sudoe\"},\"image\":{\"@id\":\"https:\\\/\\\/interreg-sudoe.eu\\\/pt-pt\\\/#\\\/schema\\\/logo\\\/image\\\/\"},\"sameAs\":[\"https:\\\/\\\/www.facebook.com\\\/interregsudoe\",\"https:\\\/\\\/x.com\\\/Sudoe5\",\"https:\\\/\\\/www.youtube.com\\\/channel\\\/UCeGx2edoB32beRc9dbKA2vw\",\"https:\\\/\\\/www.linkedin.com\\\/company\\\/interreg-sudoe-programme\\\/\",\"https:\\\/\\\/www.flickr.com\\\/photos\\\/148704685@N06\\\/\"]}]}<\/script>\n<!-- \/ Yoast SEO plugin. -->","yoast_head_json":{"title":"V\u00cdDEO: EPS Garazi apresenta a fase piloto do Projeto REVITAL na Fran\u00e7a - Interreg Sudoe","robots":{"index":"index","follow":"follow","max-snippet":"max-snippet:-1","max-image-preview":"max-image-preview:large","max-video-preview":"max-video-preview:-1"},"canonical":"https:\/\/interreg-sudoe.eu\/pt-pt\/noticia-proyecto\/video-eps-garazi-apresenta-a-fase-piloto-do-projeto-revital-na-franca\/","og_locale":"pt_PT","og_type":"article","og_title":"V\u00cdDEO: EPS Garazi apresenta a fase piloto do Projeto REVITAL na Fran\u00e7a - Interreg Sudoe","og_description":"O \u00c9tablissement Public de Sant\u00e9 de Garazi (EPS Garazi), entidade respons\u00e1vel pela implementa\u00e7\u00e3o do projeto REVITAL no territ\u00f3rio do Pa\u00eds Basco, em Fran\u00e7a, divulgou, atrav\u00e9s de um v\u00eddeo emocionante e esclarecedor, os progressos alcan\u00e7ados no seu territ\u00f3rio no \u00e2mbito desta iniciativa inovadora, que procura transformar os processos de reabilita\u00e7\u00e3o em zonas rurais atrav\u00e9s da utiliza\u00e7\u00e3o [&hellip;]","og_url":"https:\/\/interreg-sudoe.eu\/pt-pt\/noticia-proyecto\/video-eps-garazi-apresenta-a-fase-piloto-do-projeto-revital-na-franca\/","og_site_name":"Interreg Sudoe","article_publisher":"https:\/\/www.facebook.com\/interregsudoe","article_modified_time":"2026-04-08T14:31:48+00:00","og_image":[{"width":1117,"height":628,"url":"https:\/\/interreg-sudoe.eu\/wp-content\/uploads\/2026\/03\/EPS-Garazi.jpg","type":"image\/jpeg"}],"twitter_card":"summary_large_image","twitter_site":"@Sudoe5","twitter_misc":{"Tempo estimado de leitura":"4 minutos"},"schema":{"@context":"https:\/\/schema.org","@graph":[{"@type":"WebPage","@id":"https:\/\/interreg-sudoe.eu\/pt-pt\/noticia-proyecto\/video-eps-garazi-apresenta-a-fase-piloto-do-projeto-revital-na-franca\/","url":"https:\/\/interreg-sudoe.eu\/pt-pt\/noticia-proyecto\/video-eps-garazi-apresenta-a-fase-piloto-do-projeto-revital-na-franca\/","name":"V\u00cdDEO: EPS Garazi apresenta a fase piloto do Projeto REVITAL na Fran\u00e7a - Interreg Sudoe","isPartOf":{"@id":"https:\/\/interreg-sudoe.eu\/pt-pt\/#website"},"primaryImageOfPage":{"@id":"https:\/\/interreg-sudoe.eu\/pt-pt\/noticia-proyecto\/video-eps-garazi-apresenta-a-fase-piloto-do-projeto-revital-na-franca\/#primaryimage"},"image":{"@id":"https:\/\/interreg-sudoe.eu\/pt-pt\/noticia-proyecto\/video-eps-garazi-apresenta-a-fase-piloto-do-projeto-revital-na-franca\/#primaryimage"},"thumbnailUrl":"https:\/\/interreg-sudoe.eu\/wp-content\/uploads\/2026\/03\/EPS-Garazi.jpg","datePublished":"2026-03-09T12:17:40+00:00","dateModified":"2026-04-08T14:31:48+00:00","breadcrumb":{"@id":"https:\/\/interreg-sudoe.eu\/pt-pt\/noticia-proyecto\/video-eps-garazi-apresenta-a-fase-piloto-do-projeto-revital-na-franca\/#breadcrumb"},"inLanguage":"pt-PT","potentialAction":[{"@type":"ReadAction","target":["https:\/\/interreg-sudoe.eu\/pt-pt\/noticia-proyecto\/video-eps-garazi-apresenta-a-fase-piloto-do-projeto-revital-na-franca\/"]}]},{"@type":"ImageObject","inLanguage":"pt-PT","@id":"https:\/\/interreg-sudoe.eu\/pt-pt\/noticia-proyecto\/video-eps-garazi-apresenta-a-fase-piloto-do-projeto-revital-na-franca\/#primaryimage","url":"https:\/\/interreg-sudoe.eu\/wp-content\/uploads\/2026\/03\/EPS-Garazi.jpg","contentUrl":"https:\/\/interreg-sudoe.eu\/wp-content\/uploads\/2026\/03\/EPS-Garazi.jpg","width":1117,"height":628,"caption":"V\u00cdDEO: EPS Garazi muestra el pilotaje del Proyecto REVITAL en Francia"},{"@type":"BreadcrumbList","@id":"https:\/\/interreg-sudoe.eu\/pt-pt\/noticia-proyecto\/video-eps-garazi-apresenta-a-fase-piloto-do-projeto-revital-na-franca\/#breadcrumb","itemListElement":[{"@type":"ListItem","position":1,"name":"Home","item":"https:\/\/interreg-sudoe.eu\/pt-pt\/"},{"@type":"ListItem","position":2,"name":"V\u00cdDEO: EPS Garazi apresenta a fase piloto do Projeto REVITAL na Fran\u00e7a"}]},{"@type":"WebSite","@id":"https:\/\/interreg-sudoe.eu\/pt-pt\/#website","url":"https:\/\/interreg-sudoe.eu\/pt-pt\/","name":"Interreg Sudoe","description":"Interreg Sudoe","publisher":{"@id":"https:\/\/interreg-sudoe.eu\/pt-pt\/#organization"},"alternateName":"Interreg Sudoe","potentialAction":[{"@type":"SearchAction","target":{"@type":"EntryPoint","urlTemplate":"https:\/\/interreg-sudoe.eu\/pt-pt\/?s={search_term_string}"},"query-input":{"@type":"PropertyValueSpecification","valueRequired":true,"valueName":"search_term_string"}}],"inLanguage":"pt-PT"},{"@type":"Organization","@id":"https:\/\/interreg-sudoe.eu\/pt-pt\/#organization","name":"Interreg Sudoe","alternateName":"Interreg Sudoe","url":"https:\/\/interreg-sudoe.eu\/pt-pt\/","logo":{"@type":"ImageObject","inLanguage":"pt-PT","@id":"https:\/\/interreg-sudoe.eu\/pt-pt\/#\/schema\/logo\/image\/","url":"https:\/\/interreg-sudoe.eu\/wp-content\/uploads\/2024\/03\/logo-interreg.png","contentUrl":"https:\/\/interreg-sudoe.eu\/wp-content\/uploads\/2024\/03\/logo-interreg.png","width":1200,"height":675,"caption":"Interreg Sudoe"},"image":{"@id":"https:\/\/interreg-sudoe.eu\/pt-pt\/#\/schema\/logo\/image\/"},"sameAs":["https:\/\/www.facebook.com\/interregsudoe","https:\/\/x.com\/Sudoe5","https:\/\/www.youtube.com\/channel\/UCeGx2edoB32beRc9dbKA2vw","https:\/\/www.linkedin.com\/company\/interreg-sudoe-programme\/","https:\/\/www.flickr.com\/photos\/148704685@N06\/"]}]}},"_links":{"self":[{"href":"https:\/\/interreg-sudoe.eu\/pt-pt\/wp-json\/wp\/v2\/noticia-proyecto\/62296","targetHints":{"allow":["GET"]}}],"collection":[{"href":"https:\/\/interreg-sudoe.eu\/pt-pt\/wp-json\/wp\/v2\/noticia-proyecto"}],"about":[{"href":"https:\/\/interreg-sudoe.eu\/pt-pt\/wp-json\/wp\/v2\/types\/noticia-proyecto"}],"author":[{"embeddable":true,"href":"https:\/\/interreg-sudoe.eu\/pt-pt\/wp-json\/wp\/v2\/users\/6552"}],"wp:featuredmedia":[{"embeddable":true,"href":"https:\/\/interreg-sudoe.eu\/pt-pt\/wp-json\/wp\/v2\/media\/62146"}],"wp:attachment":[{"href":"https:\/\/interreg-sudoe.eu\/pt-pt\/wp-json\/wp\/v2\/media?parent=62296"}],"curies":[{"name":"wp","href":"https:\/\/api.w.org\/{rel}","templated":true}]}}