{"id":63945,"date":"2026-04-15T11:29:40","date_gmt":"2026-04-15T09:29:40","guid":{"rendered":"https:\/\/interreg-sudoe.eu\/?post_type=noticia-proyecto&#038;p=63945"},"modified":"2026-04-16T12:49:20","modified_gmt":"2026-04-16T10:49:20","slug":"apresentacao-do-projeto-use4forest-em-o-barco-de-valdeorras","status":"publish","type":"noticia-proyecto","link":"https:\/\/interreg-sudoe.eu\/pt-pt\/noticia-proyecto\/apresentacao-do-projeto-use4forest-em-o-barco-de-valdeorras\/","title":{"rendered":"Apresenta\u00e7\u00e3o do projeto USE4FOREST em O Barco de Valdeorras"},"content":{"rendered":"<p data-start=\"1178\" data-end=\"1355\">No dia 15 de abril de 2026 teve lugar em O Barco de Valdeorras a apresenta\u00e7\u00e3o do projeto USE4FOREST, impulsionado pelo <span class=\"hover:entity-accent entity-underline inline cursor-pointer align-baseline\"><span class=\"whitespace-normal\">Eixo Atl\u00e1ntico<\/span><\/span>.<\/p>\n<p data-start=\"1357\" data-end=\"1525\">A iniciativa desenvolver\u00e1 uma experi\u00eancia piloto de \u201ccorta-fogos produtivos\u201d, baseada na gest\u00e3o integrada de parcelas e no aproveitamento sustent\u00e1vel dos seus recursos.<\/p>\n<p data-start=\"1527\" data-end=\"1858\">O programa formativo, que decorrer\u00e1 entre abril e junho de 2026 no Viveiro de Empresas do <span class=\"hover:entity-accent entity-underline inline cursor-pointer align-baseline\"><span class=\"whitespace-normal\">Concello de O Barco de Valdeorras<\/span><\/span>, inclui m\u00f3dulos de micologia, repovoamento de castanheiros, cultivo de plantas arom\u00e1ticas e medicinais, apicultura e silvopastor\u00edcia, al\u00e9m de um curso transversal de empreendedorismo e valoriza\u00e7\u00e3o rural.<\/p>\n<p data-start=\"1860\" data-end=\"2121\">No ato participaram o presidente da C\u00e2mara de O Barco de Valdeorras, Aurentino Alonso; o deputado de Dinamiza\u00e7\u00e3o do Meio Rural da <span class=\"hover:entity-accent entity-underline inline cursor-pointer align-baseline\"><span class=\"whitespace-normal\">Diputaci\u00f3n de Ourense<\/span><\/span>, Xos\u00e9 Miguel P\u00e9rez Blecua; e o respons\u00e1vel do departamento Agrotech da Sinerxia, Pablo Condo.<\/p>\n<p data-start=\"2123\" data-end=\"2295\">\ud83d\udce2 Consulte a not\u00edcia:<br data-start=\"2145\" data-end=\"2148\" \/><a class=\"decorated-link\" href=\"https:\/\/www.galiciapress.es\/articulo\/movimientos\/2026-04-15\/5845499-montes-barco-convierten-aulas-gracias-eixo-cortafuegos-productivos-use4forest\" target=\"_new\" rel=\"noopener\" data-start=\"2148\" data-end=\"2293\">https:\/\/www.galiciapress.es\/articulo\/movimientos\/2026-04-15\/5845499-montes-barco-convierten-aulas-gracias-eixo-cortafuegos-productivos-use4forest<\/a><\/p>\n<p data-start=\"2297\" data-end=\"2350\">USE4FOREST: Montes geridos, territ\u00f3rios protegidos.<\/p>\n<p data-start=\"2297\" data-end=\"2350\">\n<p data-start=\"2297\" data-end=\"2350\">\n<p data-start=\"1109\" data-end=\"1164\" data-is-last-node=\"\" data-is-only-node=\"\"><img fetchpriority=\"high\" decoding=\"async\" class=\"alignnone size-full wp-image-62878\" src=\"https:\/\/interreg-sudoe.eu\/wp-content\/uploads\/2026\/03\/Faldon-U4F.jpg\" alt=\"\" width=\"1980\" height=\"275\" srcset=\"https:\/\/interreg-sudoe.eu\/wp-content\/uploads\/2026\/03\/Faldon-U4F.jpg 1980w, https:\/\/interreg-sudoe.eu\/wp-content\/uploads\/2026\/03\/Faldon-U4F-300x42.jpg 300w, https:\/\/interreg-sudoe.eu\/wp-content\/uploads\/2026\/03\/Faldon-U4F-1024x142.jpg 1024w, https:\/\/interreg-sudoe.eu\/wp-content\/uploads\/2026\/03\/Faldon-U4F-768x107.jpg 768w, https:\/\/interreg-sudoe.eu\/wp-content\/uploads\/2026\/03\/Faldon-U4F-1536x213.jpg 1536w\" sizes=\"(max-width: 1980px) 100vw, 1980px\" \/><\/p>\n","protected":false},"excerpt":{"rendered":"<p>O USE4FOREST aposta nos \u201ccorta-fogos produtivos\u201d como ferramenta para prevenir inc\u00eandios e dinamizar o territ\u00f3rio rural.<\/p>\n","protected":false},"author":6728,"featured_media":63943,"parent":0,"template":"","meta":{"_acf_changed":false,"content-type":"","_monsterinsights_skip_tracking":false,"_monsterinsights_sitenote_active":false,"_monsterinsights_sitenote_note":"","_monsterinsights_sitenote_category":0},"class_list":["post-63945","noticia-proyecto","type-noticia-proyecto","status-publish","has-post-thumbnail","hentry"],"acf":[],"yoast_head":"<!-- This site is optimized with the Yoast SEO plugin v27.4 - https:\/\/yoast.com\/product\/yoast-seo-wordpress\/ -->\n<title>Apresenta\u00e7\u00e3o do projeto USE4FOREST em O Barco de Valdeorras - Interreg Sudoe<\/title>\n<meta name=\"robots\" content=\"index, follow, max-snippet:-1, max-image-preview:large, max-video-preview:-1\" \/>\n<link rel=\"canonical\" href=\"https:\/\/interreg-sudoe.eu\/pt-pt\/noticia-proyecto\/apresentacao-do-projeto-use4forest-em-o-barco-de-valdeorras\/\" \/>\n<meta property=\"og:locale\" content=\"pt_PT\" \/>\n<meta property=\"og:type\" content=\"article\" \/>\n<meta property=\"og:title\" content=\"Apresenta\u00e7\u00e3o do projeto USE4FOREST em O Barco de Valdeorras - Interreg Sudoe\" \/>\n<meta property=\"og:description\" content=\"O USE4FOREST aposta nos \u201ccorta-fogos produtivos\u201d como ferramenta para prevenir inc\u00eandios e dinamizar o territ\u00f3rio rural.\" \/>\n<meta property=\"og:url\" content=\"https:\/\/interreg-sudoe.eu\/pt-pt\/noticia-proyecto\/apresentacao-do-projeto-use4forest-em-o-barco-de-valdeorras\/\" \/>\n<meta property=\"og:site_name\" content=\"Interreg Sudoe\" \/>\n<meta property=\"article:publisher\" content=\"https:\/\/www.facebook.com\/interregsudoe\" \/>\n<meta property=\"article:modified_time\" content=\"2026-04-16T10:49:20+00:00\" \/>\n<meta property=\"og:image\" content=\"https:\/\/interreg-sudoe.eu\/wp-content\/uploads\/2026\/04\/37.jpg\" \/>\n\t<meta property=\"og:image:width\" content=\"1080\" \/>\n\t<meta property=\"og:image:height\" content=\"1350\" \/>\n\t<meta property=\"og:image:type\" content=\"image\/jpeg\" \/>\n<meta name=\"twitter:card\" content=\"summary_large_image\" \/>\n<meta name=\"twitter:site\" content=\"@Sudoe5\" \/>\n<meta name=\"twitter:label1\" content=\"Tempo estimado de leitura\" \/>\n\t<meta name=\"twitter:data1\" content=\"1 minuto\" \/>\n<script type=\"application\/ld+json\" class=\"yoast-schema-graph\">{\"@context\":\"https:\\\/\\\/schema.org\",\"@graph\":[{\"@type\":\"WebPage\",\"@id\":\"https:\\\/\\\/interreg-sudoe.eu\\\/pt-pt\\\/noticia-proyecto\\\/apresentacao-do-projeto-use4forest-em-o-barco-de-valdeorras\\\/\",\"url\":\"https:\\\/\\\/interreg-sudoe.eu\\\/pt-pt\\\/noticia-proyecto\\\/apresentacao-do-projeto-use4forest-em-o-barco-de-valdeorras\\\/\",\"name\":\"Apresenta\u00e7\u00e3o do projeto USE4FOREST em O Barco de Valdeorras - Interreg Sudoe\",\"isPartOf\":{\"@id\":\"https:\\\/\\\/interreg-sudoe.eu\\\/pt-pt\\\/#website\"},\"primaryImageOfPage\":{\"@id\":\"https:\\\/\\\/interreg-sudoe.eu\\\/pt-pt\\\/noticia-proyecto\\\/apresentacao-do-projeto-use4forest-em-o-barco-de-valdeorras\\\/#primaryimage\"},\"image\":{\"@id\":\"https:\\\/\\\/interreg-sudoe.eu\\\/pt-pt\\\/noticia-proyecto\\\/apresentacao-do-projeto-use4forest-em-o-barco-de-valdeorras\\\/#primaryimage\"},\"thumbnailUrl\":\"https:\\\/\\\/interreg-sudoe.eu\\\/wp-content\\\/uploads\\\/2026\\\/04\\\/37.jpg\",\"datePublished\":\"2026-04-15T09:29:40+00:00\",\"dateModified\":\"2026-04-16T10:49:20+00:00\",\"breadcrumb\":{\"@id\":\"https:\\\/\\\/interreg-sudoe.eu\\\/pt-pt\\\/noticia-proyecto\\\/apresentacao-do-projeto-use4forest-em-o-barco-de-valdeorras\\\/#breadcrumb\"},\"inLanguage\":\"pt-PT\",\"potentialAction\":[{\"@type\":\"ReadAction\",\"target\":[\"https:\\\/\\\/interreg-sudoe.eu\\\/pt-pt\\\/noticia-proyecto\\\/apresentacao-do-projeto-use4forest-em-o-barco-de-valdeorras\\\/\"]}]},{\"@type\":\"ImageObject\",\"inLanguage\":\"pt-PT\",\"@id\":\"https:\\\/\\\/interreg-sudoe.eu\\\/pt-pt\\\/noticia-proyecto\\\/apresentacao-do-projeto-use4forest-em-o-barco-de-valdeorras\\\/#primaryimage\",\"url\":\"https:\\\/\\\/interreg-sudoe.eu\\\/wp-content\\\/uploads\\\/2026\\\/04\\\/37.jpg\",\"contentUrl\":\"https:\\\/\\\/interreg-sudoe.eu\\\/wp-content\\\/uploads\\\/2026\\\/04\\\/37.jpg\",\"width\":1080,\"height\":1350},{\"@type\":\"BreadcrumbList\",\"@id\":\"https:\\\/\\\/interreg-sudoe.eu\\\/pt-pt\\\/noticia-proyecto\\\/apresentacao-do-projeto-use4forest-em-o-barco-de-valdeorras\\\/#breadcrumb\",\"itemListElement\":[{\"@type\":\"ListItem\",\"position\":1,\"name\":\"Home\",\"item\":\"https:\\\/\\\/interreg-sudoe.eu\\\/pt-pt\\\/\"},{\"@type\":\"ListItem\",\"position\":2,\"name\":\"Apresenta\u00e7\u00e3o do projeto USE4FOREST em O Barco de Valdeorras\"}]},{\"@type\":\"WebSite\",\"@id\":\"https:\\\/\\\/interreg-sudoe.eu\\\/pt-pt\\\/#website\",\"url\":\"https:\\\/\\\/interreg-sudoe.eu\\\/pt-pt\\\/\",\"name\":\"Interreg Sudoe\",\"description\":\"Interreg Sudoe\",\"publisher\":{\"@id\":\"https:\\\/\\\/interreg-sudoe.eu\\\/pt-pt\\\/#organization\"},\"alternateName\":\"Interreg Sudoe\",\"potentialAction\":[{\"@type\":\"SearchAction\",\"target\":{\"@type\":\"EntryPoint\",\"urlTemplate\":\"https:\\\/\\\/interreg-sudoe.eu\\\/pt-pt\\\/?s={search_term_string}\"},\"query-input\":{\"@type\":\"PropertyValueSpecification\",\"valueRequired\":true,\"valueName\":\"search_term_string\"}}],\"inLanguage\":\"pt-PT\"},{\"@type\":\"Organization\",\"@id\":\"https:\\\/\\\/interreg-sudoe.eu\\\/pt-pt\\\/#organization\",\"name\":\"Interreg Sudoe\",\"alternateName\":\"Interreg Sudoe\",\"url\":\"https:\\\/\\\/interreg-sudoe.eu\\\/pt-pt\\\/\",\"logo\":{\"@type\":\"ImageObject\",\"inLanguage\":\"pt-PT\",\"@id\":\"https:\\\/\\\/interreg-sudoe.eu\\\/pt-pt\\\/#\\\/schema\\\/logo\\\/image\\\/\",\"url\":\"https:\\\/\\\/interreg-sudoe.eu\\\/wp-content\\\/uploads\\\/2024\\\/03\\\/logo-interreg.png\",\"contentUrl\":\"https:\\\/\\\/interreg-sudoe.eu\\\/wp-content\\\/uploads\\\/2024\\\/03\\\/logo-interreg.png\",\"width\":1200,\"height\":675,\"caption\":\"Interreg Sudoe\"},\"image\":{\"@id\":\"https:\\\/\\\/interreg-sudoe.eu\\\/pt-pt\\\/#\\\/schema\\\/logo\\\/image\\\/\"},\"sameAs\":[\"https:\\\/\\\/www.facebook.com\\\/interregsudoe\",\"https:\\\/\\\/x.com\\\/Sudoe5\",\"https:\\\/\\\/www.youtube.com\\\/channel\\\/UCeGx2edoB32beRc9dbKA2vw\",\"https:\\\/\\\/www.linkedin.com\\\/company\\\/interreg-sudoe-programme\\\/\",\"https:\\\/\\\/www.flickr.com\\\/photos\\\/148704685@N06\\\/\"]}]}<\/script>\n<!-- \/ Yoast SEO plugin. -->","yoast_head_json":{"title":"Apresenta\u00e7\u00e3o do projeto USE4FOREST em O Barco de Valdeorras - Interreg Sudoe","robots":{"index":"index","follow":"follow","max-snippet":"max-snippet:-1","max-image-preview":"max-image-preview:large","max-video-preview":"max-video-preview:-1"},"canonical":"https:\/\/interreg-sudoe.eu\/pt-pt\/noticia-proyecto\/apresentacao-do-projeto-use4forest-em-o-barco-de-valdeorras\/","og_locale":"pt_PT","og_type":"article","og_title":"Apresenta\u00e7\u00e3o do projeto USE4FOREST em O Barco de Valdeorras - Interreg Sudoe","og_description":"O USE4FOREST aposta nos \u201ccorta-fogos produtivos\u201d como ferramenta para prevenir inc\u00eandios e dinamizar o territ\u00f3rio rural.","og_url":"https:\/\/interreg-sudoe.eu\/pt-pt\/noticia-proyecto\/apresentacao-do-projeto-use4forest-em-o-barco-de-valdeorras\/","og_site_name":"Interreg Sudoe","article_publisher":"https:\/\/www.facebook.com\/interregsudoe","article_modified_time":"2026-04-16T10:49:20+00:00","og_image":[{"width":1080,"height":1350,"url":"https:\/\/interreg-sudoe.eu\/wp-content\/uploads\/2026\/04\/37.jpg","type":"image\/jpeg"}],"twitter_card":"summary_large_image","twitter_site":"@Sudoe5","twitter_misc":{"Tempo estimado de leitura":"1 minuto"},"schema":{"@context":"https:\/\/schema.org","@graph":[{"@type":"WebPage","@id":"https:\/\/interreg-sudoe.eu\/pt-pt\/noticia-proyecto\/apresentacao-do-projeto-use4forest-em-o-barco-de-valdeorras\/","url":"https:\/\/interreg-sudoe.eu\/pt-pt\/noticia-proyecto\/apresentacao-do-projeto-use4forest-em-o-barco-de-valdeorras\/","name":"Apresenta\u00e7\u00e3o do projeto USE4FOREST em O Barco de Valdeorras - Interreg Sudoe","isPartOf":{"@id":"https:\/\/interreg-sudoe.eu\/pt-pt\/#website"},"primaryImageOfPage":{"@id":"https:\/\/interreg-sudoe.eu\/pt-pt\/noticia-proyecto\/apresentacao-do-projeto-use4forest-em-o-barco-de-valdeorras\/#primaryimage"},"image":{"@id":"https:\/\/interreg-sudoe.eu\/pt-pt\/noticia-proyecto\/apresentacao-do-projeto-use4forest-em-o-barco-de-valdeorras\/#primaryimage"},"thumbnailUrl":"https:\/\/interreg-sudoe.eu\/wp-content\/uploads\/2026\/04\/37.jpg","datePublished":"2026-04-15T09:29:40+00:00","dateModified":"2026-04-16T10:49:20+00:00","breadcrumb":{"@id":"https:\/\/interreg-sudoe.eu\/pt-pt\/noticia-proyecto\/apresentacao-do-projeto-use4forest-em-o-barco-de-valdeorras\/#breadcrumb"},"inLanguage":"pt-PT","potentialAction":[{"@type":"ReadAction","target":["https:\/\/interreg-sudoe.eu\/pt-pt\/noticia-proyecto\/apresentacao-do-projeto-use4forest-em-o-barco-de-valdeorras\/"]}]},{"@type":"ImageObject","inLanguage":"pt-PT","@id":"https:\/\/interreg-sudoe.eu\/pt-pt\/noticia-proyecto\/apresentacao-do-projeto-use4forest-em-o-barco-de-valdeorras\/#primaryimage","url":"https:\/\/interreg-sudoe.eu\/wp-content\/uploads\/2026\/04\/37.jpg","contentUrl":"https:\/\/interreg-sudoe.eu\/wp-content\/uploads\/2026\/04\/37.jpg","width":1080,"height":1350},{"@type":"BreadcrumbList","@id":"https:\/\/interreg-sudoe.eu\/pt-pt\/noticia-proyecto\/apresentacao-do-projeto-use4forest-em-o-barco-de-valdeorras\/#breadcrumb","itemListElement":[{"@type":"ListItem","position":1,"name":"Home","item":"https:\/\/interreg-sudoe.eu\/pt-pt\/"},{"@type":"ListItem","position":2,"name":"Apresenta\u00e7\u00e3o do projeto USE4FOREST em O Barco de Valdeorras"}]},{"@type":"WebSite","@id":"https:\/\/interreg-sudoe.eu\/pt-pt\/#website","url":"https:\/\/interreg-sudoe.eu\/pt-pt\/","name":"Interreg Sudoe","description":"Interreg Sudoe","publisher":{"@id":"https:\/\/interreg-sudoe.eu\/pt-pt\/#organization"},"alternateName":"Interreg Sudoe","potentialAction":[{"@type":"SearchAction","target":{"@type":"EntryPoint","urlTemplate":"https:\/\/interreg-sudoe.eu\/pt-pt\/?s={search_term_string}"},"query-input":{"@type":"PropertyValueSpecification","valueRequired":true,"valueName":"search_term_string"}}],"inLanguage":"pt-PT"},{"@type":"Organization","@id":"https:\/\/interreg-sudoe.eu\/pt-pt\/#organization","name":"Interreg Sudoe","alternateName":"Interreg Sudoe","url":"https:\/\/interreg-sudoe.eu\/pt-pt\/","logo":{"@type":"ImageObject","inLanguage":"pt-PT","@id":"https:\/\/interreg-sudoe.eu\/pt-pt\/#\/schema\/logo\/image\/","url":"https:\/\/interreg-sudoe.eu\/wp-content\/uploads\/2024\/03\/logo-interreg.png","contentUrl":"https:\/\/interreg-sudoe.eu\/wp-content\/uploads\/2024\/03\/logo-interreg.png","width":1200,"height":675,"caption":"Interreg Sudoe"},"image":{"@id":"https:\/\/interreg-sudoe.eu\/pt-pt\/#\/schema\/logo\/image\/"},"sameAs":["https:\/\/www.facebook.com\/interregsudoe","https:\/\/x.com\/Sudoe5","https:\/\/www.youtube.com\/channel\/UCeGx2edoB32beRc9dbKA2vw","https:\/\/www.linkedin.com\/company\/interreg-sudoe-programme\/","https:\/\/www.flickr.com\/photos\/148704685@N06\/"]}]}},"_links":{"self":[{"href":"https:\/\/interreg-sudoe.eu\/pt-pt\/wp-json\/wp\/v2\/noticia-proyecto\/63945","targetHints":{"allow":["GET"]}}],"collection":[{"href":"https:\/\/interreg-sudoe.eu\/pt-pt\/wp-json\/wp\/v2\/noticia-proyecto"}],"about":[{"href":"https:\/\/interreg-sudoe.eu\/pt-pt\/wp-json\/wp\/v2\/types\/noticia-proyecto"}],"author":[{"embeddable":true,"href":"https:\/\/interreg-sudoe.eu\/pt-pt\/wp-json\/wp\/v2\/users\/6728"}],"wp:featuredmedia":[{"embeddable":true,"href":"https:\/\/interreg-sudoe.eu\/pt-pt\/wp-json\/wp\/v2\/media\/63943"}],"wp:attachment":[{"href":"https:\/\/interreg-sudoe.eu\/pt-pt\/wp-json\/wp\/v2\/media?parent=63945"}],"curies":[{"name":"wp","href":"https:\/\/api.w.org\/{rel}","templated":true}]}}