{"id":64232,"date":"2026-04-16T10:36:39","date_gmt":"2026-04-16T08:36:39","guid":{"rendered":"https:\/\/interreg-sudoe.eu\/?post_type=noticia-proyecto&#038;p=64232"},"modified":"2026-04-22T16:32:02","modified_gmt":"2026-04-22T14:32:02","slug":"o-projeto-revital-foi-apresentado-a-mais-de-30-profissionais-num-workshop-sobre-exoesqueletos-e-neurorreabilitacao-em-zamora","status":"publish","type":"noticia-proyecto","link":"https:\/\/interreg-sudoe.eu\/pt-pt\/noticia-proyecto\/o-projeto-revital-foi-apresentado-a-mais-de-30-profissionais-num-workshop-sobre-exoesqueletos-e-neurorreabilitacao-em-zamora\/","title":{"rendered":"O projeto REVITAL foi apresentado a mais de 30 profissionais num workshop sobre Exoesqueletos e Neurorreabilita\u00e7\u00e3o em Zamora."},"content":{"rendered":"<p>O projeto REVITAL foi apresentado a mais de 30 profissionais do setor social e de sa\u00fade no workshop &#8220;Exoesqueletos e Neuroreabilita\u00e7\u00e3o&#8221;, realizado na ter\u00e7a-feira, 14 de abril, no Polo de Inova\u00e7\u00e3o Tecnol\u00f3gica La Aldehuela, em Zamora. A apresenta\u00e7\u00e3o gerou grande interesse devido \u00e0 sua abordagem inovadora aplicada a zonas rurais.<\/p>\n<p>A sess\u00e3o foi conduzida por Sergio Mart\u00edn, respons\u00e1vel pela comunica\u00e7\u00e3o do projeto, pelo Cluster SIVI, entidade respons\u00e1vel pela coordena\u00e7\u00e3o e comunica\u00e7\u00e3o, juntamente com Abigail Azpeleta, gestora de projetos da Funda\u00e7\u00e3o San Cebri\u00e1n (atualmente a operar sob o nome &#8216;BRIAN&#8217;), Cristina Mena, fisioterapeuta da mesma organiza\u00e7\u00e3o, e \u00cd\u00f1igo Urkidi, COO e s\u00f3cio fundador da empresa Gogoa.<\/p>\n<p>Durante a apresenta\u00e7\u00e3o, a equipa compartilhou uma avalia\u00e7\u00e3o preliminar da situa\u00e7\u00e3o em zonas rurais, abordando os principais desafios no acesso \u00e0 reabilita\u00e7\u00e3o e aos servi\u00e7os sociais e de sa\u00fade. Com base nessa an\u00e1lise, os objetivos do projeto foram detalhados, com foco na melhoria da qualidade de vida de idosos e pessoas dependentes, bem como no est\u00edmulo ao desenvolvimento socioecon\u00f4mico dessas zonas.<\/p>\n<figure class=\"wp-block-embed is-type-video is-provider-youtube wp-block-embed-youtube wp-embed-aspect-16-9 wp-has-aspect-ratio\">\n<div class=\"wp-block-embed__wrapper\"><iframe title=\"Semana de &quot;Exoesqueletos y Neurorrehabilitaci\u00f3n&quot; en el Hub la Aldehuela\" src=\"https:\/\/www.youtube.com\/embed\/m4Vyh5ADVR4?feature=oembed\" width=\"1200\" height=\"675\" frameborder=\"0\" allowfullscreen=\"allowfullscreen\" data-mce-fragment=\"1\"><\/iframe><\/div>\n<\/figure>\n<h2 class=\"wp-block-heading\">Incorpora\u00e7\u00e3o de tecnologias avan\u00e7adas, como exoesqueletos<\/h2>\n<p>Al\u00e9m disso, as \u00e1reas de mudan\u00e7a que o REVITAL visa promover foram exploradas em profundidade, incluindo a incorpora\u00e7\u00e3o de servi\u00e7os avan\u00e7ados de teleassist\u00eancia e telerreabilita\u00e7\u00e3o, apoiados por tecnologias inovadoras. Nesse contexto, os membros do cons\u00f3rcio foram apresentados, assim como as solu\u00e7\u00f5es tecnol\u00f3gicas utilizadas, incluindo exoesqueletos aplicados \u00e0 neurorreabilita\u00e7\u00e3o, e o desenvolvimento dos projetos-piloto, ilustrados com exemplos t\u00e9cnicos, experi\u00eancias e dados relevantes do processo acompanhado.<\/p>\n<p>Neste f\u00f3rum, o REVITAL reafirmou a sua posi\u00e7\u00e3o como uma iniciativa estrat\u00e9gica que procura revitalizar \u00e1reas rurais do sudoeste da Europa, combinando inova\u00e7\u00e3o tecnol\u00f3gica e desenvolvimento local. Por meio da implementa\u00e7\u00e3o de servi\u00e7os remotos de assist\u00eancia cl\u00ednica e reabilita\u00e7\u00e3o, o projeto visa n\u00e3o apenas melhorar a sa\u00fade, mas tamb\u00e9m gerar empregos qualificados, atrair habitantes e fomentar um modelo de crescimento sustent\u00e1vel para essas zonas.<\/p>\n<p>Com esta apresenta\u00e7\u00e3o, o projeto refor\u00e7a a sua visibilidade junto dos profissionais do setor, consolidando a sua posi\u00e7\u00e3o como um firme compromisso com um futuro em que as zonas rurais, n\u00e3o s\u00f3 mantenham a sua popula\u00e7\u00e3o, como tamb\u00e9m se tornem polos de oportunidade, inova\u00e7\u00e3o e bem-estar.<\/p>\n<figure class=\"wp-block-gallery has-nested-images columns-default is-cropped wp-block-gallery-1 is-layout-flex wp-block-gallery-is-layout-flex\">\n<figure class=\"wp-block-image size-large\"><img fetchpriority=\"high\" decoding=\"async\" class=\"wp-image-10177\" src=\"https:\/\/clustersivi.org\/wp-content\/uploads\/2026\/04\/image00038-1-1024x768.jpeg\" sizes=\"(max-width: 1024px) 100vw, 1024px\" srcset=\"https:\/\/clustersivi.org\/wp-content\/uploads\/2026\/04\/image00038-1-1024x768.jpeg 1024w, https:\/\/clustersivi.org\/wp-content\/uploads\/2026\/04\/image00038-1-300x225.jpeg 300w, https:\/\/clustersivi.org\/wp-content\/uploads\/2026\/04\/image00038-1-768x576.jpeg 768w, https:\/\/clustersivi.org\/wp-content\/uploads\/2026\/04\/image00038-1-1536x1152.jpeg 1536w, https:\/\/clustersivi.org\/wp-content\/uploads\/2026\/04\/image00038-1-2048x1536.jpeg 2048w\" alt=\"\" width=\"1024\" height=\"768\" data-id=\"10177\" \/><\/figure>\n<figure class=\"wp-block-image size-large\"><img decoding=\"async\" class=\"wp-image-10176\" src=\"https:\/\/clustersivi.org\/wp-content\/uploads\/2026\/04\/image00037-1-1024x768.jpeg\" sizes=\"(max-width: 1024px) 100vw, 1024px\" srcset=\"https:\/\/clustersivi.org\/wp-content\/uploads\/2026\/04\/image00037-1-1024x768.jpeg 1024w, https:\/\/clustersivi.org\/wp-content\/uploads\/2026\/04\/image00037-1-300x225.jpeg 300w, https:\/\/clustersivi.org\/wp-content\/uploads\/2026\/04\/image00037-1-768x576.jpeg 768w, https:\/\/clustersivi.org\/wp-content\/uploads\/2026\/04\/image00037-1-1536x1152.jpeg 1536w, https:\/\/clustersivi.org\/wp-content\/uploads\/2026\/04\/image00037-1-2048x1536.jpeg 2048w\" alt=\"El proyecto REVITAL se expone en un taller en Zamora\" width=\"1024\" height=\"768\" data-id=\"10176\" \/><\/figure>\n<figure class=\"wp-block-image size-large\"><img decoding=\"async\" class=\"wp-image-10179\" src=\"https:\/\/clustersivi.org\/wp-content\/uploads\/2026\/04\/image00032-1-1024x768.jpeg\" sizes=\"(max-width: 1024px) 100vw, 1024px\" srcset=\"https:\/\/clustersivi.org\/wp-content\/uploads\/2026\/04\/image00032-1-1024x768.jpeg 1024w, https:\/\/clustersivi.org\/wp-content\/uploads\/2026\/04\/image00032-1-300x225.jpeg 300w, https:\/\/clustersivi.org\/wp-content\/uploads\/2026\/04\/image00032-1-768x576.jpeg 768w, https:\/\/clustersivi.org\/wp-content\/uploads\/2026\/04\/image00032-1-1536x1152.jpeg 1536w, https:\/\/clustersivi.org\/wp-content\/uploads\/2026\/04\/image00032-1-2048x1536.jpeg 2048w\" alt=\"\" width=\"1024\" height=\"768\" data-id=\"10179\" \/><\/figure>\n<figure class=\"wp-block-image size-large\"><img loading=\"lazy\" decoding=\"async\" class=\"wp-image-10166\" src=\"https:\/\/clustersivi.org\/wp-content\/uploads\/2026\/04\/image00048-1024x768.jpeg\" sizes=\"(max-width: 1024px) 100vw, 1024px\" srcset=\"https:\/\/clustersivi.org\/wp-content\/uploads\/2026\/04\/image00048-1024x768.jpeg 1024w, https:\/\/clustersivi.org\/wp-content\/uploads\/2026\/04\/image00048-300x225.jpeg 300w, https:\/\/clustersivi.org\/wp-content\/uploads\/2026\/04\/image00048-768x576.jpeg 768w, https:\/\/clustersivi.org\/wp-content\/uploads\/2026\/04\/image00048-1536x1152.jpeg 1536w, https:\/\/clustersivi.org\/wp-content\/uploads\/2026\/04\/image00048-2048x1536.jpeg 2048w\" alt=\"\" width=\"1024\" height=\"768\" data-id=\"10166\" \/><\/figure>\n<figure class=\"wp-block-image size-large\"><img loading=\"lazy\" decoding=\"async\" class=\"wp-image-10180\" src=\"https:\/\/clustersivi.org\/wp-content\/uploads\/2026\/04\/image00051-1-1024x768.jpeg\" sizes=\"(max-width: 1024px) 100vw, 1024px\" srcset=\"https:\/\/clustersivi.org\/wp-content\/uploads\/2026\/04\/image00051-1-1024x768.jpeg 1024w, https:\/\/clustersivi.org\/wp-content\/uploads\/2026\/04\/image00051-1-300x225.jpeg 300w, https:\/\/clustersivi.org\/wp-content\/uploads\/2026\/04\/image00051-1-768x576.jpeg 768w, https:\/\/clustersivi.org\/wp-content\/uploads\/2026\/04\/image00051-1-1536x1152.jpeg 1536w, https:\/\/clustersivi.org\/wp-content\/uploads\/2026\/04\/image00051-1-2048x1536.jpeg 2048w\" alt=\"\" width=\"1024\" height=\"768\" data-id=\"10180\" \/><\/figure>\n<\/figure>\n<h2 class=\"wp-block-heading\">Cons\u00f3rcio do Projeto REVITAL<\/h2>\n<p>O <a href=\"https:\/\/clustersivi.org\/\" target=\"_blank\" rel=\"noreferrer noopener\">Cl\u00faster Soluciones Innovadoras para la Vida Independiente (SIVI)<\/a> coordena este projeto, financiado pelo Interreg-Sudoe, que conta com a participa\u00e7\u00e3o da <a href=\"https:\/\/www.jcyl.es\/web\/jcyl\/Portada\/es\/Plantilla100DirectorioPortada\/1248366924958\/0\/1284448289528\/DirectorioPadre\" target=\"_blank\" rel=\"noreferrer noopener\">Gerencia de Servicios Sociales de Castilla y Le\u00f3n<\/a>,\u00a0<a href=\"https:\/\/www.fundacionsancebrian.com\/portal\/\" target=\"_blank\" rel=\"noreferrer noopener\">Fundaci\u00f3n San Cebri\u00e1n<\/a>,\u00a0<a href=\"https:\/\/www.gogoa.eu\/\" target=\"_blank\" rel=\"noreferrer noopener\">GOGOA Mobility Robots<\/a>,\u00a0<a href=\"https:\/\/www.estia.fr\/\" target=\"_blank\" rel=\"noreferrer noopener\">\u00c9cole Sup\u00e9rieure des Technologies Industrielles Avanc\u00e9es (ESTIA)<\/a>,\u00a0<a href=\"https:\/\/www.deusto.es\/es\/inicio\" target=\"_blank\" rel=\"noreferrer noopener\">Universidad de DEUSTO<\/a>,\u00a0<a href=\"https:\/\/www.eps-garazi.fr\/\" target=\"_blank\" rel=\"noreferrer noopener\">Etablissement Public de Sant\u00e9 de GARAZI<\/a>,\u00a0<a href=\"https:\/\/www.aebb.pt\/\" target=\"_blank\" rel=\"noreferrer noopener\">Associa\u00e7\u00e3o Empresarial da Beira Baixa (AEBB)<\/a> e do <a href=\"https:\/\/www.ipcb.pt\/\" target=\"_blank\" rel=\"noreferrer noopener\">Instituto Polit\u00e9cnico de Castelo Branco (IPCB)<\/a> , que em conjunto formam o cons\u00f3rcio completo.<\/p>\n","protected":false},"excerpt":{"rendered":"<p>O projeto REVITAL foi apresentado a mais de 30 profissionais do setor social e de sa\u00fade no workshop &#8220;Exoesqueletos e Neuroreabilita\u00e7\u00e3o&#8221;, realizado na ter\u00e7a-feira, 14 de abril, no Polo de Inova\u00e7\u00e3o Tecnol\u00f3gica La Aldehuela, em Zamora. A apresenta\u00e7\u00e3o gerou grande interesse devido \u00e0 sua abordagem inovadora aplicada a zonas rurais. A sess\u00e3o foi conduzida por [&hellip;]<\/p>\n","protected":false},"author":6552,"featured_media":63931,"parent":0,"template":"","meta":{"_acf_changed":false,"content-type":"","_monsterinsights_skip_tracking":false,"_monsterinsights_sitenote_active":false,"_monsterinsights_sitenote_note":"","_monsterinsights_sitenote_category":0},"class_list":["post-64232","noticia-proyecto","type-noticia-proyecto","status-publish","has-post-thumbnail","hentry"],"acf":[],"yoast_head":"<!-- This site is optimized with the Yoast SEO plugin v27.4 - https:\/\/yoast.com\/product\/yoast-seo-wordpress\/ -->\n<title>O projeto REVITAL foi apresentado a mais de 30 profissionais num workshop sobre Exoesqueletos e Neurorreabilita\u00e7\u00e3o em Zamora. - Interreg Sudoe<\/title>\n<meta name=\"robots\" content=\"index, follow, max-snippet:-1, max-image-preview:large, max-video-preview:-1\" \/>\n<link rel=\"canonical\" href=\"https:\/\/interreg-sudoe.eu\/pt-pt\/noticia-proyecto\/o-projeto-revital-foi-apresentado-a-mais-de-30-profissionais-num-workshop-sobre-exoesqueletos-e-neurorreabilitacao-em-zamora\/\" \/>\n<meta property=\"og:locale\" content=\"pt_PT\" \/>\n<meta property=\"og:type\" content=\"article\" \/>\n<meta property=\"og:title\" content=\"O projeto REVITAL foi apresentado a mais de 30 profissionais num workshop sobre Exoesqueletos e Neurorreabilita\u00e7\u00e3o em Zamora. - Interreg Sudoe\" \/>\n<meta property=\"og:description\" content=\"O projeto REVITAL foi apresentado a mais de 30 profissionais do setor social e de sa\u00fade no workshop &#8220;Exoesqueletos e Neuroreabilita\u00e7\u00e3o&#8221;, realizado na ter\u00e7a-feira, 14 de abril, no Polo de Inova\u00e7\u00e3o Tecnol\u00f3gica La Aldehuela, em Zamora. A apresenta\u00e7\u00e3o gerou grande interesse devido \u00e0 sua abordagem inovadora aplicada a zonas rurais. A sess\u00e3o foi conduzida por [&hellip;]\" \/>\n<meta property=\"og:url\" content=\"https:\/\/interreg-sudoe.eu\/pt-pt\/noticia-proyecto\/o-projeto-revital-foi-apresentado-a-mais-de-30-profissionais-num-workshop-sobre-exoesqueletos-e-neurorreabilitacao-em-zamora\/\" \/>\n<meta property=\"og:site_name\" content=\"Interreg Sudoe\" \/>\n<meta property=\"article:publisher\" content=\"https:\/\/www.facebook.com\/interregsudoe\" \/>\n<meta property=\"article:modified_time\" content=\"2026-04-22T14:32:02+00:00\" \/>\n<meta property=\"og:image\" content=\"https:\/\/interreg-sudoe.eu\/wp-content\/uploads\/2026\/04\/EL-PROYECTO-REVITAL-SE-EXPONE.jpg\" \/>\n\t<meta property=\"og:image:width\" content=\"1127\" \/>\n\t<meta property=\"og:image:height\" content=\"708\" \/>\n\t<meta property=\"og:image:type\" content=\"image\/jpeg\" \/>\n<meta name=\"twitter:card\" content=\"summary_large_image\" \/>\n<meta name=\"twitter:site\" content=\"@Sudoe5\" \/>\n<meta name=\"twitter:label1\" content=\"Tempo estimado de leitura\" \/>\n\t<meta name=\"twitter:data1\" content=\"2 minutos\" \/>\n<script type=\"application\/ld+json\" class=\"yoast-schema-graph\">{\"@context\":\"https:\\\/\\\/schema.org\",\"@graph\":[{\"@type\":\"WebPage\",\"@id\":\"https:\\\/\\\/interreg-sudoe.eu\\\/pt-pt\\\/noticia-proyecto\\\/o-projeto-revital-foi-apresentado-a-mais-de-30-profissionais-num-workshop-sobre-exoesqueletos-e-neurorreabilitacao-em-zamora\\\/\",\"url\":\"https:\\\/\\\/interreg-sudoe.eu\\\/pt-pt\\\/noticia-proyecto\\\/o-projeto-revital-foi-apresentado-a-mais-de-30-profissionais-num-workshop-sobre-exoesqueletos-e-neurorreabilitacao-em-zamora\\\/\",\"name\":\"O projeto REVITAL foi apresentado a mais de 30 profissionais num workshop sobre Exoesqueletos e Neurorreabilita\u00e7\u00e3o em Zamora. - Interreg Sudoe\",\"isPartOf\":{\"@id\":\"https:\\\/\\\/interreg-sudoe.eu\\\/pt-pt\\\/#website\"},\"primaryImageOfPage\":{\"@id\":\"https:\\\/\\\/interreg-sudoe.eu\\\/pt-pt\\\/noticia-proyecto\\\/o-projeto-revital-foi-apresentado-a-mais-de-30-profissionais-num-workshop-sobre-exoesqueletos-e-neurorreabilitacao-em-zamora\\\/#primaryimage\"},\"image\":{\"@id\":\"https:\\\/\\\/interreg-sudoe.eu\\\/pt-pt\\\/noticia-proyecto\\\/o-projeto-revital-foi-apresentado-a-mais-de-30-profissionais-num-workshop-sobre-exoesqueletos-e-neurorreabilitacao-em-zamora\\\/#primaryimage\"},\"thumbnailUrl\":\"https:\\\/\\\/interreg-sudoe.eu\\\/wp-content\\\/uploads\\\/2026\\\/04\\\/EL-PROYECTO-REVITAL-SE-EXPONE.jpg\",\"datePublished\":\"2026-04-16T08:36:39+00:00\",\"dateModified\":\"2026-04-22T14:32:02+00:00\",\"breadcrumb\":{\"@id\":\"https:\\\/\\\/interreg-sudoe.eu\\\/pt-pt\\\/noticia-proyecto\\\/o-projeto-revital-foi-apresentado-a-mais-de-30-profissionais-num-workshop-sobre-exoesqueletos-e-neurorreabilitacao-em-zamora\\\/#breadcrumb\"},\"inLanguage\":\"pt-PT\",\"potentialAction\":[{\"@type\":\"ReadAction\",\"target\":[\"https:\\\/\\\/interreg-sudoe.eu\\\/pt-pt\\\/noticia-proyecto\\\/o-projeto-revital-foi-apresentado-a-mais-de-30-profissionais-num-workshop-sobre-exoesqueletos-e-neurorreabilitacao-em-zamora\\\/\"]}]},{\"@type\":\"ImageObject\",\"inLanguage\":\"pt-PT\",\"@id\":\"https:\\\/\\\/interreg-sudoe.eu\\\/pt-pt\\\/noticia-proyecto\\\/o-projeto-revital-foi-apresentado-a-mais-de-30-profissionais-num-workshop-sobre-exoesqueletos-e-neurorreabilitacao-em-zamora\\\/#primaryimage\",\"url\":\"https:\\\/\\\/interreg-sudoe.eu\\\/wp-content\\\/uploads\\\/2026\\\/04\\\/EL-PROYECTO-REVITAL-SE-EXPONE.jpg\",\"contentUrl\":\"https:\\\/\\\/interreg-sudoe.eu\\\/wp-content\\\/uploads\\\/2026\\\/04\\\/EL-PROYECTO-REVITAL-SE-EXPONE.jpg\",\"width\":1127,\"height\":708,\"caption\":\"El proyecto REVITAL se expone ante m\u00e1s de 30 profesionales en un taller sobre Exoesqueletos y Neurorrehabilitaci\u00f3n en Zamora\"},{\"@type\":\"BreadcrumbList\",\"@id\":\"https:\\\/\\\/interreg-sudoe.eu\\\/pt-pt\\\/noticia-proyecto\\\/o-projeto-revital-foi-apresentado-a-mais-de-30-profissionais-num-workshop-sobre-exoesqueletos-e-neurorreabilitacao-em-zamora\\\/#breadcrumb\",\"itemListElement\":[{\"@type\":\"ListItem\",\"position\":1,\"name\":\"Home\",\"item\":\"https:\\\/\\\/interreg-sudoe.eu\\\/pt-pt\\\/\"},{\"@type\":\"ListItem\",\"position\":2,\"name\":\"O projeto REVITAL foi apresentado a mais de 30 profissionais num workshop sobre Exoesqueletos e Neurorreabilita\u00e7\u00e3o em Zamora.\"}]},{\"@type\":\"WebSite\",\"@id\":\"https:\\\/\\\/interreg-sudoe.eu\\\/pt-pt\\\/#website\",\"url\":\"https:\\\/\\\/interreg-sudoe.eu\\\/pt-pt\\\/\",\"name\":\"Interreg Sudoe\",\"description\":\"Interreg Sudoe\",\"publisher\":{\"@id\":\"https:\\\/\\\/interreg-sudoe.eu\\\/pt-pt\\\/#organization\"},\"alternateName\":\"Interreg Sudoe\",\"potentialAction\":[{\"@type\":\"SearchAction\",\"target\":{\"@type\":\"EntryPoint\",\"urlTemplate\":\"https:\\\/\\\/interreg-sudoe.eu\\\/pt-pt\\\/?s={search_term_string}\"},\"query-input\":{\"@type\":\"PropertyValueSpecification\",\"valueRequired\":true,\"valueName\":\"search_term_string\"}}],\"inLanguage\":\"pt-PT\"},{\"@type\":\"Organization\",\"@id\":\"https:\\\/\\\/interreg-sudoe.eu\\\/pt-pt\\\/#organization\",\"name\":\"Interreg Sudoe\",\"alternateName\":\"Interreg Sudoe\",\"url\":\"https:\\\/\\\/interreg-sudoe.eu\\\/pt-pt\\\/\",\"logo\":{\"@type\":\"ImageObject\",\"inLanguage\":\"pt-PT\",\"@id\":\"https:\\\/\\\/interreg-sudoe.eu\\\/pt-pt\\\/#\\\/schema\\\/logo\\\/image\\\/\",\"url\":\"https:\\\/\\\/interreg-sudoe.eu\\\/wp-content\\\/uploads\\\/2024\\\/03\\\/logo-interreg.png\",\"contentUrl\":\"https:\\\/\\\/interreg-sudoe.eu\\\/wp-content\\\/uploads\\\/2024\\\/03\\\/logo-interreg.png\",\"width\":1200,\"height\":675,\"caption\":\"Interreg Sudoe\"},\"image\":{\"@id\":\"https:\\\/\\\/interreg-sudoe.eu\\\/pt-pt\\\/#\\\/schema\\\/logo\\\/image\\\/\"},\"sameAs\":[\"https:\\\/\\\/www.facebook.com\\\/interregsudoe\",\"https:\\\/\\\/x.com\\\/Sudoe5\",\"https:\\\/\\\/www.youtube.com\\\/channel\\\/UCeGx2edoB32beRc9dbKA2vw\",\"https:\\\/\\\/www.linkedin.com\\\/company\\\/interreg-sudoe-programme\\\/\",\"https:\\\/\\\/www.flickr.com\\\/photos\\\/148704685@N06\\\/\"]}]}<\/script>\n<!-- \/ Yoast SEO plugin. -->","yoast_head_json":{"title":"O projeto REVITAL foi apresentado a mais de 30 profissionais num workshop sobre Exoesqueletos e Neurorreabilita\u00e7\u00e3o em Zamora. - Interreg Sudoe","robots":{"index":"index","follow":"follow","max-snippet":"max-snippet:-1","max-image-preview":"max-image-preview:large","max-video-preview":"max-video-preview:-1"},"canonical":"https:\/\/interreg-sudoe.eu\/pt-pt\/noticia-proyecto\/o-projeto-revital-foi-apresentado-a-mais-de-30-profissionais-num-workshop-sobre-exoesqueletos-e-neurorreabilitacao-em-zamora\/","og_locale":"pt_PT","og_type":"article","og_title":"O projeto REVITAL foi apresentado a mais de 30 profissionais num workshop sobre Exoesqueletos e Neurorreabilita\u00e7\u00e3o em Zamora. - Interreg Sudoe","og_description":"O projeto REVITAL foi apresentado a mais de 30 profissionais do setor social e de sa\u00fade no workshop &#8220;Exoesqueletos e Neuroreabilita\u00e7\u00e3o&#8221;, realizado na ter\u00e7a-feira, 14 de abril, no Polo de Inova\u00e7\u00e3o Tecnol\u00f3gica La Aldehuela, em Zamora. A apresenta\u00e7\u00e3o gerou grande interesse devido \u00e0 sua abordagem inovadora aplicada a zonas rurais. A sess\u00e3o foi conduzida por [&hellip;]","og_url":"https:\/\/interreg-sudoe.eu\/pt-pt\/noticia-proyecto\/o-projeto-revital-foi-apresentado-a-mais-de-30-profissionais-num-workshop-sobre-exoesqueletos-e-neurorreabilitacao-em-zamora\/","og_site_name":"Interreg Sudoe","article_publisher":"https:\/\/www.facebook.com\/interregsudoe","article_modified_time":"2026-04-22T14:32:02+00:00","og_image":[{"width":1127,"height":708,"url":"https:\/\/interreg-sudoe.eu\/wp-content\/uploads\/2026\/04\/EL-PROYECTO-REVITAL-SE-EXPONE.jpg","type":"image\/jpeg"}],"twitter_card":"summary_large_image","twitter_site":"@Sudoe5","twitter_misc":{"Tempo estimado de leitura":"2 minutos"},"schema":{"@context":"https:\/\/schema.org","@graph":[{"@type":"WebPage","@id":"https:\/\/interreg-sudoe.eu\/pt-pt\/noticia-proyecto\/o-projeto-revital-foi-apresentado-a-mais-de-30-profissionais-num-workshop-sobre-exoesqueletos-e-neurorreabilitacao-em-zamora\/","url":"https:\/\/interreg-sudoe.eu\/pt-pt\/noticia-proyecto\/o-projeto-revital-foi-apresentado-a-mais-de-30-profissionais-num-workshop-sobre-exoesqueletos-e-neurorreabilitacao-em-zamora\/","name":"O projeto REVITAL foi apresentado a mais de 30 profissionais num workshop sobre Exoesqueletos e Neurorreabilita\u00e7\u00e3o em Zamora. - Interreg Sudoe","isPartOf":{"@id":"https:\/\/interreg-sudoe.eu\/pt-pt\/#website"},"primaryImageOfPage":{"@id":"https:\/\/interreg-sudoe.eu\/pt-pt\/noticia-proyecto\/o-projeto-revital-foi-apresentado-a-mais-de-30-profissionais-num-workshop-sobre-exoesqueletos-e-neurorreabilitacao-em-zamora\/#primaryimage"},"image":{"@id":"https:\/\/interreg-sudoe.eu\/pt-pt\/noticia-proyecto\/o-projeto-revital-foi-apresentado-a-mais-de-30-profissionais-num-workshop-sobre-exoesqueletos-e-neurorreabilitacao-em-zamora\/#primaryimage"},"thumbnailUrl":"https:\/\/interreg-sudoe.eu\/wp-content\/uploads\/2026\/04\/EL-PROYECTO-REVITAL-SE-EXPONE.jpg","datePublished":"2026-04-16T08:36:39+00:00","dateModified":"2026-04-22T14:32:02+00:00","breadcrumb":{"@id":"https:\/\/interreg-sudoe.eu\/pt-pt\/noticia-proyecto\/o-projeto-revital-foi-apresentado-a-mais-de-30-profissionais-num-workshop-sobre-exoesqueletos-e-neurorreabilitacao-em-zamora\/#breadcrumb"},"inLanguage":"pt-PT","potentialAction":[{"@type":"ReadAction","target":["https:\/\/interreg-sudoe.eu\/pt-pt\/noticia-proyecto\/o-projeto-revital-foi-apresentado-a-mais-de-30-profissionais-num-workshop-sobre-exoesqueletos-e-neurorreabilitacao-em-zamora\/"]}]},{"@type":"ImageObject","inLanguage":"pt-PT","@id":"https:\/\/interreg-sudoe.eu\/pt-pt\/noticia-proyecto\/o-projeto-revital-foi-apresentado-a-mais-de-30-profissionais-num-workshop-sobre-exoesqueletos-e-neurorreabilitacao-em-zamora\/#primaryimage","url":"https:\/\/interreg-sudoe.eu\/wp-content\/uploads\/2026\/04\/EL-PROYECTO-REVITAL-SE-EXPONE.jpg","contentUrl":"https:\/\/interreg-sudoe.eu\/wp-content\/uploads\/2026\/04\/EL-PROYECTO-REVITAL-SE-EXPONE.jpg","width":1127,"height":708,"caption":"El proyecto REVITAL se expone ante m\u00e1s de 30 profesionales en un taller sobre Exoesqueletos y Neurorrehabilitaci\u00f3n en Zamora"},{"@type":"BreadcrumbList","@id":"https:\/\/interreg-sudoe.eu\/pt-pt\/noticia-proyecto\/o-projeto-revital-foi-apresentado-a-mais-de-30-profissionais-num-workshop-sobre-exoesqueletos-e-neurorreabilitacao-em-zamora\/#breadcrumb","itemListElement":[{"@type":"ListItem","position":1,"name":"Home","item":"https:\/\/interreg-sudoe.eu\/pt-pt\/"},{"@type":"ListItem","position":2,"name":"O projeto REVITAL foi apresentado a mais de 30 profissionais num workshop sobre Exoesqueletos e Neurorreabilita\u00e7\u00e3o em Zamora."}]},{"@type":"WebSite","@id":"https:\/\/interreg-sudoe.eu\/pt-pt\/#website","url":"https:\/\/interreg-sudoe.eu\/pt-pt\/","name":"Interreg Sudoe","description":"Interreg Sudoe","publisher":{"@id":"https:\/\/interreg-sudoe.eu\/pt-pt\/#organization"},"alternateName":"Interreg Sudoe","potentialAction":[{"@type":"SearchAction","target":{"@type":"EntryPoint","urlTemplate":"https:\/\/interreg-sudoe.eu\/pt-pt\/?s={search_term_string}"},"query-input":{"@type":"PropertyValueSpecification","valueRequired":true,"valueName":"search_term_string"}}],"inLanguage":"pt-PT"},{"@type":"Organization","@id":"https:\/\/interreg-sudoe.eu\/pt-pt\/#organization","name":"Interreg Sudoe","alternateName":"Interreg Sudoe","url":"https:\/\/interreg-sudoe.eu\/pt-pt\/","logo":{"@type":"ImageObject","inLanguage":"pt-PT","@id":"https:\/\/interreg-sudoe.eu\/pt-pt\/#\/schema\/logo\/image\/","url":"https:\/\/interreg-sudoe.eu\/wp-content\/uploads\/2024\/03\/logo-interreg.png","contentUrl":"https:\/\/interreg-sudoe.eu\/wp-content\/uploads\/2024\/03\/logo-interreg.png","width":1200,"height":675,"caption":"Interreg Sudoe"},"image":{"@id":"https:\/\/interreg-sudoe.eu\/pt-pt\/#\/schema\/logo\/image\/"},"sameAs":["https:\/\/www.facebook.com\/interregsudoe","https:\/\/x.com\/Sudoe5","https:\/\/www.youtube.com\/channel\/UCeGx2edoB32beRc9dbKA2vw","https:\/\/www.linkedin.com\/company\/interreg-sudoe-programme\/","https:\/\/www.flickr.com\/photos\/148704685@N06\/"]}]}},"_links":{"self":[{"href":"https:\/\/interreg-sudoe.eu\/pt-pt\/wp-json\/wp\/v2\/noticia-proyecto\/64232","targetHints":{"allow":["GET"]}}],"collection":[{"href":"https:\/\/interreg-sudoe.eu\/pt-pt\/wp-json\/wp\/v2\/noticia-proyecto"}],"about":[{"href":"https:\/\/interreg-sudoe.eu\/pt-pt\/wp-json\/wp\/v2\/types\/noticia-proyecto"}],"author":[{"embeddable":true,"href":"https:\/\/interreg-sudoe.eu\/pt-pt\/wp-json\/wp\/v2\/users\/6552"}],"wp:featuredmedia":[{"embeddable":true,"href":"https:\/\/interreg-sudoe.eu\/pt-pt\/wp-json\/wp\/v2\/media\/63931"}],"wp:attachment":[{"href":"https:\/\/interreg-sudoe.eu\/pt-pt\/wp-json\/wp\/v2\/media?parent=64232"}],"curies":[{"name":"wp","href":"https:\/\/api.w.org\/{rel}","templated":true}]}}