{"id":64238,"date":"2026-04-17T09:50:49","date_gmt":"2026-04-17T07:50:49","guid":{"rendered":"https:\/\/interreg-sudoe.eu\/?post_type=noticia-proyecto&#038;p=64238"},"modified":"2026-04-22T16:54:47","modified_gmt":"2026-04-22T14:54:47","slug":"o-ipcb-leva-o-revital-para-o-4o-congresso-age-com-sobre-os-desafios-do-envelhecimento","status":"publish","type":"noticia-proyecto","link":"https:\/\/interreg-sudoe.eu\/pt-pt\/noticia-proyecto\/o-ipcb-leva-o-revital-para-o-4o-congresso-age-com-sobre-os-desafios-do-envelhecimento\/","title":{"rendered":"O IPCB leva o REVITAL para o 4\u00ba Congresso AGE.COM sobre os Desafios do Envelhecimento."},"content":{"rendered":"<p><span data-sheets-root=\"1\">O projeto REVITAL esteve presente no 4\u00ba Congresso AGE.COM, consolidando a sua posi\u00e7\u00e3o como uma das iniciativas mais relevantes no combate ao envelhecimento em zonas rurais. A participa\u00e7\u00e3o foi poss\u00edvel gra\u00e7as \u00e0 Escola Superior de Sa\u00fade Dr. Lopes Dias (ESALD), do Instituto Polit\u00e9cnico de Castelo Branco, que promoveu o projeto ao inclu\u00ed-lo na sess\u00e3o de p\u00f4steres do congresso.<\/p>\n<p>O p\u00f4ster apresentado resume o trabalho desenvolvido no \u00e2mbito do REVITAL, que visa enfrentar os desafios do envelhecimento e do despovoamento em zonas rurais da regi\u00e3o SUDOE, como a Beira Baixa (Portugal), Castela e Le\u00e3o (Espanha) e o Pa\u00eds Basco franc\u00eas. Estas regi\u00f5es caracterizam-se por um acentuado envelhecimento demogr\u00e1fico e pela limitada disponibilidade de servi\u00e7os sociais e de sa\u00fade, situa\u00e7\u00e3o agravada durante a pandemia da COVID-19, especialmente para os idosos e pessoas dependentes.<\/p>\n<p>Neste contexto, o REVITAL prop\u00f5e uma solu\u00e7\u00e3o inovadora baseada na implementa\u00e7\u00e3o de servi\u00e7os de teleassist\u00eancia e telereabilita\u00e7\u00e3o, combinando inova\u00e7\u00e3o tecnol\u00f3gica com coes\u00e3o social.<\/span><\/p>\n<h2 class=\"wp-block-heading\"><span data-sheets-root=\"1\">Conte\u00fado do p\u00f4ster apresentado no 4\u00ba Congresso AGE.COM<br \/>\n<\/span><\/h2>\n<div class=\"wp-block-image\">\n<figure class=\"alignright size-large is-resized\"><img fetchpriority=\"high\" decoding=\"async\" class=\"wp-image-10203\" src=\"https:\/\/clustersivi.org\/wp-content\/uploads\/2026\/04\/Portada-4o-Congresso-AGE.COM_-829x1024.jpg\" sizes=\"(max-width: 829px) 100vw, 829px\" srcset=\"https:\/\/clustersivi.org\/wp-content\/uploads\/2026\/04\/Portada-4o-Congresso-AGE.COM_-829x1024.jpg 829w, https:\/\/clustersivi.org\/wp-content\/uploads\/2026\/04\/Portada-4o-Congresso-AGE.COM_-243x300.jpg 243w, https:\/\/clustersivi.org\/wp-content\/uploads\/2026\/04\/Portada-4o-Congresso-AGE.COM_-768x949.jpg 768w, https:\/\/clustersivi.org\/wp-content\/uploads\/2026\/04\/Portada-4o-Congresso-AGE.COM_-1244x1536.jpg 1244w, https:\/\/clustersivi.org\/wp-content\/uploads\/2026\/04\/Portada-4o-Congresso-AGE.COM_.jpg 1658w\" alt=\"\" width=\"545\" height=\"673\" \/><\/figure>\n<\/div>\n<p><span data-sheets-root=\"1\">O principal objetivo do projeto \u00e9 fornecer cuidados de fisioterapia e reabilita\u00e7\u00e3o neurol\u00f3gica a adultos com doen\u00e7as neurol\u00f3gicas cr\u00f4nicas que residem em \u00e1reas rurais pouco povoadas. Para isso, um modelo h\u00edbrido que combina atendimento presencial com telerreabilita\u00e7\u00e3o est\u00e1 sendo utilizado em Portugal, avaliando sua viabilidade como estrat\u00e9gia para o desenvolvimento socioecon\u00f4mico e a reten\u00e7\u00e3o populacional.<\/p>\n<p>A metodologia do estudo baseou-se em um piloto explorat\u00f3rio com abordagem mista (quantitativa e qualitativa), conduzido na cl\u00ednica de ensino da ESALD (IPCB) e nos domic\u00edlios dos participantes na regi\u00e3o da Beira Baixa. A amostra inclui 25 adultos maiores de 18 anos, independentes e com diagn\u00f3stico de doen\u00e7as neurol\u00f3gicas cr\u00f4nicas. Os instrumentos de avalia\u00e7\u00e3o utilizados incluem o Mini Exame do Estado Mental (MEEM), o question\u00e1rio de sa\u00fade SF-36v2, o Question\u00e1rio de Avalia\u00e7\u00e3o de Sa\u00fade (vers\u00e3o curta), a escala USE (utilidade, satisfa\u00e7\u00e3o e facilidade de uso) e um question\u00e1rio sociodemogr\u00e1fico.<\/p>\n<p>Entre os resultados esperados, o projeto visa demonstrar a efic\u00e1cia da telerreabilita\u00e7\u00e3o na melhoria da funcionalidade e da qualidade de vida dos participantes, bem como identificar barreiras e fatores facilitadores na ado\u00e7\u00e3o de tecnologias em sa\u00fade rural. Em \u00faltima an\u00e1lise, o projeto busca demonstrar que a integra\u00e7\u00e3o de solu\u00e7\u00f5es tecnol\u00f3gicas aos servi\u00e7os de reabilita\u00e7\u00e3o pode melhorar o acesso \u00e0 sa\u00fade, gerar empregos qualificados e contribuir para a revitaliza\u00e7\u00e3o socioecon\u00f4mica de \u00e1reas de baixa densidade populacional.<\/p>\n<p>Consulte as informa\u00e7\u00f5es do p\u00f4ster do Projeto REVITAL em <a href=\"https:\/\/eu-central-1.linodeobjects.com\/evt4-media\/documents\/4Age.comm_Livro_de_resumos_3Fev.pdf\" target=\"_blank\" rel=\"noopener\">https:\/\/eu-central-1.linodeobjects.com\/evt4-media\/documents\/4Age.comm_Livro_de_resumos_3Fev.pdf<\/a> (p\u00e1ginas 16 e 17 \/ 17 e 18 do PDF)<\/span><\/p>\n<h2 class=\"wp-block-heading\"><span data-sheets-root=\"1\">O IPCB foi respons\u00e1vel pela implementa\u00e7\u00e3o do projeto piloto REVITAL em Portugal.<br \/>\n<\/span><\/h2>\n<p><span data-sheets-root=\"1\">Nesse sentido, o Instituto Polit\u00e9cnico de Castelo Branco (IPCB) foi respons\u00e1vel pela implementa\u00e7\u00e3o do projeto piloto REVITAL em Portugal, alcan\u00e7ando resultados significativos: um total de 20 pessoas atendidas, 209 sess\u00f5es individuais realizadas e uma m\u00e9dia de idade dos participantes de 69 anos.<\/p>\n<p>A confer\u00eancia onde este trabalho foi apresentado, organizada pela Unidade de Investiga\u00e7\u00e3o Interdisciplinar \u2013 Comunidades de Envelhecimento Funcional (Age.Comm) do IPCB, teve como objetivo aprofundar o debate sobre os desafios do envelhecimento na sociedade contempor\u00e2nea. Sob o tema \u201cDesafios do Envelhecimento: Criatividade, Conectividade e Inclus\u00e3o\u201d, o evento abordou o envelhecimento n\u00e3o como um problema, mas como uma oportunidade para o desenvolvimento de comunidades sustent\u00e1veis \u200b\u200be inovadoras.<\/p>\n<p>Durante tr\u00eas dias, de 13 a 15 de novembro de 2025, este encontro internacional e interdisciplinar reuniu pesquisadores, profissionais e formuladores de pol\u00edticas para analisar as m\u00faltiplas dimens\u00f5es do envelhecimento e refletir sobre novas estrat\u00e9gias para lidar com as atuais transforma\u00e7\u00f5es demogr\u00e1ficas e sociais.<\/span><\/p>\n<h2 class=\"wp-block-heading\"><span data-sheets-root=\"1\">Cons\u00f3rcio do Projeto REVITAL<br \/>\n<\/span><\/h2>\n<p>O\u00a0<a href=\"https:\/\/clustersivi.org\/\" target=\"_blank\" rel=\"noreferrer noopener\">Cl\u00faster Soluciones Innovadoras para la Vida Independiente (SIVI)<\/a>\u00a0coordena este projeto, financiado pelo Interreg-Sudoe, que conta com a participa\u00e7\u00e3o da\u00a0<a href=\"https:\/\/www.jcyl.es\/web\/jcyl\/Portada\/es\/Plantilla100DirectorioPortada\/1248366924958\/0\/1284448289528\/DirectorioPadre\" target=\"_blank\" rel=\"noreferrer noopener\">Gerencia de Servicios Sociales de Castilla y Le\u00f3n<\/a>,\u00a0<a href=\"https:\/\/www.fundacionsancebrian.com\/portal\/\" target=\"_blank\" rel=\"noreferrer noopener\">Fundaci\u00f3n San Cebri\u00e1n<\/a>,\u00a0<a href=\"https:\/\/www.gogoa.eu\/\" target=\"_blank\" rel=\"noreferrer noopener\">GOGOA Mobility Robots<\/a>,\u00a0<a href=\"https:\/\/www.estia.fr\/\" target=\"_blank\" rel=\"noreferrer noopener\">\u00c9cole Sup\u00e9rieure des Technologies Industrielles Avanc\u00e9es (ESTIA)<\/a>,\u00a0<a href=\"https:\/\/www.deusto.es\/es\/inicio\" target=\"_blank\" rel=\"noreferrer noopener\">Universidad de DEUSTO<\/a>,\u00a0<a href=\"https:\/\/www.eps-garazi.fr\/\" target=\"_blank\" rel=\"noreferrer noopener\">Etablissement Public de Sant\u00e9 de GARAZI<\/a>,\u00a0<a href=\"https:\/\/www.aebb.pt\/\" target=\"_blank\" rel=\"noreferrer noopener\">Associa\u00e7\u00e3o Empresarial da Beira Baixa (AEBB)<\/a>\u00a0e do\u00a0<a href=\"https:\/\/www.ipcb.pt\/\" target=\"_blank\" rel=\"noreferrer noopener\">Instituto Polit\u00e9cnico de Castelo Branco (IPCB)<\/a>\u00a0, que em conjunto formam o cons\u00f3rcio completo.<\/p>\n","protected":false},"excerpt":{"rendered":"<p>O projeto REVITAL esteve presente no 4\u00ba Congresso AGE.COM, consolidando a sua posi\u00e7\u00e3o como uma das iniciativas mais relevantes no combate ao envelhecimento em zonas rurais. A participa\u00e7\u00e3o foi poss\u00edvel gra\u00e7as \u00e0 Escola Superior de Sa\u00fade Dr. Lopes Dias (ESALD), do Instituto Polit\u00e9cnico de Castelo Branco, que promoveu o projeto ao inclu\u00ed-lo na sess\u00e3o de [&hellip;]<\/p>\n","protected":false},"author":6552,"featured_media":63987,"parent":0,"template":"","meta":{"_acf_changed":false,"content-type":"","_monsterinsights_skip_tracking":false,"_monsterinsights_sitenote_active":false,"_monsterinsights_sitenote_note":"","_monsterinsights_sitenote_category":0},"class_list":["post-64238","noticia-proyecto","type-noticia-proyecto","status-publish","has-post-thumbnail","hentry"],"acf":[],"yoast_head":"<!-- This site is optimized with the Yoast SEO plugin v27.4 - https:\/\/yoast.com\/product\/yoast-seo-wordpress\/ -->\n<title>O IPCB leva o REVITAL para o 4\u00ba Congresso AGE.COM sobre os Desafios do Envelhecimento. - Interreg Sudoe<\/title>\n<meta name=\"robots\" content=\"index, follow, max-snippet:-1, max-image-preview:large, max-video-preview:-1\" \/>\n<link rel=\"canonical\" href=\"https:\/\/interreg-sudoe.eu\/pt-pt\/noticia-proyecto\/o-ipcb-leva-o-revital-para-o-4o-congresso-age-com-sobre-os-desafios-do-envelhecimento\/\" \/>\n<meta property=\"og:locale\" content=\"pt_PT\" \/>\n<meta property=\"og:type\" content=\"article\" \/>\n<meta property=\"og:title\" content=\"O IPCB leva o REVITAL para o 4\u00ba Congresso AGE.COM sobre os Desafios do Envelhecimento. - Interreg Sudoe\" \/>\n<meta property=\"og:description\" content=\"O projeto REVITAL esteve presente no 4\u00ba Congresso AGE.COM, consolidando a sua posi\u00e7\u00e3o como uma das iniciativas mais relevantes no combate ao envelhecimento em zonas rurais. A participa\u00e7\u00e3o foi poss\u00edvel gra\u00e7as \u00e0 Escola Superior de Sa\u00fade Dr. Lopes Dias (ESALD), do Instituto Polit\u00e9cnico de Castelo Branco, que promoveu o projeto ao inclu\u00ed-lo na sess\u00e3o de [&hellip;]\" \/>\n<meta property=\"og:url\" content=\"https:\/\/interreg-sudoe.eu\/pt-pt\/noticia-proyecto\/o-ipcb-leva-o-revital-para-o-4o-congresso-age-com-sobre-os-desafios-do-envelhecimento\/\" \/>\n<meta property=\"og:site_name\" content=\"Interreg Sudoe\" \/>\n<meta property=\"article:publisher\" content=\"https:\/\/www.facebook.com\/interregsudoe\" \/>\n<meta property=\"article:modified_time\" content=\"2026-04-22T14:54:47+00:00\" \/>\n<meta property=\"og:image\" content=\"https:\/\/interreg-sudoe.eu\/wp-content\/uploads\/2026\/04\/4o-Congresso-AGE.COM_.jpg\" \/>\n\t<meta property=\"og:image:width\" content=\"1980\" \/>\n\t<meta property=\"og:image:height\" content=\"1485\" \/>\n\t<meta property=\"og:image:type\" content=\"image\/jpeg\" \/>\n<meta name=\"twitter:card\" content=\"summary_large_image\" \/>\n<meta name=\"twitter:site\" content=\"@Sudoe5\" \/>\n<meta name=\"twitter:label1\" content=\"Tempo estimado de leitura\" \/>\n\t<meta name=\"twitter:data1\" content=\"4 minutos\" \/>\n<script type=\"application\/ld+json\" class=\"yoast-schema-graph\">{\"@context\":\"https:\\\/\\\/schema.org\",\"@graph\":[{\"@type\":\"WebPage\",\"@id\":\"https:\\\/\\\/interreg-sudoe.eu\\\/pt-pt\\\/noticia-proyecto\\\/o-ipcb-leva-o-revital-para-o-4o-congresso-age-com-sobre-os-desafios-do-envelhecimento\\\/\",\"url\":\"https:\\\/\\\/interreg-sudoe.eu\\\/pt-pt\\\/noticia-proyecto\\\/o-ipcb-leva-o-revital-para-o-4o-congresso-age-com-sobre-os-desafios-do-envelhecimento\\\/\",\"name\":\"O IPCB leva o REVITAL para o 4\u00ba Congresso AGE.COM sobre os Desafios do Envelhecimento. - Interreg Sudoe\",\"isPartOf\":{\"@id\":\"https:\\\/\\\/interreg-sudoe.eu\\\/pt-pt\\\/#website\"},\"primaryImageOfPage\":{\"@id\":\"https:\\\/\\\/interreg-sudoe.eu\\\/pt-pt\\\/noticia-proyecto\\\/o-ipcb-leva-o-revital-para-o-4o-congresso-age-com-sobre-os-desafios-do-envelhecimento\\\/#primaryimage\"},\"image\":{\"@id\":\"https:\\\/\\\/interreg-sudoe.eu\\\/pt-pt\\\/noticia-proyecto\\\/o-ipcb-leva-o-revital-para-o-4o-congresso-age-com-sobre-os-desafios-do-envelhecimento\\\/#primaryimage\"},\"thumbnailUrl\":\"https:\\\/\\\/interreg-sudoe.eu\\\/wp-content\\\/uploads\\\/2026\\\/04\\\/4o-Congresso-AGE.COM_.jpg\",\"datePublished\":\"2026-04-17T07:50:49+00:00\",\"dateModified\":\"2026-04-22T14:54:47+00:00\",\"breadcrumb\":{\"@id\":\"https:\\\/\\\/interreg-sudoe.eu\\\/pt-pt\\\/noticia-proyecto\\\/o-ipcb-leva-o-revital-para-o-4o-congresso-age-com-sobre-os-desafios-do-envelhecimento\\\/#breadcrumb\"},\"inLanguage\":\"pt-PT\",\"potentialAction\":[{\"@type\":\"ReadAction\",\"target\":[\"https:\\\/\\\/interreg-sudoe.eu\\\/pt-pt\\\/noticia-proyecto\\\/o-ipcb-leva-o-revital-para-o-4o-congresso-age-com-sobre-os-desafios-do-envelhecimento\\\/\"]}]},{\"@type\":\"ImageObject\",\"inLanguage\":\"pt-PT\",\"@id\":\"https:\\\/\\\/interreg-sudoe.eu\\\/pt-pt\\\/noticia-proyecto\\\/o-ipcb-leva-o-revital-para-o-4o-congresso-age-com-sobre-os-desafios-do-envelhecimento\\\/#primaryimage\",\"url\":\"https:\\\/\\\/interreg-sudoe.eu\\\/wp-content\\\/uploads\\\/2026\\\/04\\\/4o-Congresso-AGE.COM_.jpg\",\"contentUrl\":\"https:\\\/\\\/interreg-sudoe.eu\\\/wp-content\\\/uploads\\\/2026\\\/04\\\/4o-Congresso-AGE.COM_.jpg\",\"width\":1980,\"height\":1485,\"caption\":\"IPCB lleva REVITAL al 4\u00ba Congresso AGE.COM sobre Desaf\u00edos del Envejecimiento\"},{\"@type\":\"BreadcrumbList\",\"@id\":\"https:\\\/\\\/interreg-sudoe.eu\\\/pt-pt\\\/noticia-proyecto\\\/o-ipcb-leva-o-revital-para-o-4o-congresso-age-com-sobre-os-desafios-do-envelhecimento\\\/#breadcrumb\",\"itemListElement\":[{\"@type\":\"ListItem\",\"position\":1,\"name\":\"Home\",\"item\":\"https:\\\/\\\/interreg-sudoe.eu\\\/pt-pt\\\/\"},{\"@type\":\"ListItem\",\"position\":2,\"name\":\"O IPCB leva o REVITAL para o 4\u00ba Congresso AGE.COM sobre os Desafios do Envelhecimento.\"}]},{\"@type\":\"WebSite\",\"@id\":\"https:\\\/\\\/interreg-sudoe.eu\\\/pt-pt\\\/#website\",\"url\":\"https:\\\/\\\/interreg-sudoe.eu\\\/pt-pt\\\/\",\"name\":\"Interreg Sudoe\",\"description\":\"Interreg Sudoe\",\"publisher\":{\"@id\":\"https:\\\/\\\/interreg-sudoe.eu\\\/pt-pt\\\/#organization\"},\"alternateName\":\"Interreg Sudoe\",\"potentialAction\":[{\"@type\":\"SearchAction\",\"target\":{\"@type\":\"EntryPoint\",\"urlTemplate\":\"https:\\\/\\\/interreg-sudoe.eu\\\/pt-pt\\\/?s={search_term_string}\"},\"query-input\":{\"@type\":\"PropertyValueSpecification\",\"valueRequired\":true,\"valueName\":\"search_term_string\"}}],\"inLanguage\":\"pt-PT\"},{\"@type\":\"Organization\",\"@id\":\"https:\\\/\\\/interreg-sudoe.eu\\\/pt-pt\\\/#organization\",\"name\":\"Interreg Sudoe\",\"alternateName\":\"Interreg Sudoe\",\"url\":\"https:\\\/\\\/interreg-sudoe.eu\\\/pt-pt\\\/\",\"logo\":{\"@type\":\"ImageObject\",\"inLanguage\":\"pt-PT\",\"@id\":\"https:\\\/\\\/interreg-sudoe.eu\\\/pt-pt\\\/#\\\/schema\\\/logo\\\/image\\\/\",\"url\":\"https:\\\/\\\/interreg-sudoe.eu\\\/wp-content\\\/uploads\\\/2024\\\/03\\\/logo-interreg.png\",\"contentUrl\":\"https:\\\/\\\/interreg-sudoe.eu\\\/wp-content\\\/uploads\\\/2024\\\/03\\\/logo-interreg.png\",\"width\":1200,\"height\":675,\"caption\":\"Interreg Sudoe\"},\"image\":{\"@id\":\"https:\\\/\\\/interreg-sudoe.eu\\\/pt-pt\\\/#\\\/schema\\\/logo\\\/image\\\/\"},\"sameAs\":[\"https:\\\/\\\/www.facebook.com\\\/interregsudoe\",\"https:\\\/\\\/x.com\\\/Sudoe5\",\"https:\\\/\\\/www.youtube.com\\\/channel\\\/UCeGx2edoB32beRc9dbKA2vw\",\"https:\\\/\\\/www.linkedin.com\\\/company\\\/interreg-sudoe-programme\\\/\",\"https:\\\/\\\/www.flickr.com\\\/photos\\\/148704685@N06\\\/\"]}]}<\/script>\n<!-- \/ Yoast SEO plugin. -->","yoast_head_json":{"title":"O IPCB leva o REVITAL para o 4\u00ba Congresso AGE.COM sobre os Desafios do Envelhecimento. - Interreg Sudoe","robots":{"index":"index","follow":"follow","max-snippet":"max-snippet:-1","max-image-preview":"max-image-preview:large","max-video-preview":"max-video-preview:-1"},"canonical":"https:\/\/interreg-sudoe.eu\/pt-pt\/noticia-proyecto\/o-ipcb-leva-o-revital-para-o-4o-congresso-age-com-sobre-os-desafios-do-envelhecimento\/","og_locale":"pt_PT","og_type":"article","og_title":"O IPCB leva o REVITAL para o 4\u00ba Congresso AGE.COM sobre os Desafios do Envelhecimento. - Interreg Sudoe","og_description":"O projeto REVITAL esteve presente no 4\u00ba Congresso AGE.COM, consolidando a sua posi\u00e7\u00e3o como uma das iniciativas mais relevantes no combate ao envelhecimento em zonas rurais. A participa\u00e7\u00e3o foi poss\u00edvel gra\u00e7as \u00e0 Escola Superior de Sa\u00fade Dr. Lopes Dias (ESALD), do Instituto Polit\u00e9cnico de Castelo Branco, que promoveu o projeto ao inclu\u00ed-lo na sess\u00e3o de [&hellip;]","og_url":"https:\/\/interreg-sudoe.eu\/pt-pt\/noticia-proyecto\/o-ipcb-leva-o-revital-para-o-4o-congresso-age-com-sobre-os-desafios-do-envelhecimento\/","og_site_name":"Interreg Sudoe","article_publisher":"https:\/\/www.facebook.com\/interregsudoe","article_modified_time":"2026-04-22T14:54:47+00:00","og_image":[{"width":1980,"height":1485,"url":"https:\/\/interreg-sudoe.eu\/wp-content\/uploads\/2026\/04\/4o-Congresso-AGE.COM_.jpg","type":"image\/jpeg"}],"twitter_card":"summary_large_image","twitter_site":"@Sudoe5","twitter_misc":{"Tempo estimado de leitura":"4 minutos"},"schema":{"@context":"https:\/\/schema.org","@graph":[{"@type":"WebPage","@id":"https:\/\/interreg-sudoe.eu\/pt-pt\/noticia-proyecto\/o-ipcb-leva-o-revital-para-o-4o-congresso-age-com-sobre-os-desafios-do-envelhecimento\/","url":"https:\/\/interreg-sudoe.eu\/pt-pt\/noticia-proyecto\/o-ipcb-leva-o-revital-para-o-4o-congresso-age-com-sobre-os-desafios-do-envelhecimento\/","name":"O IPCB leva o REVITAL para o 4\u00ba Congresso AGE.COM sobre os Desafios do Envelhecimento. - Interreg Sudoe","isPartOf":{"@id":"https:\/\/interreg-sudoe.eu\/pt-pt\/#website"},"primaryImageOfPage":{"@id":"https:\/\/interreg-sudoe.eu\/pt-pt\/noticia-proyecto\/o-ipcb-leva-o-revital-para-o-4o-congresso-age-com-sobre-os-desafios-do-envelhecimento\/#primaryimage"},"image":{"@id":"https:\/\/interreg-sudoe.eu\/pt-pt\/noticia-proyecto\/o-ipcb-leva-o-revital-para-o-4o-congresso-age-com-sobre-os-desafios-do-envelhecimento\/#primaryimage"},"thumbnailUrl":"https:\/\/interreg-sudoe.eu\/wp-content\/uploads\/2026\/04\/4o-Congresso-AGE.COM_.jpg","datePublished":"2026-04-17T07:50:49+00:00","dateModified":"2026-04-22T14:54:47+00:00","breadcrumb":{"@id":"https:\/\/interreg-sudoe.eu\/pt-pt\/noticia-proyecto\/o-ipcb-leva-o-revital-para-o-4o-congresso-age-com-sobre-os-desafios-do-envelhecimento\/#breadcrumb"},"inLanguage":"pt-PT","potentialAction":[{"@type":"ReadAction","target":["https:\/\/interreg-sudoe.eu\/pt-pt\/noticia-proyecto\/o-ipcb-leva-o-revital-para-o-4o-congresso-age-com-sobre-os-desafios-do-envelhecimento\/"]}]},{"@type":"ImageObject","inLanguage":"pt-PT","@id":"https:\/\/interreg-sudoe.eu\/pt-pt\/noticia-proyecto\/o-ipcb-leva-o-revital-para-o-4o-congresso-age-com-sobre-os-desafios-do-envelhecimento\/#primaryimage","url":"https:\/\/interreg-sudoe.eu\/wp-content\/uploads\/2026\/04\/4o-Congresso-AGE.COM_.jpg","contentUrl":"https:\/\/interreg-sudoe.eu\/wp-content\/uploads\/2026\/04\/4o-Congresso-AGE.COM_.jpg","width":1980,"height":1485,"caption":"IPCB lleva REVITAL al 4\u00ba Congresso AGE.COM sobre Desaf\u00edos del Envejecimiento"},{"@type":"BreadcrumbList","@id":"https:\/\/interreg-sudoe.eu\/pt-pt\/noticia-proyecto\/o-ipcb-leva-o-revital-para-o-4o-congresso-age-com-sobre-os-desafios-do-envelhecimento\/#breadcrumb","itemListElement":[{"@type":"ListItem","position":1,"name":"Home","item":"https:\/\/interreg-sudoe.eu\/pt-pt\/"},{"@type":"ListItem","position":2,"name":"O IPCB leva o REVITAL para o 4\u00ba Congresso AGE.COM sobre os Desafios do Envelhecimento."}]},{"@type":"WebSite","@id":"https:\/\/interreg-sudoe.eu\/pt-pt\/#website","url":"https:\/\/interreg-sudoe.eu\/pt-pt\/","name":"Interreg Sudoe","description":"Interreg Sudoe","publisher":{"@id":"https:\/\/interreg-sudoe.eu\/pt-pt\/#organization"},"alternateName":"Interreg Sudoe","potentialAction":[{"@type":"SearchAction","target":{"@type":"EntryPoint","urlTemplate":"https:\/\/interreg-sudoe.eu\/pt-pt\/?s={search_term_string}"},"query-input":{"@type":"PropertyValueSpecification","valueRequired":true,"valueName":"search_term_string"}}],"inLanguage":"pt-PT"},{"@type":"Organization","@id":"https:\/\/interreg-sudoe.eu\/pt-pt\/#organization","name":"Interreg Sudoe","alternateName":"Interreg Sudoe","url":"https:\/\/interreg-sudoe.eu\/pt-pt\/","logo":{"@type":"ImageObject","inLanguage":"pt-PT","@id":"https:\/\/interreg-sudoe.eu\/pt-pt\/#\/schema\/logo\/image\/","url":"https:\/\/interreg-sudoe.eu\/wp-content\/uploads\/2024\/03\/logo-interreg.png","contentUrl":"https:\/\/interreg-sudoe.eu\/wp-content\/uploads\/2024\/03\/logo-interreg.png","width":1200,"height":675,"caption":"Interreg Sudoe"},"image":{"@id":"https:\/\/interreg-sudoe.eu\/pt-pt\/#\/schema\/logo\/image\/"},"sameAs":["https:\/\/www.facebook.com\/interregsudoe","https:\/\/x.com\/Sudoe5","https:\/\/www.youtube.com\/channel\/UCeGx2edoB32beRc9dbKA2vw","https:\/\/www.linkedin.com\/company\/interreg-sudoe-programme\/","https:\/\/www.flickr.com\/photos\/148704685@N06\/"]}]}},"_links":{"self":[{"href":"https:\/\/interreg-sudoe.eu\/pt-pt\/wp-json\/wp\/v2\/noticia-proyecto\/64238","targetHints":{"allow":["GET"]}}],"collection":[{"href":"https:\/\/interreg-sudoe.eu\/pt-pt\/wp-json\/wp\/v2\/noticia-proyecto"}],"about":[{"href":"https:\/\/interreg-sudoe.eu\/pt-pt\/wp-json\/wp\/v2\/types\/noticia-proyecto"}],"author":[{"embeddable":true,"href":"https:\/\/interreg-sudoe.eu\/pt-pt\/wp-json\/wp\/v2\/users\/6552"}],"wp:featuredmedia":[{"embeddable":true,"href":"https:\/\/interreg-sudoe.eu\/pt-pt\/wp-json\/wp\/v2\/media\/63987"}],"wp:attachment":[{"href":"https:\/\/interreg-sudoe.eu\/pt-pt\/wp-json\/wp\/v2\/media?parent=64238"}],"curies":[{"name":"wp","href":"https:\/\/api.w.org\/{rel}","templated":true}]}}