{"id":64286,"date":"2026-04-23T12:36:48","date_gmt":"2026-04-23T10:36:48","guid":{"rendered":"https:\/\/interreg-sudoe.eu\/?post_type=noticia-proyecto&#038;p=64286"},"modified":"2026-04-24T11:34:53","modified_gmt":"2026-04-24T09:34:53","slug":"a-albufera-e-as-barragens-do-guadalquivir-apresentam-sinais-graves-de-eutrofizacao-e-proliferacao-de-algas-toxicas","status":"publish","type":"noticia-proyecto","link":"https:\/\/interreg-sudoe.eu\/pt-pt\/noticia-proyecto\/a-albufera-e-as-barragens-do-guadalquivir-apresentam-sinais-graves-de-eutrofizacao-e-proliferacao-de-algas-toxicas\/","title":{"rendered":"A Albufera e as barragens do Guadalquivir apresentam sinais graves de eutrofiza\u00e7\u00e3o e prolifera\u00e7\u00e3o de algas t\u00f3xicas"},"content":{"rendered":"<p>A Espanha enfrenta um cen\u00e1rio de crescente preocupa\u00e7\u00e3o ambiental na sequ\u00eancia dos resultados obtidos em duas \u00e1reas-chave: <strong>L\u2019Albufera de Val\u00eancia e v\u00e1rios reservat\u00f3rios da bacia do Guadalquivir. Ambos os sistemas est\u00e3o a registar um aumento cont\u00ednuo de cianobact\u00e9rias, perda de qualidade da \u00e1gua e epis\u00f3dios que j\u00e1 afetam a popula\u00e7\u00e3o.<\/strong><\/p>\n<p>Em<strong> L\u2019Albufera<\/strong>, uma das zonas h\u00famidas mais emblem\u00e1ticas do Mediterr\u00e2neo, <strong>os n\u00edveis de clorofila-a voltaram a atingir valores muito elevados, chegando a duplicar os valores registados h\u00e1 apenas alguns anos.<\/strong> As causas apontam para a acumula\u00e7\u00e3o hist\u00f3rica de nutrientes nos sedimentos, para o aumento da temperatura da \u00e1gua \u2014 que j\u00e1 ultrapassa os 32 graus no ver\u00e3o \u2014 e para a estagna\u00e7\u00e3o associada a secas prolongadas. As cianobact\u00e9rias Microcystis aeruginosa e Cylindrospermopsis raciborskii dominam o fitopl\u00e2ncton, com presen\u00e7a de microcistinas durante todo o ano e concentra\u00e7\u00f5es que, por vezes, excedem os padr\u00f5es internacionais.<\/p>\n<p>A situa\u00e7\u00e3o \u00e9 igualmente preocupante em v\u00e1rios <strong>reservat\u00f3rios do Guadalquivir<\/strong>. Sierra Boyera, Puente Nuevo, Cala, Melonares e Huesna <strong>figuram entre os mais afetados por estados tr\u00f3ficos elevados e prolifera\u00e7\u00f5es recorrentes<\/strong>. O caso de Sierra Boyera tornou-se um problema social em 2023, quando a seca deixou o reservat\u00f3rio quase seco e obrigou a interromper o abastecimento de \u00e1gua pot\u00e1vel a mais de 80 000 pessoas, ap\u00f3s ter sido detetada contamina\u00e7\u00e3o na \u00e1gua proveniente de uma transfer\u00eancia de emerg\u00eancia.<\/p>\n<p>As investiga\u00e7\u00f5es confirmam que a combina\u00e7\u00e3o de temperaturas mais elevadas, redu\u00e7\u00e3o do caudal, aporte de nutrientes provenientes da agricultura e longos per\u00edodos de reten\u00e7\u00e3o da \u00e1gua cria um cen\u00e1rio ideal para a prolifera\u00e7\u00e3o de algas. <strong>Estas tend\u00eancias est\u00e3o em conson\u00e2ncia com as previs\u00f5es cient\u00edficas que indicam que os lagos e albufeiras mediterr\u00e2nicos ser\u00e3o especialmente vulner\u00e1veis \u00e0s altera\u00e7\u00f5es clim\u00e1ticas nas pr\u00f3ximas d\u00e9cadas.<\/strong><\/p>\n<p>O desafio para a Espanha \u00e9 duplo: proteger a sa\u00fade p\u00fablica e preservar ecossistemas vitais que j\u00e1 se encontram no limite da sua resili\u00eancia.<\/p>\n","protected":false},"excerpt":{"rendered":"<p>A Espanha enfrenta um cen\u00e1rio de crescente preocupa\u00e7\u00e3o ambiental na sequ\u00eancia dos resultados obtidos em duas \u00e1reas-chave: L\u2019Albufera de Val\u00eancia e v\u00e1rios reservat\u00f3rios da bacia do Guadalquivir. Ambos os sistemas est\u00e3o a registar um aumento cont\u00ednuo de cianobact\u00e9rias, perda de qualidade da \u00e1gua e epis\u00f3dios que j\u00e1 afetam a popula\u00e7\u00e3o. Em L\u2019Albufera, uma das zonas [&hellip;]<\/p>\n","protected":false},"author":6548,"featured_media":64370,"parent":0,"template":"","meta":{"_acf_changed":false,"content-type":"","_monsterinsights_skip_tracking":false,"_monsterinsights_sitenote_active":false,"_monsterinsights_sitenote_note":"","_monsterinsights_sitenote_category":0},"class_list":["post-64286","noticia-proyecto","type-noticia-proyecto","status-publish","has-post-thumbnail","hentry"],"acf":[],"yoast_head":"<!-- This site is optimized with the Yoast SEO plugin v27.2 - https:\/\/yoast.com\/product\/yoast-seo-wordpress\/ -->\n<title>A Albufera e as barragens do Guadalquivir apresentam sinais graves de eutrofiza\u00e7\u00e3o e prolifera\u00e7\u00e3o de algas t\u00f3xicas - Interreg Sudoe<\/title>\n<meta name=\"robots\" content=\"index, follow, max-snippet:-1, max-image-preview:large, max-video-preview:-1\" \/>\n<link rel=\"canonical\" href=\"https:\/\/interreg-sudoe.eu\/pt-pt\/noticia-proyecto\/a-albufera-e-as-barragens-do-guadalquivir-apresentam-sinais-graves-de-eutrofizacao-e-proliferacao-de-algas-toxicas\/\" \/>\n<meta property=\"og:locale\" content=\"pt_PT\" \/>\n<meta property=\"og:type\" content=\"article\" \/>\n<meta property=\"og:title\" content=\"A Albufera e as barragens do Guadalquivir apresentam sinais graves de eutrofiza\u00e7\u00e3o e prolifera\u00e7\u00e3o de algas t\u00f3xicas - Interreg Sudoe\" \/>\n<meta property=\"og:description\" content=\"A Espanha enfrenta um cen\u00e1rio de crescente preocupa\u00e7\u00e3o ambiental na sequ\u00eancia dos resultados obtidos em duas \u00e1reas-chave: L\u2019Albufera de Val\u00eancia e v\u00e1rios reservat\u00f3rios da bacia do Guadalquivir. Ambos os sistemas est\u00e3o a registar um aumento cont\u00ednuo de cianobact\u00e9rias, perda de qualidade da \u00e1gua e epis\u00f3dios que j\u00e1 afetam a popula\u00e7\u00e3o. Em L\u2019Albufera, uma das zonas [&hellip;]\" \/>\n<meta property=\"og:url\" content=\"https:\/\/interreg-sudoe.eu\/pt-pt\/noticia-proyecto\/a-albufera-e-as-barragens-do-guadalquivir-apresentam-sinais-graves-de-eutrofizacao-e-proliferacao-de-algas-toxicas\/\" \/>\n<meta property=\"og:site_name\" content=\"Interreg Sudoe\" \/>\n<meta property=\"article:publisher\" content=\"https:\/\/www.facebook.com\/interregsudoe\" \/>\n<meta property=\"article:modified_time\" content=\"2026-04-24T09:34:53+00:00\" \/>\n<meta property=\"og:image\" content=\"https:\/\/interreg-sudoe.eu\/wp-content\/uploads\/2026\/04\/LAlbufera-foto-noticia-1.jpg\" \/>\n\t<meta property=\"og:image:width\" content=\"1280\" \/>\n\t<meta property=\"og:image:height\" content=\"720\" \/>\n\t<meta property=\"og:image:type\" content=\"image\/jpeg\" \/>\n<meta name=\"twitter:card\" content=\"summary_large_image\" \/>\n<meta name=\"twitter:site\" content=\"@Sudoe5\" \/>\n<meta name=\"twitter:label1\" content=\"Tempo estimado de leitura\" \/>\n\t<meta name=\"twitter:data1\" content=\"2 minutos\" \/>\n<script type=\"application\/ld+json\" class=\"yoast-schema-graph\">{\"@context\":\"https:\/\/schema.org\",\"@graph\":[{\"@type\":\"WebPage\",\"@id\":\"https:\/\/interreg-sudoe.eu\/pt-pt\/noticia-proyecto\/a-albufera-e-as-barragens-do-guadalquivir-apresentam-sinais-graves-de-eutrofizacao-e-proliferacao-de-algas-toxicas\/\",\"url\":\"https:\/\/interreg-sudoe.eu\/pt-pt\/noticia-proyecto\/a-albufera-e-as-barragens-do-guadalquivir-apresentam-sinais-graves-de-eutrofizacao-e-proliferacao-de-algas-toxicas\/\",\"name\":\"A Albufera e as barragens do Guadalquivir apresentam sinais graves de eutrofiza\u00e7\u00e3o e prolifera\u00e7\u00e3o de algas t\u00f3xicas - Interreg Sudoe\",\"isPartOf\":{\"@id\":\"https:\/\/interreg-sudoe.eu\/pt-pt\/#website\"},\"primaryImageOfPage\":{\"@id\":\"https:\/\/interreg-sudoe.eu\/pt-pt\/noticia-proyecto\/a-albufera-e-as-barragens-do-guadalquivir-apresentam-sinais-graves-de-eutrofizacao-e-proliferacao-de-algas-toxicas\/#primaryimage\"},\"image\":{\"@id\":\"https:\/\/interreg-sudoe.eu\/pt-pt\/noticia-proyecto\/a-albufera-e-as-barragens-do-guadalquivir-apresentam-sinais-graves-de-eutrofizacao-e-proliferacao-de-algas-toxicas\/#primaryimage\"},\"thumbnailUrl\":\"https:\/\/interreg-sudoe.eu\/wp-content\/uploads\/2026\/04\/LAlbufera-foto-noticia-1.jpg\",\"datePublished\":\"2026-04-23T10:36:48+00:00\",\"dateModified\":\"2026-04-24T09:34:53+00:00\",\"breadcrumb\":{\"@id\":\"https:\/\/interreg-sudoe.eu\/pt-pt\/noticia-proyecto\/a-albufera-e-as-barragens-do-guadalquivir-apresentam-sinais-graves-de-eutrofizacao-e-proliferacao-de-algas-toxicas\/#breadcrumb\"},\"inLanguage\":\"pt-PT\",\"potentialAction\":[{\"@type\":\"ReadAction\",\"target\":[\"https:\/\/interreg-sudoe.eu\/pt-pt\/noticia-proyecto\/a-albufera-e-as-barragens-do-guadalquivir-apresentam-sinais-graves-de-eutrofizacao-e-proliferacao-de-algas-toxicas\/\"]}]},{\"@type\":\"ImageObject\",\"inLanguage\":\"pt-PT\",\"@id\":\"https:\/\/interreg-sudoe.eu\/pt-pt\/noticia-proyecto\/a-albufera-e-as-barragens-do-guadalquivir-apresentam-sinais-graves-de-eutrofizacao-e-proliferacao-de-algas-toxicas\/#primaryimage\",\"url\":\"https:\/\/interreg-sudoe.eu\/wp-content\/uploads\/2026\/04\/LAlbufera-foto-noticia-1.jpg\",\"contentUrl\":\"https:\/\/interreg-sudoe.eu\/wp-content\/uploads\/2026\/04\/LAlbufera-foto-noticia-1.jpg\",\"width\":1280,\"height\":720},{\"@type\":\"BreadcrumbList\",\"@id\":\"https:\/\/interreg-sudoe.eu\/pt-pt\/noticia-proyecto\/a-albufera-e-as-barragens-do-guadalquivir-apresentam-sinais-graves-de-eutrofizacao-e-proliferacao-de-algas-toxicas\/#breadcrumb\",\"itemListElement\":[{\"@type\":\"ListItem\",\"position\":1,\"name\":\"Home\",\"item\":\"https:\/\/interreg-sudoe.eu\/pt-pt\/\"},{\"@type\":\"ListItem\",\"position\":2,\"name\":\"A Albufera e as barragens do Guadalquivir apresentam sinais graves de eutrofiza\u00e7\u00e3o e prolifera\u00e7\u00e3o de algas t\u00f3xicas\"}]},{\"@type\":\"WebSite\",\"@id\":\"https:\/\/interreg-sudoe.eu\/pt-pt\/#website\",\"url\":\"https:\/\/interreg-sudoe.eu\/pt-pt\/\",\"name\":\"Interreg Sudoe\",\"description\":\"Interreg Sudoe\",\"publisher\":{\"@id\":\"https:\/\/interreg-sudoe.eu\/pt-pt\/#organization\"},\"alternateName\":\"Interreg Sudoe\",\"potentialAction\":[{\"@type\":\"SearchAction\",\"target\":{\"@type\":\"EntryPoint\",\"urlTemplate\":\"https:\/\/interreg-sudoe.eu\/pt-pt\/?s={search_term_string}\"},\"query-input\":{\"@type\":\"PropertyValueSpecification\",\"valueRequired\":true,\"valueName\":\"search_term_string\"}}],\"inLanguage\":\"pt-PT\"},{\"@type\":\"Organization\",\"@id\":\"https:\/\/interreg-sudoe.eu\/pt-pt\/#organization\",\"name\":\"Interreg Sudoe\",\"alternateName\":\"Interreg Sudoe\",\"url\":\"https:\/\/interreg-sudoe.eu\/pt-pt\/\",\"logo\":{\"@type\":\"ImageObject\",\"inLanguage\":\"pt-PT\",\"@id\":\"https:\/\/interreg-sudoe.eu\/pt-pt\/#\/schema\/logo\/image\/\",\"url\":\"https:\/\/interreg-sudoe.eu\/wp-content\/uploads\/2024\/03\/logo-interreg.png\",\"contentUrl\":\"https:\/\/interreg-sudoe.eu\/wp-content\/uploads\/2024\/03\/logo-interreg.png\",\"width\":1200,\"height\":675,\"caption\":\"Interreg Sudoe\"},\"image\":{\"@id\":\"https:\/\/interreg-sudoe.eu\/pt-pt\/#\/schema\/logo\/image\/\"},\"sameAs\":[\"https:\/\/www.facebook.com\/interregsudoe\",\"https:\/\/x.com\/Sudoe5\",\"https:\/\/www.youtube.com\/channel\/UCeGx2edoB32beRc9dbKA2vw\",\"https:\/\/www.linkedin.com\/company\/interreg-sudoe-programme\/\",\"https:\/\/www.flickr.com\/photos\/148704685@N06\/\"]}]}<\/script>\n<!-- \/ Yoast SEO plugin. -->","yoast_head_json":{"title":"A Albufera e as barragens do Guadalquivir apresentam sinais graves de eutrofiza\u00e7\u00e3o e prolifera\u00e7\u00e3o de algas t\u00f3xicas - Interreg Sudoe","robots":{"index":"index","follow":"follow","max-snippet":"max-snippet:-1","max-image-preview":"max-image-preview:large","max-video-preview":"max-video-preview:-1"},"canonical":"https:\/\/interreg-sudoe.eu\/pt-pt\/noticia-proyecto\/a-albufera-e-as-barragens-do-guadalquivir-apresentam-sinais-graves-de-eutrofizacao-e-proliferacao-de-algas-toxicas\/","og_locale":"pt_PT","og_type":"article","og_title":"A Albufera e as barragens do Guadalquivir apresentam sinais graves de eutrofiza\u00e7\u00e3o e prolifera\u00e7\u00e3o de algas t\u00f3xicas - Interreg Sudoe","og_description":"A Espanha enfrenta um cen\u00e1rio de crescente preocupa\u00e7\u00e3o ambiental na sequ\u00eancia dos resultados obtidos em duas \u00e1reas-chave: L\u2019Albufera de Val\u00eancia e v\u00e1rios reservat\u00f3rios da bacia do Guadalquivir. Ambos os sistemas est\u00e3o a registar um aumento cont\u00ednuo de cianobact\u00e9rias, perda de qualidade da \u00e1gua e epis\u00f3dios que j\u00e1 afetam a popula\u00e7\u00e3o. Em L\u2019Albufera, uma das zonas [&hellip;]","og_url":"https:\/\/interreg-sudoe.eu\/pt-pt\/noticia-proyecto\/a-albufera-e-as-barragens-do-guadalquivir-apresentam-sinais-graves-de-eutrofizacao-e-proliferacao-de-algas-toxicas\/","og_site_name":"Interreg Sudoe","article_publisher":"https:\/\/www.facebook.com\/interregsudoe","article_modified_time":"2026-04-24T09:34:53+00:00","og_image":[{"width":1280,"height":720,"url":"https:\/\/interreg-sudoe.eu\/wp-content\/uploads\/2026\/04\/LAlbufera-foto-noticia-1.jpg","type":"image\/jpeg"}],"twitter_card":"summary_large_image","twitter_site":"@Sudoe5","twitter_misc":{"Tempo estimado de leitura":"2 minutos"},"schema":{"@context":"https:\/\/schema.org","@graph":[{"@type":"WebPage","@id":"https:\/\/interreg-sudoe.eu\/pt-pt\/noticia-proyecto\/a-albufera-e-as-barragens-do-guadalquivir-apresentam-sinais-graves-de-eutrofizacao-e-proliferacao-de-algas-toxicas\/","url":"https:\/\/interreg-sudoe.eu\/pt-pt\/noticia-proyecto\/a-albufera-e-as-barragens-do-guadalquivir-apresentam-sinais-graves-de-eutrofizacao-e-proliferacao-de-algas-toxicas\/","name":"A Albufera e as barragens do Guadalquivir apresentam sinais graves de eutrofiza\u00e7\u00e3o e prolifera\u00e7\u00e3o de algas t\u00f3xicas - Interreg Sudoe","isPartOf":{"@id":"https:\/\/interreg-sudoe.eu\/pt-pt\/#website"},"primaryImageOfPage":{"@id":"https:\/\/interreg-sudoe.eu\/pt-pt\/noticia-proyecto\/a-albufera-e-as-barragens-do-guadalquivir-apresentam-sinais-graves-de-eutrofizacao-e-proliferacao-de-algas-toxicas\/#primaryimage"},"image":{"@id":"https:\/\/interreg-sudoe.eu\/pt-pt\/noticia-proyecto\/a-albufera-e-as-barragens-do-guadalquivir-apresentam-sinais-graves-de-eutrofizacao-e-proliferacao-de-algas-toxicas\/#primaryimage"},"thumbnailUrl":"https:\/\/interreg-sudoe.eu\/wp-content\/uploads\/2026\/04\/LAlbufera-foto-noticia-1.jpg","datePublished":"2026-04-23T10:36:48+00:00","dateModified":"2026-04-24T09:34:53+00:00","breadcrumb":{"@id":"https:\/\/interreg-sudoe.eu\/pt-pt\/noticia-proyecto\/a-albufera-e-as-barragens-do-guadalquivir-apresentam-sinais-graves-de-eutrofizacao-e-proliferacao-de-algas-toxicas\/#breadcrumb"},"inLanguage":"pt-PT","potentialAction":[{"@type":"ReadAction","target":["https:\/\/interreg-sudoe.eu\/pt-pt\/noticia-proyecto\/a-albufera-e-as-barragens-do-guadalquivir-apresentam-sinais-graves-de-eutrofizacao-e-proliferacao-de-algas-toxicas\/"]}]},{"@type":"ImageObject","inLanguage":"pt-PT","@id":"https:\/\/interreg-sudoe.eu\/pt-pt\/noticia-proyecto\/a-albufera-e-as-barragens-do-guadalquivir-apresentam-sinais-graves-de-eutrofizacao-e-proliferacao-de-algas-toxicas\/#primaryimage","url":"https:\/\/interreg-sudoe.eu\/wp-content\/uploads\/2026\/04\/LAlbufera-foto-noticia-1.jpg","contentUrl":"https:\/\/interreg-sudoe.eu\/wp-content\/uploads\/2026\/04\/LAlbufera-foto-noticia-1.jpg","width":1280,"height":720},{"@type":"BreadcrumbList","@id":"https:\/\/interreg-sudoe.eu\/pt-pt\/noticia-proyecto\/a-albufera-e-as-barragens-do-guadalquivir-apresentam-sinais-graves-de-eutrofizacao-e-proliferacao-de-algas-toxicas\/#breadcrumb","itemListElement":[{"@type":"ListItem","position":1,"name":"Home","item":"https:\/\/interreg-sudoe.eu\/pt-pt\/"},{"@type":"ListItem","position":2,"name":"A Albufera e as barragens do Guadalquivir apresentam sinais graves de eutrofiza\u00e7\u00e3o e prolifera\u00e7\u00e3o de algas t\u00f3xicas"}]},{"@type":"WebSite","@id":"https:\/\/interreg-sudoe.eu\/pt-pt\/#website","url":"https:\/\/interreg-sudoe.eu\/pt-pt\/","name":"Interreg Sudoe","description":"Interreg Sudoe","publisher":{"@id":"https:\/\/interreg-sudoe.eu\/pt-pt\/#organization"},"alternateName":"Interreg Sudoe","potentialAction":[{"@type":"SearchAction","target":{"@type":"EntryPoint","urlTemplate":"https:\/\/interreg-sudoe.eu\/pt-pt\/?s={search_term_string}"},"query-input":{"@type":"PropertyValueSpecification","valueRequired":true,"valueName":"search_term_string"}}],"inLanguage":"pt-PT"},{"@type":"Organization","@id":"https:\/\/interreg-sudoe.eu\/pt-pt\/#organization","name":"Interreg Sudoe","alternateName":"Interreg Sudoe","url":"https:\/\/interreg-sudoe.eu\/pt-pt\/","logo":{"@type":"ImageObject","inLanguage":"pt-PT","@id":"https:\/\/interreg-sudoe.eu\/pt-pt\/#\/schema\/logo\/image\/","url":"https:\/\/interreg-sudoe.eu\/wp-content\/uploads\/2024\/03\/logo-interreg.png","contentUrl":"https:\/\/interreg-sudoe.eu\/wp-content\/uploads\/2024\/03\/logo-interreg.png","width":1200,"height":675,"caption":"Interreg Sudoe"},"image":{"@id":"https:\/\/interreg-sudoe.eu\/pt-pt\/#\/schema\/logo\/image\/"},"sameAs":["https:\/\/www.facebook.com\/interregsudoe","https:\/\/x.com\/Sudoe5","https:\/\/www.youtube.com\/channel\/UCeGx2edoB32beRc9dbKA2vw","https:\/\/www.linkedin.com\/company\/interreg-sudoe-programme\/","https:\/\/www.flickr.com\/photos\/148704685@N06\/"]}]}},"_links":{"self":[{"href":"https:\/\/interreg-sudoe.eu\/pt-pt\/wp-json\/wp\/v2\/noticia-proyecto\/64286","targetHints":{"allow":["GET"]}}],"collection":[{"href":"https:\/\/interreg-sudoe.eu\/pt-pt\/wp-json\/wp\/v2\/noticia-proyecto"}],"about":[{"href":"https:\/\/interreg-sudoe.eu\/pt-pt\/wp-json\/wp\/v2\/types\/noticia-proyecto"}],"author":[{"embeddable":true,"href":"https:\/\/interreg-sudoe.eu\/pt-pt\/wp-json\/wp\/v2\/users\/6548"}],"wp:featuredmedia":[{"embeddable":true,"href":"https:\/\/interreg-sudoe.eu\/pt-pt\/wp-json\/wp\/v2\/media\/64370"}],"wp:attachment":[{"href":"https:\/\/interreg-sudoe.eu\/pt-pt\/wp-json\/wp\/v2\/media?parent=64286"}],"curies":[{"name":"wp","href":"https:\/\/api.w.org\/{rel}","templated":true}]}}