{"id":64468,"date":"2026-04-24T08:12:32","date_gmt":"2026-04-24T06:12:32","guid":{"rendered":"https:\/\/interreg-sudoe.eu\/?post_type=noticia-proyecto&#038;p=64468"},"modified":"2026-04-27T08:30:23","modified_gmt":"2026-04-27T06:30:23","slug":"jornadas-de-formacao-em-braganca-e-ourense","status":"publish","type":"noticia-proyecto","link":"https:\/\/interreg-sudoe.eu\/pt-pt\/noticia-proyecto\/jornadas-de-formacao-em-braganca-e-ourense\/","title":{"rendered":"Jornadas de forma\u00e7\u00e3o em Bragan\u00e7a e Ourense"},"content":{"rendered":"<p data-start=\"316\" data-end=\"500\">Nos dias 23 e 24 de abril de 2026 realizaram-se em Bragan\u00e7a (Portugal) e Ourense (Espanha) duas jornadas de forma\u00e7\u00e3o no \u00e2mbito do projeto USE4FOREST, impulsionadas pelo Eixo Atl\u00e1ntico.<\/p>\n<p data-start=\"502\" data-end=\"740\">As sess\u00f5es foram dirigidas a respons\u00e1veis municipais, pessoal t\u00e9cnico e profissionais de emerg\u00eancia, com o objetivo de melhorar a compreens\u00e3o da evolu\u00e7\u00e3o recente dos inc\u00eandios, bem como identificar riscos e vulnerabilidades no territ\u00f3rio. Durante a forma\u00e7\u00e3o, foram trabalhadas medidas de preven\u00e7\u00e3o, autoprote\u00e7\u00e3o e redu\u00e7\u00e3o do risco \u00e0 escala local.<\/p>\n<p data-start=\"851\" data-end=\"902\">USE4FOREST: Montes geridos, territ\u00f3rios protegidos.<\/p>\n<p data-start=\"851\" data-end=\"902\"><img fetchpriority=\"high\" decoding=\"async\" class=\"alignnone size-full wp-image-62878\" src=\"https:\/\/interreg-sudoe.eu\/wp-content\/uploads\/2026\/03\/Faldon-U4F.jpg\" alt=\"\" width=\"1980\" height=\"275\" srcset=\"https:\/\/interreg-sudoe.eu\/wp-content\/uploads\/2026\/03\/Faldon-U4F.jpg 1980w, https:\/\/interreg-sudoe.eu\/wp-content\/uploads\/2026\/03\/Faldon-U4F-300x42.jpg 300w, https:\/\/interreg-sudoe.eu\/wp-content\/uploads\/2026\/03\/Faldon-U4F-1024x142.jpg 1024w, https:\/\/interreg-sudoe.eu\/wp-content\/uploads\/2026\/03\/Faldon-U4F-768x107.jpg 768w, https:\/\/interreg-sudoe.eu\/wp-content\/uploads\/2026\/03\/Faldon-U4F-1536x213.jpg 1536w\" sizes=\"(max-width: 1980px) 100vw, 1980px\" \/><\/p>\n","protected":false},"excerpt":{"rendered":"<p>O USE4FOREST promoveu duas sess\u00f5es para refor\u00e7ar a prepara\u00e7\u00e3o das administra\u00e7\u00f5es locais face a inc\u00eandios florestais cada vez mais complexos.<\/p>\n","protected":false},"author":6728,"featured_media":64466,"parent":0,"template":"","meta":{"_acf_changed":false,"content-type":"","_monsterinsights_skip_tracking":false,"_monsterinsights_sitenote_active":false,"_monsterinsights_sitenote_note":"","_monsterinsights_sitenote_category":0},"class_list":["post-64468","noticia-proyecto","type-noticia-proyecto","status-publish","has-post-thumbnail","hentry"],"acf":[],"yoast_head":"<!-- This site is optimized with the Yoast SEO plugin v27.4 - https:\/\/yoast.com\/product\/yoast-seo-wordpress\/ -->\n<title>Jornadas de forma\u00e7\u00e3o em Bragan\u00e7a e Ourense - Interreg Sudoe<\/title>\n<meta name=\"robots\" content=\"index, follow, max-snippet:-1, max-image-preview:large, max-video-preview:-1\" \/>\n<link rel=\"canonical\" href=\"https:\/\/interreg-sudoe.eu\/pt-pt\/noticia-proyecto\/jornadas-de-formacao-em-braganca-e-ourense\/\" \/>\n<meta property=\"og:locale\" content=\"pt_PT\" \/>\n<meta property=\"og:type\" content=\"article\" \/>\n<meta property=\"og:title\" content=\"Jornadas de forma\u00e7\u00e3o em Bragan\u00e7a e Ourense - Interreg Sudoe\" \/>\n<meta property=\"og:description\" content=\"O USE4FOREST promoveu duas sess\u00f5es para refor\u00e7ar a prepara\u00e7\u00e3o das administra\u00e7\u00f5es locais face a inc\u00eandios florestais cada vez mais complexos.\" \/>\n<meta property=\"og:url\" content=\"https:\/\/interreg-sudoe.eu\/pt-pt\/noticia-proyecto\/jornadas-de-formacao-em-braganca-e-ourense\/\" \/>\n<meta property=\"og:site_name\" content=\"Interreg Sudoe\" \/>\n<meta property=\"article:publisher\" content=\"https:\/\/www.facebook.com\/interregsudoe\" \/>\n<meta property=\"article:modified_time\" content=\"2026-04-27T06:30:23+00:00\" \/>\n<meta property=\"og:image\" content=\"https:\/\/interreg-sudoe.eu\/wp-content\/uploads\/2026\/04\/USE4-POST.jpg\" \/>\n\t<meta property=\"og:image:width\" content=\"1080\" \/>\n\t<meta property=\"og:image:height\" content=\"1350\" \/>\n\t<meta property=\"og:image:type\" content=\"image\/jpeg\" \/>\n<meta name=\"twitter:card\" content=\"summary_large_image\" \/>\n<meta name=\"twitter:site\" content=\"@Sudoe5\" \/>\n<script type=\"application\/ld+json\" class=\"yoast-schema-graph\">{\"@context\":\"https:\\\/\\\/schema.org\",\"@graph\":[{\"@type\":\"WebPage\",\"@id\":\"https:\\\/\\\/interreg-sudoe.eu\\\/pt-pt\\\/noticia-proyecto\\\/jornadas-de-formacao-em-braganca-e-ourense\\\/\",\"url\":\"https:\\\/\\\/interreg-sudoe.eu\\\/pt-pt\\\/noticia-proyecto\\\/jornadas-de-formacao-em-braganca-e-ourense\\\/\",\"name\":\"Jornadas de forma\u00e7\u00e3o em Bragan\u00e7a e Ourense - Interreg Sudoe\",\"isPartOf\":{\"@id\":\"https:\\\/\\\/interreg-sudoe.eu\\\/pt-pt\\\/#website\"},\"primaryImageOfPage\":{\"@id\":\"https:\\\/\\\/interreg-sudoe.eu\\\/pt-pt\\\/noticia-proyecto\\\/jornadas-de-formacao-em-braganca-e-ourense\\\/#primaryimage\"},\"image\":{\"@id\":\"https:\\\/\\\/interreg-sudoe.eu\\\/pt-pt\\\/noticia-proyecto\\\/jornadas-de-formacao-em-braganca-e-ourense\\\/#primaryimage\"},\"thumbnailUrl\":\"https:\\\/\\\/interreg-sudoe.eu\\\/wp-content\\\/uploads\\\/2026\\\/04\\\/USE4-POST.jpg\",\"datePublished\":\"2026-04-24T06:12:32+00:00\",\"dateModified\":\"2026-04-27T06:30:23+00:00\",\"breadcrumb\":{\"@id\":\"https:\\\/\\\/interreg-sudoe.eu\\\/pt-pt\\\/noticia-proyecto\\\/jornadas-de-formacao-em-braganca-e-ourense\\\/#breadcrumb\"},\"inLanguage\":\"pt-PT\",\"potentialAction\":[{\"@type\":\"ReadAction\",\"target\":[\"https:\\\/\\\/interreg-sudoe.eu\\\/pt-pt\\\/noticia-proyecto\\\/jornadas-de-formacao-em-braganca-e-ourense\\\/\"]}]},{\"@type\":\"ImageObject\",\"inLanguage\":\"pt-PT\",\"@id\":\"https:\\\/\\\/interreg-sudoe.eu\\\/pt-pt\\\/noticia-proyecto\\\/jornadas-de-formacao-em-braganca-e-ourense\\\/#primaryimage\",\"url\":\"https:\\\/\\\/interreg-sudoe.eu\\\/wp-content\\\/uploads\\\/2026\\\/04\\\/USE4-POST.jpg\",\"contentUrl\":\"https:\\\/\\\/interreg-sudoe.eu\\\/wp-content\\\/uploads\\\/2026\\\/04\\\/USE4-POST.jpg\",\"width\":1080,\"height\":1350},{\"@type\":\"BreadcrumbList\",\"@id\":\"https:\\\/\\\/interreg-sudoe.eu\\\/pt-pt\\\/noticia-proyecto\\\/jornadas-de-formacao-em-braganca-e-ourense\\\/#breadcrumb\",\"itemListElement\":[{\"@type\":\"ListItem\",\"position\":1,\"name\":\"Home\",\"item\":\"https:\\\/\\\/interreg-sudoe.eu\\\/pt-pt\\\/\"},{\"@type\":\"ListItem\",\"position\":2,\"name\":\"Jornadas de forma\u00e7\u00e3o em Bragan\u00e7a e Ourense\"}]},{\"@type\":\"WebSite\",\"@id\":\"https:\\\/\\\/interreg-sudoe.eu\\\/pt-pt\\\/#website\",\"url\":\"https:\\\/\\\/interreg-sudoe.eu\\\/pt-pt\\\/\",\"name\":\"Interreg Sudoe\",\"description\":\"Interreg Sudoe\",\"publisher\":{\"@id\":\"https:\\\/\\\/interreg-sudoe.eu\\\/pt-pt\\\/#organization\"},\"alternateName\":\"Interreg Sudoe\",\"potentialAction\":[{\"@type\":\"SearchAction\",\"target\":{\"@type\":\"EntryPoint\",\"urlTemplate\":\"https:\\\/\\\/interreg-sudoe.eu\\\/pt-pt\\\/?s={search_term_string}\"},\"query-input\":{\"@type\":\"PropertyValueSpecification\",\"valueRequired\":true,\"valueName\":\"search_term_string\"}}],\"inLanguage\":\"pt-PT\"},{\"@type\":\"Organization\",\"@id\":\"https:\\\/\\\/interreg-sudoe.eu\\\/pt-pt\\\/#organization\",\"name\":\"Interreg Sudoe\",\"alternateName\":\"Interreg Sudoe\",\"url\":\"https:\\\/\\\/interreg-sudoe.eu\\\/pt-pt\\\/\",\"logo\":{\"@type\":\"ImageObject\",\"inLanguage\":\"pt-PT\",\"@id\":\"https:\\\/\\\/interreg-sudoe.eu\\\/pt-pt\\\/#\\\/schema\\\/logo\\\/image\\\/\",\"url\":\"https:\\\/\\\/interreg-sudoe.eu\\\/wp-content\\\/uploads\\\/2024\\\/03\\\/logo-interreg.png\",\"contentUrl\":\"https:\\\/\\\/interreg-sudoe.eu\\\/wp-content\\\/uploads\\\/2024\\\/03\\\/logo-interreg.png\",\"width\":1200,\"height\":675,\"caption\":\"Interreg Sudoe\"},\"image\":{\"@id\":\"https:\\\/\\\/interreg-sudoe.eu\\\/pt-pt\\\/#\\\/schema\\\/logo\\\/image\\\/\"},\"sameAs\":[\"https:\\\/\\\/www.facebook.com\\\/interregsudoe\",\"https:\\\/\\\/x.com\\\/Sudoe5\",\"https:\\\/\\\/www.youtube.com\\\/channel\\\/UCeGx2edoB32beRc9dbKA2vw\",\"https:\\\/\\\/www.linkedin.com\\\/company\\\/interreg-sudoe-programme\\\/\",\"https:\\\/\\\/www.flickr.com\\\/photos\\\/148704685@N06\\\/\"]}]}<\/script>\n<!-- \/ Yoast SEO plugin. -->","yoast_head_json":{"title":"Jornadas de forma\u00e7\u00e3o em Bragan\u00e7a e Ourense - Interreg Sudoe","robots":{"index":"index","follow":"follow","max-snippet":"max-snippet:-1","max-image-preview":"max-image-preview:large","max-video-preview":"max-video-preview:-1"},"canonical":"https:\/\/interreg-sudoe.eu\/pt-pt\/noticia-proyecto\/jornadas-de-formacao-em-braganca-e-ourense\/","og_locale":"pt_PT","og_type":"article","og_title":"Jornadas de forma\u00e7\u00e3o em Bragan\u00e7a e Ourense - Interreg Sudoe","og_description":"O USE4FOREST promoveu duas sess\u00f5es para refor\u00e7ar a prepara\u00e7\u00e3o das administra\u00e7\u00f5es locais face a inc\u00eandios florestais cada vez mais complexos.","og_url":"https:\/\/interreg-sudoe.eu\/pt-pt\/noticia-proyecto\/jornadas-de-formacao-em-braganca-e-ourense\/","og_site_name":"Interreg Sudoe","article_publisher":"https:\/\/www.facebook.com\/interregsudoe","article_modified_time":"2026-04-27T06:30:23+00:00","og_image":[{"width":1080,"height":1350,"url":"https:\/\/interreg-sudoe.eu\/wp-content\/uploads\/2026\/04\/USE4-POST.jpg","type":"image\/jpeg"}],"twitter_card":"summary_large_image","twitter_site":"@Sudoe5","schema":{"@context":"https:\/\/schema.org","@graph":[{"@type":"WebPage","@id":"https:\/\/interreg-sudoe.eu\/pt-pt\/noticia-proyecto\/jornadas-de-formacao-em-braganca-e-ourense\/","url":"https:\/\/interreg-sudoe.eu\/pt-pt\/noticia-proyecto\/jornadas-de-formacao-em-braganca-e-ourense\/","name":"Jornadas de forma\u00e7\u00e3o em Bragan\u00e7a e Ourense - Interreg Sudoe","isPartOf":{"@id":"https:\/\/interreg-sudoe.eu\/pt-pt\/#website"},"primaryImageOfPage":{"@id":"https:\/\/interreg-sudoe.eu\/pt-pt\/noticia-proyecto\/jornadas-de-formacao-em-braganca-e-ourense\/#primaryimage"},"image":{"@id":"https:\/\/interreg-sudoe.eu\/pt-pt\/noticia-proyecto\/jornadas-de-formacao-em-braganca-e-ourense\/#primaryimage"},"thumbnailUrl":"https:\/\/interreg-sudoe.eu\/wp-content\/uploads\/2026\/04\/USE4-POST.jpg","datePublished":"2026-04-24T06:12:32+00:00","dateModified":"2026-04-27T06:30:23+00:00","breadcrumb":{"@id":"https:\/\/interreg-sudoe.eu\/pt-pt\/noticia-proyecto\/jornadas-de-formacao-em-braganca-e-ourense\/#breadcrumb"},"inLanguage":"pt-PT","potentialAction":[{"@type":"ReadAction","target":["https:\/\/interreg-sudoe.eu\/pt-pt\/noticia-proyecto\/jornadas-de-formacao-em-braganca-e-ourense\/"]}]},{"@type":"ImageObject","inLanguage":"pt-PT","@id":"https:\/\/interreg-sudoe.eu\/pt-pt\/noticia-proyecto\/jornadas-de-formacao-em-braganca-e-ourense\/#primaryimage","url":"https:\/\/interreg-sudoe.eu\/wp-content\/uploads\/2026\/04\/USE4-POST.jpg","contentUrl":"https:\/\/interreg-sudoe.eu\/wp-content\/uploads\/2026\/04\/USE4-POST.jpg","width":1080,"height":1350},{"@type":"BreadcrumbList","@id":"https:\/\/interreg-sudoe.eu\/pt-pt\/noticia-proyecto\/jornadas-de-formacao-em-braganca-e-ourense\/#breadcrumb","itemListElement":[{"@type":"ListItem","position":1,"name":"Home","item":"https:\/\/interreg-sudoe.eu\/pt-pt\/"},{"@type":"ListItem","position":2,"name":"Jornadas de forma\u00e7\u00e3o em Bragan\u00e7a e Ourense"}]},{"@type":"WebSite","@id":"https:\/\/interreg-sudoe.eu\/pt-pt\/#website","url":"https:\/\/interreg-sudoe.eu\/pt-pt\/","name":"Interreg Sudoe","description":"Interreg Sudoe","publisher":{"@id":"https:\/\/interreg-sudoe.eu\/pt-pt\/#organization"},"alternateName":"Interreg Sudoe","potentialAction":[{"@type":"SearchAction","target":{"@type":"EntryPoint","urlTemplate":"https:\/\/interreg-sudoe.eu\/pt-pt\/?s={search_term_string}"},"query-input":{"@type":"PropertyValueSpecification","valueRequired":true,"valueName":"search_term_string"}}],"inLanguage":"pt-PT"},{"@type":"Organization","@id":"https:\/\/interreg-sudoe.eu\/pt-pt\/#organization","name":"Interreg Sudoe","alternateName":"Interreg Sudoe","url":"https:\/\/interreg-sudoe.eu\/pt-pt\/","logo":{"@type":"ImageObject","inLanguage":"pt-PT","@id":"https:\/\/interreg-sudoe.eu\/pt-pt\/#\/schema\/logo\/image\/","url":"https:\/\/interreg-sudoe.eu\/wp-content\/uploads\/2024\/03\/logo-interreg.png","contentUrl":"https:\/\/interreg-sudoe.eu\/wp-content\/uploads\/2024\/03\/logo-interreg.png","width":1200,"height":675,"caption":"Interreg Sudoe"},"image":{"@id":"https:\/\/interreg-sudoe.eu\/pt-pt\/#\/schema\/logo\/image\/"},"sameAs":["https:\/\/www.facebook.com\/interregsudoe","https:\/\/x.com\/Sudoe5","https:\/\/www.youtube.com\/channel\/UCeGx2edoB32beRc9dbKA2vw","https:\/\/www.linkedin.com\/company\/interreg-sudoe-programme\/","https:\/\/www.flickr.com\/photos\/148704685@N06\/"]}]}},"_links":{"self":[{"href":"https:\/\/interreg-sudoe.eu\/pt-pt\/wp-json\/wp\/v2\/noticia-proyecto\/64468","targetHints":{"allow":["GET"]}}],"collection":[{"href":"https:\/\/interreg-sudoe.eu\/pt-pt\/wp-json\/wp\/v2\/noticia-proyecto"}],"about":[{"href":"https:\/\/interreg-sudoe.eu\/pt-pt\/wp-json\/wp\/v2\/types\/noticia-proyecto"}],"author":[{"embeddable":true,"href":"https:\/\/interreg-sudoe.eu\/pt-pt\/wp-json\/wp\/v2\/users\/6728"}],"wp:featuredmedia":[{"embeddable":true,"href":"https:\/\/interreg-sudoe.eu\/pt-pt\/wp-json\/wp\/v2\/media\/64466"}],"wp:attachment":[{"href":"https:\/\/interreg-sudoe.eu\/pt-pt\/wp-json\/wp\/v2\/media?parent=64468"}],"curies":[{"name":"wp","href":"https:\/\/api.w.org\/{rel}","templated":true}]}}