{"id":64527,"date":"2025-10-01T12:12:07","date_gmt":"2025-10-01T10:12:07","guid":{"rendered":"https:\/\/interreg-sudoe.eu\/?post_type=noticia-proyecto&#038;p=64527"},"modified":"2026-04-27T12:55:33","modified_gmt":"2026-04-27T10:55:33","slug":"lancamento-do-cyaneau-um-projeto-internacional-para-a-prevencao-e-detecao-precoce-de-cianobacterias","status":"publish","type":"noticia-proyecto","link":"https:\/\/interreg-sudoe.eu\/pt-pt\/noticia-proyecto\/lancamento-do-cyaneau-um-projeto-internacional-para-a-prevencao-e-detecao-precoce-de-cianobacterias\/","title":{"rendered":"Lan\u00e7amento do Cyan\u2019EAU, um projeto internacional para a preven\u00e7\u00e3o e dete\u00e7\u00e3o precoce de cianobact\u00e9rias"},"content":{"rendered":"<p>Um cons\u00f3rcio internacional de institui\u00e7\u00f5es de Espanha, Fran\u00e7a e Portugal impulsiona o projeto<strong> Cyan\u2019EAU<\/strong>, financiado pelo programa <strong>Interreg Sudoe<\/strong>, com o objetivo de desenvolver solu\u00e7\u00f5es inovadoras para a preven\u00e7\u00e3o, dete\u00e7\u00e3o precoce e remedia\u00e7\u00e3o da prolifera\u00e7\u00e3o de cianobact\u00e9rias nas \u00e1guas interiores do sudoeste da Europa.<\/p>\n<p>As cianobact\u00e9rias, organismos comuns do fitopl\u00e2ncton presentes em rios, albufeiras e outros ecossistemas aqu\u00e1ticos, podem sofrer prolifera\u00e7\u00f5es massivas quando se verificam condi\u00e7\u00f5es ambientais favor\u00e1veis, tais como altas temperaturas, radia\u00e7\u00e3o solar abundante, fraca circula\u00e7\u00e3o da \u00e1gua e excesso de nutrientes. Estes epis\u00f3dios podem causar <strong>impactos ecol\u00f3gicos, sanit\u00e1rios e econ\u00f3micos significativos<\/strong>, uma vez que reduzem o oxig\u00e9nio dissolvido, alteram o equil\u00edbrio dos ecossistemas aqu\u00e1ticos e podem libertar toxinas perigosas para a sa\u00fade humana e animal.<\/p>\n<p>Num contexto de <strong>acelera\u00e7\u00e3o destes fen\u00f3menos devido \u00e0s altera\u00e7\u00f5es clim\u00e1ticas<\/strong>, o projeto aposta em estrat\u00e9gias centradas na preven\u00e7\u00e3o e no controlo precoce. O objetivo \u00e9 desenvolver ferramentas de baixo custo que permitam identificar sinais iniciais de prolifera\u00e7\u00e3o, facilitar uma interven\u00e7\u00e3o precoce e, quando necess\u00e1rio, aplicar <strong>medidas de remedia\u00e7\u00e3o sustent\u00e1veis<\/strong> que minimizem os efeitos nocivos sobre o ambiente.<\/p>\n<p>Para tal, o cons\u00f3rcio ir\u00e1 trabalhar em v\u00e1rias <strong>zonas-piloto distribu\u00eddas pelos tr\u00eas pa\u00edses parceiros<\/strong>. Em Portugal, ser\u00e3o analisados v\u00e1rios tro\u00e7os dos rios <strong>D\u00e3o e Mondego<\/strong>, bem como as albufeiras de <strong>Aguieira e Ribeiradio<\/strong>; em Espanha, ser\u00e1 estudada a zona circundante \u00e0 Albufera de Val\u00eancia e v\u00e1rias albufeiras da bacia do Guadalquivir; enquanto em Fran\u00e7a ser\u00e3o selecionados diferentes pontos da bacia do <strong>rio Garonne<\/strong>, al\u00e9m de v\u00e1rios lagos e albufeiras representativos.<\/p>\n<p>As a\u00e7\u00f5es incluem amostragens ambientais e an\u00e1lises de sedimentos para compreender a din\u00e2mica das prolifera\u00e7\u00f5es e a sua rela\u00e7\u00e3o com os fatores f\u00edsicos e qu\u00edmicos que as desencadeiam, o que permitir\u00e1<strong> priorizar \u00e1reas de interven\u00e7\u00e3o<\/strong> e melhorar a gest\u00e3o destes epis\u00f3dios a longo prazo.<\/p>\n<p>O projeto, denominado \u201c<strong>Cyan\u2019EAU \u2013 Sistemas inovadores para o controlo da prolifera\u00e7\u00e3o de cianobact\u00e9rias nas \u00e1guas interiores do Sudoe<\/strong>\u201d, conta com um or\u00e7amento superior a <strong>1,6 milh\u00f5es de euros<\/strong>, re\u00fane entidades cient\u00edficas e gestoras da \u00e1gua dos tr\u00eas pa\u00edses e decorrer\u00e1 at\u00e9 <strong>2028<\/strong>, incluindo tamb\u00e9m atividades de forma\u00e7\u00e3o e transfer\u00eancia de conhecimento dirigidas aos respons\u00e1veis pela gest\u00e3o dos recursos h\u00eddricos.<\/p>\n","protected":false},"excerpt":{"rendered":"<p>Um cons\u00f3rcio internacional de institui\u00e7\u00f5es de Espanha, Fran\u00e7a e Portugal impulsiona o projeto Cyan\u2019EAU, financiado pelo programa Interreg Sudoe, com o objetivo de desenvolver solu\u00e7\u00f5es inovadoras para a preven\u00e7\u00e3o, dete\u00e7\u00e3o precoce e remedia\u00e7\u00e3o da prolifera\u00e7\u00e3o de cianobact\u00e9rias nas \u00e1guas interiores do sudoeste da Europa. As cianobact\u00e9rias, organismos comuns do fitopl\u00e2ncton presentes em rios, albufeiras e [&hellip;]<\/p>\n","protected":false},"author":6548,"featured_media":64523,"parent":0,"template":"","meta":{"_acf_changed":false,"content-type":"","_monsterinsights_skip_tracking":false,"_monsterinsights_sitenote_active":false,"_monsterinsights_sitenote_note":"","_monsterinsights_sitenote_category":0},"class_list":["post-64527","noticia-proyecto","type-noticia-proyecto","status-publish","has-post-thumbnail","hentry"],"acf":[],"yoast_head":"<!-- This site is optimized with the Yoast SEO plugin v27.4 - https:\/\/yoast.com\/product\/yoast-seo-wordpress\/ -->\n<title>Lan\u00e7amento do Cyan\u2019EAU, um projeto internacional para a preven\u00e7\u00e3o e dete\u00e7\u00e3o precoce de cianobact\u00e9rias - Interreg Sudoe<\/title>\n<meta name=\"robots\" content=\"index, follow, max-snippet:-1, max-image-preview:large, max-video-preview:-1\" \/>\n<link rel=\"canonical\" href=\"https:\/\/interreg-sudoe.eu\/pt-pt\/noticia-proyecto\/lancamento-do-cyaneau-um-projeto-internacional-para-a-prevencao-e-detecao-precoce-de-cianobacterias\/\" \/>\n<meta property=\"og:locale\" content=\"pt_PT\" \/>\n<meta property=\"og:type\" content=\"article\" \/>\n<meta property=\"og:title\" content=\"Lan\u00e7amento do Cyan\u2019EAU, um projeto internacional para a preven\u00e7\u00e3o e dete\u00e7\u00e3o precoce de cianobact\u00e9rias - Interreg Sudoe\" \/>\n<meta property=\"og:description\" content=\"Um cons\u00f3rcio internacional de institui\u00e7\u00f5es de Espanha, Fran\u00e7a e Portugal impulsiona o projeto Cyan\u2019EAU, financiado pelo programa Interreg Sudoe, com o objetivo de desenvolver solu\u00e7\u00f5es inovadoras para a preven\u00e7\u00e3o, dete\u00e7\u00e3o precoce e remedia\u00e7\u00e3o da prolifera\u00e7\u00e3o de cianobact\u00e9rias nas \u00e1guas interiores do sudoeste da Europa. As cianobact\u00e9rias, organismos comuns do fitopl\u00e2ncton presentes em rios, albufeiras e [&hellip;]\" \/>\n<meta property=\"og:url\" content=\"https:\/\/interreg-sudoe.eu\/pt-pt\/noticia-proyecto\/lancamento-do-cyaneau-um-projeto-internacional-para-a-prevencao-e-detecao-precoce-de-cianobacterias\/\" \/>\n<meta property=\"og:site_name\" content=\"Interreg Sudoe\" \/>\n<meta property=\"article:publisher\" content=\"https:\/\/www.facebook.com\/interregsudoe\" \/>\n<meta property=\"article:modified_time\" content=\"2026-04-27T10:55:33+00:00\" \/>\n<meta property=\"og:image\" content=\"https:\/\/interreg-sudoe.eu\/wp-content\/uploads\/2026\/04\/Foto-noticia-lanzamiento-CyanEAU.png\" \/>\n\t<meta property=\"og:image:width\" content=\"1069\" \/>\n\t<meta property=\"og:image:height\" content=\"666\" \/>\n\t<meta property=\"og:image:type\" content=\"image\/png\" \/>\n<meta name=\"twitter:card\" content=\"summary_large_image\" \/>\n<meta name=\"twitter:site\" content=\"@Sudoe5\" \/>\n<meta name=\"twitter:label1\" content=\"Tempo estimado de leitura\" \/>\n\t<meta name=\"twitter:data1\" content=\"2 minutos\" \/>\n<script type=\"application\/ld+json\" class=\"yoast-schema-graph\">{\"@context\":\"https:\\\/\\\/schema.org\",\"@graph\":[{\"@type\":\"WebPage\",\"@id\":\"https:\\\/\\\/interreg-sudoe.eu\\\/pt-pt\\\/noticia-proyecto\\\/lancamento-do-cyaneau-um-projeto-internacional-para-a-prevencao-e-detecao-precoce-de-cianobacterias\\\/\",\"url\":\"https:\\\/\\\/interreg-sudoe.eu\\\/pt-pt\\\/noticia-proyecto\\\/lancamento-do-cyaneau-um-projeto-internacional-para-a-prevencao-e-detecao-precoce-de-cianobacterias\\\/\",\"name\":\"Lan\u00e7amento do Cyan\u2019EAU, um projeto internacional para a preven\u00e7\u00e3o e dete\u00e7\u00e3o precoce de cianobact\u00e9rias - Interreg Sudoe\",\"isPartOf\":{\"@id\":\"https:\\\/\\\/interreg-sudoe.eu\\\/pt-pt\\\/#website\"},\"primaryImageOfPage\":{\"@id\":\"https:\\\/\\\/interreg-sudoe.eu\\\/pt-pt\\\/noticia-proyecto\\\/lancamento-do-cyaneau-um-projeto-internacional-para-a-prevencao-e-detecao-precoce-de-cianobacterias\\\/#primaryimage\"},\"image\":{\"@id\":\"https:\\\/\\\/interreg-sudoe.eu\\\/pt-pt\\\/noticia-proyecto\\\/lancamento-do-cyaneau-um-projeto-internacional-para-a-prevencao-e-detecao-precoce-de-cianobacterias\\\/#primaryimage\"},\"thumbnailUrl\":\"https:\\\/\\\/interreg-sudoe.eu\\\/wp-content\\\/uploads\\\/2026\\\/04\\\/Foto-noticia-lanzamiento-CyanEAU.png\",\"datePublished\":\"2025-10-01T10:12:07+00:00\",\"dateModified\":\"2026-04-27T10:55:33+00:00\",\"breadcrumb\":{\"@id\":\"https:\\\/\\\/interreg-sudoe.eu\\\/pt-pt\\\/noticia-proyecto\\\/lancamento-do-cyaneau-um-projeto-internacional-para-a-prevencao-e-detecao-precoce-de-cianobacterias\\\/#breadcrumb\"},\"inLanguage\":\"pt-PT\",\"potentialAction\":[{\"@type\":\"ReadAction\",\"target\":[\"https:\\\/\\\/interreg-sudoe.eu\\\/pt-pt\\\/noticia-proyecto\\\/lancamento-do-cyaneau-um-projeto-internacional-para-a-prevencao-e-detecao-precoce-de-cianobacterias\\\/\"]}]},{\"@type\":\"ImageObject\",\"inLanguage\":\"pt-PT\",\"@id\":\"https:\\\/\\\/interreg-sudoe.eu\\\/pt-pt\\\/noticia-proyecto\\\/lancamento-do-cyaneau-um-projeto-internacional-para-a-prevencao-e-detecao-precoce-de-cianobacterias\\\/#primaryimage\",\"url\":\"https:\\\/\\\/interreg-sudoe.eu\\\/wp-content\\\/uploads\\\/2026\\\/04\\\/Foto-noticia-lanzamiento-CyanEAU.png\",\"contentUrl\":\"https:\\\/\\\/interreg-sudoe.eu\\\/wp-content\\\/uploads\\\/2026\\\/04\\\/Foto-noticia-lanzamiento-CyanEAU.png\",\"width\":1069,\"height\":666},{\"@type\":\"BreadcrumbList\",\"@id\":\"https:\\\/\\\/interreg-sudoe.eu\\\/pt-pt\\\/noticia-proyecto\\\/lancamento-do-cyaneau-um-projeto-internacional-para-a-prevencao-e-detecao-precoce-de-cianobacterias\\\/#breadcrumb\",\"itemListElement\":[{\"@type\":\"ListItem\",\"position\":1,\"name\":\"Home\",\"item\":\"https:\\\/\\\/interreg-sudoe.eu\\\/pt-pt\\\/\"},{\"@type\":\"ListItem\",\"position\":2,\"name\":\"Lan\u00e7amento do Cyan\u2019EAU, um projeto internacional para a preven\u00e7\u00e3o e dete\u00e7\u00e3o precoce de cianobact\u00e9rias\"}]},{\"@type\":\"WebSite\",\"@id\":\"https:\\\/\\\/interreg-sudoe.eu\\\/pt-pt\\\/#website\",\"url\":\"https:\\\/\\\/interreg-sudoe.eu\\\/pt-pt\\\/\",\"name\":\"Interreg Sudoe\",\"description\":\"Interreg Sudoe\",\"publisher\":{\"@id\":\"https:\\\/\\\/interreg-sudoe.eu\\\/pt-pt\\\/#organization\"},\"alternateName\":\"Interreg Sudoe\",\"potentialAction\":[{\"@type\":\"SearchAction\",\"target\":{\"@type\":\"EntryPoint\",\"urlTemplate\":\"https:\\\/\\\/interreg-sudoe.eu\\\/pt-pt\\\/?s={search_term_string}\"},\"query-input\":{\"@type\":\"PropertyValueSpecification\",\"valueRequired\":true,\"valueName\":\"search_term_string\"}}],\"inLanguage\":\"pt-PT\"},{\"@type\":\"Organization\",\"@id\":\"https:\\\/\\\/interreg-sudoe.eu\\\/pt-pt\\\/#organization\",\"name\":\"Interreg Sudoe\",\"alternateName\":\"Interreg Sudoe\",\"url\":\"https:\\\/\\\/interreg-sudoe.eu\\\/pt-pt\\\/\",\"logo\":{\"@type\":\"ImageObject\",\"inLanguage\":\"pt-PT\",\"@id\":\"https:\\\/\\\/interreg-sudoe.eu\\\/pt-pt\\\/#\\\/schema\\\/logo\\\/image\\\/\",\"url\":\"https:\\\/\\\/interreg-sudoe.eu\\\/wp-content\\\/uploads\\\/2024\\\/03\\\/logo-interreg.png\",\"contentUrl\":\"https:\\\/\\\/interreg-sudoe.eu\\\/wp-content\\\/uploads\\\/2024\\\/03\\\/logo-interreg.png\",\"width\":1200,\"height\":675,\"caption\":\"Interreg Sudoe\"},\"image\":{\"@id\":\"https:\\\/\\\/interreg-sudoe.eu\\\/pt-pt\\\/#\\\/schema\\\/logo\\\/image\\\/\"},\"sameAs\":[\"https:\\\/\\\/www.facebook.com\\\/interregsudoe\",\"https:\\\/\\\/x.com\\\/Sudoe5\",\"https:\\\/\\\/www.youtube.com\\\/channel\\\/UCeGx2edoB32beRc9dbKA2vw\",\"https:\\\/\\\/www.linkedin.com\\\/company\\\/interreg-sudoe-programme\\\/\",\"https:\\\/\\\/www.flickr.com\\\/photos\\\/148704685@N06\\\/\"]}]}<\/script>\n<!-- \/ Yoast SEO plugin. -->","yoast_head_json":{"title":"Lan\u00e7amento do Cyan\u2019EAU, um projeto internacional para a preven\u00e7\u00e3o e dete\u00e7\u00e3o precoce de cianobact\u00e9rias - Interreg Sudoe","robots":{"index":"index","follow":"follow","max-snippet":"max-snippet:-1","max-image-preview":"max-image-preview:large","max-video-preview":"max-video-preview:-1"},"canonical":"https:\/\/interreg-sudoe.eu\/pt-pt\/noticia-proyecto\/lancamento-do-cyaneau-um-projeto-internacional-para-a-prevencao-e-detecao-precoce-de-cianobacterias\/","og_locale":"pt_PT","og_type":"article","og_title":"Lan\u00e7amento do Cyan\u2019EAU, um projeto internacional para a preven\u00e7\u00e3o e dete\u00e7\u00e3o precoce de cianobact\u00e9rias - Interreg Sudoe","og_description":"Um cons\u00f3rcio internacional de institui\u00e7\u00f5es de Espanha, Fran\u00e7a e Portugal impulsiona o projeto Cyan\u2019EAU, financiado pelo programa Interreg Sudoe, com o objetivo de desenvolver solu\u00e7\u00f5es inovadoras para a preven\u00e7\u00e3o, dete\u00e7\u00e3o precoce e remedia\u00e7\u00e3o da prolifera\u00e7\u00e3o de cianobact\u00e9rias nas \u00e1guas interiores do sudoeste da Europa. As cianobact\u00e9rias, organismos comuns do fitopl\u00e2ncton presentes em rios, albufeiras e [&hellip;]","og_url":"https:\/\/interreg-sudoe.eu\/pt-pt\/noticia-proyecto\/lancamento-do-cyaneau-um-projeto-internacional-para-a-prevencao-e-detecao-precoce-de-cianobacterias\/","og_site_name":"Interreg Sudoe","article_publisher":"https:\/\/www.facebook.com\/interregsudoe","article_modified_time":"2026-04-27T10:55:33+00:00","og_image":[{"width":1069,"height":666,"url":"https:\/\/interreg-sudoe.eu\/wp-content\/uploads\/2026\/04\/Foto-noticia-lanzamiento-CyanEAU.png","type":"image\/png"}],"twitter_card":"summary_large_image","twitter_site":"@Sudoe5","twitter_misc":{"Tempo estimado de leitura":"2 minutos"},"schema":{"@context":"https:\/\/schema.org","@graph":[{"@type":"WebPage","@id":"https:\/\/interreg-sudoe.eu\/pt-pt\/noticia-proyecto\/lancamento-do-cyaneau-um-projeto-internacional-para-a-prevencao-e-detecao-precoce-de-cianobacterias\/","url":"https:\/\/interreg-sudoe.eu\/pt-pt\/noticia-proyecto\/lancamento-do-cyaneau-um-projeto-internacional-para-a-prevencao-e-detecao-precoce-de-cianobacterias\/","name":"Lan\u00e7amento do Cyan\u2019EAU, um projeto internacional para a preven\u00e7\u00e3o e dete\u00e7\u00e3o precoce de cianobact\u00e9rias - Interreg Sudoe","isPartOf":{"@id":"https:\/\/interreg-sudoe.eu\/pt-pt\/#website"},"primaryImageOfPage":{"@id":"https:\/\/interreg-sudoe.eu\/pt-pt\/noticia-proyecto\/lancamento-do-cyaneau-um-projeto-internacional-para-a-prevencao-e-detecao-precoce-de-cianobacterias\/#primaryimage"},"image":{"@id":"https:\/\/interreg-sudoe.eu\/pt-pt\/noticia-proyecto\/lancamento-do-cyaneau-um-projeto-internacional-para-a-prevencao-e-detecao-precoce-de-cianobacterias\/#primaryimage"},"thumbnailUrl":"https:\/\/interreg-sudoe.eu\/wp-content\/uploads\/2026\/04\/Foto-noticia-lanzamiento-CyanEAU.png","datePublished":"2025-10-01T10:12:07+00:00","dateModified":"2026-04-27T10:55:33+00:00","breadcrumb":{"@id":"https:\/\/interreg-sudoe.eu\/pt-pt\/noticia-proyecto\/lancamento-do-cyaneau-um-projeto-internacional-para-a-prevencao-e-detecao-precoce-de-cianobacterias\/#breadcrumb"},"inLanguage":"pt-PT","potentialAction":[{"@type":"ReadAction","target":["https:\/\/interreg-sudoe.eu\/pt-pt\/noticia-proyecto\/lancamento-do-cyaneau-um-projeto-internacional-para-a-prevencao-e-detecao-precoce-de-cianobacterias\/"]}]},{"@type":"ImageObject","inLanguage":"pt-PT","@id":"https:\/\/interreg-sudoe.eu\/pt-pt\/noticia-proyecto\/lancamento-do-cyaneau-um-projeto-internacional-para-a-prevencao-e-detecao-precoce-de-cianobacterias\/#primaryimage","url":"https:\/\/interreg-sudoe.eu\/wp-content\/uploads\/2026\/04\/Foto-noticia-lanzamiento-CyanEAU.png","contentUrl":"https:\/\/interreg-sudoe.eu\/wp-content\/uploads\/2026\/04\/Foto-noticia-lanzamiento-CyanEAU.png","width":1069,"height":666},{"@type":"BreadcrumbList","@id":"https:\/\/interreg-sudoe.eu\/pt-pt\/noticia-proyecto\/lancamento-do-cyaneau-um-projeto-internacional-para-a-prevencao-e-detecao-precoce-de-cianobacterias\/#breadcrumb","itemListElement":[{"@type":"ListItem","position":1,"name":"Home","item":"https:\/\/interreg-sudoe.eu\/pt-pt\/"},{"@type":"ListItem","position":2,"name":"Lan\u00e7amento do Cyan\u2019EAU, um projeto internacional para a preven\u00e7\u00e3o e dete\u00e7\u00e3o precoce de cianobact\u00e9rias"}]},{"@type":"WebSite","@id":"https:\/\/interreg-sudoe.eu\/pt-pt\/#website","url":"https:\/\/interreg-sudoe.eu\/pt-pt\/","name":"Interreg Sudoe","description":"Interreg Sudoe","publisher":{"@id":"https:\/\/interreg-sudoe.eu\/pt-pt\/#organization"},"alternateName":"Interreg Sudoe","potentialAction":[{"@type":"SearchAction","target":{"@type":"EntryPoint","urlTemplate":"https:\/\/interreg-sudoe.eu\/pt-pt\/?s={search_term_string}"},"query-input":{"@type":"PropertyValueSpecification","valueRequired":true,"valueName":"search_term_string"}}],"inLanguage":"pt-PT"},{"@type":"Organization","@id":"https:\/\/interreg-sudoe.eu\/pt-pt\/#organization","name":"Interreg Sudoe","alternateName":"Interreg Sudoe","url":"https:\/\/interreg-sudoe.eu\/pt-pt\/","logo":{"@type":"ImageObject","inLanguage":"pt-PT","@id":"https:\/\/interreg-sudoe.eu\/pt-pt\/#\/schema\/logo\/image\/","url":"https:\/\/interreg-sudoe.eu\/wp-content\/uploads\/2024\/03\/logo-interreg.png","contentUrl":"https:\/\/interreg-sudoe.eu\/wp-content\/uploads\/2024\/03\/logo-interreg.png","width":1200,"height":675,"caption":"Interreg Sudoe"},"image":{"@id":"https:\/\/interreg-sudoe.eu\/pt-pt\/#\/schema\/logo\/image\/"},"sameAs":["https:\/\/www.facebook.com\/interregsudoe","https:\/\/x.com\/Sudoe5","https:\/\/www.youtube.com\/channel\/UCeGx2edoB32beRc9dbKA2vw","https:\/\/www.linkedin.com\/company\/interreg-sudoe-programme\/","https:\/\/www.flickr.com\/photos\/148704685@N06\/"]}]}},"_links":{"self":[{"href":"https:\/\/interreg-sudoe.eu\/pt-pt\/wp-json\/wp\/v2\/noticia-proyecto\/64527","targetHints":{"allow":["GET"]}}],"collection":[{"href":"https:\/\/interreg-sudoe.eu\/pt-pt\/wp-json\/wp\/v2\/noticia-proyecto"}],"about":[{"href":"https:\/\/interreg-sudoe.eu\/pt-pt\/wp-json\/wp\/v2\/types\/noticia-proyecto"}],"author":[{"embeddable":true,"href":"https:\/\/interreg-sudoe.eu\/pt-pt\/wp-json\/wp\/v2\/users\/6548"}],"wp:featuredmedia":[{"embeddable":true,"href":"https:\/\/interreg-sudoe.eu\/pt-pt\/wp-json\/wp\/v2\/media\/64523"}],"wp:attachment":[{"href":"https:\/\/interreg-sudoe.eu\/pt-pt\/wp-json\/wp\/v2\/media?parent=64527"}],"curies":[{"name":"wp","href":"https:\/\/api.w.org\/{rel}","templated":true}]}}