{"id":64702,"date":"2025-12-05T12:22:16","date_gmt":"2025-12-05T11:22:16","guid":{"rendered":"https:\/\/interreg-sudoe.eu\/noticia-proyecto\/congreso-internacional-escoitando-o-solo-para-celebrar-el-dia-del-suelo\/"},"modified":"2026-04-27T18:05:14","modified_gmt":"2026-04-27T16:05:14","slug":"congreso-internacional-escoitando-o-solo-para-celebrar-el-dia-del-suelo","status":"publish","type":"noticia-proyecto","link":"https:\/\/interreg-sudoe.eu\/pt-pt\/noticia-proyecto\/congreso-internacional-escoitando-o-solo-para-celebrar-el-dia-del-suelo\/","title":{"rendered":"Congresso Internacional \u201cListening to the Soil\u201d, para assinalar o Dia Mundial do Solo"},"content":{"rendered":"<p>Para assinalar o <strong>Dia Mundial do Solo (5 de dezembro)<\/strong>, o cons\u00f3rcio do projeto Soil&amp;WineResidues coorganizou o Congresso Internacional <strong>\u201cListening to the Soil\u201d<\/strong> na Faculdade de Biologia da Universidade de Santiago de Compostela.<\/p>\n<p>Juan Jos\u00e9 Villaverde, coordenador do projeto e investigador do Grupo de Bioqu\u00edmica e Qualidade do Solo do MBG-CSIC Galicia (entidade l\u00edder), apresentou o projeto Soil&amp;WineResidues no \u00e2mbito de um programa que reuniu mais de 200 participantes de diversos perfis, incluindo cientistas do solo de quatro gera\u00e7\u00f5es, bem como estudantes universit\u00e1rios e do ensino profissional.<\/p>\n<p>O programa incluiu confer\u00eancias cient\u00edficas internacionais, mesas de divulga\u00e7\u00e3o e atividades destinadas a valorizar a import\u00e2ncia do solo como recurso essencial.<\/p>\n<p>O evento contou com a participa\u00e7\u00e3o de especialistas do INRAE, CIEMAT e estudantes de Biologia da Universidade de Santiago de Compostela.<\/p>\n<p>Foi tamb\u00e9m reconhecido o trabalho de Montserrat D\u00edaz Ravi\u00f1a (MBG-CSIC), uma das principais impulsionadoras do congresso, organizado com a colabora\u00e7\u00e3o da DG SECS (Galiza), SECS, USC, CRETUS, Universidade de Vigo e do projeto InBestSoil.<\/p>\n<p>O cons\u00f3rcio \u00e9 composto por: MBG-CSIC (l\u00edder), Aeris, Paco&amp;Lola, Fundaci\u00f3n Juana de Vega, Mancomunidade do Saln\u00e9s, APESA, Vinovalie, CIM Baixo Alentejo, Herdade da Figueirinha, Universidade de Vigo, Universidade de Santiago de Compostela, Universidade Aut\u00f3noma de Barcelona, Universit\u00e9 Clermont Auvergne, Universidade de Lisboa e Universidade de Aveiro.<\/p>\n<p>Todas as pessoas interessadas na gest\u00e3o sustent\u00e1vel da vinha e do solo s\u00e3o convidadas a seguir @soilwineresidues no LinkedIn, Facebook e Instagram para acompanhar os avan\u00e7os do projeto.<\/p>\n","protected":false},"excerpt":{"rendered":"<p>Para conmemorar el D\u00eda del Suelo (5 de diciembre), el consorcio del proyecto Soil&#038;WineResidues coorganiz\u00f3 el Congreso Internacional \u201cEscoitando o Solo \/ Listening to the Soil\u201d en la Facultad de Biolog\u00eda de la Universidade de Santiago de Compostela.<\/p>\n","protected":false},"author":6691,"featured_media":63587,"parent":0,"template":"","meta":{"_acf_changed":false,"content-type":"","_monsterinsights_skip_tracking":false,"_monsterinsights_sitenote_active":false,"_monsterinsights_sitenote_note":"","_monsterinsights_sitenote_category":0},"class_list":["post-64702","noticia-proyecto","type-noticia-proyecto","status-publish","has-post-thumbnail","hentry"],"acf":[],"yoast_head":"<!-- This site is optimized with the Yoast SEO plugin v27.4 - https:\/\/yoast.com\/product\/yoast-seo-wordpress\/ -->\n<title>Congresso Internacional \u201cListening to the Soil\u201d, para assinalar o Dia Mundial do Solo - Interreg Sudoe<\/title>\n<meta name=\"robots\" content=\"index, follow, max-snippet:-1, max-image-preview:large, max-video-preview:-1\" \/>\n<link rel=\"canonical\" href=\"https:\/\/interreg-sudoe.eu\/pt-pt\/noticia-proyecto\/congreso-internacional-escoitando-o-solo-para-celebrar-el-dia-del-suelo\/\" \/>\n<meta property=\"og:locale\" content=\"pt_PT\" \/>\n<meta property=\"og:type\" content=\"article\" \/>\n<meta property=\"og:title\" content=\"Congresso Internacional \u201cListening to the Soil\u201d, para assinalar o Dia Mundial do Solo - Interreg Sudoe\" \/>\n<meta property=\"og:description\" content=\"Para conmemorar el D\u00eda del Suelo (5 de diciembre), el consorcio del proyecto Soil&amp;WineResidues coorganiz\u00f3 el Congreso Internacional \u201cEscoitando o Solo \/ Listening to the Soil\u201d en la Facultad de Biolog\u00eda de la Universidade de Santiago de Compostela.\" \/>\n<meta property=\"og:url\" content=\"https:\/\/interreg-sudoe.eu\/pt-pt\/noticia-proyecto\/congreso-internacional-escoitando-o-solo-para-celebrar-el-dia-del-suelo\/\" \/>\n<meta property=\"og:site_name\" content=\"Interreg Sudoe\" \/>\n<meta property=\"article:publisher\" content=\"https:\/\/www.facebook.com\/interregsudoe\" \/>\n<meta property=\"article:modified_time\" content=\"2026-04-27T16:05:14+00:00\" \/>\n<meta property=\"og:image\" content=\"https:\/\/interreg-sudoe.eu\/wp-content\/uploads\/2026\/04\/Congreso-internacional-escoitando-o-solo.webp\" \/>\n\t<meta property=\"og:image:width\" content=\"1536\" \/>\n\t<meta property=\"og:image:height\" content=\"1172\" \/>\n\t<meta property=\"og:image:type\" content=\"image\/webp\" \/>\n<meta name=\"twitter:card\" content=\"summary_large_image\" \/>\n<meta name=\"twitter:site\" content=\"@Sudoe5\" \/>\n<meta name=\"twitter:label1\" content=\"Tempo estimado de leitura\" \/>\n\t<meta name=\"twitter:data1\" content=\"1 minuto\" \/>\n<script type=\"application\/ld+json\" class=\"yoast-schema-graph\">{\"@context\":\"https:\\\/\\\/schema.org\",\"@graph\":[{\"@type\":\"WebPage\",\"@id\":\"https:\\\/\\\/interreg-sudoe.eu\\\/pt-pt\\\/noticia-proyecto\\\/congreso-internacional-escoitando-o-solo-para-celebrar-el-dia-del-suelo\\\/\",\"url\":\"https:\\\/\\\/interreg-sudoe.eu\\\/pt-pt\\\/noticia-proyecto\\\/congreso-internacional-escoitando-o-solo-para-celebrar-el-dia-del-suelo\\\/\",\"name\":\"Congresso Internacional \u201cListening to the Soil\u201d, para assinalar o Dia Mundial do Solo - Interreg Sudoe\",\"isPartOf\":{\"@id\":\"https:\\\/\\\/interreg-sudoe.eu\\\/pt-pt\\\/#website\"},\"primaryImageOfPage\":{\"@id\":\"https:\\\/\\\/interreg-sudoe.eu\\\/pt-pt\\\/noticia-proyecto\\\/congreso-internacional-escoitando-o-solo-para-celebrar-el-dia-del-suelo\\\/#primaryimage\"},\"image\":{\"@id\":\"https:\\\/\\\/interreg-sudoe.eu\\\/pt-pt\\\/noticia-proyecto\\\/congreso-internacional-escoitando-o-solo-para-celebrar-el-dia-del-suelo\\\/#primaryimage\"},\"thumbnailUrl\":\"https:\\\/\\\/interreg-sudoe.eu\\\/wp-content\\\/uploads\\\/2026\\\/04\\\/Congreso-internacional-escoitando-o-solo.webp\",\"datePublished\":\"2025-12-05T11:22:16+00:00\",\"dateModified\":\"2026-04-27T16:05:14+00:00\",\"breadcrumb\":{\"@id\":\"https:\\\/\\\/interreg-sudoe.eu\\\/pt-pt\\\/noticia-proyecto\\\/congreso-internacional-escoitando-o-solo-para-celebrar-el-dia-del-suelo\\\/#breadcrumb\"},\"inLanguage\":\"pt-PT\",\"potentialAction\":[{\"@type\":\"ReadAction\",\"target\":[\"https:\\\/\\\/interreg-sudoe.eu\\\/pt-pt\\\/noticia-proyecto\\\/congreso-internacional-escoitando-o-solo-para-celebrar-el-dia-del-suelo\\\/\"]}]},{\"@type\":\"ImageObject\",\"inLanguage\":\"pt-PT\",\"@id\":\"https:\\\/\\\/interreg-sudoe.eu\\\/pt-pt\\\/noticia-proyecto\\\/congreso-internacional-escoitando-o-solo-para-celebrar-el-dia-del-suelo\\\/#primaryimage\",\"url\":\"https:\\\/\\\/interreg-sudoe.eu\\\/wp-content\\\/uploads\\\/2026\\\/04\\\/Congreso-internacional-escoitando-o-solo.webp\",\"contentUrl\":\"https:\\\/\\\/interreg-sudoe.eu\\\/wp-content\\\/uploads\\\/2026\\\/04\\\/Congreso-internacional-escoitando-o-solo.webp\",\"width\":1536,\"height\":1172,\"caption\":\"Congreso Internacional \u201cEscoitando o solo\u201d, para celebrar el d\u00eda del suelo\"},{\"@type\":\"BreadcrumbList\",\"@id\":\"https:\\\/\\\/interreg-sudoe.eu\\\/pt-pt\\\/noticia-proyecto\\\/congreso-internacional-escoitando-o-solo-para-celebrar-el-dia-del-suelo\\\/#breadcrumb\",\"itemListElement\":[{\"@type\":\"ListItem\",\"position\":1,\"name\":\"Home\",\"item\":\"https:\\\/\\\/interreg-sudoe.eu\\\/pt-pt\\\/\"},{\"@type\":\"ListItem\",\"position\":2,\"name\":\"Congresso Internacional \u201cListening to the Soil\u201d, para assinalar o Dia Mundial do Solo\"}]},{\"@type\":\"WebSite\",\"@id\":\"https:\\\/\\\/interreg-sudoe.eu\\\/pt-pt\\\/#website\",\"url\":\"https:\\\/\\\/interreg-sudoe.eu\\\/pt-pt\\\/\",\"name\":\"Interreg Sudoe\",\"description\":\"Interreg Sudoe\",\"publisher\":{\"@id\":\"https:\\\/\\\/interreg-sudoe.eu\\\/pt-pt\\\/#organization\"},\"alternateName\":\"Interreg Sudoe\",\"potentialAction\":[{\"@type\":\"SearchAction\",\"target\":{\"@type\":\"EntryPoint\",\"urlTemplate\":\"https:\\\/\\\/interreg-sudoe.eu\\\/pt-pt\\\/?s={search_term_string}\"},\"query-input\":{\"@type\":\"PropertyValueSpecification\",\"valueRequired\":true,\"valueName\":\"search_term_string\"}}],\"inLanguage\":\"pt-PT\"},{\"@type\":\"Organization\",\"@id\":\"https:\\\/\\\/interreg-sudoe.eu\\\/pt-pt\\\/#organization\",\"name\":\"Interreg Sudoe\",\"alternateName\":\"Interreg Sudoe\",\"url\":\"https:\\\/\\\/interreg-sudoe.eu\\\/pt-pt\\\/\",\"logo\":{\"@type\":\"ImageObject\",\"inLanguage\":\"pt-PT\",\"@id\":\"https:\\\/\\\/interreg-sudoe.eu\\\/pt-pt\\\/#\\\/schema\\\/logo\\\/image\\\/\",\"url\":\"https:\\\/\\\/interreg-sudoe.eu\\\/wp-content\\\/uploads\\\/2024\\\/03\\\/logo-interreg.png\",\"contentUrl\":\"https:\\\/\\\/interreg-sudoe.eu\\\/wp-content\\\/uploads\\\/2024\\\/03\\\/logo-interreg.png\",\"width\":1200,\"height\":675,\"caption\":\"Interreg Sudoe\"},\"image\":{\"@id\":\"https:\\\/\\\/interreg-sudoe.eu\\\/pt-pt\\\/#\\\/schema\\\/logo\\\/image\\\/\"},\"sameAs\":[\"https:\\\/\\\/www.facebook.com\\\/interregsudoe\",\"https:\\\/\\\/x.com\\\/Sudoe5\",\"https:\\\/\\\/www.youtube.com\\\/channel\\\/UCeGx2edoB32beRc9dbKA2vw\",\"https:\\\/\\\/www.linkedin.com\\\/company\\\/interreg-sudoe-programme\\\/\",\"https:\\\/\\\/www.flickr.com\\\/photos\\\/148704685@N06\\\/\"]}]}<\/script>\n<!-- \/ Yoast SEO plugin. -->","yoast_head_json":{"title":"Congresso Internacional \u201cListening to the Soil\u201d, para assinalar o Dia Mundial do Solo - Interreg Sudoe","robots":{"index":"index","follow":"follow","max-snippet":"max-snippet:-1","max-image-preview":"max-image-preview:large","max-video-preview":"max-video-preview:-1"},"canonical":"https:\/\/interreg-sudoe.eu\/pt-pt\/noticia-proyecto\/congreso-internacional-escoitando-o-solo-para-celebrar-el-dia-del-suelo\/","og_locale":"pt_PT","og_type":"article","og_title":"Congresso Internacional \u201cListening to the Soil\u201d, para assinalar o Dia Mundial do Solo - Interreg Sudoe","og_description":"Para conmemorar el D\u00eda del Suelo (5 de diciembre), el consorcio del proyecto Soil&WineResidues coorganiz\u00f3 el Congreso Internacional \u201cEscoitando o Solo \/ Listening to the Soil\u201d en la Facultad de Biolog\u00eda de la Universidade de Santiago de Compostela.","og_url":"https:\/\/interreg-sudoe.eu\/pt-pt\/noticia-proyecto\/congreso-internacional-escoitando-o-solo-para-celebrar-el-dia-del-suelo\/","og_site_name":"Interreg Sudoe","article_publisher":"https:\/\/www.facebook.com\/interregsudoe","article_modified_time":"2026-04-27T16:05:14+00:00","og_image":[{"width":1536,"height":1172,"url":"https:\/\/interreg-sudoe.eu\/wp-content\/uploads\/2026\/04\/Congreso-internacional-escoitando-o-solo.webp","type":"image\/webp"}],"twitter_card":"summary_large_image","twitter_site":"@Sudoe5","twitter_misc":{"Tempo estimado de leitura":"1 minuto"},"schema":{"@context":"https:\/\/schema.org","@graph":[{"@type":"WebPage","@id":"https:\/\/interreg-sudoe.eu\/pt-pt\/noticia-proyecto\/congreso-internacional-escoitando-o-solo-para-celebrar-el-dia-del-suelo\/","url":"https:\/\/interreg-sudoe.eu\/pt-pt\/noticia-proyecto\/congreso-internacional-escoitando-o-solo-para-celebrar-el-dia-del-suelo\/","name":"Congresso Internacional \u201cListening to the Soil\u201d, para assinalar o Dia Mundial do Solo - Interreg Sudoe","isPartOf":{"@id":"https:\/\/interreg-sudoe.eu\/pt-pt\/#website"},"primaryImageOfPage":{"@id":"https:\/\/interreg-sudoe.eu\/pt-pt\/noticia-proyecto\/congreso-internacional-escoitando-o-solo-para-celebrar-el-dia-del-suelo\/#primaryimage"},"image":{"@id":"https:\/\/interreg-sudoe.eu\/pt-pt\/noticia-proyecto\/congreso-internacional-escoitando-o-solo-para-celebrar-el-dia-del-suelo\/#primaryimage"},"thumbnailUrl":"https:\/\/interreg-sudoe.eu\/wp-content\/uploads\/2026\/04\/Congreso-internacional-escoitando-o-solo.webp","datePublished":"2025-12-05T11:22:16+00:00","dateModified":"2026-04-27T16:05:14+00:00","breadcrumb":{"@id":"https:\/\/interreg-sudoe.eu\/pt-pt\/noticia-proyecto\/congreso-internacional-escoitando-o-solo-para-celebrar-el-dia-del-suelo\/#breadcrumb"},"inLanguage":"pt-PT","potentialAction":[{"@type":"ReadAction","target":["https:\/\/interreg-sudoe.eu\/pt-pt\/noticia-proyecto\/congreso-internacional-escoitando-o-solo-para-celebrar-el-dia-del-suelo\/"]}]},{"@type":"ImageObject","inLanguage":"pt-PT","@id":"https:\/\/interreg-sudoe.eu\/pt-pt\/noticia-proyecto\/congreso-internacional-escoitando-o-solo-para-celebrar-el-dia-del-suelo\/#primaryimage","url":"https:\/\/interreg-sudoe.eu\/wp-content\/uploads\/2026\/04\/Congreso-internacional-escoitando-o-solo.webp","contentUrl":"https:\/\/interreg-sudoe.eu\/wp-content\/uploads\/2026\/04\/Congreso-internacional-escoitando-o-solo.webp","width":1536,"height":1172,"caption":"Congreso Internacional \u201cEscoitando o solo\u201d, para celebrar el d\u00eda del suelo"},{"@type":"BreadcrumbList","@id":"https:\/\/interreg-sudoe.eu\/pt-pt\/noticia-proyecto\/congreso-internacional-escoitando-o-solo-para-celebrar-el-dia-del-suelo\/#breadcrumb","itemListElement":[{"@type":"ListItem","position":1,"name":"Home","item":"https:\/\/interreg-sudoe.eu\/pt-pt\/"},{"@type":"ListItem","position":2,"name":"Congresso Internacional \u201cListening to the Soil\u201d, para assinalar o Dia Mundial do Solo"}]},{"@type":"WebSite","@id":"https:\/\/interreg-sudoe.eu\/pt-pt\/#website","url":"https:\/\/interreg-sudoe.eu\/pt-pt\/","name":"Interreg Sudoe","description":"Interreg Sudoe","publisher":{"@id":"https:\/\/interreg-sudoe.eu\/pt-pt\/#organization"},"alternateName":"Interreg Sudoe","potentialAction":[{"@type":"SearchAction","target":{"@type":"EntryPoint","urlTemplate":"https:\/\/interreg-sudoe.eu\/pt-pt\/?s={search_term_string}"},"query-input":{"@type":"PropertyValueSpecification","valueRequired":true,"valueName":"search_term_string"}}],"inLanguage":"pt-PT"},{"@type":"Organization","@id":"https:\/\/interreg-sudoe.eu\/pt-pt\/#organization","name":"Interreg Sudoe","alternateName":"Interreg Sudoe","url":"https:\/\/interreg-sudoe.eu\/pt-pt\/","logo":{"@type":"ImageObject","inLanguage":"pt-PT","@id":"https:\/\/interreg-sudoe.eu\/pt-pt\/#\/schema\/logo\/image\/","url":"https:\/\/interreg-sudoe.eu\/wp-content\/uploads\/2024\/03\/logo-interreg.png","contentUrl":"https:\/\/interreg-sudoe.eu\/wp-content\/uploads\/2024\/03\/logo-interreg.png","width":1200,"height":675,"caption":"Interreg Sudoe"},"image":{"@id":"https:\/\/interreg-sudoe.eu\/pt-pt\/#\/schema\/logo\/image\/"},"sameAs":["https:\/\/www.facebook.com\/interregsudoe","https:\/\/x.com\/Sudoe5","https:\/\/www.youtube.com\/channel\/UCeGx2edoB32beRc9dbKA2vw","https:\/\/www.linkedin.com\/company\/interreg-sudoe-programme\/","https:\/\/www.flickr.com\/photos\/148704685@N06\/"]}]}},"_links":{"self":[{"href":"https:\/\/interreg-sudoe.eu\/pt-pt\/wp-json\/wp\/v2\/noticia-proyecto\/64702","targetHints":{"allow":["GET"]}}],"collection":[{"href":"https:\/\/interreg-sudoe.eu\/pt-pt\/wp-json\/wp\/v2\/noticia-proyecto"}],"about":[{"href":"https:\/\/interreg-sudoe.eu\/pt-pt\/wp-json\/wp\/v2\/types\/noticia-proyecto"}],"author":[{"embeddable":true,"href":"https:\/\/interreg-sudoe.eu\/pt-pt\/wp-json\/wp\/v2\/users\/6691"}],"wp:featuredmedia":[{"embeddable":true,"href":"https:\/\/interreg-sudoe.eu\/pt-pt\/wp-json\/wp\/v2\/media\/63587"}],"wp:attachment":[{"href":"https:\/\/interreg-sudoe.eu\/pt-pt\/wp-json\/wp\/v2\/media?parent=64702"}],"curies":[{"name":"wp","href":"https:\/\/api.w.org\/{rel}","templated":true}]}}