{"id":64749,"date":"2026-04-08T13:06:27","date_gmt":"2026-04-08T11:06:27","guid":{"rendered":"https:\/\/interreg-sudoe.eu\/noticia-proyecto\/i-rewater-en-un-minuto-gestion-sostenible-del-agua-para-la-agricultura-de-regadio\/"},"modified":"2026-04-28T10:01:23","modified_gmt":"2026-04-28T08:01:23","slug":"i-rewater-em-um-minuto-gestao-sustentavel-da-agua-para-a-agricultura-de-regadio","status":"publish","type":"noticia-proyecto","link":"https:\/\/interreg-sudoe.eu\/pt-pt\/noticia-proyecto\/i-rewater-em-um-minuto-gestao-sustentavel-da-agua-para-a-agricultura-de-regadio\/","title":{"rendered":"I-ReWater em um minuto: gest\u00e3o sustent\u00e1vel da \u00e1gua para a agricultura de regadio"},"content":{"rendered":"<p data-start=\"85\" data-end=\"394\">Dar uma nova vida \u00e0 \u00e1gua regenerada \u00e9 apostar no futuro \u2014 e tamb\u00e9m no presente \u2014 do setor agr\u00edcola. Com este objetivo trabalha o projeto I-ReWater, uma iniciativa cofinanciada pelo programa Interreg Sudoe que promove uma gest\u00e3o mais sustent\u00e1vel dos recursos h\u00eddricos na agricultura de regadio do espa\u00e7o SUDOE.<\/p>\n<p data-section-id=\"kzknuv\" data-start=\"396\" data-end=\"431\"><strong>Um v\u00eddeo para conhecer o projeto<br \/>\n<\/strong>Atrav\u00e9s deste v\u00eddeo, o I-ReWater apresenta de forma clara e din\u00e2mica os principais desafios e objetivos do projeto, centrados na reutiliza\u00e7\u00e3o da \u00e1gua regenerada como recurso estrat\u00e9gico para o setor agr\u00edcola.<\/p>\n<p data-start=\"643\" data-end=\"863\">A iniciativa procura promover solu\u00e7\u00f5es inovadoras que permitam melhorar a efici\u00eancia no uso da \u00e1gua, refor\u00e7ar a resili\u00eancia do territ\u00f3rio face \u00e0s altera\u00e7\u00f5es clim\u00e1ticas e avan\u00e7ar para modelos produtivos mais sustent\u00e1veis.<\/p>\n<p data-section-id=\"43w66s\" data-start=\"865\" data-end=\"896\"><strong>Dispon\u00edvel em v\u00e1rios idiomas<br \/>\n<\/strong>O v\u00eddeo est\u00e1 dispon\u00edvel em espanhol e tamb\u00e9m pode ser consultado em portugu\u00eas, franc\u00eas e ingl\u00eas atrav\u00e9s do canal oficial de YouTube do projeto.<\/p>\n<p>&nbsp;<\/p>\n<p style=\"text-align: center;\"><iframe title=\"YouTube video player\" src=\"https:\/\/www.youtube.com\/embed\/F939lJjq15U?si=PrZpI78Z8baQ2V7r\" width=\"560\" height=\"315\" frameborder=\"0\" allowfullscreen=\"allowfullscreen\"><\/iframe><\/p>\n<p>&nbsp;<\/p>\n<p data-section-id=\"l4841n\" data-start=\"1043\" data-end=\"1081\"><strong>Compromisso com o futuro do regadio<br \/>\n<\/strong>O I-ReWater trabalha para demonstrar que uma gest\u00e3o respons\u00e1vel da \u00e1gua \u00e9 fundamental para garantir a competitividade do setor agr\u00edcola e a sustentabilidade dos recursos naturais no espa\u00e7o SUDOE.<\/p>\n","protected":false},"excerpt":{"rendered":"<p>O I-ReWater apresenta um v\u00eddeo informativo que resume os principais objetivos do projeto e a sua aposta na reutiliza\u00e7\u00e3o da \u00e1gua regenerada na agricultura de regadio. A pe\u00e7a audiovisual est\u00e1 dispon\u00edvel em espanhol, portugu\u00eas, franc\u00eas e ingl\u00eas.<\/p>\n","protected":false},"author":4973,"featured_media":64561,"parent":0,"template":"","meta":{"_acf_changed":false,"content-type":"","_monsterinsights_skip_tracking":false,"_monsterinsights_sitenote_active":false,"_monsterinsights_sitenote_note":"","_monsterinsights_sitenote_category":0},"class_list":["post-64749","noticia-proyecto","type-noticia-proyecto","status-publish","has-post-thumbnail","hentry"],"acf":[],"yoast_head":"<!-- This site is optimized with the Yoast SEO plugin v27.4 - https:\/\/yoast.com\/product\/yoast-seo-wordpress\/ -->\n<title>I-ReWater em um minuto: gest\u00e3o sustent\u00e1vel da \u00e1gua para a agricultura de regadio - Interreg Sudoe<\/title>\n<meta name=\"robots\" content=\"index, follow, max-snippet:-1, max-image-preview:large, max-video-preview:-1\" \/>\n<link rel=\"canonical\" href=\"https:\/\/interreg-sudoe.eu\/pt-pt\/noticia-proyecto\/i-rewater-em-um-minuto-gestao-sustentavel-da-agua-para-a-agricultura-de-regadio\/\" \/>\n<meta property=\"og:locale\" content=\"pt_PT\" \/>\n<meta property=\"og:type\" content=\"article\" \/>\n<meta property=\"og:title\" content=\"I-ReWater em um minuto: gest\u00e3o sustent\u00e1vel da \u00e1gua para a agricultura de regadio - Interreg Sudoe\" \/>\n<meta property=\"og:description\" content=\"O I-ReWater apresenta um v\u00eddeo informativo que resume os principais objetivos do projeto e a sua aposta na reutiliza\u00e7\u00e3o da \u00e1gua regenerada na agricultura de regadio. A pe\u00e7a audiovisual est\u00e1 dispon\u00edvel em espanhol, portugu\u00eas, franc\u00eas e ingl\u00eas.\" \/>\n<meta property=\"og:url\" content=\"https:\/\/interreg-sudoe.eu\/pt-pt\/noticia-proyecto\/i-rewater-em-um-minuto-gestao-sustentavel-da-agua-para-a-agricultura-de-regadio\/\" \/>\n<meta property=\"og:site_name\" content=\"Interreg Sudoe\" \/>\n<meta property=\"article:publisher\" content=\"https:\/\/www.facebook.com\/interregsudoe\" \/>\n<meta property=\"article:modified_time\" content=\"2026-04-28T08:01:23+00:00\" \/>\n<meta property=\"og:image\" content=\"https:\/\/interreg-sudoe.eu\/wp-content\/uploads\/2026\/04\/Captura-de-pantalla-2026-04-27-a-las-13.07.38.jpg\" \/>\n\t<meta property=\"og:image:width\" content=\"1980\" \/>\n\t<meta property=\"og:image:height\" content=\"1107\" \/>\n\t<meta property=\"og:image:type\" content=\"image\/jpeg\" \/>\n<meta name=\"twitter:card\" content=\"summary_large_image\" \/>\n<meta name=\"twitter:site\" content=\"@Sudoe5\" \/>\n<meta name=\"twitter:label1\" content=\"Tempo estimado de leitura\" \/>\n\t<meta name=\"twitter:data1\" content=\"1 minuto\" \/>\n<script type=\"application\/ld+json\" class=\"yoast-schema-graph\">{\"@context\":\"https:\\\/\\\/schema.org\",\"@graph\":[{\"@type\":\"WebPage\",\"@id\":\"https:\\\/\\\/interreg-sudoe.eu\\\/pt-pt\\\/noticia-proyecto\\\/i-rewater-em-um-minuto-gestao-sustentavel-da-agua-para-a-agricultura-de-regadio\\\/\",\"url\":\"https:\\\/\\\/interreg-sudoe.eu\\\/pt-pt\\\/noticia-proyecto\\\/i-rewater-em-um-minuto-gestao-sustentavel-da-agua-para-a-agricultura-de-regadio\\\/\",\"name\":\"I-ReWater em um minuto: gest\u00e3o sustent\u00e1vel da \u00e1gua para a agricultura de regadio - Interreg Sudoe\",\"isPartOf\":{\"@id\":\"https:\\\/\\\/interreg-sudoe.eu\\\/pt-pt\\\/#website\"},\"primaryImageOfPage\":{\"@id\":\"https:\\\/\\\/interreg-sudoe.eu\\\/pt-pt\\\/noticia-proyecto\\\/i-rewater-em-um-minuto-gestao-sustentavel-da-agua-para-a-agricultura-de-regadio\\\/#primaryimage\"},\"image\":{\"@id\":\"https:\\\/\\\/interreg-sudoe.eu\\\/pt-pt\\\/noticia-proyecto\\\/i-rewater-em-um-minuto-gestao-sustentavel-da-agua-para-a-agricultura-de-regadio\\\/#primaryimage\"},\"thumbnailUrl\":\"https:\\\/\\\/interreg-sudoe.eu\\\/wp-content\\\/uploads\\\/2026\\\/04\\\/Captura-de-pantalla-2026-04-27-a-las-13.07.38.jpg\",\"datePublished\":\"2026-04-08T11:06:27+00:00\",\"dateModified\":\"2026-04-28T08:01:23+00:00\",\"breadcrumb\":{\"@id\":\"https:\\\/\\\/interreg-sudoe.eu\\\/pt-pt\\\/noticia-proyecto\\\/i-rewater-em-um-minuto-gestao-sustentavel-da-agua-para-a-agricultura-de-regadio\\\/#breadcrumb\"},\"inLanguage\":\"pt-PT\",\"potentialAction\":[{\"@type\":\"ReadAction\",\"target\":[\"https:\\\/\\\/interreg-sudoe.eu\\\/pt-pt\\\/noticia-proyecto\\\/i-rewater-em-um-minuto-gestao-sustentavel-da-agua-para-a-agricultura-de-regadio\\\/\"]}]},{\"@type\":\"ImageObject\",\"inLanguage\":\"pt-PT\",\"@id\":\"https:\\\/\\\/interreg-sudoe.eu\\\/pt-pt\\\/noticia-proyecto\\\/i-rewater-em-um-minuto-gestao-sustentavel-da-agua-para-a-agricultura-de-regadio\\\/#primaryimage\",\"url\":\"https:\\\/\\\/interreg-sudoe.eu\\\/wp-content\\\/uploads\\\/2026\\\/04\\\/Captura-de-pantalla-2026-04-27-a-las-13.07.38.jpg\",\"contentUrl\":\"https:\\\/\\\/interreg-sudoe.eu\\\/wp-content\\\/uploads\\\/2026\\\/04\\\/Captura-de-pantalla-2026-04-27-a-las-13.07.38.jpg\",\"width\":1980,\"height\":1107,\"caption\":\"Screenshot\"},{\"@type\":\"BreadcrumbList\",\"@id\":\"https:\\\/\\\/interreg-sudoe.eu\\\/pt-pt\\\/noticia-proyecto\\\/i-rewater-em-um-minuto-gestao-sustentavel-da-agua-para-a-agricultura-de-regadio\\\/#breadcrumb\",\"itemListElement\":[{\"@type\":\"ListItem\",\"position\":1,\"name\":\"Home\",\"item\":\"https:\\\/\\\/interreg-sudoe.eu\\\/pt-pt\\\/\"},{\"@type\":\"ListItem\",\"position\":2,\"name\":\"I-ReWater em um minuto: gest\u00e3o sustent\u00e1vel da \u00e1gua para a agricultura de regadio\"}]},{\"@type\":\"WebSite\",\"@id\":\"https:\\\/\\\/interreg-sudoe.eu\\\/pt-pt\\\/#website\",\"url\":\"https:\\\/\\\/interreg-sudoe.eu\\\/pt-pt\\\/\",\"name\":\"Interreg Sudoe\",\"description\":\"Interreg Sudoe\",\"publisher\":{\"@id\":\"https:\\\/\\\/interreg-sudoe.eu\\\/pt-pt\\\/#organization\"},\"alternateName\":\"Interreg Sudoe\",\"potentialAction\":[{\"@type\":\"SearchAction\",\"target\":{\"@type\":\"EntryPoint\",\"urlTemplate\":\"https:\\\/\\\/interreg-sudoe.eu\\\/pt-pt\\\/?s={search_term_string}\"},\"query-input\":{\"@type\":\"PropertyValueSpecification\",\"valueRequired\":true,\"valueName\":\"search_term_string\"}}],\"inLanguage\":\"pt-PT\"},{\"@type\":\"Organization\",\"@id\":\"https:\\\/\\\/interreg-sudoe.eu\\\/pt-pt\\\/#organization\",\"name\":\"Interreg Sudoe\",\"alternateName\":\"Interreg Sudoe\",\"url\":\"https:\\\/\\\/interreg-sudoe.eu\\\/pt-pt\\\/\",\"logo\":{\"@type\":\"ImageObject\",\"inLanguage\":\"pt-PT\",\"@id\":\"https:\\\/\\\/interreg-sudoe.eu\\\/pt-pt\\\/#\\\/schema\\\/logo\\\/image\\\/\",\"url\":\"https:\\\/\\\/interreg-sudoe.eu\\\/wp-content\\\/uploads\\\/2024\\\/03\\\/logo-interreg.png\",\"contentUrl\":\"https:\\\/\\\/interreg-sudoe.eu\\\/wp-content\\\/uploads\\\/2024\\\/03\\\/logo-interreg.png\",\"width\":1200,\"height\":675,\"caption\":\"Interreg Sudoe\"},\"image\":{\"@id\":\"https:\\\/\\\/interreg-sudoe.eu\\\/pt-pt\\\/#\\\/schema\\\/logo\\\/image\\\/\"},\"sameAs\":[\"https:\\\/\\\/www.facebook.com\\\/interregsudoe\",\"https:\\\/\\\/x.com\\\/Sudoe5\",\"https:\\\/\\\/www.youtube.com\\\/channel\\\/UCeGx2edoB32beRc9dbKA2vw\",\"https:\\\/\\\/www.linkedin.com\\\/company\\\/interreg-sudoe-programme\\\/\",\"https:\\\/\\\/www.flickr.com\\\/photos\\\/148704685@N06\\\/\"]}]}<\/script>\n<!-- \/ Yoast SEO plugin. -->","yoast_head_json":{"title":"I-ReWater em um minuto: gest\u00e3o sustent\u00e1vel da \u00e1gua para a agricultura de regadio - Interreg Sudoe","robots":{"index":"index","follow":"follow","max-snippet":"max-snippet:-1","max-image-preview":"max-image-preview:large","max-video-preview":"max-video-preview:-1"},"canonical":"https:\/\/interreg-sudoe.eu\/pt-pt\/noticia-proyecto\/i-rewater-em-um-minuto-gestao-sustentavel-da-agua-para-a-agricultura-de-regadio\/","og_locale":"pt_PT","og_type":"article","og_title":"I-ReWater em um minuto: gest\u00e3o sustent\u00e1vel da \u00e1gua para a agricultura de regadio - Interreg Sudoe","og_description":"O I-ReWater apresenta um v\u00eddeo informativo que resume os principais objetivos do projeto e a sua aposta na reutiliza\u00e7\u00e3o da \u00e1gua regenerada na agricultura de regadio. A pe\u00e7a audiovisual est\u00e1 dispon\u00edvel em espanhol, portugu\u00eas, franc\u00eas e ingl\u00eas.","og_url":"https:\/\/interreg-sudoe.eu\/pt-pt\/noticia-proyecto\/i-rewater-em-um-minuto-gestao-sustentavel-da-agua-para-a-agricultura-de-regadio\/","og_site_name":"Interreg Sudoe","article_publisher":"https:\/\/www.facebook.com\/interregsudoe","article_modified_time":"2026-04-28T08:01:23+00:00","og_image":[{"width":1980,"height":1107,"url":"https:\/\/interreg-sudoe.eu\/wp-content\/uploads\/2026\/04\/Captura-de-pantalla-2026-04-27-a-las-13.07.38.jpg","type":"image\/jpeg"}],"twitter_card":"summary_large_image","twitter_site":"@Sudoe5","twitter_misc":{"Tempo estimado de leitura":"1 minuto"},"schema":{"@context":"https:\/\/schema.org","@graph":[{"@type":"WebPage","@id":"https:\/\/interreg-sudoe.eu\/pt-pt\/noticia-proyecto\/i-rewater-em-um-minuto-gestao-sustentavel-da-agua-para-a-agricultura-de-regadio\/","url":"https:\/\/interreg-sudoe.eu\/pt-pt\/noticia-proyecto\/i-rewater-em-um-minuto-gestao-sustentavel-da-agua-para-a-agricultura-de-regadio\/","name":"I-ReWater em um minuto: gest\u00e3o sustent\u00e1vel da \u00e1gua para a agricultura de regadio - Interreg Sudoe","isPartOf":{"@id":"https:\/\/interreg-sudoe.eu\/pt-pt\/#website"},"primaryImageOfPage":{"@id":"https:\/\/interreg-sudoe.eu\/pt-pt\/noticia-proyecto\/i-rewater-em-um-minuto-gestao-sustentavel-da-agua-para-a-agricultura-de-regadio\/#primaryimage"},"image":{"@id":"https:\/\/interreg-sudoe.eu\/pt-pt\/noticia-proyecto\/i-rewater-em-um-minuto-gestao-sustentavel-da-agua-para-a-agricultura-de-regadio\/#primaryimage"},"thumbnailUrl":"https:\/\/interreg-sudoe.eu\/wp-content\/uploads\/2026\/04\/Captura-de-pantalla-2026-04-27-a-las-13.07.38.jpg","datePublished":"2026-04-08T11:06:27+00:00","dateModified":"2026-04-28T08:01:23+00:00","breadcrumb":{"@id":"https:\/\/interreg-sudoe.eu\/pt-pt\/noticia-proyecto\/i-rewater-em-um-minuto-gestao-sustentavel-da-agua-para-a-agricultura-de-regadio\/#breadcrumb"},"inLanguage":"pt-PT","potentialAction":[{"@type":"ReadAction","target":["https:\/\/interreg-sudoe.eu\/pt-pt\/noticia-proyecto\/i-rewater-em-um-minuto-gestao-sustentavel-da-agua-para-a-agricultura-de-regadio\/"]}]},{"@type":"ImageObject","inLanguage":"pt-PT","@id":"https:\/\/interreg-sudoe.eu\/pt-pt\/noticia-proyecto\/i-rewater-em-um-minuto-gestao-sustentavel-da-agua-para-a-agricultura-de-regadio\/#primaryimage","url":"https:\/\/interreg-sudoe.eu\/wp-content\/uploads\/2026\/04\/Captura-de-pantalla-2026-04-27-a-las-13.07.38.jpg","contentUrl":"https:\/\/interreg-sudoe.eu\/wp-content\/uploads\/2026\/04\/Captura-de-pantalla-2026-04-27-a-las-13.07.38.jpg","width":1980,"height":1107,"caption":"Screenshot"},{"@type":"BreadcrumbList","@id":"https:\/\/interreg-sudoe.eu\/pt-pt\/noticia-proyecto\/i-rewater-em-um-minuto-gestao-sustentavel-da-agua-para-a-agricultura-de-regadio\/#breadcrumb","itemListElement":[{"@type":"ListItem","position":1,"name":"Home","item":"https:\/\/interreg-sudoe.eu\/pt-pt\/"},{"@type":"ListItem","position":2,"name":"I-ReWater em um minuto: gest\u00e3o sustent\u00e1vel da \u00e1gua para a agricultura de regadio"}]},{"@type":"WebSite","@id":"https:\/\/interreg-sudoe.eu\/pt-pt\/#website","url":"https:\/\/interreg-sudoe.eu\/pt-pt\/","name":"Interreg Sudoe","description":"Interreg Sudoe","publisher":{"@id":"https:\/\/interreg-sudoe.eu\/pt-pt\/#organization"},"alternateName":"Interreg Sudoe","potentialAction":[{"@type":"SearchAction","target":{"@type":"EntryPoint","urlTemplate":"https:\/\/interreg-sudoe.eu\/pt-pt\/?s={search_term_string}"},"query-input":{"@type":"PropertyValueSpecification","valueRequired":true,"valueName":"search_term_string"}}],"inLanguage":"pt-PT"},{"@type":"Organization","@id":"https:\/\/interreg-sudoe.eu\/pt-pt\/#organization","name":"Interreg Sudoe","alternateName":"Interreg Sudoe","url":"https:\/\/interreg-sudoe.eu\/pt-pt\/","logo":{"@type":"ImageObject","inLanguage":"pt-PT","@id":"https:\/\/interreg-sudoe.eu\/pt-pt\/#\/schema\/logo\/image\/","url":"https:\/\/interreg-sudoe.eu\/wp-content\/uploads\/2024\/03\/logo-interreg.png","contentUrl":"https:\/\/interreg-sudoe.eu\/wp-content\/uploads\/2024\/03\/logo-interreg.png","width":1200,"height":675,"caption":"Interreg Sudoe"},"image":{"@id":"https:\/\/interreg-sudoe.eu\/pt-pt\/#\/schema\/logo\/image\/"},"sameAs":["https:\/\/www.facebook.com\/interregsudoe","https:\/\/x.com\/Sudoe5","https:\/\/www.youtube.com\/channel\/UCeGx2edoB32beRc9dbKA2vw","https:\/\/www.linkedin.com\/company\/interreg-sudoe-programme\/","https:\/\/www.flickr.com\/photos\/148704685@N06\/"]}]}},"_links":{"self":[{"href":"https:\/\/interreg-sudoe.eu\/pt-pt\/wp-json\/wp\/v2\/noticia-proyecto\/64749","targetHints":{"allow":["GET"]}}],"collection":[{"href":"https:\/\/interreg-sudoe.eu\/pt-pt\/wp-json\/wp\/v2\/noticia-proyecto"}],"about":[{"href":"https:\/\/interreg-sudoe.eu\/pt-pt\/wp-json\/wp\/v2\/types\/noticia-proyecto"}],"author":[{"embeddable":true,"href":"https:\/\/interreg-sudoe.eu\/pt-pt\/wp-json\/wp\/v2\/users\/4973"}],"wp:featuredmedia":[{"embeddable":true,"href":"https:\/\/interreg-sudoe.eu\/pt-pt\/wp-json\/wp\/v2\/media\/64561"}],"wp:attachment":[{"href":"https:\/\/interreg-sudoe.eu\/pt-pt\/wp-json\/wp\/v2\/media?parent=64749"}],"curies":[{"name":"wp","href":"https:\/\/api.w.org\/{rel}","templated":true}]}}