{"id":64772,"date":"2026-04-28T10:12:45","date_gmt":"2026-04-28T08:12:45","guid":{"rendered":"https:\/\/interreg-sudoe.eu\/?post_type=noticia-proyecto&#038;p=64772"},"modified":"2026-04-28T10:53:16","modified_gmt":"2026-04-28T08:53:16","slug":"jornada-de-sensibilizacao-do-projeto-i-rewater-no-campus-terra-de-lugo","status":"publish","type":"noticia-proyecto","link":"https:\/\/interreg-sudoe.eu\/pt-pt\/noticia-proyecto\/jornada-de-sensibilizacao-do-projeto-i-rewater-no-campus-terra-de-lugo\/","title":{"rendered":"Jornada de sensibiliza\u00e7\u00e3o do projeto I-ReWater no Campus Terra de Lugo"},"content":{"rendered":"<p data-start=\"4353\" data-end=\"4826\">O projeto I-ReWater, cofinanciado pelo programa Interreg Sudoe, realizou uma nova jornada de sensibiliza\u00e7\u00e3o no <a href=\"https:\/\/www.usc.gal\/gl\/campusterra\">Campus Terra de Lugo<\/a> da Universidade de Santiago de Compostela, na Cafetaria de Humanidades do Complexo Docente. A atividade permitiu aproximar a comunidade universit\u00e1ria dos principais objetivos do projeto, centrados na gest\u00e3o sustent\u00e1vel dos recursos h\u00eddricos na agricultura de regadio e na valoriza\u00e7\u00e3o da \u00e1gua regenerada como recurso estrat\u00e9gico para o setor.<\/p>\n<p data-start=\"4353\" data-end=\"4826\">\n<p data-start=\"4828\" data-end=\"4872\" data-section-id=\"a67hfe\"><strong>Divulga\u00e7\u00e3o sobre o uso da \u00e1gua regenerada<br \/>\n<\/strong>Durante a sess\u00e3o, foram apresentadas as principais caracter\u00edsticas da \u00e1gua regenerada, bem como as suas poss\u00edveis aplica\u00e7\u00f5es na agricultura, destacando o seu potencial para promover uma utiliza\u00e7\u00e3o mais eficiente e sustent\u00e1vel da \u00e1gua num contexto marcado pelos desafios clim\u00e1ticos e pela necessidade de otimizar os recursos dispon\u00edveis.<\/p>\n<p data-start=\"4828\" data-end=\"4872\" data-section-id=\"a67hfe\">\n<p data-start=\"5212\" data-end=\"5280\" data-section-id=\"oztrhc\"><strong>Prova de cervejas experimentais elaboradas com l\u00fapulo dos pilotos<\/strong><\/p>\n<p><img fetchpriority=\"high\" decoding=\"async\" class=\"wp-image-64764 aligncenter\" src=\"https:\/\/interreg-sudoe.eu\/wp-content\/uploads\/2026\/04\/I-ReWater_JornadaSensibilizacionCampusTerra02-1.jpg\" alt=\"\" width=\"551\" height=\"734\" srcset=\"https:\/\/interreg-sudoe.eu\/wp-content\/uploads\/2026\/04\/I-ReWater_JornadaSensibilizacionCampusTerra02-1.jpg 1280w, https:\/\/interreg-sudoe.eu\/wp-content\/uploads\/2026\/04\/I-ReWater_JornadaSensibilizacionCampusTerra02-1-225x300.jpg 225w, https:\/\/interreg-sudoe.eu\/wp-content\/uploads\/2026\/04\/I-ReWater_JornadaSensibilizacionCampusTerra02-1-768x1024.jpg 768w, https:\/\/interreg-sudoe.eu\/wp-content\/uploads\/2026\/04\/I-ReWater_JornadaSensibilizacionCampusTerra02-1-1152x1536.jpg 1152w\" sizes=\"(max-width: 551px) 100vw, 551px\" \/><\/p>\n<p>&nbsp;<\/p>\n<p data-start=\"5282\" data-end=\"5602\">Como parte da jornada, os participantes participaram numa prova de cervejas experimentais elaboradas pela cervejeira artesanal ecol\u00f3gica <a href=\"https:\/\/bubela.gal\/castellano\/\">Bubela Artes\u00e1<\/a>. Estas cervejas foram produzidas com l\u00fapulos provenientes de duas a\u00e7\u00f5es piloto do projeto, localizadas em Presedo e Cubillos del Sil, correspondentes \u00e0 campanha de 2025.<\/p>\n<p data-start=\"5282\" data-end=\"5602\">\n<p data-start=\"5604\" data-end=\"5641\" data-section-id=\"2wy0t\"><strong>Colabora\u00e7\u00e3o e participa\u00e7\u00e3o juvenil<br \/>\n<\/strong>A Funda\u00e7\u00e3o agradece a colabora\u00e7\u00e3o de Iker Falc\u00f3n Caz\u00e1s na coorganiza\u00e7\u00e3o desta atividade, desenvolvida no \u00e2mbito do <a href=\"https:\/\/www.interregyouth.com\/\">programa Interreg Volunteer Youth<\/a>. Com iniciativas como esta, o I-ReWater continua a impulsionar a\u00e7\u00f5es de divulga\u00e7\u00e3o e participa\u00e7\u00e3o para aproximar a inova\u00e7\u00e3o, a sustentabilidade e o aproveitamento respons\u00e1vel da \u00e1gua da cidadania.<\/p>\n","protected":false},"excerpt":{"rendered":"<p>O projeto I-ReWater realizou uma jornada de sensibiliza\u00e7\u00e3o no Campus Terra de Lugo para divulgar o potencial da \u00e1gua regenerada na agricultura de regadio. A atividade incluiu ainda uma prova de cervejas experimentais elaboradas com l\u00fapulo proveniente das a\u00e7\u00f5es piloto do projeto.<\/p>\n","protected":false},"author":4973,"featured_media":64763,"parent":0,"template":"","meta":{"_acf_changed":false,"content-type":"","_monsterinsights_skip_tracking":false,"_monsterinsights_sitenote_active":false,"_monsterinsights_sitenote_note":"","_monsterinsights_sitenote_category":0},"class_list":["post-64772","noticia-proyecto","type-noticia-proyecto","status-publish","has-post-thumbnail","hentry"],"acf":[],"yoast_head":"<!-- This site is optimized with the Yoast SEO plugin v27.4 - https:\/\/yoast.com\/product\/yoast-seo-wordpress\/ -->\n<title>Jornada de sensibiliza\u00e7\u00e3o do projeto I-ReWater no Campus Terra de Lugo - Interreg Sudoe<\/title>\n<meta name=\"robots\" content=\"index, follow, max-snippet:-1, max-image-preview:large, max-video-preview:-1\" \/>\n<link rel=\"canonical\" href=\"https:\/\/interreg-sudoe.eu\/pt-pt\/noticia-proyecto\/jornada-de-sensibilizacao-do-projeto-i-rewater-no-campus-terra-de-lugo\/\" \/>\n<meta property=\"og:locale\" content=\"pt_PT\" \/>\n<meta property=\"og:type\" content=\"article\" \/>\n<meta property=\"og:title\" content=\"Jornada de sensibiliza\u00e7\u00e3o do projeto I-ReWater no Campus Terra de Lugo - Interreg Sudoe\" \/>\n<meta property=\"og:description\" content=\"O projeto I-ReWater realizou uma jornada de sensibiliza\u00e7\u00e3o no Campus Terra de Lugo para divulgar o potencial da \u00e1gua regenerada na agricultura de regadio. A atividade incluiu ainda uma prova de cervejas experimentais elaboradas com l\u00fapulo proveniente das a\u00e7\u00f5es piloto do projeto.\" \/>\n<meta property=\"og:url\" content=\"https:\/\/interreg-sudoe.eu\/pt-pt\/noticia-proyecto\/jornada-de-sensibilizacao-do-projeto-i-rewater-no-campus-terra-de-lugo\/\" \/>\n<meta property=\"og:site_name\" content=\"Interreg Sudoe\" \/>\n<meta property=\"article:publisher\" content=\"https:\/\/www.facebook.com\/interregsudoe\" \/>\n<meta property=\"article:modified_time\" content=\"2026-04-28T08:53:16+00:00\" \/>\n<meta property=\"og:image\" content=\"https:\/\/interreg-sudoe.eu\/wp-content\/uploads\/2026\/04\/Diseno-sin-titulo-2-1.jpg\" \/>\n\t<meta property=\"og:image:width\" content=\"1140\" \/>\n\t<meta property=\"og:image:height\" content=\"640\" \/>\n\t<meta property=\"og:image:type\" content=\"image\/jpeg\" \/>\n<meta name=\"twitter:card\" content=\"summary_large_image\" \/>\n<meta name=\"twitter:site\" content=\"@Sudoe5\" \/>\n<meta name=\"twitter:label1\" content=\"Tempo estimado de leitura\" \/>\n\t<meta name=\"twitter:data1\" content=\"1 minuto\" \/>\n<script type=\"application\/ld+json\" class=\"yoast-schema-graph\">{\"@context\":\"https:\\\/\\\/schema.org\",\"@graph\":[{\"@type\":\"WebPage\",\"@id\":\"https:\\\/\\\/interreg-sudoe.eu\\\/pt-pt\\\/noticia-proyecto\\\/jornada-de-sensibilizacao-do-projeto-i-rewater-no-campus-terra-de-lugo\\\/\",\"url\":\"https:\\\/\\\/interreg-sudoe.eu\\\/pt-pt\\\/noticia-proyecto\\\/jornada-de-sensibilizacao-do-projeto-i-rewater-no-campus-terra-de-lugo\\\/\",\"name\":\"Jornada de sensibiliza\u00e7\u00e3o do projeto I-ReWater no Campus Terra de Lugo - Interreg Sudoe\",\"isPartOf\":{\"@id\":\"https:\\\/\\\/interreg-sudoe.eu\\\/pt-pt\\\/#website\"},\"primaryImageOfPage\":{\"@id\":\"https:\\\/\\\/interreg-sudoe.eu\\\/pt-pt\\\/noticia-proyecto\\\/jornada-de-sensibilizacao-do-projeto-i-rewater-no-campus-terra-de-lugo\\\/#primaryimage\"},\"image\":{\"@id\":\"https:\\\/\\\/interreg-sudoe.eu\\\/pt-pt\\\/noticia-proyecto\\\/jornada-de-sensibilizacao-do-projeto-i-rewater-no-campus-terra-de-lugo\\\/#primaryimage\"},\"thumbnailUrl\":\"https:\\\/\\\/interreg-sudoe.eu\\\/wp-content\\\/uploads\\\/2026\\\/04\\\/Diseno-sin-titulo-2-1.jpg\",\"datePublished\":\"2026-04-28T08:12:45+00:00\",\"dateModified\":\"2026-04-28T08:53:16+00:00\",\"breadcrumb\":{\"@id\":\"https:\\\/\\\/interreg-sudoe.eu\\\/pt-pt\\\/noticia-proyecto\\\/jornada-de-sensibilizacao-do-projeto-i-rewater-no-campus-terra-de-lugo\\\/#breadcrumb\"},\"inLanguage\":\"pt-PT\",\"potentialAction\":[{\"@type\":\"ReadAction\",\"target\":[\"https:\\\/\\\/interreg-sudoe.eu\\\/pt-pt\\\/noticia-proyecto\\\/jornada-de-sensibilizacao-do-projeto-i-rewater-no-campus-terra-de-lugo\\\/\"]}]},{\"@type\":\"ImageObject\",\"inLanguage\":\"pt-PT\",\"@id\":\"https:\\\/\\\/interreg-sudoe.eu\\\/pt-pt\\\/noticia-proyecto\\\/jornada-de-sensibilizacao-do-projeto-i-rewater-no-campus-terra-de-lugo\\\/#primaryimage\",\"url\":\"https:\\\/\\\/interreg-sudoe.eu\\\/wp-content\\\/uploads\\\/2026\\\/04\\\/Diseno-sin-titulo-2-1.jpg\",\"contentUrl\":\"https:\\\/\\\/interreg-sudoe.eu\\\/wp-content\\\/uploads\\\/2026\\\/04\\\/Diseno-sin-titulo-2-1.jpg\",\"width\":1140,\"height\":640},{\"@type\":\"BreadcrumbList\",\"@id\":\"https:\\\/\\\/interreg-sudoe.eu\\\/pt-pt\\\/noticia-proyecto\\\/jornada-de-sensibilizacao-do-projeto-i-rewater-no-campus-terra-de-lugo\\\/#breadcrumb\",\"itemListElement\":[{\"@type\":\"ListItem\",\"position\":1,\"name\":\"Home\",\"item\":\"https:\\\/\\\/interreg-sudoe.eu\\\/pt-pt\\\/\"},{\"@type\":\"ListItem\",\"position\":2,\"name\":\"Jornada de sensibiliza\u00e7\u00e3o do projeto I-ReWater no Campus Terra de Lugo\"}]},{\"@type\":\"WebSite\",\"@id\":\"https:\\\/\\\/interreg-sudoe.eu\\\/pt-pt\\\/#website\",\"url\":\"https:\\\/\\\/interreg-sudoe.eu\\\/pt-pt\\\/\",\"name\":\"Interreg Sudoe\",\"description\":\"Interreg Sudoe\",\"publisher\":{\"@id\":\"https:\\\/\\\/interreg-sudoe.eu\\\/pt-pt\\\/#organization\"},\"alternateName\":\"Interreg Sudoe\",\"potentialAction\":[{\"@type\":\"SearchAction\",\"target\":{\"@type\":\"EntryPoint\",\"urlTemplate\":\"https:\\\/\\\/interreg-sudoe.eu\\\/pt-pt\\\/?s={search_term_string}\"},\"query-input\":{\"@type\":\"PropertyValueSpecification\",\"valueRequired\":true,\"valueName\":\"search_term_string\"}}],\"inLanguage\":\"pt-PT\"},{\"@type\":\"Organization\",\"@id\":\"https:\\\/\\\/interreg-sudoe.eu\\\/pt-pt\\\/#organization\",\"name\":\"Interreg Sudoe\",\"alternateName\":\"Interreg Sudoe\",\"url\":\"https:\\\/\\\/interreg-sudoe.eu\\\/pt-pt\\\/\",\"logo\":{\"@type\":\"ImageObject\",\"inLanguage\":\"pt-PT\",\"@id\":\"https:\\\/\\\/interreg-sudoe.eu\\\/pt-pt\\\/#\\\/schema\\\/logo\\\/image\\\/\",\"url\":\"https:\\\/\\\/interreg-sudoe.eu\\\/wp-content\\\/uploads\\\/2024\\\/03\\\/logo-interreg.png\",\"contentUrl\":\"https:\\\/\\\/interreg-sudoe.eu\\\/wp-content\\\/uploads\\\/2024\\\/03\\\/logo-interreg.png\",\"width\":1200,\"height\":675,\"caption\":\"Interreg Sudoe\"},\"image\":{\"@id\":\"https:\\\/\\\/interreg-sudoe.eu\\\/pt-pt\\\/#\\\/schema\\\/logo\\\/image\\\/\"},\"sameAs\":[\"https:\\\/\\\/www.facebook.com\\\/interregsudoe\",\"https:\\\/\\\/x.com\\\/Sudoe5\",\"https:\\\/\\\/www.youtube.com\\\/channel\\\/UCeGx2edoB32beRc9dbKA2vw\",\"https:\\\/\\\/www.linkedin.com\\\/company\\\/interreg-sudoe-programme\\\/\",\"https:\\\/\\\/www.flickr.com\\\/photos\\\/148704685@N06\\\/\"]}]}<\/script>\n<!-- \/ Yoast SEO plugin. -->","yoast_head_json":{"title":"Jornada de sensibiliza\u00e7\u00e3o do projeto I-ReWater no Campus Terra de Lugo - Interreg Sudoe","robots":{"index":"index","follow":"follow","max-snippet":"max-snippet:-1","max-image-preview":"max-image-preview:large","max-video-preview":"max-video-preview:-1"},"canonical":"https:\/\/interreg-sudoe.eu\/pt-pt\/noticia-proyecto\/jornada-de-sensibilizacao-do-projeto-i-rewater-no-campus-terra-de-lugo\/","og_locale":"pt_PT","og_type":"article","og_title":"Jornada de sensibiliza\u00e7\u00e3o do projeto I-ReWater no Campus Terra de Lugo - Interreg Sudoe","og_description":"O projeto I-ReWater realizou uma jornada de sensibiliza\u00e7\u00e3o no Campus Terra de Lugo para divulgar o potencial da \u00e1gua regenerada na agricultura de regadio. A atividade incluiu ainda uma prova de cervejas experimentais elaboradas com l\u00fapulo proveniente das a\u00e7\u00f5es piloto do projeto.","og_url":"https:\/\/interreg-sudoe.eu\/pt-pt\/noticia-proyecto\/jornada-de-sensibilizacao-do-projeto-i-rewater-no-campus-terra-de-lugo\/","og_site_name":"Interreg Sudoe","article_publisher":"https:\/\/www.facebook.com\/interregsudoe","article_modified_time":"2026-04-28T08:53:16+00:00","og_image":[{"width":1140,"height":640,"url":"https:\/\/interreg-sudoe.eu\/wp-content\/uploads\/2026\/04\/Diseno-sin-titulo-2-1.jpg","type":"image\/jpeg"}],"twitter_card":"summary_large_image","twitter_site":"@Sudoe5","twitter_misc":{"Tempo estimado de leitura":"1 minuto"},"schema":{"@context":"https:\/\/schema.org","@graph":[{"@type":"WebPage","@id":"https:\/\/interreg-sudoe.eu\/pt-pt\/noticia-proyecto\/jornada-de-sensibilizacao-do-projeto-i-rewater-no-campus-terra-de-lugo\/","url":"https:\/\/interreg-sudoe.eu\/pt-pt\/noticia-proyecto\/jornada-de-sensibilizacao-do-projeto-i-rewater-no-campus-terra-de-lugo\/","name":"Jornada de sensibiliza\u00e7\u00e3o do projeto I-ReWater no Campus Terra de Lugo - Interreg Sudoe","isPartOf":{"@id":"https:\/\/interreg-sudoe.eu\/pt-pt\/#website"},"primaryImageOfPage":{"@id":"https:\/\/interreg-sudoe.eu\/pt-pt\/noticia-proyecto\/jornada-de-sensibilizacao-do-projeto-i-rewater-no-campus-terra-de-lugo\/#primaryimage"},"image":{"@id":"https:\/\/interreg-sudoe.eu\/pt-pt\/noticia-proyecto\/jornada-de-sensibilizacao-do-projeto-i-rewater-no-campus-terra-de-lugo\/#primaryimage"},"thumbnailUrl":"https:\/\/interreg-sudoe.eu\/wp-content\/uploads\/2026\/04\/Diseno-sin-titulo-2-1.jpg","datePublished":"2026-04-28T08:12:45+00:00","dateModified":"2026-04-28T08:53:16+00:00","breadcrumb":{"@id":"https:\/\/interreg-sudoe.eu\/pt-pt\/noticia-proyecto\/jornada-de-sensibilizacao-do-projeto-i-rewater-no-campus-terra-de-lugo\/#breadcrumb"},"inLanguage":"pt-PT","potentialAction":[{"@type":"ReadAction","target":["https:\/\/interreg-sudoe.eu\/pt-pt\/noticia-proyecto\/jornada-de-sensibilizacao-do-projeto-i-rewater-no-campus-terra-de-lugo\/"]}]},{"@type":"ImageObject","inLanguage":"pt-PT","@id":"https:\/\/interreg-sudoe.eu\/pt-pt\/noticia-proyecto\/jornada-de-sensibilizacao-do-projeto-i-rewater-no-campus-terra-de-lugo\/#primaryimage","url":"https:\/\/interreg-sudoe.eu\/wp-content\/uploads\/2026\/04\/Diseno-sin-titulo-2-1.jpg","contentUrl":"https:\/\/interreg-sudoe.eu\/wp-content\/uploads\/2026\/04\/Diseno-sin-titulo-2-1.jpg","width":1140,"height":640},{"@type":"BreadcrumbList","@id":"https:\/\/interreg-sudoe.eu\/pt-pt\/noticia-proyecto\/jornada-de-sensibilizacao-do-projeto-i-rewater-no-campus-terra-de-lugo\/#breadcrumb","itemListElement":[{"@type":"ListItem","position":1,"name":"Home","item":"https:\/\/interreg-sudoe.eu\/pt-pt\/"},{"@type":"ListItem","position":2,"name":"Jornada de sensibiliza\u00e7\u00e3o do projeto I-ReWater no Campus Terra de Lugo"}]},{"@type":"WebSite","@id":"https:\/\/interreg-sudoe.eu\/pt-pt\/#website","url":"https:\/\/interreg-sudoe.eu\/pt-pt\/","name":"Interreg Sudoe","description":"Interreg Sudoe","publisher":{"@id":"https:\/\/interreg-sudoe.eu\/pt-pt\/#organization"},"alternateName":"Interreg Sudoe","potentialAction":[{"@type":"SearchAction","target":{"@type":"EntryPoint","urlTemplate":"https:\/\/interreg-sudoe.eu\/pt-pt\/?s={search_term_string}"},"query-input":{"@type":"PropertyValueSpecification","valueRequired":true,"valueName":"search_term_string"}}],"inLanguage":"pt-PT"},{"@type":"Organization","@id":"https:\/\/interreg-sudoe.eu\/pt-pt\/#organization","name":"Interreg Sudoe","alternateName":"Interreg Sudoe","url":"https:\/\/interreg-sudoe.eu\/pt-pt\/","logo":{"@type":"ImageObject","inLanguage":"pt-PT","@id":"https:\/\/interreg-sudoe.eu\/pt-pt\/#\/schema\/logo\/image\/","url":"https:\/\/interreg-sudoe.eu\/wp-content\/uploads\/2024\/03\/logo-interreg.png","contentUrl":"https:\/\/interreg-sudoe.eu\/wp-content\/uploads\/2024\/03\/logo-interreg.png","width":1200,"height":675,"caption":"Interreg Sudoe"},"image":{"@id":"https:\/\/interreg-sudoe.eu\/pt-pt\/#\/schema\/logo\/image\/"},"sameAs":["https:\/\/www.facebook.com\/interregsudoe","https:\/\/x.com\/Sudoe5","https:\/\/www.youtube.com\/channel\/UCeGx2edoB32beRc9dbKA2vw","https:\/\/www.linkedin.com\/company\/interreg-sudoe-programme\/","https:\/\/www.flickr.com\/photos\/148704685@N06\/"]}]}},"_links":{"self":[{"href":"https:\/\/interreg-sudoe.eu\/pt-pt\/wp-json\/wp\/v2\/noticia-proyecto\/64772","targetHints":{"allow":["GET"]}}],"collection":[{"href":"https:\/\/interreg-sudoe.eu\/pt-pt\/wp-json\/wp\/v2\/noticia-proyecto"}],"about":[{"href":"https:\/\/interreg-sudoe.eu\/pt-pt\/wp-json\/wp\/v2\/types\/noticia-proyecto"}],"author":[{"embeddable":true,"href":"https:\/\/interreg-sudoe.eu\/pt-pt\/wp-json\/wp\/v2\/users\/4973"}],"wp:featuredmedia":[{"embeddable":true,"href":"https:\/\/interreg-sudoe.eu\/pt-pt\/wp-json\/wp\/v2\/media\/64763"}],"wp:attachment":[{"href":"https:\/\/interreg-sudoe.eu\/pt-pt\/wp-json\/wp\/v2\/media?parent=64772"}],"curies":[{"name":"wp","href":"https:\/\/api.w.org\/{rel}","templated":true}]}}