{"id":64815,"date":"2026-04-28T11:02:23","date_gmt":"2026-04-28T09:02:23","guid":{"rendered":"https:\/\/interreg-sudoe.eu\/noticia-proyecto\/i-rewater-refuerza-su-presencia-en-eventos-sectoriales-sobre-innovacion-y-reutilizacion-del-agua\/"},"modified":"2026-04-28T12:08:31","modified_gmt":"2026-04-28T10:08:31","slug":"i-rewater-reforca-a-sua-presenca-em-eventos-setoriais-sobre-inovacao-e-reutilizacao-da-agua","status":"publish","type":"noticia-proyecto","link":"https:\/\/interreg-sudoe.eu\/pt-pt\/noticia-proyecto\/i-rewater-reforca-a-sua-presenca-em-eventos-setoriais-sobre-inovacao-e-reutilizacao-da-agua\/","title":{"rendered":"I-ReWater refor\u00e7a a sua presen\u00e7a em eventos setoriais sobre inova\u00e7\u00e3o e reutiliza\u00e7\u00e3o da \u00e1gua"},"content":{"rendered":"<p data-start=\"6486\" data-end=\"6927\">O projeto I-ReWater continua a divulgar os seus avan\u00e7os e resultados atrav\u00e9s da participa\u00e7\u00e3o em encontros t\u00e9cnicos e f\u00f3runs especializados ligados \u00e0 gest\u00e3o sustent\u00e1vel da \u00e1gua e \u00e0 inova\u00e7\u00e3o no setor agroalimentar. Durante o m\u00eas de mar\u00e7o, representantes do cons\u00f3rcio participam em diferentes eventos de refer\u00eancia em Espanha e Portugal para partilhar o trabalho desenvolvido em torno da utiliza\u00e7\u00e3o de \u00e1gua regenerada na agricultura de regadio.<\/p>\n<p data-section-id=\"cd05ae\" data-start=\"6929\" data-end=\"6999\"><strong>18 de mar\u00e7o: participa\u00e7\u00e3o no VIII Water Innovation Day em Barcelona<br \/>\n<\/strong>Na quarta-feira, 18 de mar\u00e7o, Pablo Est\u00e9vez Torrado, da <a href=\"https:\/\/gestagua.es\/\">Gestagua<\/a>, participa no <a href=\"https:\/\/cwp.cat\/en\/esdeveniment\/viii-water-innovation-day-3\/\">VIII Water Innovation Day<\/a>, encontro anual do setor da \u00e1gua promovido pelo <a href=\"https:\/\/cwp.cat\/es\/incio\/\">Catalan Water Partnership<\/a> e realizado no Audit\u00f3rio do CosmoCaixa, em Barcelona. No \u00e2mbito deste evento, apresenta a investiga\u00e7\u00e3o desenvolvida pelo I-ReWater na sess\u00e3o \u201cElevator pitch de projetos de I&amp;D para o uso sustent\u00e1vel da \u00e1gua\u201d, um espa\u00e7o dedicado a iniciativas inovadoras orientadas para melhorar a efici\u00eancia h\u00eddrica.<\/p>\n<p data-section-id=\"k9b0wv\" data-start=\"7481\" data-end=\"7563\"><strong>25 de mar\u00e7o: webinar sobre regenera\u00e7\u00e3o e reutiliza\u00e7\u00e3o da \u00e1gua no setor do vinho<br \/>\n<\/strong>Na quarta-feira, 25 de mar\u00e7o, Javier Cancela, coordenador do projeto I-ReWater, participar\u00e1 no webinar \u201cRegenera\u00e7\u00e3o e reutiliza\u00e7\u00e3o da \u00e1gua no setor do vinho\u201d, organizado pela <a href=\"https:\/\/www.ptvino.com\/es\/inicio\/\">Plataforma Tecnol\u00f3gica do Vinho<\/a> em colabora\u00e7\u00e3o com a <a href=\"https:\/\/interprofesionaldelvino.es\/\">Interprofissional do Vinho de Espanha<\/a> e <a href=\"https:\/\/www.caixabank.es\/empresa\/agrobank\/agrobank_es.html\">AgroBank<\/a>. Durante a sua interven\u00e7\u00e3o, dar\u00e1 a conhecer os principais avan\u00e7os do projeto relacionados com a utiliza\u00e7\u00e3o de \u00e1gua regenerada na agricultura de regadio, com especial aten\u00e7\u00e3o aos tr\u00eas pilotos de vinha desenvolvidos em:<\/p>\n<ul data-start=\"8061\" data-end=\"8135\">\n<li data-section-id=\"dkljdp\" data-start=\"8061\" data-end=\"8084\">Alentejo (Portugal)<\/li>\n<li data-section-id=\"196gtce\" data-start=\"8085\" data-end=\"8114\">Occitanie (sul de Fran\u00e7a)<\/li>\n<li data-section-id=\"4dp2ij\" data-start=\"8115\" data-end=\"8135\">La Rioja (Espanha)<\/li>\n<\/ul>\n<p data-start=\"8137\" data-end=\"8266\">Estas a\u00e7\u00f5es piloto s\u00e3o promovidas pelos parceiros <a href=\"https:\/\/www.iniav.pt\/\">INIAV<\/a>, <a href=\"https:\/\/www.inrae.fr\/centres\/occitanie-montpellier\">INRAE Occitanie-Montpellier<\/a> e <a href=\"https:\/\/www.icvv.es\/\">Instituto de Ci\u00eancias da Vinha e do Vinho<\/a>.<\/p>\n<p data-section-id=\"1c7r99z\" data-start=\"8268\" data-end=\"8347\"><strong>Mar\u00e7o: jornada t\u00e9cnica sobre gest\u00e3o eficiente da \u00e1gua de rega na viticultura<br \/>\n<\/strong>Al\u00e9m disso, durante o m\u00eas de mar\u00e7o, Javier Cancela participa tamb\u00e9m numa das sess\u00f5es da a\u00e7\u00e3o formativa \u201cGest\u00e3o Eficiente da \u00c1gua de Rega na Viticultura\u201d, organizada pela <a href=\"https:\/\/www.ipvc.pt\/en\/ipvc\/escolas-ipvc\/escola-superior-agraria\/\">Escola Superior Agr\u00e1ria do Instituto Polit\u00e9cnico de Viana do Castelo<\/a>, no \u00e2mbito do ano acad\u00e9mico 2025\/26.<\/p>\n<p data-start=\"8626\" data-end=\"8828\">Nesta jornada, a reutiliza\u00e7\u00e3o da \u00e1gua na viticultura ocupa um lugar central nas apresenta\u00e7\u00f5es ligadas ao projeto I-ReWater, valorizando novas estrat\u00e9gias para uma produ\u00e7\u00e3o vitivin\u00edcola mais sustent\u00e1vel.<\/p>\n<p data-section-id=\"19vfytu\" data-start=\"8830\" data-end=\"8875\"><strong>Divulga\u00e7\u00e3o e transfer\u00eancia de conhecimento<br \/>\n<\/strong>Com a sua presen\u00e7a neste tipo de encontros, o I-ReWater reafirma o seu compromisso com a transfer\u00eancia de conhecimento, a coopera\u00e7\u00e3o internacional e a promo\u00e7\u00e3o de solu\u00e7\u00f5es inovadoras para o aproveitamento sustent\u00e1vel dos recursos h\u00eddricos no espa\u00e7o SUDOE.<\/p>\n","protected":false},"excerpt":{"rendered":"<p>Durante o m\u00eas de mar\u00e7o, o projeto I-ReWater participa em v\u00e1rios eventos setoriais em Espanha e Portugal para divulgar os seus avan\u00e7os em inova\u00e7\u00e3o h\u00eddrica e reutiliza\u00e7\u00e3o da \u00e1gua. Estas a\u00e7\u00f5es refor\u00e7am o seu compromisso com a transfer\u00eancia de conhecimento e a agricultura sustent\u00e1vel.<\/p>\n","protected":false},"author":4973,"featured_media":64780,"parent":0,"template":"","meta":{"_acf_changed":false,"content-type":"","_monsterinsights_skip_tracking":false,"_monsterinsights_sitenote_active":false,"_monsterinsights_sitenote_note":"","_monsterinsights_sitenote_category":0},"class_list":["post-64815","noticia-proyecto","type-noticia-proyecto","status-publish","has-post-thumbnail","hentry"],"acf":[],"yoast_head":"<!-- This site is optimized with the Yoast SEO plugin v27.4 - https:\/\/yoast.com\/product\/yoast-seo-wordpress\/ -->\n<title>I-ReWater refor\u00e7a a sua presen\u00e7a em eventos setoriais sobre inova\u00e7\u00e3o e reutiliza\u00e7\u00e3o da \u00e1gua - Interreg Sudoe<\/title>\n<meta name=\"robots\" content=\"index, follow, max-snippet:-1, max-image-preview:large, max-video-preview:-1\" \/>\n<link rel=\"canonical\" href=\"https:\/\/interreg-sudoe.eu\/pt-pt\/noticia-proyecto\/i-rewater-reforca-a-sua-presenca-em-eventos-setoriais-sobre-inovacao-e-reutilizacao-da-agua\/\" \/>\n<meta property=\"og:locale\" content=\"pt_PT\" \/>\n<meta property=\"og:type\" content=\"article\" \/>\n<meta property=\"og:title\" content=\"I-ReWater refor\u00e7a a sua presen\u00e7a em eventos setoriais sobre inova\u00e7\u00e3o e reutiliza\u00e7\u00e3o da \u00e1gua - Interreg Sudoe\" \/>\n<meta property=\"og:description\" content=\"Durante o m\u00eas de mar\u00e7o, o projeto I-ReWater participa em v\u00e1rios eventos setoriais em Espanha e Portugal para divulgar os seus avan\u00e7os em inova\u00e7\u00e3o h\u00eddrica e reutiliza\u00e7\u00e3o da \u00e1gua. Estas a\u00e7\u00f5es refor\u00e7am o seu compromisso com a transfer\u00eancia de conhecimento e a agricultura sustent\u00e1vel.\" \/>\n<meta property=\"og:url\" content=\"https:\/\/interreg-sudoe.eu\/pt-pt\/noticia-proyecto\/i-rewater-reforca-a-sua-presenca-em-eventos-setoriais-sobre-inovacao-e-reutilizacao-da-agua\/\" \/>\n<meta property=\"og:site_name\" content=\"Interreg Sudoe\" \/>\n<meta property=\"article:publisher\" content=\"https:\/\/www.facebook.com\/interregsudoe\" \/>\n<meta property=\"article:modified_time\" content=\"2026-04-28T10:08:31+00:00\" \/>\n<meta property=\"og:image\" content=\"https:\/\/interreg-sudoe.eu\/wp-content\/uploads\/2026\/04\/webinar.jpeg\" \/>\n\t<meta property=\"og:image:width\" content=\"1189\" \/>\n\t<meta property=\"og:image:height\" content=\"788\" \/>\n\t<meta property=\"og:image:type\" content=\"image\/jpeg\" \/>\n<meta name=\"twitter:card\" content=\"summary_large_image\" \/>\n<meta name=\"twitter:site\" content=\"@Sudoe5\" \/>\n<meta name=\"twitter:label1\" content=\"Tempo estimado de leitura\" \/>\n\t<meta name=\"twitter:data1\" content=\"2 minutos\" \/>\n<script type=\"application\/ld+json\" class=\"yoast-schema-graph\">{\"@context\":\"https:\\\/\\\/schema.org\",\"@graph\":[{\"@type\":\"WebPage\",\"@id\":\"https:\\\/\\\/interreg-sudoe.eu\\\/pt-pt\\\/noticia-proyecto\\\/i-rewater-reforca-a-sua-presenca-em-eventos-setoriais-sobre-inovacao-e-reutilizacao-da-agua\\\/\",\"url\":\"https:\\\/\\\/interreg-sudoe.eu\\\/pt-pt\\\/noticia-proyecto\\\/i-rewater-reforca-a-sua-presenca-em-eventos-setoriais-sobre-inovacao-e-reutilizacao-da-agua\\\/\",\"name\":\"I-ReWater refor\u00e7a a sua presen\u00e7a em eventos setoriais sobre inova\u00e7\u00e3o e reutiliza\u00e7\u00e3o da \u00e1gua - Interreg Sudoe\",\"isPartOf\":{\"@id\":\"https:\\\/\\\/interreg-sudoe.eu\\\/pt-pt\\\/#website\"},\"primaryImageOfPage\":{\"@id\":\"https:\\\/\\\/interreg-sudoe.eu\\\/pt-pt\\\/noticia-proyecto\\\/i-rewater-reforca-a-sua-presenca-em-eventos-setoriais-sobre-inovacao-e-reutilizacao-da-agua\\\/#primaryimage\"},\"image\":{\"@id\":\"https:\\\/\\\/interreg-sudoe.eu\\\/pt-pt\\\/noticia-proyecto\\\/i-rewater-reforca-a-sua-presenca-em-eventos-setoriais-sobre-inovacao-e-reutilizacao-da-agua\\\/#primaryimage\"},\"thumbnailUrl\":\"https:\\\/\\\/interreg-sudoe.eu\\\/wp-content\\\/uploads\\\/2026\\\/04\\\/webinar.jpeg\",\"datePublished\":\"2026-04-28T09:02:23+00:00\",\"dateModified\":\"2026-04-28T10:08:31+00:00\",\"breadcrumb\":{\"@id\":\"https:\\\/\\\/interreg-sudoe.eu\\\/pt-pt\\\/noticia-proyecto\\\/i-rewater-reforca-a-sua-presenca-em-eventos-setoriais-sobre-inovacao-e-reutilizacao-da-agua\\\/#breadcrumb\"},\"inLanguage\":\"pt-PT\",\"potentialAction\":[{\"@type\":\"ReadAction\",\"target\":[\"https:\\\/\\\/interreg-sudoe.eu\\\/pt-pt\\\/noticia-proyecto\\\/i-rewater-reforca-a-sua-presenca-em-eventos-setoriais-sobre-inovacao-e-reutilizacao-da-agua\\\/\"]}]},{\"@type\":\"ImageObject\",\"inLanguage\":\"pt-PT\",\"@id\":\"https:\\\/\\\/interreg-sudoe.eu\\\/pt-pt\\\/noticia-proyecto\\\/i-rewater-reforca-a-sua-presenca-em-eventos-setoriais-sobre-inovacao-e-reutilizacao-da-agua\\\/#primaryimage\",\"url\":\"https:\\\/\\\/interreg-sudoe.eu\\\/wp-content\\\/uploads\\\/2026\\\/04\\\/webinar.jpeg\",\"contentUrl\":\"https:\\\/\\\/interreg-sudoe.eu\\\/wp-content\\\/uploads\\\/2026\\\/04\\\/webinar.jpeg\",\"width\":1189,\"height\":788},{\"@type\":\"BreadcrumbList\",\"@id\":\"https:\\\/\\\/interreg-sudoe.eu\\\/pt-pt\\\/noticia-proyecto\\\/i-rewater-reforca-a-sua-presenca-em-eventos-setoriais-sobre-inovacao-e-reutilizacao-da-agua\\\/#breadcrumb\",\"itemListElement\":[{\"@type\":\"ListItem\",\"position\":1,\"name\":\"Home\",\"item\":\"https:\\\/\\\/interreg-sudoe.eu\\\/pt-pt\\\/\"},{\"@type\":\"ListItem\",\"position\":2,\"name\":\"I-ReWater refor\u00e7a a sua presen\u00e7a em eventos setoriais sobre inova\u00e7\u00e3o e reutiliza\u00e7\u00e3o da \u00e1gua\"}]},{\"@type\":\"WebSite\",\"@id\":\"https:\\\/\\\/interreg-sudoe.eu\\\/pt-pt\\\/#website\",\"url\":\"https:\\\/\\\/interreg-sudoe.eu\\\/pt-pt\\\/\",\"name\":\"Interreg Sudoe\",\"description\":\"Interreg Sudoe\",\"publisher\":{\"@id\":\"https:\\\/\\\/interreg-sudoe.eu\\\/pt-pt\\\/#organization\"},\"alternateName\":\"Interreg Sudoe\",\"potentialAction\":[{\"@type\":\"SearchAction\",\"target\":{\"@type\":\"EntryPoint\",\"urlTemplate\":\"https:\\\/\\\/interreg-sudoe.eu\\\/pt-pt\\\/?s={search_term_string}\"},\"query-input\":{\"@type\":\"PropertyValueSpecification\",\"valueRequired\":true,\"valueName\":\"search_term_string\"}}],\"inLanguage\":\"pt-PT\"},{\"@type\":\"Organization\",\"@id\":\"https:\\\/\\\/interreg-sudoe.eu\\\/pt-pt\\\/#organization\",\"name\":\"Interreg Sudoe\",\"alternateName\":\"Interreg Sudoe\",\"url\":\"https:\\\/\\\/interreg-sudoe.eu\\\/pt-pt\\\/\",\"logo\":{\"@type\":\"ImageObject\",\"inLanguage\":\"pt-PT\",\"@id\":\"https:\\\/\\\/interreg-sudoe.eu\\\/pt-pt\\\/#\\\/schema\\\/logo\\\/image\\\/\",\"url\":\"https:\\\/\\\/interreg-sudoe.eu\\\/wp-content\\\/uploads\\\/2024\\\/03\\\/logo-interreg.png\",\"contentUrl\":\"https:\\\/\\\/interreg-sudoe.eu\\\/wp-content\\\/uploads\\\/2024\\\/03\\\/logo-interreg.png\",\"width\":1200,\"height\":675,\"caption\":\"Interreg Sudoe\"},\"image\":{\"@id\":\"https:\\\/\\\/interreg-sudoe.eu\\\/pt-pt\\\/#\\\/schema\\\/logo\\\/image\\\/\"},\"sameAs\":[\"https:\\\/\\\/www.facebook.com\\\/interregsudoe\",\"https:\\\/\\\/x.com\\\/Sudoe5\",\"https:\\\/\\\/www.youtube.com\\\/channel\\\/UCeGx2edoB32beRc9dbKA2vw\",\"https:\\\/\\\/www.linkedin.com\\\/company\\\/interreg-sudoe-programme\\\/\",\"https:\\\/\\\/www.flickr.com\\\/photos\\\/148704685@N06\\\/\"]}]}<\/script>\n<!-- \/ Yoast SEO plugin. -->","yoast_head_json":{"title":"I-ReWater refor\u00e7a a sua presen\u00e7a em eventos setoriais sobre inova\u00e7\u00e3o e reutiliza\u00e7\u00e3o da \u00e1gua - Interreg Sudoe","robots":{"index":"index","follow":"follow","max-snippet":"max-snippet:-1","max-image-preview":"max-image-preview:large","max-video-preview":"max-video-preview:-1"},"canonical":"https:\/\/interreg-sudoe.eu\/pt-pt\/noticia-proyecto\/i-rewater-reforca-a-sua-presenca-em-eventos-setoriais-sobre-inovacao-e-reutilizacao-da-agua\/","og_locale":"pt_PT","og_type":"article","og_title":"I-ReWater refor\u00e7a a sua presen\u00e7a em eventos setoriais sobre inova\u00e7\u00e3o e reutiliza\u00e7\u00e3o da \u00e1gua - Interreg Sudoe","og_description":"Durante o m\u00eas de mar\u00e7o, o projeto I-ReWater participa em v\u00e1rios eventos setoriais em Espanha e Portugal para divulgar os seus avan\u00e7os em inova\u00e7\u00e3o h\u00eddrica e reutiliza\u00e7\u00e3o da \u00e1gua. Estas a\u00e7\u00f5es refor\u00e7am o seu compromisso com a transfer\u00eancia de conhecimento e a agricultura sustent\u00e1vel.","og_url":"https:\/\/interreg-sudoe.eu\/pt-pt\/noticia-proyecto\/i-rewater-reforca-a-sua-presenca-em-eventos-setoriais-sobre-inovacao-e-reutilizacao-da-agua\/","og_site_name":"Interreg Sudoe","article_publisher":"https:\/\/www.facebook.com\/interregsudoe","article_modified_time":"2026-04-28T10:08:31+00:00","og_image":[{"width":1189,"height":788,"url":"https:\/\/interreg-sudoe.eu\/wp-content\/uploads\/2026\/04\/webinar.jpeg","type":"image\/jpeg"}],"twitter_card":"summary_large_image","twitter_site":"@Sudoe5","twitter_misc":{"Tempo estimado de leitura":"2 minutos"},"schema":{"@context":"https:\/\/schema.org","@graph":[{"@type":"WebPage","@id":"https:\/\/interreg-sudoe.eu\/pt-pt\/noticia-proyecto\/i-rewater-reforca-a-sua-presenca-em-eventos-setoriais-sobre-inovacao-e-reutilizacao-da-agua\/","url":"https:\/\/interreg-sudoe.eu\/pt-pt\/noticia-proyecto\/i-rewater-reforca-a-sua-presenca-em-eventos-setoriais-sobre-inovacao-e-reutilizacao-da-agua\/","name":"I-ReWater refor\u00e7a a sua presen\u00e7a em eventos setoriais sobre inova\u00e7\u00e3o e reutiliza\u00e7\u00e3o da \u00e1gua - Interreg Sudoe","isPartOf":{"@id":"https:\/\/interreg-sudoe.eu\/pt-pt\/#website"},"primaryImageOfPage":{"@id":"https:\/\/interreg-sudoe.eu\/pt-pt\/noticia-proyecto\/i-rewater-reforca-a-sua-presenca-em-eventos-setoriais-sobre-inovacao-e-reutilizacao-da-agua\/#primaryimage"},"image":{"@id":"https:\/\/interreg-sudoe.eu\/pt-pt\/noticia-proyecto\/i-rewater-reforca-a-sua-presenca-em-eventos-setoriais-sobre-inovacao-e-reutilizacao-da-agua\/#primaryimage"},"thumbnailUrl":"https:\/\/interreg-sudoe.eu\/wp-content\/uploads\/2026\/04\/webinar.jpeg","datePublished":"2026-04-28T09:02:23+00:00","dateModified":"2026-04-28T10:08:31+00:00","breadcrumb":{"@id":"https:\/\/interreg-sudoe.eu\/pt-pt\/noticia-proyecto\/i-rewater-reforca-a-sua-presenca-em-eventos-setoriais-sobre-inovacao-e-reutilizacao-da-agua\/#breadcrumb"},"inLanguage":"pt-PT","potentialAction":[{"@type":"ReadAction","target":["https:\/\/interreg-sudoe.eu\/pt-pt\/noticia-proyecto\/i-rewater-reforca-a-sua-presenca-em-eventos-setoriais-sobre-inovacao-e-reutilizacao-da-agua\/"]}]},{"@type":"ImageObject","inLanguage":"pt-PT","@id":"https:\/\/interreg-sudoe.eu\/pt-pt\/noticia-proyecto\/i-rewater-reforca-a-sua-presenca-em-eventos-setoriais-sobre-inovacao-e-reutilizacao-da-agua\/#primaryimage","url":"https:\/\/interreg-sudoe.eu\/wp-content\/uploads\/2026\/04\/webinar.jpeg","contentUrl":"https:\/\/interreg-sudoe.eu\/wp-content\/uploads\/2026\/04\/webinar.jpeg","width":1189,"height":788},{"@type":"BreadcrumbList","@id":"https:\/\/interreg-sudoe.eu\/pt-pt\/noticia-proyecto\/i-rewater-reforca-a-sua-presenca-em-eventos-setoriais-sobre-inovacao-e-reutilizacao-da-agua\/#breadcrumb","itemListElement":[{"@type":"ListItem","position":1,"name":"Home","item":"https:\/\/interreg-sudoe.eu\/pt-pt\/"},{"@type":"ListItem","position":2,"name":"I-ReWater refor\u00e7a a sua presen\u00e7a em eventos setoriais sobre inova\u00e7\u00e3o e reutiliza\u00e7\u00e3o da \u00e1gua"}]},{"@type":"WebSite","@id":"https:\/\/interreg-sudoe.eu\/pt-pt\/#website","url":"https:\/\/interreg-sudoe.eu\/pt-pt\/","name":"Interreg Sudoe","description":"Interreg Sudoe","publisher":{"@id":"https:\/\/interreg-sudoe.eu\/pt-pt\/#organization"},"alternateName":"Interreg Sudoe","potentialAction":[{"@type":"SearchAction","target":{"@type":"EntryPoint","urlTemplate":"https:\/\/interreg-sudoe.eu\/pt-pt\/?s={search_term_string}"},"query-input":{"@type":"PropertyValueSpecification","valueRequired":true,"valueName":"search_term_string"}}],"inLanguage":"pt-PT"},{"@type":"Organization","@id":"https:\/\/interreg-sudoe.eu\/pt-pt\/#organization","name":"Interreg Sudoe","alternateName":"Interreg Sudoe","url":"https:\/\/interreg-sudoe.eu\/pt-pt\/","logo":{"@type":"ImageObject","inLanguage":"pt-PT","@id":"https:\/\/interreg-sudoe.eu\/pt-pt\/#\/schema\/logo\/image\/","url":"https:\/\/interreg-sudoe.eu\/wp-content\/uploads\/2024\/03\/logo-interreg.png","contentUrl":"https:\/\/interreg-sudoe.eu\/wp-content\/uploads\/2024\/03\/logo-interreg.png","width":1200,"height":675,"caption":"Interreg Sudoe"},"image":{"@id":"https:\/\/interreg-sudoe.eu\/pt-pt\/#\/schema\/logo\/image\/"},"sameAs":["https:\/\/www.facebook.com\/interregsudoe","https:\/\/x.com\/Sudoe5","https:\/\/www.youtube.com\/channel\/UCeGx2edoB32beRc9dbKA2vw","https:\/\/www.linkedin.com\/company\/interreg-sudoe-programme\/","https:\/\/www.flickr.com\/photos\/148704685@N06\/"]}]}},"_links":{"self":[{"href":"https:\/\/interreg-sudoe.eu\/pt-pt\/wp-json\/wp\/v2\/noticia-proyecto\/64815","targetHints":{"allow":["GET"]}}],"collection":[{"href":"https:\/\/interreg-sudoe.eu\/pt-pt\/wp-json\/wp\/v2\/noticia-proyecto"}],"about":[{"href":"https:\/\/interreg-sudoe.eu\/pt-pt\/wp-json\/wp\/v2\/types\/noticia-proyecto"}],"author":[{"embeddable":true,"href":"https:\/\/interreg-sudoe.eu\/pt-pt\/wp-json\/wp\/v2\/users\/4973"}],"wp:featuredmedia":[{"embeddable":true,"href":"https:\/\/interreg-sudoe.eu\/pt-pt\/wp-json\/wp\/v2\/media\/64780"}],"wp:attachment":[{"href":"https:\/\/interreg-sudoe.eu\/pt-pt\/wp-json\/wp\/v2\/media?parent=64815"}],"curies":[{"name":"wp","href":"https:\/\/api.w.org\/{rel}","templated":true}]}}