{"id":64841,"date":"2026-04-28T12:05:17","date_gmt":"2026-04-28T10:05:17","guid":{"rendered":"https:\/\/interreg-sudoe.eu\/noticia-proyecto\/el-grupo-citic-de-la-universidade-da-coruna-acerca-el-reposicionamiento-de-farmacos-a-estudiantes-de-codema-y-sagrados-corazones-en-el-marco-del-proyecto-repo-sudoe\/"},"modified":"2026-04-28T12:08:20","modified_gmt":"2026-04-28T10:08:20","slug":"el-grupo-citic-de-la-universidade-da-coruna-acerca-el-reposicionamiento-de-farmacos-a-estudiantes-de-codema-y-sagrados-corazones-en-el-marco-del-proyecto-repo-sudoe","status":"publish","type":"noticia-proyecto","link":"https:\/\/interreg-sudoe.eu\/pt-pt\/noticia-proyecto\/el-grupo-citic-de-la-universidade-da-coruna-acerca-el-reposicionamiento-de-farmacos-a-estudiantes-de-codema-y-sagrados-corazones-en-el-marco-del-proyecto-repo-sudoe\/","title":{"rendered":"O grupo CITIC da Universidade da Coru\u00f1a aproxima o reposicionamento de f\u00e1rmacos aos estudantes do CODEMA e dos Sagrados Corazones no \u00e2mbito do projeto RePo-SUDOE"},"content":{"rendered":"<p data-start=\"2607\" data-end=\"2894\">O projeto europeu <strong data-start=\"2625\" data-end=\"2680\">RePo-SUDOE (Drug Repurposing for the Effective and Accelerated Development of Medicines in the SUDOE Region)<\/strong> continua as suas a\u00e7\u00f5es de divulga\u00e7\u00e3o cient\u00edfica em estabelecimentos de ensino, com o objetivo de aproximar a bioinform\u00e1tica e o reposicionamento de f\u00e1rmacos a estudantes do ensino secund\u00e1rio da \u00e1rea biossanit\u00e1ria.<\/p>\n<p data-start=\"2896\" data-end=\"3157\">As sess\u00f5es foram ministradas pelo grupo <strong data-start=\"2936\" data-end=\"3001\"><a href=\"https:\/\/citic.udc.es\/\" target=\"_blank\" rel=\"noopener\">CITIC<\/a> (Centro de Investigaci\u00f3n TIC da <a href=\"https:\/\/www.udc.es\/\" target=\"_blank\" rel=\"noopener\">Universidade da Coru\u00f1a<\/a>)<\/strong>, parceiro do cons\u00f3rcio do projeto, nos centros <strong data-start=\"3049\" data-end=\"3086\">Col\u00e9gio Coraz\u00f3n de Mar\u00eda (CODEMA)<\/strong> e <strong data-start=\"3089\" data-end=\"3119\">Col\u00e9gio Sagrados Corazones<\/strong>, com a participa\u00e7\u00e3o de 98 estudantes.<\/p>\n<p data-start=\"3159\" data-end=\"3349\">No CODEMA participaram 60 alunos do 4.\u00ba ano do ensino secund\u00e1rio e do 1.\u00ba ano do ensino secund\u00e1rio. No Sagrados Corazones participaram 38 estudantes do 1.\u00ba ano, distribu\u00eddos por dois grupos.<\/p>\n<p data-start=\"3351\" data-end=\"3658\">Durante as sess\u00f5es foi apresentado o reposicionamento de f\u00e1rmacos como uma estrat\u00e9gia para identificar novas aplica\u00e7\u00f5es terap\u00eauticas para medicamentos j\u00e1 existentes, uma das linhas centrais do projeto RePo-SUDOE. Foram tamb\u00e9m introduzidos conceitos de bioinform\u00e1tica aplicados \u00e0 an\u00e1lise de dados biom\u00e9dicos.<\/p>\n<p data-start=\"3660\" data-end=\"3927\">Foram apresentadas ferramentas do projeto, como <strong data-start=\"3708\" data-end=\"3720\">Repo-bot<\/strong> e o ambiente virtual <strong data-start=\"3742\" data-end=\"3754\">RePo-VRE<\/strong>, orientadas para o acesso a dados e a investiga\u00e7\u00e3o colaborativa. A atividade destacou ainda o car\u00e1ter interdisciplinar da \u00e1rea, que integra qu\u00edmica, biologia e inform\u00e1tica.<\/p>\n","protected":false},"excerpt":{"rendered":"<p>O projeto europeu RePo-SUDOE (Drug Repurposing for the Effective and Accelerated Development of Medicines in the SUDOE Region) continua as suas a\u00e7\u00f5es de divulga\u00e7\u00e3o cient\u00edfica em estabelecimentos de ensino, com o objetivo de aproximar a bioinform\u00e1tica e o reposicionamento de f\u00e1rmacos a estudantes do ensino secund\u00e1rio da \u00e1rea biossanit\u00e1ria. As sess\u00f5es foram ministradas pelo grupo [&hellip;]<\/p>\n","protected":false},"author":4919,"featured_media":64834,"parent":0,"template":"","meta":{"_acf_changed":false,"content-type":"","_monsterinsights_skip_tracking":false,"_monsterinsights_sitenote_active":false,"_monsterinsights_sitenote_note":"","_monsterinsights_sitenote_category":0},"class_list":["post-64841","noticia-proyecto","type-noticia-proyecto","status-publish","has-post-thumbnail","hentry"],"acf":[],"yoast_head":"<!-- This site is optimized with the Yoast SEO plugin v27.4 - https:\/\/yoast.com\/product\/yoast-seo-wordpress\/ -->\n<title>O grupo CITIC da Universidade da Coru\u00f1a aproxima o reposicionamento de f\u00e1rmacos aos estudantes do CODEMA e dos Sagrados Corazones no \u00e2mbito do projeto RePo-SUDOE - Interreg Sudoe<\/title>\n<meta name=\"robots\" content=\"index, follow, max-snippet:-1, max-image-preview:large, max-video-preview:-1\" \/>\n<link rel=\"canonical\" href=\"https:\/\/interreg-sudoe.eu\/pt-pt\/noticia-proyecto\/el-grupo-citic-de-la-universidade-da-coruna-acerca-el-reposicionamiento-de-farmacos-a-estudiantes-de-codema-y-sagrados-corazones-en-el-marco-del-proyecto-repo-sudoe\/\" \/>\n<meta property=\"og:locale\" content=\"pt_PT\" \/>\n<meta property=\"og:type\" content=\"article\" \/>\n<meta property=\"og:title\" content=\"O grupo CITIC da Universidade da Coru\u00f1a aproxima o reposicionamento de f\u00e1rmacos aos estudantes do CODEMA e dos Sagrados Corazones no \u00e2mbito do projeto RePo-SUDOE - Interreg Sudoe\" \/>\n<meta property=\"og:description\" content=\"O projeto europeu RePo-SUDOE (Drug Repurposing for the Effective and Accelerated Development of Medicines in the SUDOE Region) continua as suas a\u00e7\u00f5es de divulga\u00e7\u00e3o cient\u00edfica em estabelecimentos de ensino, com o objetivo de aproximar a bioinform\u00e1tica e o reposicionamento de f\u00e1rmacos a estudantes do ensino secund\u00e1rio da \u00e1rea biossanit\u00e1ria. As sess\u00f5es foram ministradas pelo grupo [&hellip;]\" \/>\n<meta property=\"og:url\" content=\"https:\/\/interreg-sudoe.eu\/pt-pt\/noticia-proyecto\/el-grupo-citic-de-la-universidade-da-coruna-acerca-el-reposicionamiento-de-farmacos-a-estudiantes-de-codema-y-sagrados-corazones-en-el-marco-del-proyecto-repo-sudoe\/\" \/>\n<meta property=\"og:site_name\" content=\"Interreg Sudoe\" \/>\n<meta property=\"article:publisher\" content=\"https:\/\/www.facebook.com\/interregsudoe\" \/>\n<meta property=\"article:modified_time\" content=\"2026-04-28T10:08:20+00:00\" \/>\n<meta property=\"og:image\" content=\"https:\/\/interreg-sudoe.eu\/wp-content\/uploads\/2026\/04\/RePo-SUDOE.jpeg\" \/>\n\t<meta property=\"og:image:width\" content=\"1600\" \/>\n\t<meta property=\"og:image:height\" content=\"739\" \/>\n\t<meta property=\"og:image:type\" content=\"image\/jpeg\" \/>\n<meta name=\"twitter:card\" content=\"summary_large_image\" \/>\n<meta name=\"twitter:site\" content=\"@Sudoe5\" \/>\n<meta name=\"twitter:label1\" content=\"Tempo estimado de leitura\" \/>\n\t<meta name=\"twitter:data1\" content=\"1 minuto\" \/>\n<script type=\"application\/ld+json\" class=\"yoast-schema-graph\">{\"@context\":\"https:\\\/\\\/schema.org\",\"@graph\":[{\"@type\":\"WebPage\",\"@id\":\"https:\\\/\\\/interreg-sudoe.eu\\\/pt-pt\\\/noticia-proyecto\\\/el-grupo-citic-de-la-universidade-da-coruna-acerca-el-reposicionamiento-de-farmacos-a-estudiantes-de-codema-y-sagrados-corazones-en-el-marco-del-proyecto-repo-sudoe\\\/\",\"url\":\"https:\\\/\\\/interreg-sudoe.eu\\\/pt-pt\\\/noticia-proyecto\\\/el-grupo-citic-de-la-universidade-da-coruna-acerca-el-reposicionamiento-de-farmacos-a-estudiantes-de-codema-y-sagrados-corazones-en-el-marco-del-proyecto-repo-sudoe\\\/\",\"name\":\"O grupo CITIC da Universidade da Coru\u00f1a aproxima o reposicionamento de f\u00e1rmacos aos estudantes do CODEMA e dos Sagrados Corazones no \u00e2mbito do projeto RePo-SUDOE - Interreg Sudoe\",\"isPartOf\":{\"@id\":\"https:\\\/\\\/interreg-sudoe.eu\\\/pt-pt\\\/#website\"},\"primaryImageOfPage\":{\"@id\":\"https:\\\/\\\/interreg-sudoe.eu\\\/pt-pt\\\/noticia-proyecto\\\/el-grupo-citic-de-la-universidade-da-coruna-acerca-el-reposicionamiento-de-farmacos-a-estudiantes-de-codema-y-sagrados-corazones-en-el-marco-del-proyecto-repo-sudoe\\\/#primaryimage\"},\"image\":{\"@id\":\"https:\\\/\\\/interreg-sudoe.eu\\\/pt-pt\\\/noticia-proyecto\\\/el-grupo-citic-de-la-universidade-da-coruna-acerca-el-reposicionamiento-de-farmacos-a-estudiantes-de-codema-y-sagrados-corazones-en-el-marco-del-proyecto-repo-sudoe\\\/#primaryimage\"},\"thumbnailUrl\":\"https:\\\/\\\/interreg-sudoe.eu\\\/wp-content\\\/uploads\\\/2026\\\/04\\\/RePo-SUDOE.jpeg\",\"datePublished\":\"2026-04-28T10:05:17+00:00\",\"dateModified\":\"2026-04-28T10:08:20+00:00\",\"breadcrumb\":{\"@id\":\"https:\\\/\\\/interreg-sudoe.eu\\\/pt-pt\\\/noticia-proyecto\\\/el-grupo-citic-de-la-universidade-da-coruna-acerca-el-reposicionamiento-de-farmacos-a-estudiantes-de-codema-y-sagrados-corazones-en-el-marco-del-proyecto-repo-sudoe\\\/#breadcrumb\"},\"inLanguage\":\"pt-PT\",\"potentialAction\":[{\"@type\":\"ReadAction\",\"target\":[\"https:\\\/\\\/interreg-sudoe.eu\\\/pt-pt\\\/noticia-proyecto\\\/el-grupo-citic-de-la-universidade-da-coruna-acerca-el-reposicionamiento-de-farmacos-a-estudiantes-de-codema-y-sagrados-corazones-en-el-marco-del-proyecto-repo-sudoe\\\/\"]}]},{\"@type\":\"ImageObject\",\"inLanguage\":\"pt-PT\",\"@id\":\"https:\\\/\\\/interreg-sudoe.eu\\\/pt-pt\\\/noticia-proyecto\\\/el-grupo-citic-de-la-universidade-da-coruna-acerca-el-reposicionamiento-de-farmacos-a-estudiantes-de-codema-y-sagrados-corazones-en-el-marco-del-proyecto-repo-sudoe\\\/#primaryimage\",\"url\":\"https:\\\/\\\/interreg-sudoe.eu\\\/wp-content\\\/uploads\\\/2026\\\/04\\\/RePo-SUDOE.jpeg\",\"contentUrl\":\"https:\\\/\\\/interreg-sudoe.eu\\\/wp-content\\\/uploads\\\/2026\\\/04\\\/RePo-SUDOE.jpeg\",\"width\":1600,\"height\":739},{\"@type\":\"BreadcrumbList\",\"@id\":\"https:\\\/\\\/interreg-sudoe.eu\\\/pt-pt\\\/noticia-proyecto\\\/el-grupo-citic-de-la-universidade-da-coruna-acerca-el-reposicionamiento-de-farmacos-a-estudiantes-de-codema-y-sagrados-corazones-en-el-marco-del-proyecto-repo-sudoe\\\/#breadcrumb\",\"itemListElement\":[{\"@type\":\"ListItem\",\"position\":1,\"name\":\"Home\",\"item\":\"https:\\\/\\\/interreg-sudoe.eu\\\/pt-pt\\\/\"},{\"@type\":\"ListItem\",\"position\":2,\"name\":\"O grupo CITIC da Universidade da Coru\u00f1a aproxima o reposicionamento de f\u00e1rmacos aos estudantes do CODEMA e dos Sagrados Corazones no \u00e2mbito do projeto RePo-SUDOE\"}]},{\"@type\":\"WebSite\",\"@id\":\"https:\\\/\\\/interreg-sudoe.eu\\\/pt-pt\\\/#website\",\"url\":\"https:\\\/\\\/interreg-sudoe.eu\\\/pt-pt\\\/\",\"name\":\"Interreg Sudoe\",\"description\":\"Interreg Sudoe\",\"publisher\":{\"@id\":\"https:\\\/\\\/interreg-sudoe.eu\\\/pt-pt\\\/#organization\"},\"alternateName\":\"Interreg Sudoe\",\"potentialAction\":[{\"@type\":\"SearchAction\",\"target\":{\"@type\":\"EntryPoint\",\"urlTemplate\":\"https:\\\/\\\/interreg-sudoe.eu\\\/pt-pt\\\/?s={search_term_string}\"},\"query-input\":{\"@type\":\"PropertyValueSpecification\",\"valueRequired\":true,\"valueName\":\"search_term_string\"}}],\"inLanguage\":\"pt-PT\"},{\"@type\":\"Organization\",\"@id\":\"https:\\\/\\\/interreg-sudoe.eu\\\/pt-pt\\\/#organization\",\"name\":\"Interreg Sudoe\",\"alternateName\":\"Interreg Sudoe\",\"url\":\"https:\\\/\\\/interreg-sudoe.eu\\\/pt-pt\\\/\",\"logo\":{\"@type\":\"ImageObject\",\"inLanguage\":\"pt-PT\",\"@id\":\"https:\\\/\\\/interreg-sudoe.eu\\\/pt-pt\\\/#\\\/schema\\\/logo\\\/image\\\/\",\"url\":\"https:\\\/\\\/interreg-sudoe.eu\\\/wp-content\\\/uploads\\\/2024\\\/03\\\/logo-interreg.png\",\"contentUrl\":\"https:\\\/\\\/interreg-sudoe.eu\\\/wp-content\\\/uploads\\\/2024\\\/03\\\/logo-interreg.png\",\"width\":1200,\"height\":675,\"caption\":\"Interreg Sudoe\"},\"image\":{\"@id\":\"https:\\\/\\\/interreg-sudoe.eu\\\/pt-pt\\\/#\\\/schema\\\/logo\\\/image\\\/\"},\"sameAs\":[\"https:\\\/\\\/www.facebook.com\\\/interregsudoe\",\"https:\\\/\\\/x.com\\\/Sudoe5\",\"https:\\\/\\\/www.youtube.com\\\/channel\\\/UCeGx2edoB32beRc9dbKA2vw\",\"https:\\\/\\\/www.linkedin.com\\\/company\\\/interreg-sudoe-programme\\\/\",\"https:\\\/\\\/www.flickr.com\\\/photos\\\/148704685@N06\\\/\"]}]}<\/script>\n<!-- \/ Yoast SEO plugin. -->","yoast_head_json":{"title":"O grupo CITIC da Universidade da Coru\u00f1a aproxima o reposicionamento de f\u00e1rmacos aos estudantes do CODEMA e dos Sagrados Corazones no \u00e2mbito do projeto RePo-SUDOE - Interreg Sudoe","robots":{"index":"index","follow":"follow","max-snippet":"max-snippet:-1","max-image-preview":"max-image-preview:large","max-video-preview":"max-video-preview:-1"},"canonical":"https:\/\/interreg-sudoe.eu\/pt-pt\/noticia-proyecto\/el-grupo-citic-de-la-universidade-da-coruna-acerca-el-reposicionamiento-de-farmacos-a-estudiantes-de-codema-y-sagrados-corazones-en-el-marco-del-proyecto-repo-sudoe\/","og_locale":"pt_PT","og_type":"article","og_title":"O grupo CITIC da Universidade da Coru\u00f1a aproxima o reposicionamento de f\u00e1rmacos aos estudantes do CODEMA e dos Sagrados Corazones no \u00e2mbito do projeto RePo-SUDOE - Interreg Sudoe","og_description":"O projeto europeu RePo-SUDOE (Drug Repurposing for the Effective and Accelerated Development of Medicines in the SUDOE Region) continua as suas a\u00e7\u00f5es de divulga\u00e7\u00e3o cient\u00edfica em estabelecimentos de ensino, com o objetivo de aproximar a bioinform\u00e1tica e o reposicionamento de f\u00e1rmacos a estudantes do ensino secund\u00e1rio da \u00e1rea biossanit\u00e1ria. As sess\u00f5es foram ministradas pelo grupo [&hellip;]","og_url":"https:\/\/interreg-sudoe.eu\/pt-pt\/noticia-proyecto\/el-grupo-citic-de-la-universidade-da-coruna-acerca-el-reposicionamiento-de-farmacos-a-estudiantes-de-codema-y-sagrados-corazones-en-el-marco-del-proyecto-repo-sudoe\/","og_site_name":"Interreg Sudoe","article_publisher":"https:\/\/www.facebook.com\/interregsudoe","article_modified_time":"2026-04-28T10:08:20+00:00","og_image":[{"width":1600,"height":739,"url":"https:\/\/interreg-sudoe.eu\/wp-content\/uploads\/2026\/04\/RePo-SUDOE.jpeg","type":"image\/jpeg"}],"twitter_card":"summary_large_image","twitter_site":"@Sudoe5","twitter_misc":{"Tempo estimado de leitura":"1 minuto"},"schema":{"@context":"https:\/\/schema.org","@graph":[{"@type":"WebPage","@id":"https:\/\/interreg-sudoe.eu\/pt-pt\/noticia-proyecto\/el-grupo-citic-de-la-universidade-da-coruna-acerca-el-reposicionamiento-de-farmacos-a-estudiantes-de-codema-y-sagrados-corazones-en-el-marco-del-proyecto-repo-sudoe\/","url":"https:\/\/interreg-sudoe.eu\/pt-pt\/noticia-proyecto\/el-grupo-citic-de-la-universidade-da-coruna-acerca-el-reposicionamiento-de-farmacos-a-estudiantes-de-codema-y-sagrados-corazones-en-el-marco-del-proyecto-repo-sudoe\/","name":"O grupo CITIC da Universidade da Coru\u00f1a aproxima o reposicionamento de f\u00e1rmacos aos estudantes do CODEMA e dos Sagrados Corazones no \u00e2mbito do projeto RePo-SUDOE - Interreg Sudoe","isPartOf":{"@id":"https:\/\/interreg-sudoe.eu\/pt-pt\/#website"},"primaryImageOfPage":{"@id":"https:\/\/interreg-sudoe.eu\/pt-pt\/noticia-proyecto\/el-grupo-citic-de-la-universidade-da-coruna-acerca-el-reposicionamiento-de-farmacos-a-estudiantes-de-codema-y-sagrados-corazones-en-el-marco-del-proyecto-repo-sudoe\/#primaryimage"},"image":{"@id":"https:\/\/interreg-sudoe.eu\/pt-pt\/noticia-proyecto\/el-grupo-citic-de-la-universidade-da-coruna-acerca-el-reposicionamiento-de-farmacos-a-estudiantes-de-codema-y-sagrados-corazones-en-el-marco-del-proyecto-repo-sudoe\/#primaryimage"},"thumbnailUrl":"https:\/\/interreg-sudoe.eu\/wp-content\/uploads\/2026\/04\/RePo-SUDOE.jpeg","datePublished":"2026-04-28T10:05:17+00:00","dateModified":"2026-04-28T10:08:20+00:00","breadcrumb":{"@id":"https:\/\/interreg-sudoe.eu\/pt-pt\/noticia-proyecto\/el-grupo-citic-de-la-universidade-da-coruna-acerca-el-reposicionamiento-de-farmacos-a-estudiantes-de-codema-y-sagrados-corazones-en-el-marco-del-proyecto-repo-sudoe\/#breadcrumb"},"inLanguage":"pt-PT","potentialAction":[{"@type":"ReadAction","target":["https:\/\/interreg-sudoe.eu\/pt-pt\/noticia-proyecto\/el-grupo-citic-de-la-universidade-da-coruna-acerca-el-reposicionamiento-de-farmacos-a-estudiantes-de-codema-y-sagrados-corazones-en-el-marco-del-proyecto-repo-sudoe\/"]}]},{"@type":"ImageObject","inLanguage":"pt-PT","@id":"https:\/\/interreg-sudoe.eu\/pt-pt\/noticia-proyecto\/el-grupo-citic-de-la-universidade-da-coruna-acerca-el-reposicionamiento-de-farmacos-a-estudiantes-de-codema-y-sagrados-corazones-en-el-marco-del-proyecto-repo-sudoe\/#primaryimage","url":"https:\/\/interreg-sudoe.eu\/wp-content\/uploads\/2026\/04\/RePo-SUDOE.jpeg","contentUrl":"https:\/\/interreg-sudoe.eu\/wp-content\/uploads\/2026\/04\/RePo-SUDOE.jpeg","width":1600,"height":739},{"@type":"BreadcrumbList","@id":"https:\/\/interreg-sudoe.eu\/pt-pt\/noticia-proyecto\/el-grupo-citic-de-la-universidade-da-coruna-acerca-el-reposicionamiento-de-farmacos-a-estudiantes-de-codema-y-sagrados-corazones-en-el-marco-del-proyecto-repo-sudoe\/#breadcrumb","itemListElement":[{"@type":"ListItem","position":1,"name":"Home","item":"https:\/\/interreg-sudoe.eu\/pt-pt\/"},{"@type":"ListItem","position":2,"name":"O grupo CITIC da Universidade da Coru\u00f1a aproxima o reposicionamento de f\u00e1rmacos aos estudantes do CODEMA e dos Sagrados Corazones no \u00e2mbito do projeto RePo-SUDOE"}]},{"@type":"WebSite","@id":"https:\/\/interreg-sudoe.eu\/pt-pt\/#website","url":"https:\/\/interreg-sudoe.eu\/pt-pt\/","name":"Interreg Sudoe","description":"Interreg Sudoe","publisher":{"@id":"https:\/\/interreg-sudoe.eu\/pt-pt\/#organization"},"alternateName":"Interreg Sudoe","potentialAction":[{"@type":"SearchAction","target":{"@type":"EntryPoint","urlTemplate":"https:\/\/interreg-sudoe.eu\/pt-pt\/?s={search_term_string}"},"query-input":{"@type":"PropertyValueSpecification","valueRequired":true,"valueName":"search_term_string"}}],"inLanguage":"pt-PT"},{"@type":"Organization","@id":"https:\/\/interreg-sudoe.eu\/pt-pt\/#organization","name":"Interreg Sudoe","alternateName":"Interreg Sudoe","url":"https:\/\/interreg-sudoe.eu\/pt-pt\/","logo":{"@type":"ImageObject","inLanguage":"pt-PT","@id":"https:\/\/interreg-sudoe.eu\/pt-pt\/#\/schema\/logo\/image\/","url":"https:\/\/interreg-sudoe.eu\/wp-content\/uploads\/2024\/03\/logo-interreg.png","contentUrl":"https:\/\/interreg-sudoe.eu\/wp-content\/uploads\/2024\/03\/logo-interreg.png","width":1200,"height":675,"caption":"Interreg Sudoe"},"image":{"@id":"https:\/\/interreg-sudoe.eu\/pt-pt\/#\/schema\/logo\/image\/"},"sameAs":["https:\/\/www.facebook.com\/interregsudoe","https:\/\/x.com\/Sudoe5","https:\/\/www.youtube.com\/channel\/UCeGx2edoB32beRc9dbKA2vw","https:\/\/www.linkedin.com\/company\/interreg-sudoe-programme\/","https:\/\/www.flickr.com\/photos\/148704685@N06\/"]}]}},"_links":{"self":[{"href":"https:\/\/interreg-sudoe.eu\/pt-pt\/wp-json\/wp\/v2\/noticia-proyecto\/64841","targetHints":{"allow":["GET"]}}],"collection":[{"href":"https:\/\/interreg-sudoe.eu\/pt-pt\/wp-json\/wp\/v2\/noticia-proyecto"}],"about":[{"href":"https:\/\/interreg-sudoe.eu\/pt-pt\/wp-json\/wp\/v2\/types\/noticia-proyecto"}],"author":[{"embeddable":true,"href":"https:\/\/interreg-sudoe.eu\/pt-pt\/wp-json\/wp\/v2\/users\/4919"}],"wp:featuredmedia":[{"embeddable":true,"href":"https:\/\/interreg-sudoe.eu\/pt-pt\/wp-json\/wp\/v2\/media\/64834"}],"wp:attachment":[{"href":"https:\/\/interreg-sudoe.eu\/pt-pt\/wp-json\/wp\/v2\/media?parent=64841"}],"curies":[{"name":"wp","href":"https:\/\/api.w.org\/{rel}","templated":true}]}}