{"id":64845,"date":"2026-04-28T12:02:32","date_gmt":"2026-04-28T10:02:32","guid":{"rendered":"https:\/\/interreg-sudoe.eu\/noticia-proyecto\/el-proyecto-geneus-se-posiciona-en-el-debate-cientifico-europeo-sobre-atencion-geriatrica-y-neuroquirurgica\/"},"modified":"2026-04-28T12:08:14","modified_gmt":"2026-04-28T10:08:14","slug":"el-proyecto-geneus-se-posiciona-en-el-debate-cientifico-europeo-sobre-atencion-geriatrica-y-neuroquirurgica","status":"publish","type":"noticia-proyecto","link":"https:\/\/interreg-sudoe.eu\/pt-pt\/noticia-proyecto\/el-proyecto-geneus-se-posiciona-en-el-debate-cientifico-europeo-sobre-atencion-geriatrica-y-neuroquirurgica\/","title":{"rendered":"O projeto GENEUS posiciona-se no debate cient\u00edfico europeu sobre cuidados geri\u00e1tricos e neurocir\u00fargicos"},"content":{"rendered":"<p>A equipa do projeto GENEUS publicou recentemente uma contribui\u00e7\u00e3o cient\u00edfica na revista European Geriatric Medicine sob a forma de uma Letter to the Editor, um formato de publica\u00e7\u00e3o acad\u00e9mica breve, indexada e cit\u00e1vel, particularmente valorizado como exerc\u00edcio de an\u00e1lise cr\u00edtica e posicionamento cient\u00edfico.<br \/>\nO texto foi redigido como resposta direta ao artigo \u201cCollaborative care pathways in geriatrics and neurosurgery: a scoping review of current practices\u201d, de Jesuyajolu et\u202fal., que analisa o estado atual dos percursos assistenciais colaborativos entre geriatria e neurocirurgia.<\/p>\n<p><strong>GENEUS como poss\u00edvel resposta \u00e0s lacunas identificadas<\/strong><\/p>\n<p>Na sua carta, os autores do GENEUS reconhecem a relev\u00e2ncia da revis\u00e3o publicada e destacam as suas principais conclus\u00f5es, apontando simultaneamente limita\u00e7\u00f5es estruturais da evid\u00eancia existente, como a elevada heterogeneidade dos modelos descritos e a aus\u00eancia de padroniza\u00e7\u00e3o dos processos assistenciais.<br \/>\nComo resposta a estas lacunas, a carta apresenta o projeto GENEUS como uma iniciativa orientada para promover modelos colaborativos mais estruturados, compar\u00e1veis e centrados na pessoa idosa, contribuindo para a produ\u00e7\u00e3o de evid\u00eancia transfer\u00edvel entre diferentes sistemas de sa\u00fade. Neste contexto, o GENEUS trabalha na harmoniza\u00e7\u00e3o dos percursos assistenciais geri\u00e1trico-neurocir\u00fargicos em Portugal, Espanha e Fran\u00e7a, evitando a prolifera\u00e7\u00e3o de protocolos isolados e promovendo uma abordagem transnacional e colaborativa.<br \/>\nAdicionalmente, o GENEUS prop\u00f5e uma mudan\u00e7a clara de paradigma: passar de um modelo centrado na doen\u00e7a e no epis\u00f3dio cir\u00fargico para um modelo centrado na pessoa idosa, com especial aten\u00e7\u00e3o \u00e0 preven\u00e7\u00e3o da depend\u00eancia iatrog\u00e9nica, um fen\u00f3meno frequente em doentes neurocir\u00fargicos idosos e associado a fatores como a imobiliza\u00e7\u00e3o prolongada.<br \/>\nPara esse fim, o projeto est\u00e1 a desenvolver uma \u201cconjunto de ferramentas\u201d operacional e reprodut\u00edvel, que permite a avalia\u00e7\u00e3o sistem\u00e1tica de s\u00edndromes geri\u00e1tricos chave e a implementa\u00e7\u00e3o de interven\u00e7\u00f5es dirigidas \u00e0 preserva\u00e7\u00e3o da funcionalidade.<\/p>\n<p><strong>Valor estrat\u00e9gico para o projeto<\/strong><\/p>\n<p>Embora esta contribui\u00e7\u00e3o n\u00e3o constitua investiga\u00e7\u00e3o original, continua a ser uma produ\u00e7\u00e3o cient\u00edfica indexada e cit\u00e1vel, que refor\u00e7a a lideran\u00e7a intelectual do cons\u00f3rcio e posiciona o GENEUS no debate cient\u00edfico europeu em geriatria e neurocirurgia. Num contexto de envelhecimento demogr\u00e1fico crescente e complexo, o projeto responde \u00e0 necessidade urgente de estruturar a colabora\u00e7\u00e3o entre geriatria e neurocirurgia, cuja integra\u00e7\u00e3o rec\u00edproca representa simultaneamente uma necessidade cl\u00ednica e uma oportunidade estrat\u00e9gica. O GENEUS tem como objetivo harmonizar os percursos assistenciais nos territ\u00f3rios SUDOE, atrav\u00e9s da implementa\u00e7\u00e3o de um conjunto de ferramentas operacionais utiliz\u00e1veis antes, durante e ap\u00f3s a hospitaliza\u00e7\u00e3o, promovendo a sua ado\u00e7\u00e3o por institui\u00e7\u00f5es de sa\u00fade e autoridades sanit\u00e1rias. Para al\u00e9m da neurocirurgia, o projeto posiciona-se como um laborat\u00f3rio de cuidados integrados para pessoas idosas, produzindo modelos geri\u00e1tricos transfer\u00edveis e reprodut\u00edveis, capazes de adaptar os sistemas de sa\u00fade ao envelhecimento da popula\u00e7\u00e3o em diferentes disciplinas na Europa.<\/p>\n","protected":false},"excerpt":{"rendered":"<p>A equipa do projeto GENEUS publicou recentemente uma contribui\u00e7\u00e3o cient\u00edfica na revista European Geriatric Medicine sob a forma de uma Letter to the Editor, um formato de publica\u00e7\u00e3o acad\u00e9mica breve, indexada e cit\u00e1vel, particularmente valorizado como exerc\u00edcio de an\u00e1lise cr\u00edtica e posicionamento cient\u00edfico.<\/p>\n","protected":false},"author":4918,"featured_media":64825,"parent":0,"template":"","meta":{"_acf_changed":false,"content-type":"","_monsterinsights_skip_tracking":false,"_monsterinsights_sitenote_active":false,"_monsterinsights_sitenote_note":"","_monsterinsights_sitenote_category":0},"class_list":["post-64845","noticia-proyecto","type-noticia-proyecto","status-publish","has-post-thumbnail","hentry"],"acf":[],"yoast_head":"<!-- This site is optimized with the Yoast SEO plugin v27.4 - https:\/\/yoast.com\/product\/yoast-seo-wordpress\/ -->\n<title>O projeto GENEUS posiciona-se no debate cient\u00edfico europeu sobre cuidados geri\u00e1tricos e neurocir\u00fargicos - Interreg Sudoe<\/title>\n<meta name=\"robots\" content=\"index, follow, max-snippet:-1, max-image-preview:large, max-video-preview:-1\" \/>\n<link rel=\"canonical\" href=\"https:\/\/interreg-sudoe.eu\/pt-pt\/noticia-proyecto\/el-proyecto-geneus-se-posiciona-en-el-debate-cientifico-europeo-sobre-atencion-geriatrica-y-neuroquirurgica\/\" \/>\n<meta property=\"og:locale\" content=\"pt_PT\" \/>\n<meta property=\"og:type\" content=\"article\" \/>\n<meta property=\"og:title\" content=\"O projeto GENEUS posiciona-se no debate cient\u00edfico europeu sobre cuidados geri\u00e1tricos e neurocir\u00fargicos - Interreg Sudoe\" \/>\n<meta property=\"og:description\" content=\"A equipa do projeto GENEUS publicou recentemente uma contribui\u00e7\u00e3o cient\u00edfica na revista European Geriatric Medicine sob a forma de uma Letter to the Editor, um formato de publica\u00e7\u00e3o acad\u00e9mica breve, indexada e cit\u00e1vel, particularmente valorizado como exerc\u00edcio de an\u00e1lise cr\u00edtica e posicionamento cient\u00edfico.\" \/>\n<meta property=\"og:url\" content=\"https:\/\/interreg-sudoe.eu\/pt-pt\/noticia-proyecto\/el-proyecto-geneus-se-posiciona-en-el-debate-cientifico-europeo-sobre-atencion-geriatrica-y-neuroquirurgica\/\" \/>\n<meta property=\"og:site_name\" content=\"Interreg Sudoe\" \/>\n<meta property=\"article:publisher\" content=\"https:\/\/www.facebook.com\/interregsudoe\" \/>\n<meta property=\"article:modified_time\" content=\"2026-04-28T10:08:14+00:00\" \/>\n<meta property=\"og:image\" content=\"https:\/\/interreg-sudoe.eu\/wp-content\/uploads\/2026\/04\/geneus-paper.jpg\" \/>\n\t<meta property=\"og:image:width\" content=\"1326\" \/>\n\t<meta property=\"og:image:height\" content=\"832\" \/>\n\t<meta property=\"og:image:type\" content=\"image\/jpeg\" \/>\n<meta name=\"twitter:card\" content=\"summary_large_image\" \/>\n<meta name=\"twitter:site\" content=\"@Sudoe5\" \/>\n<meta name=\"twitter:label1\" content=\"Tempo estimado de leitura\" \/>\n\t<meta name=\"twitter:data1\" content=\"3 minutos\" \/>\n<script type=\"application\/ld+json\" class=\"yoast-schema-graph\">{\"@context\":\"https:\\\/\\\/schema.org\",\"@graph\":[{\"@type\":\"WebPage\",\"@id\":\"https:\\\/\\\/interreg-sudoe.eu\\\/pt-pt\\\/noticia-proyecto\\\/el-proyecto-geneus-se-posiciona-en-el-debate-cientifico-europeo-sobre-atencion-geriatrica-y-neuroquirurgica\\\/\",\"url\":\"https:\\\/\\\/interreg-sudoe.eu\\\/pt-pt\\\/noticia-proyecto\\\/el-proyecto-geneus-se-posiciona-en-el-debate-cientifico-europeo-sobre-atencion-geriatrica-y-neuroquirurgica\\\/\",\"name\":\"O projeto GENEUS posiciona-se no debate cient\u00edfico europeu sobre cuidados geri\u00e1tricos e neurocir\u00fargicos - Interreg Sudoe\",\"isPartOf\":{\"@id\":\"https:\\\/\\\/interreg-sudoe.eu\\\/pt-pt\\\/#website\"},\"primaryImageOfPage\":{\"@id\":\"https:\\\/\\\/interreg-sudoe.eu\\\/pt-pt\\\/noticia-proyecto\\\/el-proyecto-geneus-se-posiciona-en-el-debate-cientifico-europeo-sobre-atencion-geriatrica-y-neuroquirurgica\\\/#primaryimage\"},\"image\":{\"@id\":\"https:\\\/\\\/interreg-sudoe.eu\\\/pt-pt\\\/noticia-proyecto\\\/el-proyecto-geneus-se-posiciona-en-el-debate-cientifico-europeo-sobre-atencion-geriatrica-y-neuroquirurgica\\\/#primaryimage\"},\"thumbnailUrl\":\"https:\\\/\\\/interreg-sudoe.eu\\\/wp-content\\\/uploads\\\/2026\\\/04\\\/geneus-paper.jpg\",\"datePublished\":\"2026-04-28T10:02:32+00:00\",\"dateModified\":\"2026-04-28T10:08:14+00:00\",\"breadcrumb\":{\"@id\":\"https:\\\/\\\/interreg-sudoe.eu\\\/pt-pt\\\/noticia-proyecto\\\/el-proyecto-geneus-se-posiciona-en-el-debate-cientifico-europeo-sobre-atencion-geriatrica-y-neuroquirurgica\\\/#breadcrumb\"},\"inLanguage\":\"pt-PT\",\"potentialAction\":[{\"@type\":\"ReadAction\",\"target\":[\"https:\\\/\\\/interreg-sudoe.eu\\\/pt-pt\\\/noticia-proyecto\\\/el-proyecto-geneus-se-posiciona-en-el-debate-cientifico-europeo-sobre-atencion-geriatrica-y-neuroquirurgica\\\/\"]}]},{\"@type\":\"ImageObject\",\"inLanguage\":\"pt-PT\",\"@id\":\"https:\\\/\\\/interreg-sudoe.eu\\\/pt-pt\\\/noticia-proyecto\\\/el-proyecto-geneus-se-posiciona-en-el-debate-cientifico-europeo-sobre-atencion-geriatrica-y-neuroquirurgica\\\/#primaryimage\",\"url\":\"https:\\\/\\\/interreg-sudoe.eu\\\/wp-content\\\/uploads\\\/2026\\\/04\\\/geneus-paper.jpg\",\"contentUrl\":\"https:\\\/\\\/interreg-sudoe.eu\\\/wp-content\\\/uploads\\\/2026\\\/04\\\/geneus-paper.jpg\",\"width\":1326,\"height\":832},{\"@type\":\"BreadcrumbList\",\"@id\":\"https:\\\/\\\/interreg-sudoe.eu\\\/pt-pt\\\/noticia-proyecto\\\/el-proyecto-geneus-se-posiciona-en-el-debate-cientifico-europeo-sobre-atencion-geriatrica-y-neuroquirurgica\\\/#breadcrumb\",\"itemListElement\":[{\"@type\":\"ListItem\",\"position\":1,\"name\":\"Home\",\"item\":\"https:\\\/\\\/interreg-sudoe.eu\\\/pt-pt\\\/\"},{\"@type\":\"ListItem\",\"position\":2,\"name\":\"O projeto GENEUS posiciona-se no debate cient\u00edfico europeu sobre cuidados geri\u00e1tricos e neurocir\u00fargicos\"}]},{\"@type\":\"WebSite\",\"@id\":\"https:\\\/\\\/interreg-sudoe.eu\\\/pt-pt\\\/#website\",\"url\":\"https:\\\/\\\/interreg-sudoe.eu\\\/pt-pt\\\/\",\"name\":\"Interreg Sudoe\",\"description\":\"Interreg Sudoe\",\"publisher\":{\"@id\":\"https:\\\/\\\/interreg-sudoe.eu\\\/pt-pt\\\/#organization\"},\"alternateName\":\"Interreg Sudoe\",\"potentialAction\":[{\"@type\":\"SearchAction\",\"target\":{\"@type\":\"EntryPoint\",\"urlTemplate\":\"https:\\\/\\\/interreg-sudoe.eu\\\/pt-pt\\\/?s={search_term_string}\"},\"query-input\":{\"@type\":\"PropertyValueSpecification\",\"valueRequired\":true,\"valueName\":\"search_term_string\"}}],\"inLanguage\":\"pt-PT\"},{\"@type\":\"Organization\",\"@id\":\"https:\\\/\\\/interreg-sudoe.eu\\\/pt-pt\\\/#organization\",\"name\":\"Interreg Sudoe\",\"alternateName\":\"Interreg Sudoe\",\"url\":\"https:\\\/\\\/interreg-sudoe.eu\\\/pt-pt\\\/\",\"logo\":{\"@type\":\"ImageObject\",\"inLanguage\":\"pt-PT\",\"@id\":\"https:\\\/\\\/interreg-sudoe.eu\\\/pt-pt\\\/#\\\/schema\\\/logo\\\/image\\\/\",\"url\":\"https:\\\/\\\/interreg-sudoe.eu\\\/wp-content\\\/uploads\\\/2024\\\/03\\\/logo-interreg.png\",\"contentUrl\":\"https:\\\/\\\/interreg-sudoe.eu\\\/wp-content\\\/uploads\\\/2024\\\/03\\\/logo-interreg.png\",\"width\":1200,\"height\":675,\"caption\":\"Interreg Sudoe\"},\"image\":{\"@id\":\"https:\\\/\\\/interreg-sudoe.eu\\\/pt-pt\\\/#\\\/schema\\\/logo\\\/image\\\/\"},\"sameAs\":[\"https:\\\/\\\/www.facebook.com\\\/interregsudoe\",\"https:\\\/\\\/x.com\\\/Sudoe5\",\"https:\\\/\\\/www.youtube.com\\\/channel\\\/UCeGx2edoB32beRc9dbKA2vw\",\"https:\\\/\\\/www.linkedin.com\\\/company\\\/interreg-sudoe-programme\\\/\",\"https:\\\/\\\/www.flickr.com\\\/photos\\\/148704685@N06\\\/\"]}]}<\/script>\n<!-- \/ Yoast SEO plugin. -->","yoast_head_json":{"title":"O projeto GENEUS posiciona-se no debate cient\u00edfico europeu sobre cuidados geri\u00e1tricos e neurocir\u00fargicos - Interreg Sudoe","robots":{"index":"index","follow":"follow","max-snippet":"max-snippet:-1","max-image-preview":"max-image-preview:large","max-video-preview":"max-video-preview:-1"},"canonical":"https:\/\/interreg-sudoe.eu\/pt-pt\/noticia-proyecto\/el-proyecto-geneus-se-posiciona-en-el-debate-cientifico-europeo-sobre-atencion-geriatrica-y-neuroquirurgica\/","og_locale":"pt_PT","og_type":"article","og_title":"O projeto GENEUS posiciona-se no debate cient\u00edfico europeu sobre cuidados geri\u00e1tricos e neurocir\u00fargicos - Interreg Sudoe","og_description":"A equipa do projeto GENEUS publicou recentemente uma contribui\u00e7\u00e3o cient\u00edfica na revista European Geriatric Medicine sob a forma de uma Letter to the Editor, um formato de publica\u00e7\u00e3o acad\u00e9mica breve, indexada e cit\u00e1vel, particularmente valorizado como exerc\u00edcio de an\u00e1lise cr\u00edtica e posicionamento cient\u00edfico.","og_url":"https:\/\/interreg-sudoe.eu\/pt-pt\/noticia-proyecto\/el-proyecto-geneus-se-posiciona-en-el-debate-cientifico-europeo-sobre-atencion-geriatrica-y-neuroquirurgica\/","og_site_name":"Interreg Sudoe","article_publisher":"https:\/\/www.facebook.com\/interregsudoe","article_modified_time":"2026-04-28T10:08:14+00:00","og_image":[{"width":1326,"height":832,"url":"https:\/\/interreg-sudoe.eu\/wp-content\/uploads\/2026\/04\/geneus-paper.jpg","type":"image\/jpeg"}],"twitter_card":"summary_large_image","twitter_site":"@Sudoe5","twitter_misc":{"Tempo estimado de leitura":"3 minutos"},"schema":{"@context":"https:\/\/schema.org","@graph":[{"@type":"WebPage","@id":"https:\/\/interreg-sudoe.eu\/pt-pt\/noticia-proyecto\/el-proyecto-geneus-se-posiciona-en-el-debate-cientifico-europeo-sobre-atencion-geriatrica-y-neuroquirurgica\/","url":"https:\/\/interreg-sudoe.eu\/pt-pt\/noticia-proyecto\/el-proyecto-geneus-se-posiciona-en-el-debate-cientifico-europeo-sobre-atencion-geriatrica-y-neuroquirurgica\/","name":"O projeto GENEUS posiciona-se no debate cient\u00edfico europeu sobre cuidados geri\u00e1tricos e neurocir\u00fargicos - Interreg Sudoe","isPartOf":{"@id":"https:\/\/interreg-sudoe.eu\/pt-pt\/#website"},"primaryImageOfPage":{"@id":"https:\/\/interreg-sudoe.eu\/pt-pt\/noticia-proyecto\/el-proyecto-geneus-se-posiciona-en-el-debate-cientifico-europeo-sobre-atencion-geriatrica-y-neuroquirurgica\/#primaryimage"},"image":{"@id":"https:\/\/interreg-sudoe.eu\/pt-pt\/noticia-proyecto\/el-proyecto-geneus-se-posiciona-en-el-debate-cientifico-europeo-sobre-atencion-geriatrica-y-neuroquirurgica\/#primaryimage"},"thumbnailUrl":"https:\/\/interreg-sudoe.eu\/wp-content\/uploads\/2026\/04\/geneus-paper.jpg","datePublished":"2026-04-28T10:02:32+00:00","dateModified":"2026-04-28T10:08:14+00:00","breadcrumb":{"@id":"https:\/\/interreg-sudoe.eu\/pt-pt\/noticia-proyecto\/el-proyecto-geneus-se-posiciona-en-el-debate-cientifico-europeo-sobre-atencion-geriatrica-y-neuroquirurgica\/#breadcrumb"},"inLanguage":"pt-PT","potentialAction":[{"@type":"ReadAction","target":["https:\/\/interreg-sudoe.eu\/pt-pt\/noticia-proyecto\/el-proyecto-geneus-se-posiciona-en-el-debate-cientifico-europeo-sobre-atencion-geriatrica-y-neuroquirurgica\/"]}]},{"@type":"ImageObject","inLanguage":"pt-PT","@id":"https:\/\/interreg-sudoe.eu\/pt-pt\/noticia-proyecto\/el-proyecto-geneus-se-posiciona-en-el-debate-cientifico-europeo-sobre-atencion-geriatrica-y-neuroquirurgica\/#primaryimage","url":"https:\/\/interreg-sudoe.eu\/wp-content\/uploads\/2026\/04\/geneus-paper.jpg","contentUrl":"https:\/\/interreg-sudoe.eu\/wp-content\/uploads\/2026\/04\/geneus-paper.jpg","width":1326,"height":832},{"@type":"BreadcrumbList","@id":"https:\/\/interreg-sudoe.eu\/pt-pt\/noticia-proyecto\/el-proyecto-geneus-se-posiciona-en-el-debate-cientifico-europeo-sobre-atencion-geriatrica-y-neuroquirurgica\/#breadcrumb","itemListElement":[{"@type":"ListItem","position":1,"name":"Home","item":"https:\/\/interreg-sudoe.eu\/pt-pt\/"},{"@type":"ListItem","position":2,"name":"O projeto GENEUS posiciona-se no debate cient\u00edfico europeu sobre cuidados geri\u00e1tricos e neurocir\u00fargicos"}]},{"@type":"WebSite","@id":"https:\/\/interreg-sudoe.eu\/pt-pt\/#website","url":"https:\/\/interreg-sudoe.eu\/pt-pt\/","name":"Interreg Sudoe","description":"Interreg Sudoe","publisher":{"@id":"https:\/\/interreg-sudoe.eu\/pt-pt\/#organization"},"alternateName":"Interreg Sudoe","potentialAction":[{"@type":"SearchAction","target":{"@type":"EntryPoint","urlTemplate":"https:\/\/interreg-sudoe.eu\/pt-pt\/?s={search_term_string}"},"query-input":{"@type":"PropertyValueSpecification","valueRequired":true,"valueName":"search_term_string"}}],"inLanguage":"pt-PT"},{"@type":"Organization","@id":"https:\/\/interreg-sudoe.eu\/pt-pt\/#organization","name":"Interreg Sudoe","alternateName":"Interreg Sudoe","url":"https:\/\/interreg-sudoe.eu\/pt-pt\/","logo":{"@type":"ImageObject","inLanguage":"pt-PT","@id":"https:\/\/interreg-sudoe.eu\/pt-pt\/#\/schema\/logo\/image\/","url":"https:\/\/interreg-sudoe.eu\/wp-content\/uploads\/2024\/03\/logo-interreg.png","contentUrl":"https:\/\/interreg-sudoe.eu\/wp-content\/uploads\/2024\/03\/logo-interreg.png","width":1200,"height":675,"caption":"Interreg Sudoe"},"image":{"@id":"https:\/\/interreg-sudoe.eu\/pt-pt\/#\/schema\/logo\/image\/"},"sameAs":["https:\/\/www.facebook.com\/interregsudoe","https:\/\/x.com\/Sudoe5","https:\/\/www.youtube.com\/channel\/UCeGx2edoB32beRc9dbKA2vw","https:\/\/www.linkedin.com\/company\/interreg-sudoe-programme\/","https:\/\/www.flickr.com\/photos\/148704685@N06\/"]}]}},"_links":{"self":[{"href":"https:\/\/interreg-sudoe.eu\/pt-pt\/wp-json\/wp\/v2\/noticia-proyecto\/64845","targetHints":{"allow":["GET"]}}],"collection":[{"href":"https:\/\/interreg-sudoe.eu\/pt-pt\/wp-json\/wp\/v2\/noticia-proyecto"}],"about":[{"href":"https:\/\/interreg-sudoe.eu\/pt-pt\/wp-json\/wp\/v2\/types\/noticia-proyecto"}],"author":[{"embeddable":true,"href":"https:\/\/interreg-sudoe.eu\/pt-pt\/wp-json\/wp\/v2\/users\/4918"}],"wp:featuredmedia":[{"embeddable":true,"href":"https:\/\/interreg-sudoe.eu\/pt-pt\/wp-json\/wp\/v2\/media\/64825"}],"wp:attachment":[{"href":"https:\/\/interreg-sudoe.eu\/pt-pt\/wp-json\/wp\/v2\/media?parent=64845"}],"curies":[{"name":"wp","href":"https:\/\/api.w.org\/{rel}","templated":true}]}}