{"id":64885,"date":"2026-04-28T12:14:24","date_gmt":"2026-04-28T10:14:24","guid":{"rendered":"https:\/\/interreg-sudoe.eu\/noticia-proyecto\/i-rewater-encara-en-2026-el-ultimo-ano-de-ejecucion-con-una-intensa-agenda-de-eventos-internacionales\/"},"modified":"2026-04-28T13:19:28","modified_gmt":"2026-04-28T11:19:28","slug":"i-rewater-enfrenta-em-2026-o-ultimo-ano-de-execucao-com-uma-intensa-agenda-de-eventos-internacionais","status":"publish","type":"noticia-proyecto","link":"https:\/\/interreg-sudoe.eu\/pt-pt\/noticia-proyecto\/i-rewater-enfrenta-em-2026-o-ultimo-ano-de-execucao-com-uma-intensa-agenda-de-eventos-internacionais\/","title":{"rendered":"I-ReWater enfrenta em 2026 o \u00faltimo ano de execu\u00e7\u00e3o com uma intensa agenda de eventos internacionais"},"content":{"rendered":"<p data-start=\"7460\" data-end=\"7709\">O projeto I-ReWater entra em 2026, o seu terceiro e \u00faltimo ano de execu\u00e7\u00e3o, com um calend\u00e1rio marcado por reuni\u00f5es estrat\u00e9gicas, congressos internacionais e a\u00e7\u00f5es de divulga\u00e7\u00e3o orientadas para consolidar os resultados obtidos ao longo da iniciativa.<\/p>\n<p data-start=\"7711\" data-end=\"7901\">Ao longo do ano, o cons\u00f3rcio impulsionar\u00e1 diferentes atividades-chave ligadas \u00e0 gest\u00e3o sustent\u00e1vel da \u00e1gua na agricultura de regadio e \u00e0 utiliza\u00e7\u00e3o de \u00e1gua urbana regenerada no espa\u00e7o SUDOE.<\/p>\n<p data-start=\"7903\" data-end=\"7973\" data-section-id=\"h05ygj\"><strong>Junho: reuni\u00f5es de coordena\u00e7\u00e3o e congresso internacional em Madrid<br \/>\n<\/strong>Nos dias 15 e 16 de junho, ter\u00e1 lugar em Madrid a quinta reuni\u00e3o do cons\u00f3rcio, um encontro de trabalho centrado na coordena\u00e7\u00e3o final das a\u00e7\u00f5es e no planeamento do encerramento do projeto.<\/p>\n<p data-start=\"8172\" data-end=\"8357\">De seguida, de 17 a 19 de junho, realizar-se-\u00e1 em San Fernando de Henares (Madrid) o <a href=\"https:\/\/interreg-sudoe.eu\/pt-pt\/evento-proyecto\/i-rewater-ii-congreso-reuse-euromed-sobre-reutilizacion-del-agua\/\">II Congresso REUSE-EuroMed-2026<\/a>, um evento de refer\u00eancia em mat\u00e9ria de reutiliza\u00e7\u00e3o da \u00e1gua.<\/p>\n<p data-start=\"8359\" data-end=\"8644\">No \u00e2mbito deste congresso est\u00e1 prevista a apresenta\u00e7\u00e3o oficial do Hub I-ReWater e do sistema DSS (Decision Support System), ferramentas desenvolvidas para facilitar o acesso ao conhecimento gerado e apoiar a tomada de decis\u00e3o em mat\u00e9ria de rega e reutiliza\u00e7\u00e3o de recursos h\u00eddricos.<\/p>\n<p data-start=\"8646\" data-end=\"8693\" data-section-id=\"11y45pl\"><strong>Outubro: presen\u00e7a internacional em Marselha<br \/>\n<\/strong>De 12 a 17 de outubro, representantes do projeto participar\u00e3o no <a href=\"https:\/\/icidcongress2026.org\/\">26th ICID International Congress \u2013 Eau, Agriculture et Territoires<\/a>, que se realizar\u00e1 em Marselha (Fran\u00e7a).<\/p>\n<p data-start=\"8876\" data-end=\"9070\">Este encontro internacional reunir\u00e1 especialistas e entidades ligadas \u00e0 \u00e1gua, agricultura e ordenamento do territ\u00f3rio, oferecendo um espa\u00e7o estrat\u00e9gico para partilhar a experi\u00eancia do I-ReWater.<\/p>\n<p data-start=\"9072\" data-end=\"9121\" data-section-id=\"fzfwh4\"><strong>Novembro: encerramento institucional em \u00c9vora<br \/>\n<\/strong>Nos dias 17 e 18 de novembro, a cidade de \u00c9vora (Portugal) acolher\u00e1 a sexta reuni\u00e3o do cons\u00f3rcio, um dos \u00faltimos encontros presenciais do projeto.<\/p>\n<p data-start=\"9279\" data-end=\"9323\">Durante este per\u00edodo est\u00e1 tamb\u00e9m prevista a:<\/p>\n<ul data-start=\"9325\" data-end=\"9525\">\n<li data-start=\"9325\" data-end=\"9443\" data-section-id=\"qg7iuz\">Apresenta\u00e7\u00e3o \u00e0s autoridades p\u00fablicas da Estrat\u00e9gia Transnacional de Utiliza\u00e7\u00e3o de \u00c1gua Regenerada do I-ReWater<\/li>\n<li data-start=\"9444\" data-end=\"9525\" data-section-id=\"110p8ml\">Apresenta\u00e7\u00e3o do <a href=\"https:\/\/cpf.gencat.cat\/en\/cpf_03_linies_actuacio\/cpf_transferencia_coneixement\/cpf_projectes_europeus\/cpf_life_demorgest\/actuacions-difusio\/CPF_Informe-Layman\/\">Layman\u2019s Report<\/a>, documento final de divulga\u00e7\u00e3o do projeto<\/li>\n<\/ul>\n<p data-start=\"9527\" data-end=\"9571\" data-section-id=\"hoy6h5\"><strong>Portas abertas nos 15 pilotos do projeto<br \/>\n<\/strong>Ao longo de 2026 realizar-se-\u00e3o jornadas de portas abertas e atividades de sensibiliza\u00e7\u00e3o nos 15 pilotos demonstrativos localizados em Espanha, Portugal e Fran\u00e7a.<\/p>\n<p data-start=\"9741\" data-end=\"9929\">Estas a\u00e7\u00f5es permitir\u00e3o aproximar profissionais, administra\u00e7\u00f5es p\u00fablicas e cidad\u00e3os dos avan\u00e7os alcan\u00e7ados em diferentes culturas, entre elas vinha, l\u00fapulo, amendoeira, olival e hort\u00edcolas.<\/p>\n<p data-start=\"9931\" data-end=\"9977\" data-section-id=\"62r0yr\"><strong>Um projeto estrat\u00e9gico para o espa\u00e7o SUDOE<br \/>\n<\/strong>O I-ReWater foi aprovado na primeira convocat\u00f3ria do programa Interreg Sudoe 2021-2027 e disp\u00f5e de um or\u00e7amento superior a 2,2 milh\u00f5es de euros, cofinanciado em 75 % pelo FEDER.<\/p>\n<p data-start=\"10166\" data-end=\"10543\">Entre 2024 e 2026, o projeto trabalha para melhorar a gest\u00e3o dos recursos h\u00eddricos na agricultura atrav\u00e9s da integra\u00e7\u00e3o segura e sustent\u00e1vel da \u00e1gua urbana regenerada. Como resultado final, ser\u00e1 apresentada a Estrat\u00e9gia de Utiliza\u00e7\u00e3o da \u00c1gua Regenerada no Regadio para o espa\u00e7o SUDOE, al\u00e9m de um Hub de conhecimento de acesso livre com o conjunto de resultados obtidos.<\/p>\n<p data-start=\"10545\" data-end=\"10848\">\n","protected":false},"excerpt":{"rendered":"<p>O projeto I-ReWater enfrenta em 2026 o seu \u00faltimo ano de execu\u00e7\u00e3o com uma agenda marcada por congressos internacionais, reuni\u00f5es estrat\u00e9gicas e a\u00e7\u00f5es de divulga\u00e7\u00e3o em Espanha, Portugal e Fran\u00e7a. O calend\u00e1rio servir\u00e1 para apresentar os principais resultados e ferramentas desenvolvidos pela iniciativa.<\/p>\n","protected":false},"author":4973,"featured_media":64886,"parent":0,"template":"","meta":{"_acf_changed":false,"content-type":"","_monsterinsights_skip_tracking":false,"_monsterinsights_sitenote_active":false,"_monsterinsights_sitenote_note":"","_monsterinsights_sitenote_category":0},"class_list":["post-64885","noticia-proyecto","type-noticia-proyecto","status-publish","has-post-thumbnail","hentry"],"acf":[],"yoast_head":"<!-- This site is optimized with the Yoast SEO plugin v27.4 - https:\/\/yoast.com\/product\/yoast-seo-wordpress\/ -->\n<title>I-ReWater enfrenta em 2026 o \u00faltimo ano de execu\u00e7\u00e3o com uma intensa agenda de eventos internacionais - Interreg Sudoe<\/title>\n<meta name=\"robots\" content=\"index, follow, max-snippet:-1, max-image-preview:large, max-video-preview:-1\" \/>\n<link rel=\"canonical\" href=\"https:\/\/interreg-sudoe.eu\/pt-pt\/noticia-proyecto\/i-rewater-enfrenta-em-2026-o-ultimo-ano-de-execucao-com-uma-intensa-agenda-de-eventos-internacionais\/\" \/>\n<meta property=\"og:locale\" content=\"pt_PT\" \/>\n<meta property=\"og:type\" content=\"article\" \/>\n<meta property=\"og:title\" content=\"I-ReWater enfrenta em 2026 o \u00faltimo ano de execu\u00e7\u00e3o com uma intensa agenda de eventos internacionais - Interreg Sudoe\" \/>\n<meta property=\"og:description\" content=\"O projeto I-ReWater enfrenta em 2026 o seu \u00faltimo ano de execu\u00e7\u00e3o com uma agenda marcada por congressos internacionais, reuni\u00f5es estrat\u00e9gicas e a\u00e7\u00f5es de divulga\u00e7\u00e3o em Espanha, Portugal e Fran\u00e7a. O calend\u00e1rio servir\u00e1 para apresentar os principais resultados e ferramentas desenvolvidos pela iniciativa.\" \/>\n<meta property=\"og:url\" content=\"https:\/\/interreg-sudoe.eu\/pt-pt\/noticia-proyecto\/i-rewater-enfrenta-em-2026-o-ultimo-ano-de-execucao-com-uma-intensa-agenda-de-eventos-internacionais\/\" \/>\n<meta property=\"og:site_name\" content=\"Interreg Sudoe\" \/>\n<meta property=\"article:publisher\" content=\"https:\/\/www.facebook.com\/interregsudoe\" \/>\n<meta property=\"article:modified_time\" content=\"2026-04-28T11:19:28+00:00\" \/>\n<meta property=\"og:image\" content=\"https:\/\/interreg-sudoe.eu\/wp-content\/uploads\/2026\/04\/I-ReWater-Portada-H-web-1140-x-640-px-3-copia.jpg\" \/>\n\t<meta property=\"og:image:width\" content=\"1140\" \/>\n\t<meta property=\"og:image:height\" content=\"640\" \/>\n\t<meta property=\"og:image:type\" content=\"image\/jpeg\" \/>\n<meta name=\"twitter:card\" content=\"summary_large_image\" \/>\n<meta name=\"twitter:site\" content=\"@Sudoe5\" \/>\n<meta name=\"twitter:label1\" content=\"Tempo estimado de leitura\" \/>\n\t<meta name=\"twitter:data1\" content=\"2 minutos\" \/>\n<script type=\"application\/ld+json\" class=\"yoast-schema-graph\">{\"@context\":\"https:\\\/\\\/schema.org\",\"@graph\":[{\"@type\":\"WebPage\",\"@id\":\"https:\\\/\\\/interreg-sudoe.eu\\\/pt-pt\\\/noticia-proyecto\\\/i-rewater-enfrenta-em-2026-o-ultimo-ano-de-execucao-com-uma-intensa-agenda-de-eventos-internacionais\\\/\",\"url\":\"https:\\\/\\\/interreg-sudoe.eu\\\/pt-pt\\\/noticia-proyecto\\\/i-rewater-enfrenta-em-2026-o-ultimo-ano-de-execucao-com-uma-intensa-agenda-de-eventos-internacionais\\\/\",\"name\":\"I-ReWater enfrenta em 2026 o \u00faltimo ano de execu\u00e7\u00e3o com uma intensa agenda de eventos internacionais - Interreg Sudoe\",\"isPartOf\":{\"@id\":\"https:\\\/\\\/interreg-sudoe.eu\\\/pt-pt\\\/#website\"},\"primaryImageOfPage\":{\"@id\":\"https:\\\/\\\/interreg-sudoe.eu\\\/pt-pt\\\/noticia-proyecto\\\/i-rewater-enfrenta-em-2026-o-ultimo-ano-de-execucao-com-uma-intensa-agenda-de-eventos-internacionais\\\/#primaryimage\"},\"image\":{\"@id\":\"https:\\\/\\\/interreg-sudoe.eu\\\/pt-pt\\\/noticia-proyecto\\\/i-rewater-enfrenta-em-2026-o-ultimo-ano-de-execucao-com-uma-intensa-agenda-de-eventos-internacionais\\\/#primaryimage\"},\"thumbnailUrl\":\"https:\\\/\\\/interreg-sudoe.eu\\\/wp-content\\\/uploads\\\/2026\\\/04\\\/I-ReWater-Portada-H-web-1140-x-640-px-3-copia.jpg\",\"datePublished\":\"2026-04-28T10:14:24+00:00\",\"dateModified\":\"2026-04-28T11:19:28+00:00\",\"breadcrumb\":{\"@id\":\"https:\\\/\\\/interreg-sudoe.eu\\\/pt-pt\\\/noticia-proyecto\\\/i-rewater-enfrenta-em-2026-o-ultimo-ano-de-execucao-com-uma-intensa-agenda-de-eventos-internacionais\\\/#breadcrumb\"},\"inLanguage\":\"pt-PT\",\"potentialAction\":[{\"@type\":\"ReadAction\",\"target\":[\"https:\\\/\\\/interreg-sudoe.eu\\\/pt-pt\\\/noticia-proyecto\\\/i-rewater-enfrenta-em-2026-o-ultimo-ano-de-execucao-com-uma-intensa-agenda-de-eventos-internacionais\\\/\"]}]},{\"@type\":\"ImageObject\",\"inLanguage\":\"pt-PT\",\"@id\":\"https:\\\/\\\/interreg-sudoe.eu\\\/pt-pt\\\/noticia-proyecto\\\/i-rewater-enfrenta-em-2026-o-ultimo-ano-de-execucao-com-uma-intensa-agenda-de-eventos-internacionais\\\/#primaryimage\",\"url\":\"https:\\\/\\\/interreg-sudoe.eu\\\/wp-content\\\/uploads\\\/2026\\\/04\\\/I-ReWater-Portada-H-web-1140-x-640-px-3-copia.jpg\",\"contentUrl\":\"https:\\\/\\\/interreg-sudoe.eu\\\/wp-content\\\/uploads\\\/2026\\\/04\\\/I-ReWater-Portada-H-web-1140-x-640-px-3-copia.jpg\",\"width\":1140,\"height\":640},{\"@type\":\"BreadcrumbList\",\"@id\":\"https:\\\/\\\/interreg-sudoe.eu\\\/pt-pt\\\/noticia-proyecto\\\/i-rewater-enfrenta-em-2026-o-ultimo-ano-de-execucao-com-uma-intensa-agenda-de-eventos-internacionais\\\/#breadcrumb\",\"itemListElement\":[{\"@type\":\"ListItem\",\"position\":1,\"name\":\"Home\",\"item\":\"https:\\\/\\\/interreg-sudoe.eu\\\/pt-pt\\\/\"},{\"@type\":\"ListItem\",\"position\":2,\"name\":\"I-ReWater enfrenta em 2026 o \u00faltimo ano de execu\u00e7\u00e3o com uma intensa agenda de eventos internacionais\"}]},{\"@type\":\"WebSite\",\"@id\":\"https:\\\/\\\/interreg-sudoe.eu\\\/pt-pt\\\/#website\",\"url\":\"https:\\\/\\\/interreg-sudoe.eu\\\/pt-pt\\\/\",\"name\":\"Interreg Sudoe\",\"description\":\"Interreg Sudoe\",\"publisher\":{\"@id\":\"https:\\\/\\\/interreg-sudoe.eu\\\/pt-pt\\\/#organization\"},\"alternateName\":\"Interreg Sudoe\",\"potentialAction\":[{\"@type\":\"SearchAction\",\"target\":{\"@type\":\"EntryPoint\",\"urlTemplate\":\"https:\\\/\\\/interreg-sudoe.eu\\\/pt-pt\\\/?s={search_term_string}\"},\"query-input\":{\"@type\":\"PropertyValueSpecification\",\"valueRequired\":true,\"valueName\":\"search_term_string\"}}],\"inLanguage\":\"pt-PT\"},{\"@type\":\"Organization\",\"@id\":\"https:\\\/\\\/interreg-sudoe.eu\\\/pt-pt\\\/#organization\",\"name\":\"Interreg Sudoe\",\"alternateName\":\"Interreg Sudoe\",\"url\":\"https:\\\/\\\/interreg-sudoe.eu\\\/pt-pt\\\/\",\"logo\":{\"@type\":\"ImageObject\",\"inLanguage\":\"pt-PT\",\"@id\":\"https:\\\/\\\/interreg-sudoe.eu\\\/pt-pt\\\/#\\\/schema\\\/logo\\\/image\\\/\",\"url\":\"https:\\\/\\\/interreg-sudoe.eu\\\/wp-content\\\/uploads\\\/2024\\\/03\\\/logo-interreg.png\",\"contentUrl\":\"https:\\\/\\\/interreg-sudoe.eu\\\/wp-content\\\/uploads\\\/2024\\\/03\\\/logo-interreg.png\",\"width\":1200,\"height\":675,\"caption\":\"Interreg Sudoe\"},\"image\":{\"@id\":\"https:\\\/\\\/interreg-sudoe.eu\\\/pt-pt\\\/#\\\/schema\\\/logo\\\/image\\\/\"},\"sameAs\":[\"https:\\\/\\\/www.facebook.com\\\/interregsudoe\",\"https:\\\/\\\/x.com\\\/Sudoe5\",\"https:\\\/\\\/www.youtube.com\\\/channel\\\/UCeGx2edoB32beRc9dbKA2vw\",\"https:\\\/\\\/www.linkedin.com\\\/company\\\/interreg-sudoe-programme\\\/\",\"https:\\\/\\\/www.flickr.com\\\/photos\\\/148704685@N06\\\/\"]}]}<\/script>\n<!-- \/ Yoast SEO plugin. -->","yoast_head_json":{"title":"I-ReWater enfrenta em 2026 o \u00faltimo ano de execu\u00e7\u00e3o com uma intensa agenda de eventos internacionais - Interreg Sudoe","robots":{"index":"index","follow":"follow","max-snippet":"max-snippet:-1","max-image-preview":"max-image-preview:large","max-video-preview":"max-video-preview:-1"},"canonical":"https:\/\/interreg-sudoe.eu\/pt-pt\/noticia-proyecto\/i-rewater-enfrenta-em-2026-o-ultimo-ano-de-execucao-com-uma-intensa-agenda-de-eventos-internacionais\/","og_locale":"pt_PT","og_type":"article","og_title":"I-ReWater enfrenta em 2026 o \u00faltimo ano de execu\u00e7\u00e3o com uma intensa agenda de eventos internacionais - Interreg Sudoe","og_description":"O projeto I-ReWater enfrenta em 2026 o seu \u00faltimo ano de execu\u00e7\u00e3o com uma agenda marcada por congressos internacionais, reuni\u00f5es estrat\u00e9gicas e a\u00e7\u00f5es de divulga\u00e7\u00e3o em Espanha, Portugal e Fran\u00e7a. O calend\u00e1rio servir\u00e1 para apresentar os principais resultados e ferramentas desenvolvidos pela iniciativa.","og_url":"https:\/\/interreg-sudoe.eu\/pt-pt\/noticia-proyecto\/i-rewater-enfrenta-em-2026-o-ultimo-ano-de-execucao-com-uma-intensa-agenda-de-eventos-internacionais\/","og_site_name":"Interreg Sudoe","article_publisher":"https:\/\/www.facebook.com\/interregsudoe","article_modified_time":"2026-04-28T11:19:28+00:00","og_image":[{"width":1140,"height":640,"url":"https:\/\/interreg-sudoe.eu\/wp-content\/uploads\/2026\/04\/I-ReWater-Portada-H-web-1140-x-640-px-3-copia.jpg","type":"image\/jpeg"}],"twitter_card":"summary_large_image","twitter_site":"@Sudoe5","twitter_misc":{"Tempo estimado de leitura":"2 minutos"},"schema":{"@context":"https:\/\/schema.org","@graph":[{"@type":"WebPage","@id":"https:\/\/interreg-sudoe.eu\/pt-pt\/noticia-proyecto\/i-rewater-enfrenta-em-2026-o-ultimo-ano-de-execucao-com-uma-intensa-agenda-de-eventos-internacionais\/","url":"https:\/\/interreg-sudoe.eu\/pt-pt\/noticia-proyecto\/i-rewater-enfrenta-em-2026-o-ultimo-ano-de-execucao-com-uma-intensa-agenda-de-eventos-internacionais\/","name":"I-ReWater enfrenta em 2026 o \u00faltimo ano de execu\u00e7\u00e3o com uma intensa agenda de eventos internacionais - Interreg Sudoe","isPartOf":{"@id":"https:\/\/interreg-sudoe.eu\/pt-pt\/#website"},"primaryImageOfPage":{"@id":"https:\/\/interreg-sudoe.eu\/pt-pt\/noticia-proyecto\/i-rewater-enfrenta-em-2026-o-ultimo-ano-de-execucao-com-uma-intensa-agenda-de-eventos-internacionais\/#primaryimage"},"image":{"@id":"https:\/\/interreg-sudoe.eu\/pt-pt\/noticia-proyecto\/i-rewater-enfrenta-em-2026-o-ultimo-ano-de-execucao-com-uma-intensa-agenda-de-eventos-internacionais\/#primaryimage"},"thumbnailUrl":"https:\/\/interreg-sudoe.eu\/wp-content\/uploads\/2026\/04\/I-ReWater-Portada-H-web-1140-x-640-px-3-copia.jpg","datePublished":"2026-04-28T10:14:24+00:00","dateModified":"2026-04-28T11:19:28+00:00","breadcrumb":{"@id":"https:\/\/interreg-sudoe.eu\/pt-pt\/noticia-proyecto\/i-rewater-enfrenta-em-2026-o-ultimo-ano-de-execucao-com-uma-intensa-agenda-de-eventos-internacionais\/#breadcrumb"},"inLanguage":"pt-PT","potentialAction":[{"@type":"ReadAction","target":["https:\/\/interreg-sudoe.eu\/pt-pt\/noticia-proyecto\/i-rewater-enfrenta-em-2026-o-ultimo-ano-de-execucao-com-uma-intensa-agenda-de-eventos-internacionais\/"]}]},{"@type":"ImageObject","inLanguage":"pt-PT","@id":"https:\/\/interreg-sudoe.eu\/pt-pt\/noticia-proyecto\/i-rewater-enfrenta-em-2026-o-ultimo-ano-de-execucao-com-uma-intensa-agenda-de-eventos-internacionais\/#primaryimage","url":"https:\/\/interreg-sudoe.eu\/wp-content\/uploads\/2026\/04\/I-ReWater-Portada-H-web-1140-x-640-px-3-copia.jpg","contentUrl":"https:\/\/interreg-sudoe.eu\/wp-content\/uploads\/2026\/04\/I-ReWater-Portada-H-web-1140-x-640-px-3-copia.jpg","width":1140,"height":640},{"@type":"BreadcrumbList","@id":"https:\/\/interreg-sudoe.eu\/pt-pt\/noticia-proyecto\/i-rewater-enfrenta-em-2026-o-ultimo-ano-de-execucao-com-uma-intensa-agenda-de-eventos-internacionais\/#breadcrumb","itemListElement":[{"@type":"ListItem","position":1,"name":"Home","item":"https:\/\/interreg-sudoe.eu\/pt-pt\/"},{"@type":"ListItem","position":2,"name":"I-ReWater enfrenta em 2026 o \u00faltimo ano de execu\u00e7\u00e3o com uma intensa agenda de eventos internacionais"}]},{"@type":"WebSite","@id":"https:\/\/interreg-sudoe.eu\/pt-pt\/#website","url":"https:\/\/interreg-sudoe.eu\/pt-pt\/","name":"Interreg Sudoe","description":"Interreg Sudoe","publisher":{"@id":"https:\/\/interreg-sudoe.eu\/pt-pt\/#organization"},"alternateName":"Interreg Sudoe","potentialAction":[{"@type":"SearchAction","target":{"@type":"EntryPoint","urlTemplate":"https:\/\/interreg-sudoe.eu\/pt-pt\/?s={search_term_string}"},"query-input":{"@type":"PropertyValueSpecification","valueRequired":true,"valueName":"search_term_string"}}],"inLanguage":"pt-PT"},{"@type":"Organization","@id":"https:\/\/interreg-sudoe.eu\/pt-pt\/#organization","name":"Interreg Sudoe","alternateName":"Interreg Sudoe","url":"https:\/\/interreg-sudoe.eu\/pt-pt\/","logo":{"@type":"ImageObject","inLanguage":"pt-PT","@id":"https:\/\/interreg-sudoe.eu\/pt-pt\/#\/schema\/logo\/image\/","url":"https:\/\/interreg-sudoe.eu\/wp-content\/uploads\/2024\/03\/logo-interreg.png","contentUrl":"https:\/\/interreg-sudoe.eu\/wp-content\/uploads\/2024\/03\/logo-interreg.png","width":1200,"height":675,"caption":"Interreg Sudoe"},"image":{"@id":"https:\/\/interreg-sudoe.eu\/pt-pt\/#\/schema\/logo\/image\/"},"sameAs":["https:\/\/www.facebook.com\/interregsudoe","https:\/\/x.com\/Sudoe5","https:\/\/www.youtube.com\/channel\/UCeGx2edoB32beRc9dbKA2vw","https:\/\/www.linkedin.com\/company\/interreg-sudoe-programme\/","https:\/\/www.flickr.com\/photos\/148704685@N06\/"]}]}},"_links":{"self":[{"href":"https:\/\/interreg-sudoe.eu\/pt-pt\/wp-json\/wp\/v2\/noticia-proyecto\/64885","targetHints":{"allow":["GET"]}}],"collection":[{"href":"https:\/\/interreg-sudoe.eu\/pt-pt\/wp-json\/wp\/v2\/noticia-proyecto"}],"about":[{"href":"https:\/\/interreg-sudoe.eu\/pt-pt\/wp-json\/wp\/v2\/types\/noticia-proyecto"}],"author":[{"embeddable":true,"href":"https:\/\/interreg-sudoe.eu\/pt-pt\/wp-json\/wp\/v2\/users\/4973"}],"wp:featuredmedia":[{"embeddable":true,"href":"https:\/\/interreg-sudoe.eu\/pt-pt\/wp-json\/wp\/v2\/media\/64886"}],"wp:attachment":[{"href":"https:\/\/interreg-sudoe.eu\/pt-pt\/wp-json\/wp\/v2\/media?parent=64885"}],"curies":[{"name":"wp","href":"https:\/\/api.w.org\/{rel}","templated":true}]}}