{"id":64957,"date":"2026-04-29T13:08:08","date_gmt":"2026-04-29T11:08:08","guid":{"rendered":"https:\/\/interreg-sudoe.eu\/?post_type=noticia-proyecto&#038;p=64957"},"modified":"2026-04-29T13:10:17","modified_gmt":"2026-04-29T11:10:17","slug":"sessao-de-trabalho-em-ribes-de-freser-sobre-o-patrimonio-do-vale","status":"publish","type":"noticia-proyecto","link":"https:\/\/interreg-sudoe.eu\/pt-pt\/noticia-proyecto\/sessao-de-trabalho-em-ribes-de-freser-sobre-o-patrimonio-do-vale\/","title":{"rendered":"Sess\u00e3o de Trabalho em Ribes de Freser sobre o Patrim\u00f3nio do Vale"},"content":{"rendered":"<p>Esta semana, realizou-se em Ribes de Freser o primeiro encontro com v\u00e1rios atores da regi\u00e3o, desta vez com uma s\u00f3lida forma\u00e7\u00e3o t\u00e9cnica, no \u00e2mbito do projeto RESPIRA. O objetivo da sess\u00e3o foi reunir a perspetiva local sobre a gest\u00e3o do patrim\u00f3nio e o turismo no Vale do Ribes.<\/p>\n<p>O dia serviu sobretudo como ponto de encontro para profissionais e organiza\u00e7\u00f5es que trabalham a n\u00edvel local. Durante a sess\u00e3o, confirmou-se a necessidade de refor\u00e7ar os espa\u00e7os de troca para coordenar a\u00e7\u00f5es futuras, e foram revisitadas propostas ligadas \u00e0 hist\u00f3ria do Vale, como o legado do projeto do ecomuseu, com a inten\u00e7\u00e3o de garantir a sua continuidade.<\/p>\n<p>Na perspetiva anal\u00edtica, discutiram-se os riscos de banaliza\u00e7\u00e3o das narrativas sobre o patrim\u00f3nio e a necessidade de atualizar estes discursos para os tornar mais acess\u00edveis ao p\u00fablico contempor\u00e2neo. Atrav\u00e9s de atividades participativas, os presentes identificaram a import\u00e2ncia de selecionar elementos-chave que contribuam para tornar a riqueza do territ\u00f3rio compreens\u00edvel sem perder a sua ess\u00eancia.<\/p>\n","protected":false},"excerpt":{"rendered":"<p>Esta semana, realizou-se em Ribes de Freser o primeiro encontro com v\u00e1rios atores da regi\u00e3o, desta vez com uma s\u00f3lida forma\u00e7\u00e3o t\u00e9cnica, no \u00e2mbito do projeto RESPIRA. O objetivo da sess\u00e3o foi reunir a perspetiva local sobre a gest\u00e3o do patrim\u00f3nio e o turismo no Vale do Ribes. O dia serviu sobretudo como ponto de [&hellip;]<\/p>\n","protected":false},"author":6642,"featured_media":64954,"parent":0,"template":"","meta":{"_acf_changed":false,"content-type":"","_monsterinsights_skip_tracking":false,"_monsterinsights_sitenote_active":false,"_monsterinsights_sitenote_note":"","_monsterinsights_sitenote_category":0},"class_list":["post-64957","noticia-proyecto","type-noticia-proyecto","status-publish","has-post-thumbnail","hentry"],"acf":[],"yoast_head":"<!-- This site is optimized with the Yoast SEO plugin v27.4 - https:\/\/yoast.com\/product\/yoast-seo-wordpress\/ -->\n<title>Sess\u00e3o de Trabalho em Ribes de Freser sobre o Patrim\u00f3nio do Vale - Interreg Sudoe<\/title>\n<meta name=\"robots\" content=\"index, follow, max-snippet:-1, max-image-preview:large, max-video-preview:-1\" \/>\n<link rel=\"canonical\" href=\"https:\/\/interreg-sudoe.eu\/pt-pt\/noticia-proyecto\/sessao-de-trabalho-em-ribes-de-freser-sobre-o-patrimonio-do-vale\/\" \/>\n<meta property=\"og:locale\" content=\"pt_PT\" \/>\n<meta property=\"og:type\" content=\"article\" \/>\n<meta property=\"og:title\" content=\"Sess\u00e3o de Trabalho em Ribes de Freser sobre o Patrim\u00f3nio do Vale - Interreg Sudoe\" \/>\n<meta property=\"og:description\" content=\"Esta semana, realizou-se em Ribes de Freser o primeiro encontro com v\u00e1rios atores da regi\u00e3o, desta vez com uma s\u00f3lida forma\u00e7\u00e3o t\u00e9cnica, no \u00e2mbito do projeto RESPIRA. O objetivo da sess\u00e3o foi reunir a perspetiva local sobre a gest\u00e3o do patrim\u00f3nio e o turismo no Vale do Ribes. O dia serviu sobretudo como ponto de [&hellip;]\" \/>\n<meta property=\"og:url\" content=\"https:\/\/interreg-sudoe.eu\/pt-pt\/noticia-proyecto\/sessao-de-trabalho-em-ribes-de-freser-sobre-o-patrimonio-do-vale\/\" \/>\n<meta property=\"og:site_name\" content=\"Interreg Sudoe\" \/>\n<meta property=\"article:publisher\" content=\"https:\/\/www.facebook.com\/interregsudoe\" \/>\n<meta property=\"article:modified_time\" content=\"2026-04-29T11:10:17+00:00\" \/>\n<meta property=\"og:image\" content=\"https:\/\/interreg-sudoe.eu\/wp-content\/uploads\/2026\/04\/respiraribesreunioagents.jpg\" \/>\n\t<meta property=\"og:image:width\" content=\"1980\" \/>\n\t<meta property=\"og:image:height\" content=\"1485\" \/>\n\t<meta property=\"og:image:type\" content=\"image\/jpeg\" \/>\n<meta name=\"twitter:card\" content=\"summary_large_image\" \/>\n<meta name=\"twitter:site\" content=\"@Sudoe5\" \/>\n<meta name=\"twitter:label1\" content=\"Tempo estimado de leitura\" \/>\n\t<meta name=\"twitter:data1\" content=\"1 minuto\" \/>\n<script type=\"application\/ld+json\" class=\"yoast-schema-graph\">{\"@context\":\"https:\\\/\\\/schema.org\",\"@graph\":[{\"@type\":\"WebPage\",\"@id\":\"https:\\\/\\\/interreg-sudoe.eu\\\/pt-pt\\\/noticia-proyecto\\\/sessao-de-trabalho-em-ribes-de-freser-sobre-o-patrimonio-do-vale\\\/\",\"url\":\"https:\\\/\\\/interreg-sudoe.eu\\\/pt-pt\\\/noticia-proyecto\\\/sessao-de-trabalho-em-ribes-de-freser-sobre-o-patrimonio-do-vale\\\/\",\"name\":\"Sess\u00e3o de Trabalho em Ribes de Freser sobre o Patrim\u00f3nio do Vale - Interreg Sudoe\",\"isPartOf\":{\"@id\":\"https:\\\/\\\/interreg-sudoe.eu\\\/pt-pt\\\/#website\"},\"primaryImageOfPage\":{\"@id\":\"https:\\\/\\\/interreg-sudoe.eu\\\/pt-pt\\\/noticia-proyecto\\\/sessao-de-trabalho-em-ribes-de-freser-sobre-o-patrimonio-do-vale\\\/#primaryimage\"},\"image\":{\"@id\":\"https:\\\/\\\/interreg-sudoe.eu\\\/pt-pt\\\/noticia-proyecto\\\/sessao-de-trabalho-em-ribes-de-freser-sobre-o-patrimonio-do-vale\\\/#primaryimage\"},\"thumbnailUrl\":\"https:\\\/\\\/interreg-sudoe.eu\\\/wp-content\\\/uploads\\\/2026\\\/04\\\/respiraribesreunioagents.jpg\",\"datePublished\":\"2026-04-29T11:08:08+00:00\",\"dateModified\":\"2026-04-29T11:10:17+00:00\",\"breadcrumb\":{\"@id\":\"https:\\\/\\\/interreg-sudoe.eu\\\/pt-pt\\\/noticia-proyecto\\\/sessao-de-trabalho-em-ribes-de-freser-sobre-o-patrimonio-do-vale\\\/#breadcrumb\"},\"inLanguage\":\"pt-PT\",\"potentialAction\":[{\"@type\":\"ReadAction\",\"target\":[\"https:\\\/\\\/interreg-sudoe.eu\\\/pt-pt\\\/noticia-proyecto\\\/sessao-de-trabalho-em-ribes-de-freser-sobre-o-patrimonio-do-vale\\\/\"]}]},{\"@type\":\"ImageObject\",\"inLanguage\":\"pt-PT\",\"@id\":\"https:\\\/\\\/interreg-sudoe.eu\\\/pt-pt\\\/noticia-proyecto\\\/sessao-de-trabalho-em-ribes-de-freser-sobre-o-patrimonio-do-vale\\\/#primaryimage\",\"url\":\"https:\\\/\\\/interreg-sudoe.eu\\\/wp-content\\\/uploads\\\/2026\\\/04\\\/respiraribesreunioagents.jpg\",\"contentUrl\":\"https:\\\/\\\/interreg-sudoe.eu\\\/wp-content\\\/uploads\\\/2026\\\/04\\\/respiraribesreunioagents.jpg\",\"width\":1980,\"height\":1485},{\"@type\":\"BreadcrumbList\",\"@id\":\"https:\\\/\\\/interreg-sudoe.eu\\\/pt-pt\\\/noticia-proyecto\\\/sessao-de-trabalho-em-ribes-de-freser-sobre-o-patrimonio-do-vale\\\/#breadcrumb\",\"itemListElement\":[{\"@type\":\"ListItem\",\"position\":1,\"name\":\"Home\",\"item\":\"https:\\\/\\\/interreg-sudoe.eu\\\/pt-pt\\\/\"},{\"@type\":\"ListItem\",\"position\":2,\"name\":\"Sess\u00e3o de Trabalho em Ribes de Freser sobre o Patrim\u00f3nio do Vale\"}]},{\"@type\":\"WebSite\",\"@id\":\"https:\\\/\\\/interreg-sudoe.eu\\\/pt-pt\\\/#website\",\"url\":\"https:\\\/\\\/interreg-sudoe.eu\\\/pt-pt\\\/\",\"name\":\"Interreg Sudoe\",\"description\":\"Interreg Sudoe\",\"publisher\":{\"@id\":\"https:\\\/\\\/interreg-sudoe.eu\\\/pt-pt\\\/#organization\"},\"alternateName\":\"Interreg Sudoe\",\"potentialAction\":[{\"@type\":\"SearchAction\",\"target\":{\"@type\":\"EntryPoint\",\"urlTemplate\":\"https:\\\/\\\/interreg-sudoe.eu\\\/pt-pt\\\/?s={search_term_string}\"},\"query-input\":{\"@type\":\"PropertyValueSpecification\",\"valueRequired\":true,\"valueName\":\"search_term_string\"}}],\"inLanguage\":\"pt-PT\"},{\"@type\":\"Organization\",\"@id\":\"https:\\\/\\\/interreg-sudoe.eu\\\/pt-pt\\\/#organization\",\"name\":\"Interreg Sudoe\",\"alternateName\":\"Interreg Sudoe\",\"url\":\"https:\\\/\\\/interreg-sudoe.eu\\\/pt-pt\\\/\",\"logo\":{\"@type\":\"ImageObject\",\"inLanguage\":\"pt-PT\",\"@id\":\"https:\\\/\\\/interreg-sudoe.eu\\\/pt-pt\\\/#\\\/schema\\\/logo\\\/image\\\/\",\"url\":\"https:\\\/\\\/interreg-sudoe.eu\\\/wp-content\\\/uploads\\\/2024\\\/03\\\/logo-interreg.png\",\"contentUrl\":\"https:\\\/\\\/interreg-sudoe.eu\\\/wp-content\\\/uploads\\\/2024\\\/03\\\/logo-interreg.png\",\"width\":1200,\"height\":675,\"caption\":\"Interreg Sudoe\"},\"image\":{\"@id\":\"https:\\\/\\\/interreg-sudoe.eu\\\/pt-pt\\\/#\\\/schema\\\/logo\\\/image\\\/\"},\"sameAs\":[\"https:\\\/\\\/www.facebook.com\\\/interregsudoe\",\"https:\\\/\\\/x.com\\\/Sudoe5\",\"https:\\\/\\\/www.youtube.com\\\/channel\\\/UCeGx2edoB32beRc9dbKA2vw\",\"https:\\\/\\\/www.linkedin.com\\\/company\\\/interreg-sudoe-programme\\\/\",\"https:\\\/\\\/www.flickr.com\\\/photos\\\/148704685@N06\\\/\"]}]}<\/script>\n<!-- \/ Yoast SEO plugin. -->","yoast_head_json":{"title":"Sess\u00e3o de Trabalho em Ribes de Freser sobre o Patrim\u00f3nio do Vale - Interreg Sudoe","robots":{"index":"index","follow":"follow","max-snippet":"max-snippet:-1","max-image-preview":"max-image-preview:large","max-video-preview":"max-video-preview:-1"},"canonical":"https:\/\/interreg-sudoe.eu\/pt-pt\/noticia-proyecto\/sessao-de-trabalho-em-ribes-de-freser-sobre-o-patrimonio-do-vale\/","og_locale":"pt_PT","og_type":"article","og_title":"Sess\u00e3o de Trabalho em Ribes de Freser sobre o Patrim\u00f3nio do Vale - Interreg Sudoe","og_description":"Esta semana, realizou-se em Ribes de Freser o primeiro encontro com v\u00e1rios atores da regi\u00e3o, desta vez com uma s\u00f3lida forma\u00e7\u00e3o t\u00e9cnica, no \u00e2mbito do projeto RESPIRA. O objetivo da sess\u00e3o foi reunir a perspetiva local sobre a gest\u00e3o do patrim\u00f3nio e o turismo no Vale do Ribes. O dia serviu sobretudo como ponto de [&hellip;]","og_url":"https:\/\/interreg-sudoe.eu\/pt-pt\/noticia-proyecto\/sessao-de-trabalho-em-ribes-de-freser-sobre-o-patrimonio-do-vale\/","og_site_name":"Interreg Sudoe","article_publisher":"https:\/\/www.facebook.com\/interregsudoe","article_modified_time":"2026-04-29T11:10:17+00:00","og_image":[{"width":1980,"height":1485,"url":"https:\/\/interreg-sudoe.eu\/wp-content\/uploads\/2026\/04\/respiraribesreunioagents.jpg","type":"image\/jpeg"}],"twitter_card":"summary_large_image","twitter_site":"@Sudoe5","twitter_misc":{"Tempo estimado de leitura":"1 minuto"},"schema":{"@context":"https:\/\/schema.org","@graph":[{"@type":"WebPage","@id":"https:\/\/interreg-sudoe.eu\/pt-pt\/noticia-proyecto\/sessao-de-trabalho-em-ribes-de-freser-sobre-o-patrimonio-do-vale\/","url":"https:\/\/interreg-sudoe.eu\/pt-pt\/noticia-proyecto\/sessao-de-trabalho-em-ribes-de-freser-sobre-o-patrimonio-do-vale\/","name":"Sess\u00e3o de Trabalho em Ribes de Freser sobre o Patrim\u00f3nio do Vale - Interreg Sudoe","isPartOf":{"@id":"https:\/\/interreg-sudoe.eu\/pt-pt\/#website"},"primaryImageOfPage":{"@id":"https:\/\/interreg-sudoe.eu\/pt-pt\/noticia-proyecto\/sessao-de-trabalho-em-ribes-de-freser-sobre-o-patrimonio-do-vale\/#primaryimage"},"image":{"@id":"https:\/\/interreg-sudoe.eu\/pt-pt\/noticia-proyecto\/sessao-de-trabalho-em-ribes-de-freser-sobre-o-patrimonio-do-vale\/#primaryimage"},"thumbnailUrl":"https:\/\/interreg-sudoe.eu\/wp-content\/uploads\/2026\/04\/respiraribesreunioagents.jpg","datePublished":"2026-04-29T11:08:08+00:00","dateModified":"2026-04-29T11:10:17+00:00","breadcrumb":{"@id":"https:\/\/interreg-sudoe.eu\/pt-pt\/noticia-proyecto\/sessao-de-trabalho-em-ribes-de-freser-sobre-o-patrimonio-do-vale\/#breadcrumb"},"inLanguage":"pt-PT","potentialAction":[{"@type":"ReadAction","target":["https:\/\/interreg-sudoe.eu\/pt-pt\/noticia-proyecto\/sessao-de-trabalho-em-ribes-de-freser-sobre-o-patrimonio-do-vale\/"]}]},{"@type":"ImageObject","inLanguage":"pt-PT","@id":"https:\/\/interreg-sudoe.eu\/pt-pt\/noticia-proyecto\/sessao-de-trabalho-em-ribes-de-freser-sobre-o-patrimonio-do-vale\/#primaryimage","url":"https:\/\/interreg-sudoe.eu\/wp-content\/uploads\/2026\/04\/respiraribesreunioagents.jpg","contentUrl":"https:\/\/interreg-sudoe.eu\/wp-content\/uploads\/2026\/04\/respiraribesreunioagents.jpg","width":1980,"height":1485},{"@type":"BreadcrumbList","@id":"https:\/\/interreg-sudoe.eu\/pt-pt\/noticia-proyecto\/sessao-de-trabalho-em-ribes-de-freser-sobre-o-patrimonio-do-vale\/#breadcrumb","itemListElement":[{"@type":"ListItem","position":1,"name":"Home","item":"https:\/\/interreg-sudoe.eu\/pt-pt\/"},{"@type":"ListItem","position":2,"name":"Sess\u00e3o de Trabalho em Ribes de Freser sobre o Patrim\u00f3nio do Vale"}]},{"@type":"WebSite","@id":"https:\/\/interreg-sudoe.eu\/pt-pt\/#website","url":"https:\/\/interreg-sudoe.eu\/pt-pt\/","name":"Interreg Sudoe","description":"Interreg Sudoe","publisher":{"@id":"https:\/\/interreg-sudoe.eu\/pt-pt\/#organization"},"alternateName":"Interreg Sudoe","potentialAction":[{"@type":"SearchAction","target":{"@type":"EntryPoint","urlTemplate":"https:\/\/interreg-sudoe.eu\/pt-pt\/?s={search_term_string}"},"query-input":{"@type":"PropertyValueSpecification","valueRequired":true,"valueName":"search_term_string"}}],"inLanguage":"pt-PT"},{"@type":"Organization","@id":"https:\/\/interreg-sudoe.eu\/pt-pt\/#organization","name":"Interreg Sudoe","alternateName":"Interreg Sudoe","url":"https:\/\/interreg-sudoe.eu\/pt-pt\/","logo":{"@type":"ImageObject","inLanguage":"pt-PT","@id":"https:\/\/interreg-sudoe.eu\/pt-pt\/#\/schema\/logo\/image\/","url":"https:\/\/interreg-sudoe.eu\/wp-content\/uploads\/2024\/03\/logo-interreg.png","contentUrl":"https:\/\/interreg-sudoe.eu\/wp-content\/uploads\/2024\/03\/logo-interreg.png","width":1200,"height":675,"caption":"Interreg Sudoe"},"image":{"@id":"https:\/\/interreg-sudoe.eu\/pt-pt\/#\/schema\/logo\/image\/"},"sameAs":["https:\/\/www.facebook.com\/interregsudoe","https:\/\/x.com\/Sudoe5","https:\/\/www.youtube.com\/channel\/UCeGx2edoB32beRc9dbKA2vw","https:\/\/www.linkedin.com\/company\/interreg-sudoe-programme\/","https:\/\/www.flickr.com\/photos\/148704685@N06\/"]}]}},"_links":{"self":[{"href":"https:\/\/interreg-sudoe.eu\/pt-pt\/wp-json\/wp\/v2\/noticia-proyecto\/64957","targetHints":{"allow":["GET"]}}],"collection":[{"href":"https:\/\/interreg-sudoe.eu\/pt-pt\/wp-json\/wp\/v2\/noticia-proyecto"}],"about":[{"href":"https:\/\/interreg-sudoe.eu\/pt-pt\/wp-json\/wp\/v2\/types\/noticia-proyecto"}],"author":[{"embeddable":true,"href":"https:\/\/interreg-sudoe.eu\/pt-pt\/wp-json\/wp\/v2\/users\/6642"}],"wp:featuredmedia":[{"embeddable":true,"href":"https:\/\/interreg-sudoe.eu\/pt-pt\/wp-json\/wp\/v2\/media\/64954"}],"wp:attachment":[{"href":"https:\/\/interreg-sudoe.eu\/pt-pt\/wp-json\/wp\/v2\/media?parent=64957"}],"curies":[{"name":"wp","href":"https:\/\/api.w.org\/{rel}","templated":true}]}}