{"id":64993,"date":"2026-04-29T13:47:27","date_gmt":"2026-04-29T11:47:27","guid":{"rendered":"https:\/\/interreg-sudoe.eu\/noticia-proyecto\/bio4res-muestra-sobre-el-terreno-en-lladurs-como-la-gestion-forestal-reduce-el-riesgo-de-incendios-y-mejora-la-resiliencia-del-bosque\/"},"modified":"2026-04-29T13:49:47","modified_gmt":"2026-04-29T11:49:47","slug":"bio4res-muestra-sobre-el-terreno-en-lladurs-como-la-gestion-forestal-reduce-el-riesgo-de-incendios-y-mejora-la-resiliencia-del-bosque","status":"publish","type":"noticia-proyecto","link":"https:\/\/interreg-sudoe.eu\/pt-pt\/noticia-proyecto\/bio4res-muestra-sobre-el-terreno-en-lladurs-como-la-gestion-forestal-reduce-el-riesgo-de-incendios-y-mejora-la-resiliencia-del-bosque\/","title":{"rendered":"O BIO4RES demonstra no terreno, em Lladurs, como a gest\u00e3o florestal reduz o risco de inc\u00eandios e melhora a resili\u00eancia da floresta"},"content":{"rendered":"<p>O semin\u00e1rio transnacional do projeto europeu BIO4RES incluiu, no seu segundo dia, uma visita de campo \u00e0 propriedade Villar\u00f3, no munic\u00edpio de Lladurs (Solson\u00e8s), onde os participantes puderam conhecer em primeira m\u00e3o as a\u00e7\u00f5es de gest\u00e3o florestal orientadas para a preven\u00e7\u00e3o de inc\u00eandios e a adapta\u00e7\u00e3o \u00e0s altera\u00e7\u00f5es clim\u00e1ticas.<\/p>\n<p>A visita foi guiada por Gerard Alcoverro Valls, t\u00e9cnico do Centro de Ci\u00eancia e Tecnologia Florestal da Catalunha (CTFC), que explicou os trabalhos realizados nesta propriedade privada pela Cooperativa Florestal da Catalunha, com o apoio das ajudas \u00e0 gest\u00e3o florestal sustent\u00e1vel da Generalitat da Catalunha.<\/p>\n<p>Durante o percurso, foram apresentadas interven\u00e7\u00f5es centradas na melhoria da estrutura da floresta, tais como a remo\u00e7\u00e3o de \u00e1rvores de menor valor e a sele\u00e7\u00e3o de \u00e1rvores com potencial de crescimento, com o objetivo de favorecer o seu desenvolvimento e aumentar a estabilidade do ecossistema florestal.<\/p>\n<p>Da mesma forma, foi explicada a valoriza\u00e7\u00e3o diferenciada da biomassa: por um lado, a extra\u00e7\u00e3o de madeira com valor comercial e, por outro, o corte da biomassa n\u00e3o aproveit\u00e1vel \u2014 em peda\u00e7os de aproximadamente meio metro \u2014 para facilitar a sua integra\u00e7\u00e3o no solo e contribuir para melhorar a sua qualidade org\u00e2nica.<\/p>\n<p>Segundo Alcoverro, este tipo de a\u00e7\u00f5es \u00abpermite adaptar a floresta \u00e0s altera\u00e7\u00f5es clim\u00e1ticas e torn\u00e1-la mais resiliente face a futuras perturba\u00e7\u00f5es\u00bb, ao mesmo tempo que reduzem a acumula\u00e7\u00e3o de combust\u00edvel florestal, um dos fatores-chave na propaga\u00e7\u00e3o de inc\u00eandios.<\/p>\n<p>A visita permitiu aos participantes do semin\u00e1rio observar no terreno como a gest\u00e3o ativa da floresta, apoiada por pol\u00edticas p\u00fablicas, se torna uma ferramenta fundamental para avan\u00e7ar rumo a paisagens mais resilientes e sustent\u00e1veis.<\/p>\n<p>Veja aqui o <a href=\"https:\/\/youtu.be\/WDWi7-81D6I\">v\u00eddeo<\/a> da visita (em espanhol).<\/p>\n","protected":false},"excerpt":{"rendered":"<p>Os participantes no semin\u00e1rio internacional do projeto BIO4RES visitaram uma explora\u00e7\u00e3o florestal em Solson\u00e8s para conhecer, no terreno, as medidas de gest\u00e3o sustent\u00e1vel destinadas a reduzir a carga de combust\u00edvel, valorizar a biomassa e melhorar a resili\u00eancia das florestas face \u00e0s altera\u00e7\u00f5es clim\u00e1ticas<\/p>\n","protected":false},"author":5373,"featured_media":64991,"parent":0,"template":"","meta":{"_acf_changed":false,"content-type":"","_monsterinsights_skip_tracking":false,"_monsterinsights_sitenote_active":false,"_monsterinsights_sitenote_note":"","_monsterinsights_sitenote_category":0},"class_list":["post-64993","noticia-proyecto","type-noticia-proyecto","status-publish","has-post-thumbnail","hentry"],"acf":[],"yoast_head":"<!-- This site is optimized with the Yoast SEO plugin v27.4 - https:\/\/yoast.com\/product\/yoast-seo-wordpress\/ -->\n<title>O BIO4RES demonstra no terreno, em Lladurs, como a gest\u00e3o florestal reduz o risco de inc\u00eandios e melhora a resili\u00eancia da floresta - Interreg Sudoe<\/title>\n<meta name=\"robots\" content=\"index, follow, max-snippet:-1, max-image-preview:large, max-video-preview:-1\" \/>\n<link rel=\"canonical\" href=\"https:\/\/interreg-sudoe.eu\/pt-pt\/noticia-proyecto\/bio4res-muestra-sobre-el-terreno-en-lladurs-como-la-gestion-forestal-reduce-el-riesgo-de-incendios-y-mejora-la-resiliencia-del-bosque\/\" \/>\n<meta property=\"og:locale\" content=\"pt_PT\" \/>\n<meta property=\"og:type\" content=\"article\" \/>\n<meta property=\"og:title\" content=\"O BIO4RES demonstra no terreno, em Lladurs, como a gest\u00e3o florestal reduz o risco de inc\u00eandios e melhora a resili\u00eancia da floresta - Interreg Sudoe\" \/>\n<meta property=\"og:description\" content=\"Os participantes no semin\u00e1rio internacional do projeto BIO4RES visitaram uma explora\u00e7\u00e3o florestal em Solson\u00e8s para conhecer, no terreno, as medidas de gest\u00e3o sustent\u00e1vel destinadas a reduzir a carga de combust\u00edvel, valorizar a biomassa e melhorar a resili\u00eancia das florestas face \u00e0s altera\u00e7\u00f5es clim\u00e1ticas\" \/>\n<meta property=\"og:url\" content=\"https:\/\/interreg-sudoe.eu\/pt-pt\/noticia-proyecto\/bio4res-muestra-sobre-el-terreno-en-lladurs-como-la-gestion-forestal-reduce-el-riesgo-de-incendios-y-mejora-la-resiliencia-del-bosque\/\" \/>\n<meta property=\"og:site_name\" content=\"Interreg Sudoe\" \/>\n<meta property=\"article:publisher\" content=\"https:\/\/www.facebook.com\/interregsudoe\" \/>\n<meta property=\"article:modified_time\" content=\"2026-04-29T11:49:47+00:00\" \/>\n<meta property=\"og:image\" content=\"https:\/\/interreg-sudoe.eu\/wp-content\/uploads\/2026\/04\/bio4res-solsona-visita25-FOTO3.jpg\" \/>\n\t<meta property=\"og:image:width\" content=\"1980\" \/>\n\t<meta property=\"og:image:height\" content=\"1320\" \/>\n\t<meta property=\"og:image:type\" content=\"image\/jpeg\" \/>\n<meta name=\"twitter:card\" content=\"summary_large_image\" \/>\n<meta name=\"twitter:site\" content=\"@Sudoe5\" \/>\n<meta name=\"twitter:label1\" content=\"Tempo estimado de leitura\" \/>\n\t<meta name=\"twitter:data1\" content=\"2 minutos\" \/>\n<script type=\"application\/ld+json\" class=\"yoast-schema-graph\">{\"@context\":\"https:\\\/\\\/schema.org\",\"@graph\":[{\"@type\":\"WebPage\",\"@id\":\"https:\\\/\\\/interreg-sudoe.eu\\\/pt-pt\\\/noticia-proyecto\\\/bio4res-muestra-sobre-el-terreno-en-lladurs-como-la-gestion-forestal-reduce-el-riesgo-de-incendios-y-mejora-la-resiliencia-del-bosque\\\/\",\"url\":\"https:\\\/\\\/interreg-sudoe.eu\\\/pt-pt\\\/noticia-proyecto\\\/bio4res-muestra-sobre-el-terreno-en-lladurs-como-la-gestion-forestal-reduce-el-riesgo-de-incendios-y-mejora-la-resiliencia-del-bosque\\\/\",\"name\":\"O BIO4RES demonstra no terreno, em Lladurs, como a gest\u00e3o florestal reduz o risco de inc\u00eandios e melhora a resili\u00eancia da floresta - Interreg Sudoe\",\"isPartOf\":{\"@id\":\"https:\\\/\\\/interreg-sudoe.eu\\\/pt-pt\\\/#website\"},\"primaryImageOfPage\":{\"@id\":\"https:\\\/\\\/interreg-sudoe.eu\\\/pt-pt\\\/noticia-proyecto\\\/bio4res-muestra-sobre-el-terreno-en-lladurs-como-la-gestion-forestal-reduce-el-riesgo-de-incendios-y-mejora-la-resiliencia-del-bosque\\\/#primaryimage\"},\"image\":{\"@id\":\"https:\\\/\\\/interreg-sudoe.eu\\\/pt-pt\\\/noticia-proyecto\\\/bio4res-muestra-sobre-el-terreno-en-lladurs-como-la-gestion-forestal-reduce-el-riesgo-de-incendios-y-mejora-la-resiliencia-del-bosque\\\/#primaryimage\"},\"thumbnailUrl\":\"https:\\\/\\\/interreg-sudoe.eu\\\/wp-content\\\/uploads\\\/2026\\\/04\\\/bio4res-solsona-visita25-FOTO3.jpg\",\"datePublished\":\"2026-04-29T11:47:27+00:00\",\"dateModified\":\"2026-04-29T11:49:47+00:00\",\"breadcrumb\":{\"@id\":\"https:\\\/\\\/interreg-sudoe.eu\\\/pt-pt\\\/noticia-proyecto\\\/bio4res-muestra-sobre-el-terreno-en-lladurs-como-la-gestion-forestal-reduce-el-riesgo-de-incendios-y-mejora-la-resiliencia-del-bosque\\\/#breadcrumb\"},\"inLanguage\":\"pt-PT\",\"potentialAction\":[{\"@type\":\"ReadAction\",\"target\":[\"https:\\\/\\\/interreg-sudoe.eu\\\/pt-pt\\\/noticia-proyecto\\\/bio4res-muestra-sobre-el-terreno-en-lladurs-como-la-gestion-forestal-reduce-el-riesgo-de-incendios-y-mejora-la-resiliencia-del-bosque\\\/\"]}]},{\"@type\":\"ImageObject\",\"inLanguage\":\"pt-PT\",\"@id\":\"https:\\\/\\\/interreg-sudoe.eu\\\/pt-pt\\\/noticia-proyecto\\\/bio4res-muestra-sobre-el-terreno-en-lladurs-como-la-gestion-forestal-reduce-el-riesgo-de-incendios-y-mejora-la-resiliencia-del-bosque\\\/#primaryimage\",\"url\":\"https:\\\/\\\/interreg-sudoe.eu\\\/wp-content\\\/uploads\\\/2026\\\/04\\\/bio4res-solsona-visita25-FOTO3.jpg\",\"contentUrl\":\"https:\\\/\\\/interreg-sudoe.eu\\\/wp-content\\\/uploads\\\/2026\\\/04\\\/bio4res-solsona-visita25-FOTO3.jpg\",\"width\":1980,\"height\":1320},{\"@type\":\"BreadcrumbList\",\"@id\":\"https:\\\/\\\/interreg-sudoe.eu\\\/pt-pt\\\/noticia-proyecto\\\/bio4res-muestra-sobre-el-terreno-en-lladurs-como-la-gestion-forestal-reduce-el-riesgo-de-incendios-y-mejora-la-resiliencia-del-bosque\\\/#breadcrumb\",\"itemListElement\":[{\"@type\":\"ListItem\",\"position\":1,\"name\":\"Home\",\"item\":\"https:\\\/\\\/interreg-sudoe.eu\\\/pt-pt\\\/\"},{\"@type\":\"ListItem\",\"position\":2,\"name\":\"O BIO4RES demonstra no terreno, em Lladurs, como a gest\u00e3o florestal reduz o risco de inc\u00eandios e melhora a resili\u00eancia da floresta\"}]},{\"@type\":\"WebSite\",\"@id\":\"https:\\\/\\\/interreg-sudoe.eu\\\/pt-pt\\\/#website\",\"url\":\"https:\\\/\\\/interreg-sudoe.eu\\\/pt-pt\\\/\",\"name\":\"Interreg Sudoe\",\"description\":\"Interreg Sudoe\",\"publisher\":{\"@id\":\"https:\\\/\\\/interreg-sudoe.eu\\\/pt-pt\\\/#organization\"},\"alternateName\":\"Interreg Sudoe\",\"potentialAction\":[{\"@type\":\"SearchAction\",\"target\":{\"@type\":\"EntryPoint\",\"urlTemplate\":\"https:\\\/\\\/interreg-sudoe.eu\\\/pt-pt\\\/?s={search_term_string}\"},\"query-input\":{\"@type\":\"PropertyValueSpecification\",\"valueRequired\":true,\"valueName\":\"search_term_string\"}}],\"inLanguage\":\"pt-PT\"},{\"@type\":\"Organization\",\"@id\":\"https:\\\/\\\/interreg-sudoe.eu\\\/pt-pt\\\/#organization\",\"name\":\"Interreg Sudoe\",\"alternateName\":\"Interreg Sudoe\",\"url\":\"https:\\\/\\\/interreg-sudoe.eu\\\/pt-pt\\\/\",\"logo\":{\"@type\":\"ImageObject\",\"inLanguage\":\"pt-PT\",\"@id\":\"https:\\\/\\\/interreg-sudoe.eu\\\/pt-pt\\\/#\\\/schema\\\/logo\\\/image\\\/\",\"url\":\"https:\\\/\\\/interreg-sudoe.eu\\\/wp-content\\\/uploads\\\/2024\\\/03\\\/logo-interreg.png\",\"contentUrl\":\"https:\\\/\\\/interreg-sudoe.eu\\\/wp-content\\\/uploads\\\/2024\\\/03\\\/logo-interreg.png\",\"width\":1200,\"height\":675,\"caption\":\"Interreg Sudoe\"},\"image\":{\"@id\":\"https:\\\/\\\/interreg-sudoe.eu\\\/pt-pt\\\/#\\\/schema\\\/logo\\\/image\\\/\"},\"sameAs\":[\"https:\\\/\\\/www.facebook.com\\\/interregsudoe\",\"https:\\\/\\\/x.com\\\/Sudoe5\",\"https:\\\/\\\/www.youtube.com\\\/channel\\\/UCeGx2edoB32beRc9dbKA2vw\",\"https:\\\/\\\/www.linkedin.com\\\/company\\\/interreg-sudoe-programme\\\/\",\"https:\\\/\\\/www.flickr.com\\\/photos\\\/148704685@N06\\\/\"]}]}<\/script>\n<!-- \/ Yoast SEO plugin. -->","yoast_head_json":{"title":"O BIO4RES demonstra no terreno, em Lladurs, como a gest\u00e3o florestal reduz o risco de inc\u00eandios e melhora a resili\u00eancia da floresta - Interreg Sudoe","robots":{"index":"index","follow":"follow","max-snippet":"max-snippet:-1","max-image-preview":"max-image-preview:large","max-video-preview":"max-video-preview:-1"},"canonical":"https:\/\/interreg-sudoe.eu\/pt-pt\/noticia-proyecto\/bio4res-muestra-sobre-el-terreno-en-lladurs-como-la-gestion-forestal-reduce-el-riesgo-de-incendios-y-mejora-la-resiliencia-del-bosque\/","og_locale":"pt_PT","og_type":"article","og_title":"O BIO4RES demonstra no terreno, em Lladurs, como a gest\u00e3o florestal reduz o risco de inc\u00eandios e melhora a resili\u00eancia da floresta - Interreg Sudoe","og_description":"Os participantes no semin\u00e1rio internacional do projeto BIO4RES visitaram uma explora\u00e7\u00e3o florestal em Solson\u00e8s para conhecer, no terreno, as medidas de gest\u00e3o sustent\u00e1vel destinadas a reduzir a carga de combust\u00edvel, valorizar a biomassa e melhorar a resili\u00eancia das florestas face \u00e0s altera\u00e7\u00f5es clim\u00e1ticas","og_url":"https:\/\/interreg-sudoe.eu\/pt-pt\/noticia-proyecto\/bio4res-muestra-sobre-el-terreno-en-lladurs-como-la-gestion-forestal-reduce-el-riesgo-de-incendios-y-mejora-la-resiliencia-del-bosque\/","og_site_name":"Interreg Sudoe","article_publisher":"https:\/\/www.facebook.com\/interregsudoe","article_modified_time":"2026-04-29T11:49:47+00:00","og_image":[{"width":1980,"height":1320,"url":"https:\/\/interreg-sudoe.eu\/wp-content\/uploads\/2026\/04\/bio4res-solsona-visita25-FOTO3.jpg","type":"image\/jpeg"}],"twitter_card":"summary_large_image","twitter_site":"@Sudoe5","twitter_misc":{"Tempo estimado de leitura":"2 minutos"},"schema":{"@context":"https:\/\/schema.org","@graph":[{"@type":"WebPage","@id":"https:\/\/interreg-sudoe.eu\/pt-pt\/noticia-proyecto\/bio4res-muestra-sobre-el-terreno-en-lladurs-como-la-gestion-forestal-reduce-el-riesgo-de-incendios-y-mejora-la-resiliencia-del-bosque\/","url":"https:\/\/interreg-sudoe.eu\/pt-pt\/noticia-proyecto\/bio4res-muestra-sobre-el-terreno-en-lladurs-como-la-gestion-forestal-reduce-el-riesgo-de-incendios-y-mejora-la-resiliencia-del-bosque\/","name":"O BIO4RES demonstra no terreno, em Lladurs, como a gest\u00e3o florestal reduz o risco de inc\u00eandios e melhora a resili\u00eancia da floresta - Interreg Sudoe","isPartOf":{"@id":"https:\/\/interreg-sudoe.eu\/pt-pt\/#website"},"primaryImageOfPage":{"@id":"https:\/\/interreg-sudoe.eu\/pt-pt\/noticia-proyecto\/bio4res-muestra-sobre-el-terreno-en-lladurs-como-la-gestion-forestal-reduce-el-riesgo-de-incendios-y-mejora-la-resiliencia-del-bosque\/#primaryimage"},"image":{"@id":"https:\/\/interreg-sudoe.eu\/pt-pt\/noticia-proyecto\/bio4res-muestra-sobre-el-terreno-en-lladurs-como-la-gestion-forestal-reduce-el-riesgo-de-incendios-y-mejora-la-resiliencia-del-bosque\/#primaryimage"},"thumbnailUrl":"https:\/\/interreg-sudoe.eu\/wp-content\/uploads\/2026\/04\/bio4res-solsona-visita25-FOTO3.jpg","datePublished":"2026-04-29T11:47:27+00:00","dateModified":"2026-04-29T11:49:47+00:00","breadcrumb":{"@id":"https:\/\/interreg-sudoe.eu\/pt-pt\/noticia-proyecto\/bio4res-muestra-sobre-el-terreno-en-lladurs-como-la-gestion-forestal-reduce-el-riesgo-de-incendios-y-mejora-la-resiliencia-del-bosque\/#breadcrumb"},"inLanguage":"pt-PT","potentialAction":[{"@type":"ReadAction","target":["https:\/\/interreg-sudoe.eu\/pt-pt\/noticia-proyecto\/bio4res-muestra-sobre-el-terreno-en-lladurs-como-la-gestion-forestal-reduce-el-riesgo-de-incendios-y-mejora-la-resiliencia-del-bosque\/"]}]},{"@type":"ImageObject","inLanguage":"pt-PT","@id":"https:\/\/interreg-sudoe.eu\/pt-pt\/noticia-proyecto\/bio4res-muestra-sobre-el-terreno-en-lladurs-como-la-gestion-forestal-reduce-el-riesgo-de-incendios-y-mejora-la-resiliencia-del-bosque\/#primaryimage","url":"https:\/\/interreg-sudoe.eu\/wp-content\/uploads\/2026\/04\/bio4res-solsona-visita25-FOTO3.jpg","contentUrl":"https:\/\/interreg-sudoe.eu\/wp-content\/uploads\/2026\/04\/bio4res-solsona-visita25-FOTO3.jpg","width":1980,"height":1320},{"@type":"BreadcrumbList","@id":"https:\/\/interreg-sudoe.eu\/pt-pt\/noticia-proyecto\/bio4res-muestra-sobre-el-terreno-en-lladurs-como-la-gestion-forestal-reduce-el-riesgo-de-incendios-y-mejora-la-resiliencia-del-bosque\/#breadcrumb","itemListElement":[{"@type":"ListItem","position":1,"name":"Home","item":"https:\/\/interreg-sudoe.eu\/pt-pt\/"},{"@type":"ListItem","position":2,"name":"O BIO4RES demonstra no terreno, em Lladurs, como a gest\u00e3o florestal reduz o risco de inc\u00eandios e melhora a resili\u00eancia da floresta"}]},{"@type":"WebSite","@id":"https:\/\/interreg-sudoe.eu\/pt-pt\/#website","url":"https:\/\/interreg-sudoe.eu\/pt-pt\/","name":"Interreg Sudoe","description":"Interreg Sudoe","publisher":{"@id":"https:\/\/interreg-sudoe.eu\/pt-pt\/#organization"},"alternateName":"Interreg Sudoe","potentialAction":[{"@type":"SearchAction","target":{"@type":"EntryPoint","urlTemplate":"https:\/\/interreg-sudoe.eu\/pt-pt\/?s={search_term_string}"},"query-input":{"@type":"PropertyValueSpecification","valueRequired":true,"valueName":"search_term_string"}}],"inLanguage":"pt-PT"},{"@type":"Organization","@id":"https:\/\/interreg-sudoe.eu\/pt-pt\/#organization","name":"Interreg Sudoe","alternateName":"Interreg Sudoe","url":"https:\/\/interreg-sudoe.eu\/pt-pt\/","logo":{"@type":"ImageObject","inLanguage":"pt-PT","@id":"https:\/\/interreg-sudoe.eu\/pt-pt\/#\/schema\/logo\/image\/","url":"https:\/\/interreg-sudoe.eu\/wp-content\/uploads\/2024\/03\/logo-interreg.png","contentUrl":"https:\/\/interreg-sudoe.eu\/wp-content\/uploads\/2024\/03\/logo-interreg.png","width":1200,"height":675,"caption":"Interreg Sudoe"},"image":{"@id":"https:\/\/interreg-sudoe.eu\/pt-pt\/#\/schema\/logo\/image\/"},"sameAs":["https:\/\/www.facebook.com\/interregsudoe","https:\/\/x.com\/Sudoe5","https:\/\/www.youtube.com\/channel\/UCeGx2edoB32beRc9dbKA2vw","https:\/\/www.linkedin.com\/company\/interreg-sudoe-programme\/","https:\/\/www.flickr.com\/photos\/148704685@N06\/"]}]}},"_links":{"self":[{"href":"https:\/\/interreg-sudoe.eu\/pt-pt\/wp-json\/wp\/v2\/noticia-proyecto\/64993","targetHints":{"allow":["GET"]}}],"collection":[{"href":"https:\/\/interreg-sudoe.eu\/pt-pt\/wp-json\/wp\/v2\/noticia-proyecto"}],"about":[{"href":"https:\/\/interreg-sudoe.eu\/pt-pt\/wp-json\/wp\/v2\/types\/noticia-proyecto"}],"author":[{"embeddable":true,"href":"https:\/\/interreg-sudoe.eu\/pt-pt\/wp-json\/wp\/v2\/users\/5373"}],"wp:featuredmedia":[{"embeddable":true,"href":"https:\/\/interreg-sudoe.eu\/pt-pt\/wp-json\/wp\/v2\/media\/64991"}],"wp:attachment":[{"href":"https:\/\/interreg-sudoe.eu\/pt-pt\/wp-json\/wp\/v2\/media?parent=64993"}],"curies":[{"name":"wp","href":"https:\/\/api.w.org\/{rel}","templated":true}]}}