{"id":65030,"date":"2026-04-30T09:12:12","date_gmt":"2026-04-30T07:12:12","guid":{"rendered":"https:\/\/interreg-sudoe.eu\/?post_type=noticia-proyecto&#038;p=65030"},"modified":"2026-04-30T09:18:58","modified_gmt":"2026-04-30T07:18:58","slug":"o-projeto-cyaneau-realiza-a-sua-segunda-reuniao-presencial-em-valencia","status":"publish","type":"noticia-proyecto","link":"https:\/\/interreg-sudoe.eu\/pt-pt\/noticia-proyecto\/o-projeto-cyaneau-realiza-a-sua-segunda-reuniao-presencial-em-valencia\/","title":{"rendered":"O projeto Cyan\u2019EAU realiza a sua segunda reuni\u00e3o presencial em Val\u00eancia"},"content":{"rendered":"<p>Nos dias 15 e 16 de janeiro de 2026, o cons\u00f3rcio do projeto <strong>Cyan\u2019EAU<\/strong> realizou a sua <strong>segunda reuni\u00e3o presencial<\/strong> nas instala\u00e7\u00f5es da <strong>ADEIT<\/strong>, em Val\u00eancia (Espanha).<\/p>\n<div>\n<p>O encontro, organizado pelo <strong>CIDE\u2011CSIC<\/strong>, teve como objetivo rever o estado de progresso das atividades t\u00e9cnicas, partilhar resultados preliminares e coordenar os pr\u00f3ximos passos do projeto, centrado na <strong>preven\u00e7\u00e3o, dete\u00e7\u00e3o precoce e gest\u00e3o das prolifera\u00e7\u00f5es de cianobact\u00e9rias em sistemas aqu\u00e1ticos do sudoeste da Europa.<\/strong><\/p>\n<p>Durante as sess\u00f5es de trabalho, os parceiros de Espanha, Portugal e Fran\u00e7a apresentaram os avan\u00e7os do Grupo de Trabalho 1, incluindo a conclus\u00e3o da revis\u00e3o bibliogr\u00e1fica sobre os locais piloto, o progresso na an\u00e1lise hist\u00f3rica dos sedimentos e os trabalhos de amostragem realizados em lagos e barragens dos tr\u00eas pa\u00edses. Foram igualmente apresentados os desenvolvimentos metodol\u00f3gicos em laborat\u00f3rio para a dete\u00e7\u00e3o de cianotoxinas, bem como o planeamento de novas campanhas de amostragem coordenadas com dados de sat\u00e9lite.<\/p>\n<p>A reuni\u00e3o permitiu tamb\u00e9m avan\u00e7ar na defini\u00e7\u00e3o das atividades de <strong>monitoriza\u00e7\u00e3o hidroclim\u00e1tica e f\u00edsico\u2011qu\u00edmica<\/strong> em tempo real, na an\u00e1lise dos impactos antropog\u00e9nicos nas bacias piloto e na conce\u00e7\u00e3o de um sistema de alerta precoce baseado em imagens de sat\u00e9lite, que ser\u00e1 testado em fases posteriores do projeto.<\/p>\n<p>Al\u00e9m disso, foram debatidas as abordagens e<strong> crit\u00e9rios para o desenvolvimento de testes piloto de preven\u00e7\u00e3o, dete\u00e7\u00e3o precoce e mitiga\u00e7\u00e3o<\/strong>, que ter\u00e3o in\u00edcio a partir de 2026, integrando dados de sensores, resultados laboratoriais e modelos preditivos.<\/p>\n<p>Durante o segundo dia do encontro, foram abordados v\u00e1rios aspetos-chave do projeto, com especial destaque para a gest\u00e3o administrativa e financeira e para a comunica\u00e7\u00e3o. Neste contexto, realizou\u2011se uma an\u00e1lise detalhada da estrat\u00e9gia de comunica\u00e7\u00e3o definida, examinando as suas principais linhas de atua\u00e7\u00e3o e os elementos previstos para refor\u00e7ar a sua visibilidade e coer\u00eancia ao longo da execu\u00e7\u00e3o do projeto.<\/p>\n<p>O cons\u00f3rcio agradece ao CIDE\u2011CSIC a excelente organiza\u00e7\u00e3o e a acolhedora rece\u00e7\u00e3o em Val\u00eancia, e continua a avan\u00e7ar de forma coordenada para enfrentar um dos principais desafios ambientais e de sa\u00fade p\u00fablica associados \u00e0 qualidade das \u00e1guas superficiais no espa\u00e7o Sudoe.<\/p>\n<\/div>\n","protected":false},"excerpt":{"rendered":"<p>Nos dias 15 e 16 de janeiro de 2026, o cons\u00f3rcio do projeto Cyan\u2019EAU realizou a sua segunda reuni\u00e3o presencial nas instala\u00e7\u00f5es da ADEIT, em Val\u00eancia (Espanha). O encontro, organizado pelo CIDE\u2011CSIC, teve como objetivo rever o estado de progresso das atividades t\u00e9cnicas, partilhar resultados preliminares e coordenar os pr\u00f3ximos passos do projeto, centrado na [&hellip;]<\/p>\n","protected":false},"author":6548,"featured_media":64265,"parent":0,"template":"","meta":{"_acf_changed":false,"content-type":"","_monsterinsights_skip_tracking":false,"_monsterinsights_sitenote_active":false,"_monsterinsights_sitenote_note":"","_monsterinsights_sitenote_category":0},"class_list":["post-65030","noticia-proyecto","type-noticia-proyecto","status-publish","has-post-thumbnail","hentry"],"acf":[],"yoast_head":"<!-- This site is optimized with the Yoast SEO plugin v27.4 - https:\/\/yoast.com\/product\/yoast-seo-wordpress\/ -->\n<title>O projeto Cyan\u2019EAU realiza a sua segunda reuni\u00e3o presencial em Val\u00eancia - Interreg Sudoe<\/title>\n<meta name=\"robots\" content=\"index, follow, max-snippet:-1, max-image-preview:large, max-video-preview:-1\" \/>\n<link rel=\"canonical\" href=\"https:\/\/interreg-sudoe.eu\/pt-pt\/noticia-proyecto\/o-projeto-cyaneau-realiza-a-sua-segunda-reuniao-presencial-em-valencia\/\" \/>\n<meta property=\"og:locale\" content=\"pt_PT\" \/>\n<meta property=\"og:type\" content=\"article\" \/>\n<meta property=\"og:title\" content=\"O projeto Cyan\u2019EAU realiza a sua segunda reuni\u00e3o presencial em Val\u00eancia - Interreg Sudoe\" \/>\n<meta property=\"og:description\" content=\"Nos dias 15 e 16 de janeiro de 2026, o cons\u00f3rcio do projeto Cyan\u2019EAU realizou a sua segunda reuni\u00e3o presencial nas instala\u00e7\u00f5es da ADEIT, em Val\u00eancia (Espanha). O encontro, organizado pelo CIDE\u2011CSIC, teve como objetivo rever o estado de progresso das atividades t\u00e9cnicas, partilhar resultados preliminares e coordenar os pr\u00f3ximos passos do projeto, centrado na [&hellip;]\" \/>\n<meta property=\"og:url\" content=\"https:\/\/interreg-sudoe.eu\/pt-pt\/noticia-proyecto\/o-projeto-cyaneau-realiza-a-sua-segunda-reuniao-presencial-em-valencia\/\" \/>\n<meta property=\"og:site_name\" content=\"Interreg Sudoe\" \/>\n<meta property=\"article:publisher\" content=\"https:\/\/www.facebook.com\/interregsudoe\" \/>\n<meta property=\"article:modified_time\" content=\"2026-04-30T07:18:58+00:00\" \/>\n<meta property=\"og:image\" content=\"https:\/\/interreg-sudoe.eu\/wp-content\/uploads\/2026\/04\/CyanEAU-foto-carrusel.jpg\" \/>\n\t<meta property=\"og:image:width\" content=\"1600\" \/>\n\t<meta property=\"og:image:height\" content=\"1200\" \/>\n\t<meta property=\"og:image:type\" content=\"image\/jpeg\" \/>\n<meta name=\"twitter:card\" content=\"summary_large_image\" \/>\n<meta name=\"twitter:site\" content=\"@Sudoe5\" \/>\n<meta name=\"twitter:label1\" content=\"Tempo estimado de leitura\" \/>\n\t<meta name=\"twitter:data1\" content=\"2 minutos\" \/>\n<script type=\"application\/ld+json\" class=\"yoast-schema-graph\">{\"@context\":\"https:\\\/\\\/schema.org\",\"@graph\":[{\"@type\":\"WebPage\",\"@id\":\"https:\\\/\\\/interreg-sudoe.eu\\\/pt-pt\\\/noticia-proyecto\\\/o-projeto-cyaneau-realiza-a-sua-segunda-reuniao-presencial-em-valencia\\\/\",\"url\":\"https:\\\/\\\/interreg-sudoe.eu\\\/pt-pt\\\/noticia-proyecto\\\/o-projeto-cyaneau-realiza-a-sua-segunda-reuniao-presencial-em-valencia\\\/\",\"name\":\"O projeto Cyan\u2019EAU realiza a sua segunda reuni\u00e3o presencial em Val\u00eancia - Interreg Sudoe\",\"isPartOf\":{\"@id\":\"https:\\\/\\\/interreg-sudoe.eu\\\/pt-pt\\\/#website\"},\"primaryImageOfPage\":{\"@id\":\"https:\\\/\\\/interreg-sudoe.eu\\\/pt-pt\\\/noticia-proyecto\\\/o-projeto-cyaneau-realiza-a-sua-segunda-reuniao-presencial-em-valencia\\\/#primaryimage\"},\"image\":{\"@id\":\"https:\\\/\\\/interreg-sudoe.eu\\\/pt-pt\\\/noticia-proyecto\\\/o-projeto-cyaneau-realiza-a-sua-segunda-reuniao-presencial-em-valencia\\\/#primaryimage\"},\"thumbnailUrl\":\"https:\\\/\\\/interreg-sudoe.eu\\\/wp-content\\\/uploads\\\/2026\\\/04\\\/CyanEAU-foto-carrusel.jpg\",\"datePublished\":\"2026-04-30T07:12:12+00:00\",\"dateModified\":\"2026-04-30T07:18:58+00:00\",\"breadcrumb\":{\"@id\":\"https:\\\/\\\/interreg-sudoe.eu\\\/pt-pt\\\/noticia-proyecto\\\/o-projeto-cyaneau-realiza-a-sua-segunda-reuniao-presencial-em-valencia\\\/#breadcrumb\"},\"inLanguage\":\"pt-PT\",\"potentialAction\":[{\"@type\":\"ReadAction\",\"target\":[\"https:\\\/\\\/interreg-sudoe.eu\\\/pt-pt\\\/noticia-proyecto\\\/o-projeto-cyaneau-realiza-a-sua-segunda-reuniao-presencial-em-valencia\\\/\"]}]},{\"@type\":\"ImageObject\",\"inLanguage\":\"pt-PT\",\"@id\":\"https:\\\/\\\/interreg-sudoe.eu\\\/pt-pt\\\/noticia-proyecto\\\/o-projeto-cyaneau-realiza-a-sua-segunda-reuniao-presencial-em-valencia\\\/#primaryimage\",\"url\":\"https:\\\/\\\/interreg-sudoe.eu\\\/wp-content\\\/uploads\\\/2026\\\/04\\\/CyanEAU-foto-carrusel.jpg\",\"contentUrl\":\"https:\\\/\\\/interreg-sudoe.eu\\\/wp-content\\\/uploads\\\/2026\\\/04\\\/CyanEAU-foto-carrusel.jpg\",\"width\":1600,\"height\":1200},{\"@type\":\"BreadcrumbList\",\"@id\":\"https:\\\/\\\/interreg-sudoe.eu\\\/pt-pt\\\/noticia-proyecto\\\/o-projeto-cyaneau-realiza-a-sua-segunda-reuniao-presencial-em-valencia\\\/#breadcrumb\",\"itemListElement\":[{\"@type\":\"ListItem\",\"position\":1,\"name\":\"Home\",\"item\":\"https:\\\/\\\/interreg-sudoe.eu\\\/pt-pt\\\/\"},{\"@type\":\"ListItem\",\"position\":2,\"name\":\"O projeto Cyan\u2019EAU realiza a sua segunda reuni\u00e3o presencial em Val\u00eancia\"}]},{\"@type\":\"WebSite\",\"@id\":\"https:\\\/\\\/interreg-sudoe.eu\\\/pt-pt\\\/#website\",\"url\":\"https:\\\/\\\/interreg-sudoe.eu\\\/pt-pt\\\/\",\"name\":\"Interreg Sudoe\",\"description\":\"Interreg Sudoe\",\"publisher\":{\"@id\":\"https:\\\/\\\/interreg-sudoe.eu\\\/pt-pt\\\/#organization\"},\"alternateName\":\"Interreg Sudoe\",\"potentialAction\":[{\"@type\":\"SearchAction\",\"target\":{\"@type\":\"EntryPoint\",\"urlTemplate\":\"https:\\\/\\\/interreg-sudoe.eu\\\/pt-pt\\\/?s={search_term_string}\"},\"query-input\":{\"@type\":\"PropertyValueSpecification\",\"valueRequired\":true,\"valueName\":\"search_term_string\"}}],\"inLanguage\":\"pt-PT\"},{\"@type\":\"Organization\",\"@id\":\"https:\\\/\\\/interreg-sudoe.eu\\\/pt-pt\\\/#organization\",\"name\":\"Interreg Sudoe\",\"alternateName\":\"Interreg Sudoe\",\"url\":\"https:\\\/\\\/interreg-sudoe.eu\\\/pt-pt\\\/\",\"logo\":{\"@type\":\"ImageObject\",\"inLanguage\":\"pt-PT\",\"@id\":\"https:\\\/\\\/interreg-sudoe.eu\\\/pt-pt\\\/#\\\/schema\\\/logo\\\/image\\\/\",\"url\":\"https:\\\/\\\/interreg-sudoe.eu\\\/wp-content\\\/uploads\\\/2024\\\/03\\\/logo-interreg.png\",\"contentUrl\":\"https:\\\/\\\/interreg-sudoe.eu\\\/wp-content\\\/uploads\\\/2024\\\/03\\\/logo-interreg.png\",\"width\":1200,\"height\":675,\"caption\":\"Interreg Sudoe\"},\"image\":{\"@id\":\"https:\\\/\\\/interreg-sudoe.eu\\\/pt-pt\\\/#\\\/schema\\\/logo\\\/image\\\/\"},\"sameAs\":[\"https:\\\/\\\/www.facebook.com\\\/interregsudoe\",\"https:\\\/\\\/x.com\\\/Sudoe5\",\"https:\\\/\\\/www.youtube.com\\\/channel\\\/UCeGx2edoB32beRc9dbKA2vw\",\"https:\\\/\\\/www.linkedin.com\\\/company\\\/interreg-sudoe-programme\\\/\",\"https:\\\/\\\/www.flickr.com\\\/photos\\\/148704685@N06\\\/\"]}]}<\/script>\n<!-- \/ Yoast SEO plugin. -->","yoast_head_json":{"title":"O projeto Cyan\u2019EAU realiza a sua segunda reuni\u00e3o presencial em Val\u00eancia - Interreg Sudoe","robots":{"index":"index","follow":"follow","max-snippet":"max-snippet:-1","max-image-preview":"max-image-preview:large","max-video-preview":"max-video-preview:-1"},"canonical":"https:\/\/interreg-sudoe.eu\/pt-pt\/noticia-proyecto\/o-projeto-cyaneau-realiza-a-sua-segunda-reuniao-presencial-em-valencia\/","og_locale":"pt_PT","og_type":"article","og_title":"O projeto Cyan\u2019EAU realiza a sua segunda reuni\u00e3o presencial em Val\u00eancia - Interreg Sudoe","og_description":"Nos dias 15 e 16 de janeiro de 2026, o cons\u00f3rcio do projeto Cyan\u2019EAU realizou a sua segunda reuni\u00e3o presencial nas instala\u00e7\u00f5es da ADEIT, em Val\u00eancia (Espanha). O encontro, organizado pelo CIDE\u2011CSIC, teve como objetivo rever o estado de progresso das atividades t\u00e9cnicas, partilhar resultados preliminares e coordenar os pr\u00f3ximos passos do projeto, centrado na [&hellip;]","og_url":"https:\/\/interreg-sudoe.eu\/pt-pt\/noticia-proyecto\/o-projeto-cyaneau-realiza-a-sua-segunda-reuniao-presencial-em-valencia\/","og_site_name":"Interreg Sudoe","article_publisher":"https:\/\/www.facebook.com\/interregsudoe","article_modified_time":"2026-04-30T07:18:58+00:00","og_image":[{"width":1600,"height":1200,"url":"https:\/\/interreg-sudoe.eu\/wp-content\/uploads\/2026\/04\/CyanEAU-foto-carrusel.jpg","type":"image\/jpeg"}],"twitter_card":"summary_large_image","twitter_site":"@Sudoe5","twitter_misc":{"Tempo estimado de leitura":"2 minutos"},"schema":{"@context":"https:\/\/schema.org","@graph":[{"@type":"WebPage","@id":"https:\/\/interreg-sudoe.eu\/pt-pt\/noticia-proyecto\/o-projeto-cyaneau-realiza-a-sua-segunda-reuniao-presencial-em-valencia\/","url":"https:\/\/interreg-sudoe.eu\/pt-pt\/noticia-proyecto\/o-projeto-cyaneau-realiza-a-sua-segunda-reuniao-presencial-em-valencia\/","name":"O projeto Cyan\u2019EAU realiza a sua segunda reuni\u00e3o presencial em Val\u00eancia - Interreg Sudoe","isPartOf":{"@id":"https:\/\/interreg-sudoe.eu\/pt-pt\/#website"},"primaryImageOfPage":{"@id":"https:\/\/interreg-sudoe.eu\/pt-pt\/noticia-proyecto\/o-projeto-cyaneau-realiza-a-sua-segunda-reuniao-presencial-em-valencia\/#primaryimage"},"image":{"@id":"https:\/\/interreg-sudoe.eu\/pt-pt\/noticia-proyecto\/o-projeto-cyaneau-realiza-a-sua-segunda-reuniao-presencial-em-valencia\/#primaryimage"},"thumbnailUrl":"https:\/\/interreg-sudoe.eu\/wp-content\/uploads\/2026\/04\/CyanEAU-foto-carrusel.jpg","datePublished":"2026-04-30T07:12:12+00:00","dateModified":"2026-04-30T07:18:58+00:00","breadcrumb":{"@id":"https:\/\/interreg-sudoe.eu\/pt-pt\/noticia-proyecto\/o-projeto-cyaneau-realiza-a-sua-segunda-reuniao-presencial-em-valencia\/#breadcrumb"},"inLanguage":"pt-PT","potentialAction":[{"@type":"ReadAction","target":["https:\/\/interreg-sudoe.eu\/pt-pt\/noticia-proyecto\/o-projeto-cyaneau-realiza-a-sua-segunda-reuniao-presencial-em-valencia\/"]}]},{"@type":"ImageObject","inLanguage":"pt-PT","@id":"https:\/\/interreg-sudoe.eu\/pt-pt\/noticia-proyecto\/o-projeto-cyaneau-realiza-a-sua-segunda-reuniao-presencial-em-valencia\/#primaryimage","url":"https:\/\/interreg-sudoe.eu\/wp-content\/uploads\/2026\/04\/CyanEAU-foto-carrusel.jpg","contentUrl":"https:\/\/interreg-sudoe.eu\/wp-content\/uploads\/2026\/04\/CyanEAU-foto-carrusel.jpg","width":1600,"height":1200},{"@type":"BreadcrumbList","@id":"https:\/\/interreg-sudoe.eu\/pt-pt\/noticia-proyecto\/o-projeto-cyaneau-realiza-a-sua-segunda-reuniao-presencial-em-valencia\/#breadcrumb","itemListElement":[{"@type":"ListItem","position":1,"name":"Home","item":"https:\/\/interreg-sudoe.eu\/pt-pt\/"},{"@type":"ListItem","position":2,"name":"O projeto Cyan\u2019EAU realiza a sua segunda reuni\u00e3o presencial em Val\u00eancia"}]},{"@type":"WebSite","@id":"https:\/\/interreg-sudoe.eu\/pt-pt\/#website","url":"https:\/\/interreg-sudoe.eu\/pt-pt\/","name":"Interreg Sudoe","description":"Interreg Sudoe","publisher":{"@id":"https:\/\/interreg-sudoe.eu\/pt-pt\/#organization"},"alternateName":"Interreg Sudoe","potentialAction":[{"@type":"SearchAction","target":{"@type":"EntryPoint","urlTemplate":"https:\/\/interreg-sudoe.eu\/pt-pt\/?s={search_term_string}"},"query-input":{"@type":"PropertyValueSpecification","valueRequired":true,"valueName":"search_term_string"}}],"inLanguage":"pt-PT"},{"@type":"Organization","@id":"https:\/\/interreg-sudoe.eu\/pt-pt\/#organization","name":"Interreg Sudoe","alternateName":"Interreg Sudoe","url":"https:\/\/interreg-sudoe.eu\/pt-pt\/","logo":{"@type":"ImageObject","inLanguage":"pt-PT","@id":"https:\/\/interreg-sudoe.eu\/pt-pt\/#\/schema\/logo\/image\/","url":"https:\/\/interreg-sudoe.eu\/wp-content\/uploads\/2024\/03\/logo-interreg.png","contentUrl":"https:\/\/interreg-sudoe.eu\/wp-content\/uploads\/2024\/03\/logo-interreg.png","width":1200,"height":675,"caption":"Interreg Sudoe"},"image":{"@id":"https:\/\/interreg-sudoe.eu\/pt-pt\/#\/schema\/logo\/image\/"},"sameAs":["https:\/\/www.facebook.com\/interregsudoe","https:\/\/x.com\/Sudoe5","https:\/\/www.youtube.com\/channel\/UCeGx2edoB32beRc9dbKA2vw","https:\/\/www.linkedin.com\/company\/interreg-sudoe-programme\/","https:\/\/www.flickr.com\/photos\/148704685@N06\/"]}]}},"_links":{"self":[{"href":"https:\/\/interreg-sudoe.eu\/pt-pt\/wp-json\/wp\/v2\/noticia-proyecto\/65030","targetHints":{"allow":["GET"]}}],"collection":[{"href":"https:\/\/interreg-sudoe.eu\/pt-pt\/wp-json\/wp\/v2\/noticia-proyecto"}],"about":[{"href":"https:\/\/interreg-sudoe.eu\/pt-pt\/wp-json\/wp\/v2\/types\/noticia-proyecto"}],"author":[{"embeddable":true,"href":"https:\/\/interreg-sudoe.eu\/pt-pt\/wp-json\/wp\/v2\/users\/6548"}],"wp:featuredmedia":[{"embeddable":true,"href":"https:\/\/interreg-sudoe.eu\/pt-pt\/wp-json\/wp\/v2\/media\/64265"}],"wp:attachment":[{"href":"https:\/\/interreg-sudoe.eu\/pt-pt\/wp-json\/wp\/v2\/media?parent=65030"}],"curies":[{"name":"wp","href":"https:\/\/api.w.org\/{rel}","templated":true}]}}